{"id":91681,"date":"2016-03-07T07:32:29","date_gmt":"2016-03-07T06:32:29","guid":{"rendered":"http:\/\/batijournal.com\/?p=91681"},"modified":"2019-07-15T11:27:57","modified_gmt":"2019-07-15T09:27:57","slug":"cour-comptes-alerte-grand-stade-de-federation-francaise-de-rugby","status":"publish","type":"post","link":"https:\/\/batijournal.com\/index.php\/cour-comptes-alerte-grand-stade-de-federation-francaise-de-rugby\/91681\/","title":{"rendered":"La Cour des comptes alerte sur le Grand stade de la F\u00e9d\u00e9ration fran\u00e7aise de Rugby"},"content":{"rendered":"<p>La Cour des comptes a publi\u00e9 un r\u00e9f\u00e9r\u00e9 sur l\u2019impact pour l\u2019\u00c9tat du projet de grand stade de la F\u00e9d\u00e9ration fran\u00e7aise de Rugby (FFR). L&rsquo;\u00c9tat, en tant que propri\u00e9taire et conc\u00e9dant du Stade de France, est directement concern\u00e9 par ce projet, qui bouleverserait l&rsquo;\u00e9conomie des manifestations sportives et \u00e9v\u00e9nementielles de grande ampleur en \u00cele-de-France. La Cour estime que l\u2019\u00c9tat doit se pr\u00e9munir contre deux risques, l&rsquo;un budg\u00e9taire, l&rsquo;autre patrimonial. En cas de d\u00e9part des comp\u00e9titions de rugby du Stade de France, l\u2019\u00c9tat devrait en effet verser au consortium gestionnaire des compensations d\u2019au moins 23 M\u20ac par an jusqu\u2019en 2025, et les valeurs \u00e9conomique et patrimoniale du stade qu\u2019il poss\u00e8de seraient fortement amoindries. Elle formule deux recommandations : d\u00e9terminer une position de l&rsquo;\u00c9tat qui \u00e9vite les charges budg\u00e9taires suppl\u00e9mentaires, anticipe et limite la perte de valeur patrimoniale du Stade de France ; mettre \u00e0 profit la p\u00e9riode restant jusqu&rsquo;en 2017 pour rechercher avec la FFR des alternatives \u00e0 son projet de construction. \u00a0Le stade de 82 000 places serait install\u00e9 sur le territoire de la communaut\u00e9 d&rsquo;agglom\u00e9ration d&rsquo;\u00c9vry Centre Essonne.<\/p>\n","protected":false},"excerpt":{"rendered":"<p>La Cour des comptes a publi\u00e9 un r\u00e9f\u00e9r\u00e9 sur l\u2019impact pour l\u2019\u00c9tat du projet de grand stade de la F\u00e9d\u00e9ration fran\u00e7aise de Rugby (FFR). L&rsquo;\u00c9tat, en tant que propri\u00e9taire et conc\u00e9dant du Stade de France, est directement concern\u00e9 par ce projet, qui bouleverserait l&rsquo;\u00e9conomie des manifestations sportives et \u00e9v\u00e9nementielles de grande ampleur en \u00cele-de-France. La [&hellip;]<\/p>\n","protected":false},"author":17,"featured_media":91682,"comment_status":"closed","ping_status":"closed","sticky":false,"template":"","format":"standard","meta":{"_et_pb_use_builder":"","_et_pb_old_content":"","_et_gb_content_width":"","footnotes":""},"categories":[10530,6340],"tags":[3082],"class_list":["post-91681","post","type-post","status-publish","format-standard","has-post-thumbnail","hentry","category-actualites","category-architecture-conception","tag-stade"],"yoast_head":"<!-- This site is optimized with the Yoast SEO plugin v27.4 - https:\/\/yoast.com\/product\/yoast-seo-wordpress\/ -->\n<title>La Cour des comptes alerte sur le Grand stade de la F\u00e9d\u00e9ration fran\u00e7aise de Rugby<\/title>\n<meta name=\"robots\" content=\"index, follow, max-snippet:-1, max-image-preview:large, max-video-preview:-1\" \/>\n<link rel=\"canonical\" href=\"https:\/\/batijournal.com\/index.php\/cour-comptes-alerte-grand-stade-de-federation-francaise-de-rugby\/91681\/\" \/>\n<meta property=\"og:locale\" content=\"fr_FR\" \/>\n<meta property=\"og:type\" content=\"article\" \/>\n<meta property=\"og:title\" content=\"La Cour des comptes alerte sur le Grand stade de la F\u00e9d\u00e9ration fran\u00e7aise de Rugby\" \/>\n<meta property=\"og:description\" content=\"La Cour des comptes a publi\u00e9 un r\u00e9f\u00e9r\u00e9 sur l\u2019impact pour l\u2019\u00c9tat du projet de grand stade de la F\u00e9d\u00e9ration fran\u00e7aise de Rugby (FFR). L&rsquo;\u00c9tat, en tant que propri\u00e9taire et conc\u00e9dant du Stade de France, est directement concern\u00e9 par ce projet, qui bouleverserait l&rsquo;\u00e9conomie des manifestations sportives et \u00e9v\u00e9nementielles de grande ampleur en \u00cele-de-France. La [&hellip;]\" \/>\n<meta property=\"og:url\" content=\"https:\/\/batijournal.com\/index.php\/cour-comptes-alerte-grand-stade-de-federation-francaise-de-rugby\/91681\/\" \/>\n<meta property=\"og:site_name\" content=\"Batijournal\" \/>\n<meta property=\"article:published_time\" content=\"2016-03-07T06:32:29+00:00\" \/>\n<meta property=\"article:modified_time\" content=\"2019-07-15T09:27:57+00:00\" \/>\n<meta property=\"og:image\" content=\"https:\/\/batijournal.com\/wp-content\/uploads\/2016\/03\/ballon-de-rugby.jpg\" \/>\n\t<meta property=\"og:image:width\" content=\"1400\" \/>\n\t<meta property=\"og:image:height\" content=\"790\" \/>\n\t<meta property=\"og:image:type\" content=\"image\/jpeg\" \/>\n<meta name=\"author\" content=\"St\u00e9phane Miget\" \/>\n<meta name=\"twitter:card\" content=\"summary_large_image\" \/>\n<meta name=\"twitter:creator\" content=\"@bati_journal\" \/>\n<meta name=\"twitter:site\" content=\"@bati_journal\" \/>\n<meta name=\"twitter:label1\" content=\"\u00c9crit par\" \/>\n\t<meta name=\"twitter:data1\" content=\"St\u00e9phane Miget\" \/>\n\t<meta name=\"twitter:label2\" content=\"Dur\u00e9e de lecture estim\u00e9e\" \/>\n\t<meta name=\"twitter:data2\" content=\"1 minute\" \/>\n<script type=\"application\/ld+json\" class=\"yoast-schema-graph\">{\"@context\":\"https:\\\/\\\/schema.org\",\"@graph\":[{\"@type\":\"Article\",\"@id\":\"https:\\\/\\\/batijournal.com\\\/index.php\\\/cour-comptes-alerte-grand-stade-de-federation-francaise-de-rugby\\\/91681\\\/#article\",\"isPartOf\":{\"@id\":\"https:\\\/\\\/batijournal.com\\\/index.php\\\/cour-comptes-alerte-grand-stade-de-federation-francaise-de-rugby\\\/91681\\\/\"},\"author\":{\"name\":\"St\u00e9phane Miget\",\"@id\":\"https:\\\/\\\/batijournal.com\\\/#\\\/schema\\\/person\\\/1dc96ec6957aa1ccb25ebe78bb19f100\"},\"headline\":\"La Cour des comptes alerte sur le Grand stade de la F\u00e9d\u00e9ration fran\u00e7aise de Rugby\",\"datePublished\":\"2016-03-07T06:32:29+00:00\",\"dateModified\":\"2019-07-15T09:27:57+00:00\",\"mainEntityOfPage\":{\"@id\":\"https:\\\/\\\/batijournal.com\\\/index.php\\\/cour-comptes-alerte-grand-stade-de-federation-francaise-de-rugby\\\/91681\\\/\"},\"wordCount\":221,\"image\":{\"@id\":\"https:\\\/\\\/batijournal.com\\\/index.php\\\/cour-comptes-alerte-grand-stade-de-federation-francaise-de-rugby\\\/91681\\\/#primaryimage\"},\"thumbnailUrl\":\"https:\\\/\\\/batijournal.com\\\/wp-content\\\/uploads\\\/2016\\\/03\\\/ballon-de-rugby.jpg\",\"keywords\":[\"stade\"],\"articleSection\":[\"Actualit\u00e9s\",\"Architecture &amp; Conception\"],\"inLanguage\":\"fr-FR\"},{\"@type\":\"WebPage\",\"@id\":\"https:\\\/\\\/batijournal.com\\\/index.php\\\/cour-comptes-alerte-grand-stade-de-federation-francaise-de-rugby\\\/91681\\\/\",\"url\":\"https:\\\/\\\/batijournal.com\\\/index.php\\\/cour-comptes-alerte-grand-stade-de-federation-francaise-de-rugby\\\/91681\\\/\",\"name\":\"La Cour des comptes alerte sur le Grand stade de la F\u00e9d\u00e9ration fran\u00e7aise de Rugby\",\"isPartOf\":{\"@id\":\"https:\\\/\\\/batijournal.com\\\/#website\"},\"primaryImageOfPage\":{\"@id\":\"https:\\\/\\\/batijournal.com\\\/index.php\\\/cour-comptes-alerte-grand-stade-de-federation-francaise-de-rugby\\\/91681\\\/#primaryimage\"},\"image\":{\"@id\":\"https:\\\/\\\/batijournal.com\\\/index.php\\\/cour-comptes-alerte-grand-stade-de-federation-francaise-de-rugby\\\/91681\\\/#primaryimage\"},\"thumbnailUrl\":\"https:\\\/\\\/batijournal.com\\\/wp-content\\\/uploads\\\/2016\\\/03\\\/ballon-de-rugby.jpg\",\"datePublished\":\"2016-03-07T06:32:29+00:00\",\"dateModified\":\"2019-07-15T09:27:57+00:00\",\"author\":{\"@id\":\"https:\\\/\\\/batijournal.com\\\/#\\\/schema\\\/person\\\/1dc96ec6957aa1ccb25ebe78bb19f100\"},\"breadcrumb\":{\"@id\":\"https:\\\/\\\/batijournal.com\\\/index.php\\\/cour-comptes-alerte-grand-stade-de-federation-francaise-de-rugby\\\/91681\\\/#breadcrumb\"},\"inLanguage\":\"fr-FR\",\"potentialAction\":[{\"@type\":\"ReadAction\",\"target\":[\"https:\\\/\\\/batijournal.com\\\/index.php\\\/cour-comptes-alerte-grand-stade-de-federation-francaise-de-rugby\\\/91681\\\/\"]}]},{\"@type\":\"ImageObject\",\"inLanguage\":\"fr-FR\",\"@id\":\"https:\\\/\\\/batijournal.com\\\/index.php\\\/cour-comptes-alerte-grand-stade-de-federation-francaise-de-rugby\\\/91681\\\/#primaryimage\",\"url\":\"https:\\\/\\\/batijournal.com\\\/wp-content\\\/uploads\\\/2016\\\/03\\\/ballon-de-rugby.jpg\",\"contentUrl\":\"https:\\\/\\\/batijournal.com\\\/wp-content\\\/uploads\\\/2016\\\/03\\\/ballon-de-rugby.jpg\",\"width\":1400,\"height\":790},{\"@type\":\"BreadcrumbList\",\"@id\":\"https:\\\/\\\/batijournal.com\\\/index.php\\\/cour-comptes-alerte-grand-stade-de-federation-francaise-de-rugby\\\/91681\\\/#breadcrumb\",\"itemListElement\":[{\"@type\":\"ListItem\",\"position\":1,\"name\":\"Accueil\",\"item\":\"https:\\\/\\\/batijournal.com\\\/\"},{\"@type\":\"ListItem\",\"position\":2,\"name\":\"Actualit\u00e9s\",\"item\":\"https:\\\/\\\/batijournal.com\\\/index.php\\\/category\\\/actualites\\\/\"},{\"@type\":\"ListItem\",\"position\":3,\"name\":\"Architecture &amp; Conception\",\"item\":\"https:\\\/\\\/batijournal.com\\\/index.php\\\/category\\\/actualites\\\/architecture-conception\\\/\"},{\"@type\":\"ListItem\",\"position\":4,\"name\":\"La Cour des comptes alerte sur le Grand stade de la F\u00e9d\u00e9ration fran\u00e7aise de Rugby\"}]},{\"@type\":\"WebSite\",\"@id\":\"https:\\\/\\\/batijournal.com\\\/#website\",\"url\":\"https:\\\/\\\/batijournal.com\\\/\",\"name\":\"Batijournal\",\"description\":\"L&#039;actualit\u00e9 du b\u00e2timent\",\"potentialAction\":[{\"@type\":\"SearchAction\",\"target\":{\"@type\":\"EntryPoint\",\"urlTemplate\":\"https:\\\/\\\/batijournal.com\\\/?s={search_term_string}\"},\"query-input\":{\"@type\":\"PropertyValueSpecification\",\"valueRequired\":true,\"valueName\":\"search_term_string\"}}],\"inLanguage\":\"fr-FR\"},{\"@type\":\"Person\",\"@id\":\"https:\\\/\\\/batijournal.com\\\/#\\\/schema\\\/person\\\/1dc96ec6957aa1ccb25ebe78bb19f100\",\"name\":\"St\u00e9phane Miget\",\"image\":{\"@type\":\"ImageObject\",\"inLanguage\":\"fr-FR\",\"@id\":\"https:\\\/\\\/secure.gravatar.com\\\/avatar\\\/89915563d925342126b8ef0281b93d9d7fc337043e8df017f780908eb9644451?s=96&d=mm&r=g\",\"url\":\"https:\\\/\\\/secure.gravatar.com\\\/avatar\\\/89915563d925342126b8ef0281b93d9d7fc337043e8df017f780908eb9644451?s=96&d=mm&r=g\",\"contentUrl\":\"https:\\\/\\\/secure.gravatar.com\\\/avatar\\\/89915563d925342126b8ef0281b93d9d7fc337043e8df017f780908eb9644451?s=96&d=mm&r=g\",\"caption\":\"St\u00e9phane Miget\"},\"url\":\"https:\\\/\\\/batijournal.com\\\/index.php\\\/author\\\/stephane\\\/\"}]}<\/script>\n<!-- \/ Yoast SEO plugin. -->","yoast_head_json":{"title":"La Cour des comptes alerte sur le Grand stade de la F\u00e9d\u00e9ration fran\u00e7aise de Rugby","robots":{"index":"index","follow":"follow","max-snippet":"max-snippet:-1","max-image-preview":"max-image-preview:large","max-video-preview":"max-video-preview:-1"},"canonical":"https:\/\/batijournal.com\/index.php\/cour-comptes-alerte-grand-stade-de-federation-francaise-de-rugby\/91681\/","og_locale":"fr_FR","og_type":"article","og_title":"La Cour des comptes alerte sur le Grand stade de la F\u00e9d\u00e9ration fran\u00e7aise de Rugby","og_description":"La Cour des comptes a publi\u00e9 un r\u00e9f\u00e9r\u00e9 sur l\u2019impact pour l\u2019\u00c9tat du projet de grand stade de la F\u00e9d\u00e9ration fran\u00e7aise de Rugby (FFR). L&rsquo;\u00c9tat, en tant que propri\u00e9taire et conc\u00e9dant du Stade de France, est directement concern\u00e9 par ce projet, qui bouleverserait l&rsquo;\u00e9conomie des manifestations sportives et \u00e9v\u00e9nementielles de grande ampleur en \u00cele-de-France. La [&hellip;]","og_url":"https:\/\/batijournal.com\/index.php\/cour-comptes-alerte-grand-stade-de-federation-francaise-de-rugby\/91681\/","og_site_name":"Batijournal","article_published_time":"2016-03-07T06:32:29+00:00","article_modified_time":"2019-07-15T09:27:57+00:00","og_image":[{"width":1400,"height":790,"url":"https:\/\/batijournal.com\/wp-content\/uploads\/2016\/03\/ballon-de-rugby.jpg","type":"image\/jpeg"}],"author":"St\u00e9phane Miget","twitter_card":"summary_large_image","twitter_creator":"@bati_journal","twitter_site":"@bati_journal","twitter_misc":{"\u00c9crit par":"St\u00e9phane Miget","Dur\u00e9e de lecture estim\u00e9e":"1 minute"},"schema":{"@context":"https:\/\/schema.org","@graph":[{"@type":"Article","@id":"https:\/\/batijournal.com\/index.php\/cour-comptes-alerte-grand-stade-de-federation-francaise-de-rugby\/91681\/#article","isPartOf":{"@id":"https:\/\/batijournal.com\/index.php\/cour-comptes-alerte-grand-stade-de-federation-francaise-de-rugby\/91681\/"},"author":{"name":"St\u00e9phane Miget","@id":"https:\/\/batijournal.com\/#\/schema\/person\/1dc96ec6957aa1ccb25ebe78bb19f100"},"headline":"La Cour des comptes alerte sur le Grand stade de la F\u00e9d\u00e9ration fran\u00e7aise de Rugby","datePublished":"2016-03-07T06:32:29+00:00","dateModified":"2019-07-15T09:27:57+00:00","mainEntityOfPage":{"@id":"https:\/\/batijournal.com\/index.php\/cour-comptes-alerte-grand-stade-de-federation-francaise-de-rugby\/91681\/"},"wordCount":221,"image":{"@id":"https:\/\/batijournal.com\/index.php\/cour-comptes-alerte-grand-stade-de-federation-francaise-de-rugby\/91681\/#primaryimage"},"thumbnailUrl":"https:\/\/batijournal.com\/wp-content\/uploads\/2016\/03\/ballon-de-rugby.jpg","keywords":["stade"],"articleSection":["Actualit\u00e9s","Architecture &amp; Conception"],"inLanguage":"fr-FR"},{"@type":"WebPage","@id":"https:\/\/batijournal.com\/index.php\/cour-comptes-alerte-grand-stade-de-federation-francaise-de-rugby\/91681\/","url":"https:\/\/batijournal.com\/index.php\/cour-comptes-alerte-grand-stade-de-federation-francaise-de-rugby\/91681\/","name":"La Cour des comptes alerte sur le Grand stade de la F\u00e9d\u00e9ration fran\u00e7aise de Rugby","isPartOf":{"@id":"https:\/\/batijournal.com\/#website"},"primaryImageOfPage":{"@id":"https:\/\/batijournal.com\/index.php\/cour-comptes-alerte-grand-stade-de-federation-francaise-de-rugby\/91681\/#primaryimage"},"image":{"@id":"https:\/\/batijournal.com\/index.php\/cour-comptes-alerte-grand-stade-de-federation-francaise-de-rugby\/91681\/#primaryimage"},"thumbnailUrl":"https:\/\/batijournal.com\/wp-content\/uploads\/2016\/03\/ballon-de-rugby.jpg","datePublished":"2016-03-07T06:32:29+00:00","dateModified":"2019-07-15T09:27:57+00:00","author":{"@id":"https:\/\/batijournal.com\/#\/schema\/person\/1dc96ec6957aa1ccb25ebe78bb19f100"},"breadcrumb":{"@id":"https:\/\/batijournal.com\/index.php\/cour-comptes-alerte-grand-stade-de-federation-francaise-de-rugby\/91681\/#breadcrumb"},"inLanguage":"fr-FR","potentialAction":[{"@type":"ReadAction","target":["https:\/\/batijournal.com\/index.php\/cour-comptes-alerte-grand-stade-de-federation-francaise-de-rugby\/91681\/"]}]},{"@type":"ImageObject","inLanguage":"fr-FR","@id":"https:\/\/batijournal.com\/index.php\/cour-comptes-alerte-grand-stade-de-federation-francaise-de-rugby\/91681\/#primaryimage","url":"https:\/\/batijournal.com\/wp-content\/uploads\/2016\/03\/ballon-de-rugby.jpg","contentUrl":"https:\/\/batijournal.com\/wp-content\/uploads\/2016\/03\/ballon-de-rugby.jpg","width":1400,"height":790},{"@type":"BreadcrumbList","@id":"https:\/\/batijournal.com\/index.php\/cour-comptes-alerte-grand-stade-de-federation-francaise-de-rugby\/91681\/#breadcrumb","itemListElement":[{"@type":"ListItem","position":1,"name":"Accueil","item":"https:\/\/batijournal.com\/"},{"@type":"ListItem","position":2,"name":"Actualit\u00e9s","item":"https:\/\/batijournal.com\/index.php\/category\/actualites\/"},{"@type":"ListItem","position":3,"name":"Architecture &amp; Conception","item":"https:\/\/batijournal.com\/index.php\/category\/actualites\/architecture-conception\/"},{"@type":"ListItem","position":4,"name":"La Cour des comptes alerte sur le Grand stade de la F\u00e9d\u00e9ration fran\u00e7aise de Rugby"}]},{"@type":"WebSite","@id":"https:\/\/batijournal.com\/#website","url":"https:\/\/batijournal.com\/","name":"Batijournal","description":"L&#039;actualit\u00e9 du b\u00e2timent","potentialAction":[{"@type":"SearchAction","target":{"@type":"EntryPoint","urlTemplate":"https:\/\/batijournal.com\/?s={search_term_string}"},"query-input":{"@type":"PropertyValueSpecification","valueRequired":true,"valueName":"search_term_string"}}],"inLanguage":"fr-FR"},{"@type":"Person","@id":"https:\/\/batijournal.com\/#\/schema\/person\/1dc96ec6957aa1ccb25ebe78bb19f100","name":"St\u00e9phane Miget","image":{"@type":"ImageObject","inLanguage":"fr-FR","@id":"https:\/\/secure.gravatar.com\/avatar\/89915563d925342126b8ef0281b93d9d7fc337043e8df017f780908eb9644451?s=96&d=mm&r=g","url":"https:\/\/secure.gravatar.com\/avatar\/89915563d925342126b8ef0281b93d9d7fc337043e8df017f780908eb9644451?s=96&d=mm&r=g","contentUrl":"https:\/\/secure.gravatar.com\/avatar\/89915563d925342126b8ef0281b93d9d7fc337043e8df017f780908eb9644451?s=96&d=mm&r=g","caption":"St\u00e9phane Miget"},"url":"https:\/\/batijournal.com\/index.php\/author\/stephane\/"}]}},"_links":{"self":[{"href":"https:\/\/batijournal.com\/index.php\/wp-json\/wp\/v2\/posts\/91681","targetHints":{"allow":["GET"]}}],"collection":[{"href":"https:\/\/batijournal.com\/index.php\/wp-json\/wp\/v2\/posts"}],"about":[{"href":"https:\/\/batijournal.com\/index.php\/wp-json\/wp\/v2\/types\/post"}],"author":[{"embeddable":true,"href":"https:\/\/batijournal.com\/index.php\/wp-json\/wp\/v2\/users\/17"}],"replies":[{"embeddable":true,"href":"https:\/\/batijournal.com\/index.php\/wp-json\/wp\/v2\/comments?post=91681"}],"version-history":[{"count":0,"href":"https:\/\/batijournal.com\/index.php\/wp-json\/wp\/v2\/posts\/91681\/revisions"}],"wp:featuredmedia":[{"embeddable":true,"href":"https:\/\/batijournal.com\/index.php\/wp-json\/wp\/v2\/media\/91682"}],"wp:attachment":[{"href":"https:\/\/batijournal.com\/index.php\/wp-json\/wp\/v2\/media?parent=91681"}],"wp:term":[{"taxonomy":"category","embeddable":true,"href":"https:\/\/batijournal.com\/index.php\/wp-json\/wp\/v2\/categories?post=91681"},{"taxonomy":"post_tag","embeddable":true,"href":"https:\/\/batijournal.com\/index.php\/wp-json\/wp\/v2\/tags?post=91681"}],"curies":[{"name":"wp","href":"https:\/\/api.w.org\/{rel}","templated":true}]}}