{"id":91695,"date":"2016-03-08T10:13:58","date_gmt":"2016-03-08T09:13:58","guid":{"rendered":"http:\/\/batijournal.com\/?p=91695"},"modified":"2019-07-15T12:02:14","modified_gmt":"2019-07-15T10:02:14","slug":"rythme-dembauches-davant-crise-batiment","status":"publish","type":"post","link":"https:\/\/batijournal.com\/index.php\/rythme-dembauches-davant-crise-batiment\/91695\/","title":{"rendered":"Rythme d&#8217;embauches d&rsquo;avant-crise pour le b\u00e2timent"},"content":{"rendered":"<p><strong>Les employeurs interrog\u00e9s en France par Manpower, dans le cadre de son Barom\u00e8tre des perspectives d&#8217;emploi, font \u00e9tat d&rsquo;intentions d&#8217;embauches minimales pour le 2e trimestre 2016 avec un solde net d&#8217;emploi \u00e0 -1 %. Un r\u00e9sultat qui cache des r\u00e9alit\u00e9s diff\u00e9rentes selon les secteurs car le b\u00e2timent retrouve son rythme d&#8217;embauches d&rsquo;avant-crise.<\/strong><\/p>\n<p>Pour le Barom\u00e8tre, le climat d&#8217;embauche le plus favorable se retrouve dans secteur de la construction o\u00f9 la pr\u00e9vision nette s&rsquo;\u00e9tablit \u00e0 +9 %. Ce secteur retrouve son solde net d&#8217;emploi du 1er trimestre 2007, avant la crise \u00e9conomique et financi\u00e8re.<\/p>\n<p><em>\u00ab Le regain de confiance des employeurs du secteur de la construction peut s&rsquo;expliquer par l&rsquo;extension de la Loi Pinel \u00e0 une cible plus importante de b\u00e9n\u00e9ficiaires et au maintien des directives du gouvernement pour l&rsquo;investissement en 2016. La Loi Pinel qui permet de diriger l&rsquo;\u00e9pargne des m\u00e9nages notamment des primo-acc\u00e9dants vers un investissement immobilier est susceptible d&rsquo;impacter la reprise du secteur de la construction. Entre novembre 2015 et janvier 2016, les permis de construire accord\u00e9s pour des logements neufs ont bondi de 16,6% sur un an. Dans ce secteur sinistr\u00e9 pendant la crise, tous les voyants sont au vert pour une reprise des intentions d&#8217;embauche des acteurs du secteur \u00bb<\/em> pr\u00e9cise Alain Roumilhac, Pr\u00e9sident de ManpowerGroup.<\/p>\n<p>&nbsp;<\/p>\n<p>Les r\u00e9sultats complets de l&rsquo;enqu\u00eate pour 42 pays sont disponibles via l&rsquo;outil interactif \u00ab Manpower Employment Outlook Explorer \u00bb :\u00a0<a href=\"http:\/\/manpowergroupsolutions.com\/DataExplorer\/\" target=\"_blank\" rel=\"noopener noreferrer\">manpowergroupsolutions.com\/DataExplorer\/<\/a><\/p>\n<p>&nbsp;<\/p>\n","protected":false},"excerpt":{"rendered":"<p>Les employeurs interrog\u00e9s en France par Manpower, dans le cadre de son Barom\u00e8tre des perspectives d&#8217;emploi, font \u00e9tat d&rsquo;intentions d&#8217;embauches minimales pour le 2e trimestre 2016 avec un solde net d&#8217;emploi \u00e0 -1 %. Un r\u00e9sultat qui cache des r\u00e9alit\u00e9s diff\u00e9rentes selon les secteurs car le b\u00e2timent retrouve son rythme d&#8217;embauches d&rsquo;avant-crise. Pour le Barom\u00e8tre, [&hellip;]<\/p>\n","protected":false},"author":17,"featured_media":91696,"comment_status":"closed","ping_status":"closed","sticky":false,"template":"","format":"standard","meta":{"_et_pb_use_builder":"","_et_pb_old_content":"","_et_gb_content_width":"","footnotes":""},"categories":[10736,6345,10775],"tags":[580,1338],"class_list":["post-91695","post","type-post","status-publish","format-standard","has-post-thumbnail","hentry","category-a-la-une","category-economie-marches","category-actualites-5facades","tag-emploi","tag-statistiques"],"yoast_head":"<!-- This site is optimized with the Yoast SEO plugin v27.4 - https:\/\/yoast.com\/product\/yoast-seo-wordpress\/ -->\n<title>Rythme d&#039;embauches d&#039;avant-crise pour le b\u00e2timent<\/title>\n<meta name=\"robots\" content=\"index, follow, max-snippet:-1, max-image-preview:large, max-video-preview:-1\" \/>\n<link rel=\"canonical\" href=\"https:\/\/batijournal.com\/index.php\/rythme-dembauches-davant-crise-batiment\/91695\/\" \/>\n<meta property=\"og:locale\" content=\"fr_FR\" \/>\n<meta property=\"og:type\" content=\"article\" \/>\n<meta property=\"og:title\" content=\"Rythme d&#039;embauches d&#039;avant-crise pour le b\u00e2timent\" \/>\n<meta property=\"og:description\" content=\"Les employeurs interrog\u00e9s en France par Manpower, dans le cadre de son Barom\u00e8tre des perspectives d&#8217;emploi, font \u00e9tat d&rsquo;intentions d&#8217;embauches minimales pour le 2e trimestre 2016 avec un solde net d&#8217;emploi \u00e0 -1 %. Un r\u00e9sultat qui cache des r\u00e9alit\u00e9s diff\u00e9rentes selon les secteurs car le b\u00e2timent retrouve son rythme d&#8217;embauches d&rsquo;avant-crise. Pour le Barom\u00e8tre, [&hellip;]\" \/>\n<meta property=\"og:url\" content=\"https:\/\/batijournal.com\/index.php\/rythme-dembauches-davant-crise-batiment\/91695\/\" \/>\n<meta property=\"og:site_name\" content=\"Batijournal\" \/>\n<meta property=\"article:published_time\" content=\"2016-03-08T09:13:58+00:00\" \/>\n<meta property=\"article:modified_time\" content=\"2019-07-15T10:02:14+00:00\" \/>\n<meta property=\"og:image\" content=\"https:\/\/batijournal.com\/wp-content\/uploads\/2016\/03\/barometre-manpower.png\" \/>\n\t<meta property=\"og:image:width\" content=\"1039\" \/>\n\t<meta property=\"og:image:height\" content=\"425\" \/>\n\t<meta property=\"og:image:type\" content=\"image\/png\" \/>\n<meta name=\"author\" content=\"St\u00e9phane Miget\" \/>\n<meta name=\"twitter:card\" content=\"summary_large_image\" \/>\n<meta name=\"twitter:creator\" content=\"@bati_journal\" \/>\n<meta name=\"twitter:site\" content=\"@bati_journal\" \/>\n<meta name=\"twitter:label1\" content=\"\u00c9crit par\" \/>\n\t<meta name=\"twitter:data1\" content=\"St\u00e9phane Miget\" \/>\n\t<meta name=\"twitter:label2\" content=\"Dur\u00e9e de lecture estim\u00e9e\" \/>\n\t<meta name=\"twitter:data2\" content=\"1 minute\" \/>\n<script type=\"application\/ld+json\" class=\"yoast-schema-graph\">{\"@context\":\"https:\\\/\\\/schema.org\",\"@graph\":[{\"@type\":\"Article\",\"@id\":\"https:\\\/\\\/batijournal.com\\\/index.php\\\/rythme-dembauches-davant-crise-batiment\\\/91695\\\/#article\",\"isPartOf\":{\"@id\":\"https:\\\/\\\/batijournal.com\\\/index.php\\\/rythme-dembauches-davant-crise-batiment\\\/91695\\\/\"},\"author\":{\"name\":\"St\u00e9phane Miget\",\"@id\":\"https:\\\/\\\/batijournal.com\\\/#\\\/schema\\\/person\\\/1dc96ec6957aa1ccb25ebe78bb19f100\"},\"headline\":\"Rythme d&#8217;embauches d&rsquo;avant-crise pour le b\u00e2timent\",\"datePublished\":\"2016-03-08T09:13:58+00:00\",\"dateModified\":\"2019-07-15T10:02:14+00:00\",\"mainEntityOfPage\":{\"@id\":\"https:\\\/\\\/batijournal.com\\\/index.php\\\/rythme-dembauches-davant-crise-batiment\\\/91695\\\/\"},\"wordCount\":262,\"image\":{\"@id\":\"https:\\\/\\\/batijournal.com\\\/index.php\\\/rythme-dembauches-davant-crise-batiment\\\/91695\\\/#primaryimage\"},\"thumbnailUrl\":\"https:\\\/\\\/batijournal.com\\\/wp-content\\\/uploads\\\/2016\\\/03\\\/barometre-manpower.png\",\"keywords\":[\"emploi\",\"statistiques\"],\"articleSection\":[\"A la Une\",\"\u00c9conomie &amp; March\u00e9s\",\"zz_Actualit\u00e9s - 5fa\u00e7ades\"],\"inLanguage\":\"fr-FR\"},{\"@type\":\"WebPage\",\"@id\":\"https:\\\/\\\/batijournal.com\\\/index.php\\\/rythme-dembauches-davant-crise-batiment\\\/91695\\\/\",\"url\":\"https:\\\/\\\/batijournal.com\\\/index.php\\\/rythme-dembauches-davant-crise-batiment\\\/91695\\\/\",\"name\":\"Rythme d'embauches d'avant-crise pour le b\u00e2timent\",\"isPartOf\":{\"@id\":\"https:\\\/\\\/batijournal.com\\\/#website\"},\"primaryImageOfPage\":{\"@id\":\"https:\\\/\\\/batijournal.com\\\/index.php\\\/rythme-dembauches-davant-crise-batiment\\\/91695\\\/#primaryimage\"},\"image\":{\"@id\":\"https:\\\/\\\/batijournal.com\\\/index.php\\\/rythme-dembauches-davant-crise-batiment\\\/91695\\\/#primaryimage\"},\"thumbnailUrl\":\"https:\\\/\\\/batijournal.com\\\/wp-content\\\/uploads\\\/2016\\\/03\\\/barometre-manpower.png\",\"datePublished\":\"2016-03-08T09:13:58+00:00\",\"dateModified\":\"2019-07-15T10:02:14+00:00\",\"author\":{\"@id\":\"https:\\\/\\\/batijournal.com\\\/#\\\/schema\\\/person\\\/1dc96ec6957aa1ccb25ebe78bb19f100\"},\"breadcrumb\":{\"@id\":\"https:\\\/\\\/batijournal.com\\\/index.php\\\/rythme-dembauches-davant-crise-batiment\\\/91695\\\/#breadcrumb\"},\"inLanguage\":\"fr-FR\",\"potentialAction\":[{\"@type\":\"ReadAction\",\"target\":[\"https:\\\/\\\/batijournal.com\\\/index.php\\\/rythme-dembauches-davant-crise-batiment\\\/91695\\\/\"]}]},{\"@type\":\"ImageObject\",\"inLanguage\":\"fr-FR\",\"@id\":\"https:\\\/\\\/batijournal.com\\\/index.php\\\/rythme-dembauches-davant-crise-batiment\\\/91695\\\/#primaryimage\",\"url\":\"https:\\\/\\\/batijournal.com\\\/wp-content\\\/uploads\\\/2016\\\/03\\\/barometre-manpower.png\",\"contentUrl\":\"https:\\\/\\\/batijournal.com\\\/wp-content\\\/uploads\\\/2016\\\/03\\\/barometre-manpower.png\",\"width\":1039,\"height\":425},{\"@type\":\"BreadcrumbList\",\"@id\":\"https:\\\/\\\/batijournal.com\\\/index.php\\\/rythme-dembauches-davant-crise-batiment\\\/91695\\\/#breadcrumb\",\"itemListElement\":[{\"@type\":\"ListItem\",\"position\":1,\"name\":\"Accueil\",\"item\":\"https:\\\/\\\/batijournal.com\\\/\"},{\"@type\":\"ListItem\",\"position\":2,\"name\":\"A la Une\",\"item\":\"https:\\\/\\\/batijournal.com\\\/index.php\\\/category\\\/a-la-une\\\/\"},{\"@type\":\"ListItem\",\"position\":3,\"name\":\"Rythme d&#8217;embauches d&rsquo;avant-crise pour le b\u00e2timent\"}]},{\"@type\":\"WebSite\",\"@id\":\"https:\\\/\\\/batijournal.com\\\/#website\",\"url\":\"https:\\\/\\\/batijournal.com\\\/\",\"name\":\"Batijournal\",\"description\":\"L&#039;actualit\u00e9 du b\u00e2timent\",\"potentialAction\":[{\"@type\":\"SearchAction\",\"target\":{\"@type\":\"EntryPoint\",\"urlTemplate\":\"https:\\\/\\\/batijournal.com\\\/?s={search_term_string}\"},\"query-input\":{\"@type\":\"PropertyValueSpecification\",\"valueRequired\":true,\"valueName\":\"search_term_string\"}}],\"inLanguage\":\"fr-FR\"},{\"@type\":\"Person\",\"@id\":\"https:\\\/\\\/batijournal.com\\\/#\\\/schema\\\/person\\\/1dc96ec6957aa1ccb25ebe78bb19f100\",\"name\":\"St\u00e9phane Miget\",\"image\":{\"@type\":\"ImageObject\",\"inLanguage\":\"fr-FR\",\"@id\":\"https:\\\/\\\/secure.gravatar.com\\\/avatar\\\/89915563d925342126b8ef0281b93d9d7fc337043e8df017f780908eb9644451?s=96&d=mm&r=g\",\"url\":\"https:\\\/\\\/secure.gravatar.com\\\/avatar\\\/89915563d925342126b8ef0281b93d9d7fc337043e8df017f780908eb9644451?s=96&d=mm&r=g\",\"contentUrl\":\"https:\\\/\\\/secure.gravatar.com\\\/avatar\\\/89915563d925342126b8ef0281b93d9d7fc337043e8df017f780908eb9644451?s=96&d=mm&r=g\",\"caption\":\"St\u00e9phane Miget\"},\"url\":\"https:\\\/\\\/batijournal.com\\\/index.php\\\/author\\\/stephane\\\/\"}]}<\/script>\n<!-- \/ Yoast SEO plugin. -->","yoast_head_json":{"title":"Rythme d'embauches d'avant-crise pour le b\u00e2timent","robots":{"index":"index","follow":"follow","max-snippet":"max-snippet:-1","max-image-preview":"max-image-preview:large","max-video-preview":"max-video-preview:-1"},"canonical":"https:\/\/batijournal.com\/index.php\/rythme-dembauches-davant-crise-batiment\/91695\/","og_locale":"fr_FR","og_type":"article","og_title":"Rythme d'embauches d'avant-crise pour le b\u00e2timent","og_description":"Les employeurs interrog\u00e9s en France par Manpower, dans le cadre de son Barom\u00e8tre des perspectives d&#8217;emploi, font \u00e9tat d&rsquo;intentions d&#8217;embauches minimales pour le 2e trimestre 2016 avec un solde net d&#8217;emploi \u00e0 -1 %. Un r\u00e9sultat qui cache des r\u00e9alit\u00e9s diff\u00e9rentes selon les secteurs car le b\u00e2timent retrouve son rythme d&#8217;embauches d&rsquo;avant-crise. Pour le Barom\u00e8tre, [&hellip;]","og_url":"https:\/\/batijournal.com\/index.php\/rythme-dembauches-davant-crise-batiment\/91695\/","og_site_name":"Batijournal","article_published_time":"2016-03-08T09:13:58+00:00","article_modified_time":"2019-07-15T10:02:14+00:00","og_image":[{"width":1039,"height":425,"url":"https:\/\/batijournal.com\/wp-content\/uploads\/2016\/03\/barometre-manpower.png","type":"image\/png"}],"author":"St\u00e9phane Miget","twitter_card":"summary_large_image","twitter_creator":"@bati_journal","twitter_site":"@bati_journal","twitter_misc":{"\u00c9crit par":"St\u00e9phane Miget","Dur\u00e9e de lecture estim\u00e9e":"1 minute"},"schema":{"@context":"https:\/\/schema.org","@graph":[{"@type":"Article","@id":"https:\/\/batijournal.com\/index.php\/rythme-dembauches-davant-crise-batiment\/91695\/#article","isPartOf":{"@id":"https:\/\/batijournal.com\/index.php\/rythme-dembauches-davant-crise-batiment\/91695\/"},"author":{"name":"St\u00e9phane Miget","@id":"https:\/\/batijournal.com\/#\/schema\/person\/1dc96ec6957aa1ccb25ebe78bb19f100"},"headline":"Rythme d&#8217;embauches d&rsquo;avant-crise pour le b\u00e2timent","datePublished":"2016-03-08T09:13:58+00:00","dateModified":"2019-07-15T10:02:14+00:00","mainEntityOfPage":{"@id":"https:\/\/batijournal.com\/index.php\/rythme-dembauches-davant-crise-batiment\/91695\/"},"wordCount":262,"image":{"@id":"https:\/\/batijournal.com\/index.php\/rythme-dembauches-davant-crise-batiment\/91695\/#primaryimage"},"thumbnailUrl":"https:\/\/batijournal.com\/wp-content\/uploads\/2016\/03\/barometre-manpower.png","keywords":["emploi","statistiques"],"articleSection":["A la Une","\u00c9conomie &amp; March\u00e9s","zz_Actualit\u00e9s - 5fa\u00e7ades"],"inLanguage":"fr-FR"},{"@type":"WebPage","@id":"https:\/\/batijournal.com\/index.php\/rythme-dembauches-davant-crise-batiment\/91695\/","url":"https:\/\/batijournal.com\/index.php\/rythme-dembauches-davant-crise-batiment\/91695\/","name":"Rythme d'embauches d'avant-crise pour le b\u00e2timent","isPartOf":{"@id":"https:\/\/batijournal.com\/#website"},"primaryImageOfPage":{"@id":"https:\/\/batijournal.com\/index.php\/rythme-dembauches-davant-crise-batiment\/91695\/#primaryimage"},"image":{"@id":"https:\/\/batijournal.com\/index.php\/rythme-dembauches-davant-crise-batiment\/91695\/#primaryimage"},"thumbnailUrl":"https:\/\/batijournal.com\/wp-content\/uploads\/2016\/03\/barometre-manpower.png","datePublished":"2016-03-08T09:13:58+00:00","dateModified":"2019-07-15T10:02:14+00:00","author":{"@id":"https:\/\/batijournal.com\/#\/schema\/person\/1dc96ec6957aa1ccb25ebe78bb19f100"},"breadcrumb":{"@id":"https:\/\/batijournal.com\/index.php\/rythme-dembauches-davant-crise-batiment\/91695\/#breadcrumb"},"inLanguage":"fr-FR","potentialAction":[{"@type":"ReadAction","target":["https:\/\/batijournal.com\/index.php\/rythme-dembauches-davant-crise-batiment\/91695\/"]}]},{"@type":"ImageObject","inLanguage":"fr-FR","@id":"https:\/\/batijournal.com\/index.php\/rythme-dembauches-davant-crise-batiment\/91695\/#primaryimage","url":"https:\/\/batijournal.com\/wp-content\/uploads\/2016\/03\/barometre-manpower.png","contentUrl":"https:\/\/batijournal.com\/wp-content\/uploads\/2016\/03\/barometre-manpower.png","width":1039,"height":425},{"@type":"BreadcrumbList","@id":"https:\/\/batijournal.com\/index.php\/rythme-dembauches-davant-crise-batiment\/91695\/#breadcrumb","itemListElement":[{"@type":"ListItem","position":1,"name":"Accueil","item":"https:\/\/batijournal.com\/"},{"@type":"ListItem","position":2,"name":"A la Une","item":"https:\/\/batijournal.com\/index.php\/category\/a-la-une\/"},{"@type":"ListItem","position":3,"name":"Rythme d&#8217;embauches d&rsquo;avant-crise pour le b\u00e2timent"}]},{"@type":"WebSite","@id":"https:\/\/batijournal.com\/#website","url":"https:\/\/batijournal.com\/","name":"Batijournal","description":"L&#039;actualit\u00e9 du b\u00e2timent","potentialAction":[{"@type":"SearchAction","target":{"@type":"EntryPoint","urlTemplate":"https:\/\/batijournal.com\/?s={search_term_string}"},"query-input":{"@type":"PropertyValueSpecification","valueRequired":true,"valueName":"search_term_string"}}],"inLanguage":"fr-FR"},{"@type":"Person","@id":"https:\/\/batijournal.com\/#\/schema\/person\/1dc96ec6957aa1ccb25ebe78bb19f100","name":"St\u00e9phane Miget","image":{"@type":"ImageObject","inLanguage":"fr-FR","@id":"https:\/\/secure.gravatar.com\/avatar\/89915563d925342126b8ef0281b93d9d7fc337043e8df017f780908eb9644451?s=96&d=mm&r=g","url":"https:\/\/secure.gravatar.com\/avatar\/89915563d925342126b8ef0281b93d9d7fc337043e8df017f780908eb9644451?s=96&d=mm&r=g","contentUrl":"https:\/\/secure.gravatar.com\/avatar\/89915563d925342126b8ef0281b93d9d7fc337043e8df017f780908eb9644451?s=96&d=mm&r=g","caption":"St\u00e9phane Miget"},"url":"https:\/\/batijournal.com\/index.php\/author\/stephane\/"}]}},"_links":{"self":[{"href":"https:\/\/batijournal.com\/index.php\/wp-json\/wp\/v2\/posts\/91695","targetHints":{"allow":["GET"]}}],"collection":[{"href":"https:\/\/batijournal.com\/index.php\/wp-json\/wp\/v2\/posts"}],"about":[{"href":"https:\/\/batijournal.com\/index.php\/wp-json\/wp\/v2\/types\/post"}],"author":[{"embeddable":true,"href":"https:\/\/batijournal.com\/index.php\/wp-json\/wp\/v2\/users\/17"}],"replies":[{"embeddable":true,"href":"https:\/\/batijournal.com\/index.php\/wp-json\/wp\/v2\/comments?post=91695"}],"version-history":[{"count":0,"href":"https:\/\/batijournal.com\/index.php\/wp-json\/wp\/v2\/posts\/91695\/revisions"}],"wp:featuredmedia":[{"embeddable":true,"href":"https:\/\/batijournal.com\/index.php\/wp-json\/wp\/v2\/media\/91696"}],"wp:attachment":[{"href":"https:\/\/batijournal.com\/index.php\/wp-json\/wp\/v2\/media?parent=91695"}],"wp:term":[{"taxonomy":"category","embeddable":true,"href":"https:\/\/batijournal.com\/index.php\/wp-json\/wp\/v2\/categories?post=91695"},{"taxonomy":"post_tag","embeddable":true,"href":"https:\/\/batijournal.com\/index.php\/wp-json\/wp\/v2\/tags?post=91695"}],"curies":[{"name":"wp","href":"https:\/\/api.w.org\/{rel}","templated":true}]}}