{"id":91698,"date":"2016-03-09T09:07:18","date_gmt":"2016-03-09T08:07:18","guid":{"rendered":"http:\/\/batijournal.com\/?p=91698"},"modified":"2019-07-15T11:16:55","modified_gmt":"2019-07-15T09:16:55","slug":"appel-don-restauration-de-gare-de-brelidy-a-plouec-trieux","status":"publish","type":"post","link":"https:\/\/batijournal.com\/index.php\/appel-don-restauration-de-gare-de-brelidy-a-plouec-trieux\/91698\/","title":{"rendered":"Appel au don pour la restauration de la gare de Br\u00e9lidy \u00e0 Plou\u00ebc-du-Trieux"},"content":{"rendered":"<p>Une campagne de m\u00e9c\u00e9nat populaire vient d&rsquo;\u00eatre lanc\u00e9e pour la sauvegarde de la gare de Br\u00e9lidy \u00e0 Plou\u00ebc-du-Trieux qui accueillait autrefois la ligne TER Guingamp-Paimpol. Cette gare fut la premi\u00e8re gare construite \u00e0 voie m\u00e9trique. Aujourd&rsquo;hui, il ne reste plus que la marquise, le ch\u00e2teau d&rsquo;eau, le guichet et le hall d&rsquo;entr\u00e9e. Malgr\u00e9 la v\u00e9tust\u00e9 du b\u00e2timent, la gare de Br\u00e9lidy accueille des manifestations culturelles. Gr\u00e2ce au soutien de la commune de Plou\u00ebc, de l&rsquo;intercommunalit\u00e9, de l&rsquo;association M\u00e9moire et patrimoine de Plou\u00ebc, du Conseil r\u00e9gional de Bretagne et du Conseil d\u00e9partemental des C\u00f4tes d&rsquo;Armor, la gare va pouvoir \u00eatre restaur\u00e9e. Il s&rsquo;agit tout d&rsquo;abord d&rsquo;assurer la mise hors d&rsquo;eau et hors d&rsquo;air du b\u00e2timent. Le montant des travaux s&rsquo;el\u00e8ve \u00e0 pr\u00e8s de 70.000 euros. La commune de Plou\u00ebc, propri\u00e9taire de gare, a d\u00e9cid\u00e9 de s&rsquo;associer \u00e0 la Fondation du patrimoine pour restaurer et valoriser cette gare historique en Bretagne.<\/p>\n<p>Photo : Fondation du Patrimoine<\/p>\n<p><a href=\"https:\/\/www.fondation-patrimoine.org\/fr\/bretagne-6\/tous-les-projets-335\/detail-gare-de-brelidy-a-plouec-du-trieux-33072\" target=\"_blank\" rel=\"noopener noreferrer\">https:\/\/www.fondation-patrimoine.org\/fr\/bretagne-6\/tous-les-projets-335\/detail-gare-de-brelidy-a-plouec-du-trieux-33072<\/a><\/p>\n","protected":false},"excerpt":{"rendered":"<p>Une campagne de m\u00e9c\u00e9nat populaire vient d&rsquo;\u00eatre lanc\u00e9e pour la sauvegarde de la gare de Br\u00e9lidy \u00e0 Plou\u00ebc-du-Trieux qui accueillait autrefois la ligne TER Guingamp-Paimpol. Cette gare fut la premi\u00e8re gare construite \u00e0 voie m\u00e9trique. Aujourd&rsquo;hui, il ne reste plus que la marquise, le ch\u00e2teau d&rsquo;eau, le guichet et le hall d&rsquo;entr\u00e9e. Malgr\u00e9 la v\u00e9tust\u00e9 [&hellip;]<\/p>\n","protected":false},"author":17,"featured_media":91699,"comment_status":"closed","ping_status":"closed","sticky":false,"template":"","format":"standard","meta":{"_et_pb_use_builder":"","_et_pb_old_content":"","_et_gb_content_width":"","footnotes":""},"categories":[6340],"tags":[5905],"class_list":["post-91698","post","type-post","status-publish","format-standard","has-post-thumbnail","hentry","category-architecture-conception","tag-fondation-du-patrimoine"],"yoast_head":"<!-- This site is optimized with the Yoast SEO plugin v27.4 - https:\/\/yoast.com\/product\/yoast-seo-wordpress\/ -->\n<title>Appel au don pour la restauration de la gare de Br\u00e9lidy \u00e0 Plou\u00ebc-du-Trieux<\/title>\n<meta name=\"robots\" content=\"index, follow, max-snippet:-1, max-image-preview:large, max-video-preview:-1\" \/>\n<link rel=\"canonical\" href=\"https:\/\/batijournal.com\/index.php\/appel-don-restauration-de-gare-de-brelidy-a-plouec-trieux\/91698\/\" \/>\n<meta property=\"og:locale\" content=\"fr_FR\" \/>\n<meta property=\"og:type\" content=\"article\" \/>\n<meta property=\"og:title\" content=\"Appel au don pour la restauration de la gare de Br\u00e9lidy \u00e0 Plou\u00ebc-du-Trieux\" \/>\n<meta property=\"og:description\" content=\"Une campagne de m\u00e9c\u00e9nat populaire vient d&rsquo;\u00eatre lanc\u00e9e pour la sauvegarde de la gare de Br\u00e9lidy \u00e0 Plou\u00ebc-du-Trieux qui accueillait autrefois la ligne TER Guingamp-Paimpol. Cette gare fut la premi\u00e8re gare construite \u00e0 voie m\u00e9trique. Aujourd&rsquo;hui, il ne reste plus que la marquise, le ch\u00e2teau d&rsquo;eau, le guichet et le hall d&rsquo;entr\u00e9e. Malgr\u00e9 la v\u00e9tust\u00e9 [&hellip;]\" \/>\n<meta property=\"og:url\" content=\"https:\/\/batijournal.com\/index.php\/appel-don-restauration-de-gare-de-brelidy-a-plouec-trieux\/91698\/\" \/>\n<meta property=\"og:site_name\" content=\"Batijournal\" \/>\n<meta property=\"article:published_time\" content=\"2016-03-09T08:07:18+00:00\" \/>\n<meta property=\"article:modified_time\" content=\"2019-07-15T09:16:55+00:00\" \/>\n<meta property=\"og:image\" content=\"https:\/\/batijournal.com\/wp-content\/uploads\/2016\/03\/img_1076-13505.jpg\" \/>\n\t<meta property=\"og:image:width\" content=\"640\" \/>\n\t<meta property=\"og:image:height\" content=\"480\" \/>\n\t<meta property=\"og:image:type\" content=\"image\/jpeg\" \/>\n<meta name=\"author\" content=\"St\u00e9phane Miget\" \/>\n<meta name=\"twitter:card\" content=\"summary_large_image\" \/>\n<meta name=\"twitter:creator\" content=\"@bati_journal\" \/>\n<meta name=\"twitter:site\" content=\"@bati_journal\" \/>\n<meta name=\"twitter:label1\" content=\"\u00c9crit par\" \/>\n\t<meta name=\"twitter:data1\" content=\"St\u00e9phane Miget\" \/>\n\t<meta name=\"twitter:label2\" content=\"Dur\u00e9e de lecture estim\u00e9e\" \/>\n\t<meta name=\"twitter:data2\" content=\"1 minute\" \/>\n<script type=\"application\/ld+json\" class=\"yoast-schema-graph\">{\"@context\":\"https:\\\/\\\/schema.org\",\"@graph\":[{\"@type\":\"Article\",\"@id\":\"https:\\\/\\\/batijournal.com\\\/index.php\\\/appel-don-restauration-de-gare-de-brelidy-a-plouec-trieux\\\/91698\\\/#article\",\"isPartOf\":{\"@id\":\"https:\\\/\\\/batijournal.com\\\/index.php\\\/appel-don-restauration-de-gare-de-brelidy-a-plouec-trieux\\\/91698\\\/\"},\"author\":{\"name\":\"St\u00e9phane Miget\",\"@id\":\"https:\\\/\\\/batijournal.com\\\/#\\\/schema\\\/person\\\/1dc96ec6957aa1ccb25ebe78bb19f100\"},\"headline\":\"Appel au don pour la restauration de la gare de Br\u00e9lidy \u00e0 Plou\u00ebc-du-Trieux\",\"datePublished\":\"2016-03-09T08:07:18+00:00\",\"dateModified\":\"2019-07-15T09:16:55+00:00\",\"mainEntityOfPage\":{\"@id\":\"https:\\\/\\\/batijournal.com\\\/index.php\\\/appel-don-restauration-de-gare-de-brelidy-a-plouec-trieux\\\/91698\\\/\"},\"wordCount\":210,\"image\":{\"@id\":\"https:\\\/\\\/batijournal.com\\\/index.php\\\/appel-don-restauration-de-gare-de-brelidy-a-plouec-trieux\\\/91698\\\/#primaryimage\"},\"thumbnailUrl\":\"https:\\\/\\\/batijournal.com\\\/wp-content\\\/uploads\\\/2016\\\/03\\\/img_1076-13505.jpg\",\"keywords\":[\"fondation du patrimoine\"],\"articleSection\":[\"Architecture &amp; Conception\"],\"inLanguage\":\"fr-FR\"},{\"@type\":\"WebPage\",\"@id\":\"https:\\\/\\\/batijournal.com\\\/index.php\\\/appel-don-restauration-de-gare-de-brelidy-a-plouec-trieux\\\/91698\\\/\",\"url\":\"https:\\\/\\\/batijournal.com\\\/index.php\\\/appel-don-restauration-de-gare-de-brelidy-a-plouec-trieux\\\/91698\\\/\",\"name\":\"Appel au don pour la restauration de la gare de Br\u00e9lidy \u00e0 Plou\u00ebc-du-Trieux\",\"isPartOf\":{\"@id\":\"https:\\\/\\\/batijournal.com\\\/#website\"},\"primaryImageOfPage\":{\"@id\":\"https:\\\/\\\/batijournal.com\\\/index.php\\\/appel-don-restauration-de-gare-de-brelidy-a-plouec-trieux\\\/91698\\\/#primaryimage\"},\"image\":{\"@id\":\"https:\\\/\\\/batijournal.com\\\/index.php\\\/appel-don-restauration-de-gare-de-brelidy-a-plouec-trieux\\\/91698\\\/#primaryimage\"},\"thumbnailUrl\":\"https:\\\/\\\/batijournal.com\\\/wp-content\\\/uploads\\\/2016\\\/03\\\/img_1076-13505.jpg\",\"datePublished\":\"2016-03-09T08:07:18+00:00\",\"dateModified\":\"2019-07-15T09:16:55+00:00\",\"author\":{\"@id\":\"https:\\\/\\\/batijournal.com\\\/#\\\/schema\\\/person\\\/1dc96ec6957aa1ccb25ebe78bb19f100\"},\"breadcrumb\":{\"@id\":\"https:\\\/\\\/batijournal.com\\\/index.php\\\/appel-don-restauration-de-gare-de-brelidy-a-plouec-trieux\\\/91698\\\/#breadcrumb\"},\"inLanguage\":\"fr-FR\",\"potentialAction\":[{\"@type\":\"ReadAction\",\"target\":[\"https:\\\/\\\/batijournal.com\\\/index.php\\\/appel-don-restauration-de-gare-de-brelidy-a-plouec-trieux\\\/91698\\\/\"]}]},{\"@type\":\"ImageObject\",\"inLanguage\":\"fr-FR\",\"@id\":\"https:\\\/\\\/batijournal.com\\\/index.php\\\/appel-don-restauration-de-gare-de-brelidy-a-plouec-trieux\\\/91698\\\/#primaryimage\",\"url\":\"https:\\\/\\\/batijournal.com\\\/wp-content\\\/uploads\\\/2016\\\/03\\\/img_1076-13505.jpg\",\"contentUrl\":\"https:\\\/\\\/batijournal.com\\\/wp-content\\\/uploads\\\/2016\\\/03\\\/img_1076-13505.jpg\",\"width\":640,\"height\":480},{\"@type\":\"BreadcrumbList\",\"@id\":\"https:\\\/\\\/batijournal.com\\\/index.php\\\/appel-don-restauration-de-gare-de-brelidy-a-plouec-trieux\\\/91698\\\/#breadcrumb\",\"itemListElement\":[{\"@type\":\"ListItem\",\"position\":1,\"name\":\"Accueil\",\"item\":\"https:\\\/\\\/batijournal.com\\\/\"},{\"@type\":\"ListItem\",\"position\":2,\"name\":\"Actualit\u00e9s\",\"item\":\"https:\\\/\\\/batijournal.com\\\/index.php\\\/category\\\/actualites\\\/\"},{\"@type\":\"ListItem\",\"position\":3,\"name\":\"Architecture &amp; Conception\",\"item\":\"https:\\\/\\\/batijournal.com\\\/index.php\\\/category\\\/actualites\\\/architecture-conception\\\/\"},{\"@type\":\"ListItem\",\"position\":4,\"name\":\"Appel au don pour la restauration de la gare de Br\u00e9lidy \u00e0 Plou\u00ebc-du-Trieux\"}]},{\"@type\":\"WebSite\",\"@id\":\"https:\\\/\\\/batijournal.com\\\/#website\",\"url\":\"https:\\\/\\\/batijournal.com\\\/\",\"name\":\"Batijournal\",\"description\":\"L&#039;actualit\u00e9 du b\u00e2timent\",\"potentialAction\":[{\"@type\":\"SearchAction\",\"target\":{\"@type\":\"EntryPoint\",\"urlTemplate\":\"https:\\\/\\\/batijournal.com\\\/?s={search_term_string}\"},\"query-input\":{\"@type\":\"PropertyValueSpecification\",\"valueRequired\":true,\"valueName\":\"search_term_string\"}}],\"inLanguage\":\"fr-FR\"},{\"@type\":\"Person\",\"@id\":\"https:\\\/\\\/batijournal.com\\\/#\\\/schema\\\/person\\\/1dc96ec6957aa1ccb25ebe78bb19f100\",\"name\":\"St\u00e9phane Miget\",\"image\":{\"@type\":\"ImageObject\",\"inLanguage\":\"fr-FR\",\"@id\":\"https:\\\/\\\/secure.gravatar.com\\\/avatar\\\/89915563d925342126b8ef0281b93d9d7fc337043e8df017f780908eb9644451?s=96&d=mm&r=g\",\"url\":\"https:\\\/\\\/secure.gravatar.com\\\/avatar\\\/89915563d925342126b8ef0281b93d9d7fc337043e8df017f780908eb9644451?s=96&d=mm&r=g\",\"contentUrl\":\"https:\\\/\\\/secure.gravatar.com\\\/avatar\\\/89915563d925342126b8ef0281b93d9d7fc337043e8df017f780908eb9644451?s=96&d=mm&r=g\",\"caption\":\"St\u00e9phane Miget\"},\"url\":\"https:\\\/\\\/batijournal.com\\\/index.php\\\/author\\\/stephane\\\/\"}]}<\/script>\n<!-- \/ Yoast SEO plugin. -->","yoast_head_json":{"title":"Appel au don pour la restauration de la gare de Br\u00e9lidy \u00e0 Plou\u00ebc-du-Trieux","robots":{"index":"index","follow":"follow","max-snippet":"max-snippet:-1","max-image-preview":"max-image-preview:large","max-video-preview":"max-video-preview:-1"},"canonical":"https:\/\/batijournal.com\/index.php\/appel-don-restauration-de-gare-de-brelidy-a-plouec-trieux\/91698\/","og_locale":"fr_FR","og_type":"article","og_title":"Appel au don pour la restauration de la gare de Br\u00e9lidy \u00e0 Plou\u00ebc-du-Trieux","og_description":"Une campagne de m\u00e9c\u00e9nat populaire vient d&rsquo;\u00eatre lanc\u00e9e pour la sauvegarde de la gare de Br\u00e9lidy \u00e0 Plou\u00ebc-du-Trieux qui accueillait autrefois la ligne TER Guingamp-Paimpol. Cette gare fut la premi\u00e8re gare construite \u00e0 voie m\u00e9trique. Aujourd&rsquo;hui, il ne reste plus que la marquise, le ch\u00e2teau d&rsquo;eau, le guichet et le hall d&rsquo;entr\u00e9e. Malgr\u00e9 la v\u00e9tust\u00e9 [&hellip;]","og_url":"https:\/\/batijournal.com\/index.php\/appel-don-restauration-de-gare-de-brelidy-a-plouec-trieux\/91698\/","og_site_name":"Batijournal","article_published_time":"2016-03-09T08:07:18+00:00","article_modified_time":"2019-07-15T09:16:55+00:00","og_image":[{"width":640,"height":480,"url":"https:\/\/batijournal.com\/wp-content\/uploads\/2016\/03\/img_1076-13505.jpg","type":"image\/jpeg"}],"author":"St\u00e9phane Miget","twitter_card":"summary_large_image","twitter_creator":"@bati_journal","twitter_site":"@bati_journal","twitter_misc":{"\u00c9crit par":"St\u00e9phane Miget","Dur\u00e9e de lecture estim\u00e9e":"1 minute"},"schema":{"@context":"https:\/\/schema.org","@graph":[{"@type":"Article","@id":"https:\/\/batijournal.com\/index.php\/appel-don-restauration-de-gare-de-brelidy-a-plouec-trieux\/91698\/#article","isPartOf":{"@id":"https:\/\/batijournal.com\/index.php\/appel-don-restauration-de-gare-de-brelidy-a-plouec-trieux\/91698\/"},"author":{"name":"St\u00e9phane Miget","@id":"https:\/\/batijournal.com\/#\/schema\/person\/1dc96ec6957aa1ccb25ebe78bb19f100"},"headline":"Appel au don pour la restauration de la gare de Br\u00e9lidy \u00e0 Plou\u00ebc-du-Trieux","datePublished":"2016-03-09T08:07:18+00:00","dateModified":"2019-07-15T09:16:55+00:00","mainEntityOfPage":{"@id":"https:\/\/batijournal.com\/index.php\/appel-don-restauration-de-gare-de-brelidy-a-plouec-trieux\/91698\/"},"wordCount":210,"image":{"@id":"https:\/\/batijournal.com\/index.php\/appel-don-restauration-de-gare-de-brelidy-a-plouec-trieux\/91698\/#primaryimage"},"thumbnailUrl":"https:\/\/batijournal.com\/wp-content\/uploads\/2016\/03\/img_1076-13505.jpg","keywords":["fondation du patrimoine"],"articleSection":["Architecture &amp; Conception"],"inLanguage":"fr-FR"},{"@type":"WebPage","@id":"https:\/\/batijournal.com\/index.php\/appel-don-restauration-de-gare-de-brelidy-a-plouec-trieux\/91698\/","url":"https:\/\/batijournal.com\/index.php\/appel-don-restauration-de-gare-de-brelidy-a-plouec-trieux\/91698\/","name":"Appel au don pour la restauration de la gare de Br\u00e9lidy \u00e0 Plou\u00ebc-du-Trieux","isPartOf":{"@id":"https:\/\/batijournal.com\/#website"},"primaryImageOfPage":{"@id":"https:\/\/batijournal.com\/index.php\/appel-don-restauration-de-gare-de-brelidy-a-plouec-trieux\/91698\/#primaryimage"},"image":{"@id":"https:\/\/batijournal.com\/index.php\/appel-don-restauration-de-gare-de-brelidy-a-plouec-trieux\/91698\/#primaryimage"},"thumbnailUrl":"https:\/\/batijournal.com\/wp-content\/uploads\/2016\/03\/img_1076-13505.jpg","datePublished":"2016-03-09T08:07:18+00:00","dateModified":"2019-07-15T09:16:55+00:00","author":{"@id":"https:\/\/batijournal.com\/#\/schema\/person\/1dc96ec6957aa1ccb25ebe78bb19f100"},"breadcrumb":{"@id":"https:\/\/batijournal.com\/index.php\/appel-don-restauration-de-gare-de-brelidy-a-plouec-trieux\/91698\/#breadcrumb"},"inLanguage":"fr-FR","potentialAction":[{"@type":"ReadAction","target":["https:\/\/batijournal.com\/index.php\/appel-don-restauration-de-gare-de-brelidy-a-plouec-trieux\/91698\/"]}]},{"@type":"ImageObject","inLanguage":"fr-FR","@id":"https:\/\/batijournal.com\/index.php\/appel-don-restauration-de-gare-de-brelidy-a-plouec-trieux\/91698\/#primaryimage","url":"https:\/\/batijournal.com\/wp-content\/uploads\/2016\/03\/img_1076-13505.jpg","contentUrl":"https:\/\/batijournal.com\/wp-content\/uploads\/2016\/03\/img_1076-13505.jpg","width":640,"height":480},{"@type":"BreadcrumbList","@id":"https:\/\/batijournal.com\/index.php\/appel-don-restauration-de-gare-de-brelidy-a-plouec-trieux\/91698\/#breadcrumb","itemListElement":[{"@type":"ListItem","position":1,"name":"Accueil","item":"https:\/\/batijournal.com\/"},{"@type":"ListItem","position":2,"name":"Actualit\u00e9s","item":"https:\/\/batijournal.com\/index.php\/category\/actualites\/"},{"@type":"ListItem","position":3,"name":"Architecture &amp; Conception","item":"https:\/\/batijournal.com\/index.php\/category\/actualites\/architecture-conception\/"},{"@type":"ListItem","position":4,"name":"Appel au don pour la restauration de la gare de Br\u00e9lidy \u00e0 Plou\u00ebc-du-Trieux"}]},{"@type":"WebSite","@id":"https:\/\/batijournal.com\/#website","url":"https:\/\/batijournal.com\/","name":"Batijournal","description":"L&#039;actualit\u00e9 du b\u00e2timent","potentialAction":[{"@type":"SearchAction","target":{"@type":"EntryPoint","urlTemplate":"https:\/\/batijournal.com\/?s={search_term_string}"},"query-input":{"@type":"PropertyValueSpecification","valueRequired":true,"valueName":"search_term_string"}}],"inLanguage":"fr-FR"},{"@type":"Person","@id":"https:\/\/batijournal.com\/#\/schema\/person\/1dc96ec6957aa1ccb25ebe78bb19f100","name":"St\u00e9phane Miget","image":{"@type":"ImageObject","inLanguage":"fr-FR","@id":"https:\/\/secure.gravatar.com\/avatar\/89915563d925342126b8ef0281b93d9d7fc337043e8df017f780908eb9644451?s=96&d=mm&r=g","url":"https:\/\/secure.gravatar.com\/avatar\/89915563d925342126b8ef0281b93d9d7fc337043e8df017f780908eb9644451?s=96&d=mm&r=g","contentUrl":"https:\/\/secure.gravatar.com\/avatar\/89915563d925342126b8ef0281b93d9d7fc337043e8df017f780908eb9644451?s=96&d=mm&r=g","caption":"St\u00e9phane Miget"},"url":"https:\/\/batijournal.com\/index.php\/author\/stephane\/"}]}},"_links":{"self":[{"href":"https:\/\/batijournal.com\/index.php\/wp-json\/wp\/v2\/posts\/91698","targetHints":{"allow":["GET"]}}],"collection":[{"href":"https:\/\/batijournal.com\/index.php\/wp-json\/wp\/v2\/posts"}],"about":[{"href":"https:\/\/batijournal.com\/index.php\/wp-json\/wp\/v2\/types\/post"}],"author":[{"embeddable":true,"href":"https:\/\/batijournal.com\/index.php\/wp-json\/wp\/v2\/users\/17"}],"replies":[{"embeddable":true,"href":"https:\/\/batijournal.com\/index.php\/wp-json\/wp\/v2\/comments?post=91698"}],"version-history":[{"count":0,"href":"https:\/\/batijournal.com\/index.php\/wp-json\/wp\/v2\/posts\/91698\/revisions"}],"wp:featuredmedia":[{"embeddable":true,"href":"https:\/\/batijournal.com\/index.php\/wp-json\/wp\/v2\/media\/91699"}],"wp:attachment":[{"href":"https:\/\/batijournal.com\/index.php\/wp-json\/wp\/v2\/media?parent=91698"}],"wp:term":[{"taxonomy":"category","embeddable":true,"href":"https:\/\/batijournal.com\/index.php\/wp-json\/wp\/v2\/categories?post=91698"},{"taxonomy":"post_tag","embeddable":true,"href":"https:\/\/batijournal.com\/index.php\/wp-json\/wp\/v2\/tags?post=91698"}],"curies":[{"name":"wp","href":"https:\/\/api.w.org\/{rel}","templated":true}]}}