{"id":91714,"date":"2016-03-09T12:03:22","date_gmt":"2016-03-09T11:03:22","guid":{"rendered":"http:\/\/batijournal.com\/?p=91714"},"modified":"2019-07-15T12:13:30","modified_gmt":"2019-07-15T10:13:30","slug":"semaine-nationale-de-lartisanat","status":"publish","type":"post","link":"https:\/\/batijournal.com\/index.php\/semaine-nationale-de-lartisanat\/91714\/","title":{"rendered":"Semaine nationale de l\u2019artisanat : #choisirlartisanat"},"content":{"rendered":"<div class=\"page\" title=\"Page 1\">\n<div class=\"layoutArea\">\n<div class=\"column\">\n<p>Et si le mod\u00e8le \u00e9conomique de demain passait par l\u2019Artisanat ? Avec son million d\u2019entreprises, la premi\u00e8re entreprise de France est l\u2019une des locomotives de l\u2019\u00e9conomie fran\u00e7aise tout en offrant des milliers d\u2019emplois de proximit\u00e9 non d\u00e9localisables. Pendant une semaine, du 11 au 18 mars 2016, le grand public va pouvoir\u00a0v\u00e9rifier que l&rsquo;artisanat est un secteur innovant qui s&rsquo;inscrit au c\u0153ur des enjeux du 21e si\u00e8cle. La Semaine nationale de l\u2019artisanat, organis\u00e9e conjointement par les chambres de m\u00e9tiers et de l\u2019artisanat et l\u2019UPA, est un \u00e9v\u00e9nement phare, qui regroupe sous un label commun toutes les initiatives locales de promotion de l\u2019artisanat. Le th\u00e8me de l\u2019\u00e9dition 2016, \u00ab Nous avons tous une bonne raison de choisir l\u2019artisanat \u00bb, prolonge la nouvelle signature des campagnes engag\u00e9es par le secteur.<\/p>\n<p><a href=\"http:\/\/www.semaine-nationale-artisanat.fr\" target=\"_blank\" rel=\"noopener noreferrer\">www.semaine-nationale-artisanat.fr<\/a><\/p>\n<\/div>\n<p>&nbsp;<\/p>\n<\/div>\n<\/div>\n","protected":false},"excerpt":{"rendered":"<p>Et si le mod\u00e8le \u00e9conomique de demain passait par l\u2019Artisanat ? Avec son million d\u2019entreprises, la premi\u00e8re entreprise de France est l\u2019une des locomotives de l\u2019\u00e9conomie fran\u00e7aise tout en offrant des milliers d\u2019emplois de proximit\u00e9 non d\u00e9localisables. Pendant une semaine, du 11 au 18 mars 2016, le grand public va pouvoir\u00a0v\u00e9rifier que l&rsquo;artisanat est un [&hellip;]<\/p>\n","protected":false},"author":17,"featured_media":91715,"comment_status":"closed","ping_status":"closed","sticky":false,"template":"","format":"standard","meta":{"_et_pb_use_builder":"","_et_pb_old_content":"","_et_gb_content_width":"","footnotes":""},"categories":[6345,9192,10787],"tags":[],"class_list":["post-91714","post","type-post","status-publish","format-standard","has-post-thumbnail","hentry","category-economie-marches","category-evenements","category-entreprises-et-chantiers"],"yoast_head":"<!-- This site is optimized with the Yoast SEO plugin v27.4 - https:\/\/yoast.com\/product\/yoast-seo-wordpress\/ -->\n<title>Semaine nationale de l\u2019artisanat : #choisirlartisanat<\/title>\n<meta name=\"robots\" content=\"index, follow, max-snippet:-1, max-image-preview:large, max-video-preview:-1\" \/>\n<link rel=\"canonical\" href=\"https:\/\/batijournal.com\/index.php\/semaine-nationale-de-lartisanat\/91714\/\" \/>\n<meta property=\"og:locale\" content=\"fr_FR\" \/>\n<meta property=\"og:type\" content=\"article\" \/>\n<meta property=\"og:title\" content=\"Semaine nationale de l\u2019artisanat : #choisirlartisanat\" \/>\n<meta property=\"og:description\" content=\"Et si le mod\u00e8le \u00e9conomique de demain passait par l\u2019Artisanat ? Avec son million d\u2019entreprises, la premi\u00e8re entreprise de France est l\u2019une des locomotives de l\u2019\u00e9conomie fran\u00e7aise tout en offrant des milliers d\u2019emplois de proximit\u00e9 non d\u00e9localisables. Pendant une semaine, du 11 au 18 mars 2016, le grand public va pouvoir\u00a0v\u00e9rifier que l&rsquo;artisanat est un [&hellip;]\" \/>\n<meta property=\"og:url\" content=\"https:\/\/batijournal.com\/index.php\/semaine-nationale-de-lartisanat\/91714\/\" \/>\n<meta property=\"og:site_name\" content=\"Batijournal\" \/>\n<meta property=\"article:published_time\" content=\"2016-03-09T11:03:22+00:00\" \/>\n<meta property=\"article:modified_time\" content=\"2019-07-15T10:13:30+00:00\" \/>\n<meta property=\"og:image\" content=\"https:\/\/batijournal.com\/wp-content\/uploads\/2016\/03\/COVER_FB_851x315.png\" \/>\n\t<meta property=\"og:image:width\" content=\"851\" \/>\n\t<meta property=\"og:image:height\" content=\"315\" \/>\n\t<meta property=\"og:image:type\" content=\"image\/png\" \/>\n<meta name=\"author\" content=\"St\u00e9phane Miget\" \/>\n<meta name=\"twitter:card\" content=\"summary_large_image\" \/>\n<meta name=\"twitter:creator\" content=\"@bati_journal\" \/>\n<meta name=\"twitter:site\" content=\"@bati_journal\" \/>\n<meta name=\"twitter:label1\" content=\"\u00c9crit par\" \/>\n\t<meta name=\"twitter:data1\" content=\"St\u00e9phane Miget\" \/>\n\t<meta name=\"twitter:label2\" content=\"Dur\u00e9e de lecture estim\u00e9e\" \/>\n\t<meta name=\"twitter:data2\" content=\"1 minute\" \/>\n<script type=\"application\/ld+json\" class=\"yoast-schema-graph\">{\"@context\":\"https:\\\/\\\/schema.org\",\"@graph\":[{\"@type\":\"Article\",\"@id\":\"https:\\\/\\\/batijournal.com\\\/index.php\\\/semaine-nationale-de-lartisanat\\\/91714\\\/#article\",\"isPartOf\":{\"@id\":\"https:\\\/\\\/batijournal.com\\\/index.php\\\/semaine-nationale-de-lartisanat\\\/91714\\\/\"},\"author\":{\"name\":\"St\u00e9phane Miget\",\"@id\":\"https:\\\/\\\/batijournal.com\\\/#\\\/schema\\\/person\\\/1dc96ec6957aa1ccb25ebe78bb19f100\"},\"headline\":\"Semaine nationale de l\u2019artisanat : #choisirlartisanat\",\"datePublished\":\"2016-03-09T11:03:22+00:00\",\"dateModified\":\"2019-07-15T10:13:30+00:00\",\"mainEntityOfPage\":{\"@id\":\"https:\\\/\\\/batijournal.com\\\/index.php\\\/semaine-nationale-de-lartisanat\\\/91714\\\/\"},\"wordCount\":156,\"image\":{\"@id\":\"https:\\\/\\\/batijournal.com\\\/index.php\\\/semaine-nationale-de-lartisanat\\\/91714\\\/#primaryimage\"},\"thumbnailUrl\":\"https:\\\/\\\/batijournal.com\\\/wp-content\\\/uploads\\\/2016\\\/03\\\/COVER_FB_851x315.png\",\"articleSection\":[\"\u00c9conomie &amp; March\u00e9s\",\"\u00c9v\u00e9nements\",\"zz_Entreprises et chantiers - AC\"],\"inLanguage\":\"fr-FR\"},{\"@type\":\"WebPage\",\"@id\":\"https:\\\/\\\/batijournal.com\\\/index.php\\\/semaine-nationale-de-lartisanat\\\/91714\\\/\",\"url\":\"https:\\\/\\\/batijournal.com\\\/index.php\\\/semaine-nationale-de-lartisanat\\\/91714\\\/\",\"name\":\"Semaine nationale de l\u2019artisanat : #choisirlartisanat\",\"isPartOf\":{\"@id\":\"https:\\\/\\\/batijournal.com\\\/#website\"},\"primaryImageOfPage\":{\"@id\":\"https:\\\/\\\/batijournal.com\\\/index.php\\\/semaine-nationale-de-lartisanat\\\/91714\\\/#primaryimage\"},\"image\":{\"@id\":\"https:\\\/\\\/batijournal.com\\\/index.php\\\/semaine-nationale-de-lartisanat\\\/91714\\\/#primaryimage\"},\"thumbnailUrl\":\"https:\\\/\\\/batijournal.com\\\/wp-content\\\/uploads\\\/2016\\\/03\\\/COVER_FB_851x315.png\",\"datePublished\":\"2016-03-09T11:03:22+00:00\",\"dateModified\":\"2019-07-15T10:13:30+00:00\",\"author\":{\"@id\":\"https:\\\/\\\/batijournal.com\\\/#\\\/schema\\\/person\\\/1dc96ec6957aa1ccb25ebe78bb19f100\"},\"breadcrumb\":{\"@id\":\"https:\\\/\\\/batijournal.com\\\/index.php\\\/semaine-nationale-de-lartisanat\\\/91714\\\/#breadcrumb\"},\"inLanguage\":\"fr-FR\",\"potentialAction\":[{\"@type\":\"ReadAction\",\"target\":[\"https:\\\/\\\/batijournal.com\\\/index.php\\\/semaine-nationale-de-lartisanat\\\/91714\\\/\"]}]},{\"@type\":\"ImageObject\",\"inLanguage\":\"fr-FR\",\"@id\":\"https:\\\/\\\/batijournal.com\\\/index.php\\\/semaine-nationale-de-lartisanat\\\/91714\\\/#primaryimage\",\"url\":\"https:\\\/\\\/batijournal.com\\\/wp-content\\\/uploads\\\/2016\\\/03\\\/COVER_FB_851x315.png\",\"contentUrl\":\"https:\\\/\\\/batijournal.com\\\/wp-content\\\/uploads\\\/2016\\\/03\\\/COVER_FB_851x315.png\",\"width\":851,\"height\":315},{\"@type\":\"BreadcrumbList\",\"@id\":\"https:\\\/\\\/batijournal.com\\\/index.php\\\/semaine-nationale-de-lartisanat\\\/91714\\\/#breadcrumb\",\"itemListElement\":[{\"@type\":\"ListItem\",\"position\":1,\"name\":\"Accueil\",\"item\":\"https:\\\/\\\/batijournal.com\\\/\"},{\"@type\":\"ListItem\",\"position\":2,\"name\":\"Actualit\u00e9s\",\"item\":\"https:\\\/\\\/batijournal.com\\\/index.php\\\/category\\\/actualites\\\/\"},{\"@type\":\"ListItem\",\"position\":3,\"name\":\"\u00c9conomie &amp; March\u00e9s\",\"item\":\"https:\\\/\\\/batijournal.com\\\/index.php\\\/category\\\/actualites\\\/economie-marches\\\/\"},{\"@type\":\"ListItem\",\"position\":4,\"name\":\"Semaine nationale de l\u2019artisanat : #choisirlartisanat\"}]},{\"@type\":\"WebSite\",\"@id\":\"https:\\\/\\\/batijournal.com\\\/#website\",\"url\":\"https:\\\/\\\/batijournal.com\\\/\",\"name\":\"Batijournal\",\"description\":\"L&#039;actualit\u00e9 du b\u00e2timent\",\"potentialAction\":[{\"@type\":\"SearchAction\",\"target\":{\"@type\":\"EntryPoint\",\"urlTemplate\":\"https:\\\/\\\/batijournal.com\\\/?s={search_term_string}\"},\"query-input\":{\"@type\":\"PropertyValueSpecification\",\"valueRequired\":true,\"valueName\":\"search_term_string\"}}],\"inLanguage\":\"fr-FR\"},{\"@type\":\"Person\",\"@id\":\"https:\\\/\\\/batijournal.com\\\/#\\\/schema\\\/person\\\/1dc96ec6957aa1ccb25ebe78bb19f100\",\"name\":\"St\u00e9phane Miget\",\"image\":{\"@type\":\"ImageObject\",\"inLanguage\":\"fr-FR\",\"@id\":\"https:\\\/\\\/secure.gravatar.com\\\/avatar\\\/89915563d925342126b8ef0281b93d9d7fc337043e8df017f780908eb9644451?s=96&d=mm&r=g\",\"url\":\"https:\\\/\\\/secure.gravatar.com\\\/avatar\\\/89915563d925342126b8ef0281b93d9d7fc337043e8df017f780908eb9644451?s=96&d=mm&r=g\",\"contentUrl\":\"https:\\\/\\\/secure.gravatar.com\\\/avatar\\\/89915563d925342126b8ef0281b93d9d7fc337043e8df017f780908eb9644451?s=96&d=mm&r=g\",\"caption\":\"St\u00e9phane Miget\"},\"url\":\"https:\\\/\\\/batijournal.com\\\/index.php\\\/author\\\/stephane\\\/\"}]}<\/script>\n<!-- \/ Yoast SEO plugin. -->","yoast_head_json":{"title":"Semaine nationale de l\u2019artisanat : #choisirlartisanat","robots":{"index":"index","follow":"follow","max-snippet":"max-snippet:-1","max-image-preview":"max-image-preview:large","max-video-preview":"max-video-preview:-1"},"canonical":"https:\/\/batijournal.com\/index.php\/semaine-nationale-de-lartisanat\/91714\/","og_locale":"fr_FR","og_type":"article","og_title":"Semaine nationale de l\u2019artisanat : #choisirlartisanat","og_description":"Et si le mod\u00e8le \u00e9conomique de demain passait par l\u2019Artisanat ? Avec son million d\u2019entreprises, la premi\u00e8re entreprise de France est l\u2019une des locomotives de l\u2019\u00e9conomie fran\u00e7aise tout en offrant des milliers d\u2019emplois de proximit\u00e9 non d\u00e9localisables. Pendant une semaine, du 11 au 18 mars 2016, le grand public va pouvoir\u00a0v\u00e9rifier que l&rsquo;artisanat est un [&hellip;]","og_url":"https:\/\/batijournal.com\/index.php\/semaine-nationale-de-lartisanat\/91714\/","og_site_name":"Batijournal","article_published_time":"2016-03-09T11:03:22+00:00","article_modified_time":"2019-07-15T10:13:30+00:00","og_image":[{"width":851,"height":315,"url":"https:\/\/batijournal.com\/wp-content\/uploads\/2016\/03\/COVER_FB_851x315.png","type":"image\/png"}],"author":"St\u00e9phane Miget","twitter_card":"summary_large_image","twitter_creator":"@bati_journal","twitter_site":"@bati_journal","twitter_misc":{"\u00c9crit par":"St\u00e9phane Miget","Dur\u00e9e de lecture estim\u00e9e":"1 minute"},"schema":{"@context":"https:\/\/schema.org","@graph":[{"@type":"Article","@id":"https:\/\/batijournal.com\/index.php\/semaine-nationale-de-lartisanat\/91714\/#article","isPartOf":{"@id":"https:\/\/batijournal.com\/index.php\/semaine-nationale-de-lartisanat\/91714\/"},"author":{"name":"St\u00e9phane Miget","@id":"https:\/\/batijournal.com\/#\/schema\/person\/1dc96ec6957aa1ccb25ebe78bb19f100"},"headline":"Semaine nationale de l\u2019artisanat : #choisirlartisanat","datePublished":"2016-03-09T11:03:22+00:00","dateModified":"2019-07-15T10:13:30+00:00","mainEntityOfPage":{"@id":"https:\/\/batijournal.com\/index.php\/semaine-nationale-de-lartisanat\/91714\/"},"wordCount":156,"image":{"@id":"https:\/\/batijournal.com\/index.php\/semaine-nationale-de-lartisanat\/91714\/#primaryimage"},"thumbnailUrl":"https:\/\/batijournal.com\/wp-content\/uploads\/2016\/03\/COVER_FB_851x315.png","articleSection":["\u00c9conomie &amp; March\u00e9s","\u00c9v\u00e9nements","zz_Entreprises et chantiers - AC"],"inLanguage":"fr-FR"},{"@type":"WebPage","@id":"https:\/\/batijournal.com\/index.php\/semaine-nationale-de-lartisanat\/91714\/","url":"https:\/\/batijournal.com\/index.php\/semaine-nationale-de-lartisanat\/91714\/","name":"Semaine nationale de l\u2019artisanat : #choisirlartisanat","isPartOf":{"@id":"https:\/\/batijournal.com\/#website"},"primaryImageOfPage":{"@id":"https:\/\/batijournal.com\/index.php\/semaine-nationale-de-lartisanat\/91714\/#primaryimage"},"image":{"@id":"https:\/\/batijournal.com\/index.php\/semaine-nationale-de-lartisanat\/91714\/#primaryimage"},"thumbnailUrl":"https:\/\/batijournal.com\/wp-content\/uploads\/2016\/03\/COVER_FB_851x315.png","datePublished":"2016-03-09T11:03:22+00:00","dateModified":"2019-07-15T10:13:30+00:00","author":{"@id":"https:\/\/batijournal.com\/#\/schema\/person\/1dc96ec6957aa1ccb25ebe78bb19f100"},"breadcrumb":{"@id":"https:\/\/batijournal.com\/index.php\/semaine-nationale-de-lartisanat\/91714\/#breadcrumb"},"inLanguage":"fr-FR","potentialAction":[{"@type":"ReadAction","target":["https:\/\/batijournal.com\/index.php\/semaine-nationale-de-lartisanat\/91714\/"]}]},{"@type":"ImageObject","inLanguage":"fr-FR","@id":"https:\/\/batijournal.com\/index.php\/semaine-nationale-de-lartisanat\/91714\/#primaryimage","url":"https:\/\/batijournal.com\/wp-content\/uploads\/2016\/03\/COVER_FB_851x315.png","contentUrl":"https:\/\/batijournal.com\/wp-content\/uploads\/2016\/03\/COVER_FB_851x315.png","width":851,"height":315},{"@type":"BreadcrumbList","@id":"https:\/\/batijournal.com\/index.php\/semaine-nationale-de-lartisanat\/91714\/#breadcrumb","itemListElement":[{"@type":"ListItem","position":1,"name":"Accueil","item":"https:\/\/batijournal.com\/"},{"@type":"ListItem","position":2,"name":"Actualit\u00e9s","item":"https:\/\/batijournal.com\/index.php\/category\/actualites\/"},{"@type":"ListItem","position":3,"name":"\u00c9conomie &amp; March\u00e9s","item":"https:\/\/batijournal.com\/index.php\/category\/actualites\/economie-marches\/"},{"@type":"ListItem","position":4,"name":"Semaine nationale de l\u2019artisanat : #choisirlartisanat"}]},{"@type":"WebSite","@id":"https:\/\/batijournal.com\/#website","url":"https:\/\/batijournal.com\/","name":"Batijournal","description":"L&#039;actualit\u00e9 du b\u00e2timent","potentialAction":[{"@type":"SearchAction","target":{"@type":"EntryPoint","urlTemplate":"https:\/\/batijournal.com\/?s={search_term_string}"},"query-input":{"@type":"PropertyValueSpecification","valueRequired":true,"valueName":"search_term_string"}}],"inLanguage":"fr-FR"},{"@type":"Person","@id":"https:\/\/batijournal.com\/#\/schema\/person\/1dc96ec6957aa1ccb25ebe78bb19f100","name":"St\u00e9phane Miget","image":{"@type":"ImageObject","inLanguage":"fr-FR","@id":"https:\/\/secure.gravatar.com\/avatar\/89915563d925342126b8ef0281b93d9d7fc337043e8df017f780908eb9644451?s=96&d=mm&r=g","url":"https:\/\/secure.gravatar.com\/avatar\/89915563d925342126b8ef0281b93d9d7fc337043e8df017f780908eb9644451?s=96&d=mm&r=g","contentUrl":"https:\/\/secure.gravatar.com\/avatar\/89915563d925342126b8ef0281b93d9d7fc337043e8df017f780908eb9644451?s=96&d=mm&r=g","caption":"St\u00e9phane Miget"},"url":"https:\/\/batijournal.com\/index.php\/author\/stephane\/"}]}},"_links":{"self":[{"href":"https:\/\/batijournal.com\/index.php\/wp-json\/wp\/v2\/posts\/91714","targetHints":{"allow":["GET"]}}],"collection":[{"href":"https:\/\/batijournal.com\/index.php\/wp-json\/wp\/v2\/posts"}],"about":[{"href":"https:\/\/batijournal.com\/index.php\/wp-json\/wp\/v2\/types\/post"}],"author":[{"embeddable":true,"href":"https:\/\/batijournal.com\/index.php\/wp-json\/wp\/v2\/users\/17"}],"replies":[{"embeddable":true,"href":"https:\/\/batijournal.com\/index.php\/wp-json\/wp\/v2\/comments?post=91714"}],"version-history":[{"count":0,"href":"https:\/\/batijournal.com\/index.php\/wp-json\/wp\/v2\/posts\/91714\/revisions"}],"wp:featuredmedia":[{"embeddable":true,"href":"https:\/\/batijournal.com\/index.php\/wp-json\/wp\/v2\/media\/91715"}],"wp:attachment":[{"href":"https:\/\/batijournal.com\/index.php\/wp-json\/wp\/v2\/media?parent=91714"}],"wp:term":[{"taxonomy":"category","embeddable":true,"href":"https:\/\/batijournal.com\/index.php\/wp-json\/wp\/v2\/categories?post=91714"},{"taxonomy":"post_tag","embeddable":true,"href":"https:\/\/batijournal.com\/index.php\/wp-json\/wp\/v2\/tags?post=91714"}],"curies":[{"name":"wp","href":"https:\/\/api.w.org\/{rel}","templated":true}]}}