{"id":91738,"date":"2016-03-15T11:04:06","date_gmt":"2016-03-15T10:04:06","guid":{"rendered":"http:\/\/batijournal.com\/?p=91738"},"modified":"2016-03-15T11:05:43","modified_gmt":"2016-03-15T10:05:43","slug":"adivbois-debarque-croisette","status":"publish","type":"post","link":"https:\/\/batijournal.com\/index.php\/adivbois-debarque-croisette\/91738\/","title":{"rendered":"ADIVBois d\u00e9barque sur La Croisette"},"content":{"rendered":"<p>L\u2019Association pour le\u00a0d\u00e9veloppement des\u00a0immeubles \u00e0\u00a0vivre en bois (ADIVBois)\u00a0est\u00a0pr\u00e9sente au MIPIM, le plus grand march\u00e9 international des professionnels de l&rsquo;immobilier, qui se tient\u00a0d\u00e8s aujourd&rsquo;hui\u00a0et jusqu&rsquo;au\u00a018 mars, \u00e0 Cannes.\u00a0Demain,\u00a0mercredi 16 mars, \u00e0 16 h 30, l&rsquo;association y pr\u00e9sentera la conf\u00e9rence \u00ab\u00a0Le bois, une solution pour la ville de demain\u00a0\u00bb en pr\u00e9sence d\u2019Emmanuelle Cosse, ministre du Logement, de Nicolas Ferrand (Epamarne), de Mich\u00e8le Laru\u00eb-Charlus (Ville de Bordeaux) et de Jean-Louis Missika (Ville de Paris). L\u2019\u00e9v\u00e9nement se d\u00e9roule au salon Croisette du Palais des\u00a0festivals et des congr\u00e8s de\u00a0Cannes.<\/p>\n<p><a href=\"http:\/\/www.mipim.com\">www.mipim.com<\/a><\/p>\n","protected":false},"excerpt":{"rendered":"<p>L\u2019Association pour le\u00a0d\u00e9veloppement des\u00a0immeubles \u00e0\u00a0vivre en bois (ADIVBois)\u00a0est\u00a0pr\u00e9sente au MIPIM, le plus grand march\u00e9 international des professionnels de l&rsquo;immobilier, qui se tient\u00a0d\u00e8s aujourd&rsquo;hui\u00a0et jusqu&rsquo;au\u00a018 mars, \u00e0 Cannes.\u00a0Demain,\u00a0mercredi 16 mars, \u00e0 16 h 30, l&rsquo;association y pr\u00e9sentera la conf\u00e9rence \u00ab\u00a0Le bois, une solution pour la ville de demain\u00a0\u00bb en pr\u00e9sence d\u2019Emmanuelle Cosse, ministre du Logement, de [&hellip;]<\/p>\n","protected":false},"author":17,"featured_media":91739,"comment_status":"closed","ping_status":"closed","sticky":false,"template":"","format":"standard","meta":{"_et_pb_use_builder":"","_et_pb_old_content":"","_et_gb_content_width":"","footnotes":""},"categories":[10530,9192,10764],"tags":[],"class_list":["post-91738","post","type-post","status-publish","format-standard","has-post-thumbnail","hentry","category-actualites","category-evenements","category-woodsurfer"],"yoast_head":"<!-- This site is optimized with the Yoast SEO plugin v27.4 - https:\/\/yoast.com\/product\/yoast-seo-wordpress\/ -->\n<title>ADIVBois d\u00e9barque sur La Croisette<\/title>\n<meta name=\"robots\" content=\"index, follow, max-snippet:-1, max-image-preview:large, max-video-preview:-1\" \/>\n<link rel=\"canonical\" href=\"https:\/\/batijournal.com\/index.php\/adivbois-debarque-croisette\/91738\/\" \/>\n<meta property=\"og:locale\" content=\"fr_FR\" \/>\n<meta property=\"og:type\" content=\"article\" \/>\n<meta property=\"og:title\" content=\"ADIVBois d\u00e9barque sur La Croisette\" \/>\n<meta property=\"og:description\" content=\"L\u2019Association pour le\u00a0d\u00e9veloppement des\u00a0immeubles \u00e0\u00a0vivre en bois (ADIVBois)\u00a0est\u00a0pr\u00e9sente au MIPIM, le plus grand march\u00e9 international des professionnels de l&rsquo;immobilier, qui se tient\u00a0d\u00e8s aujourd&rsquo;hui\u00a0et jusqu&rsquo;au\u00a018 mars, \u00e0 Cannes.\u00a0Demain,\u00a0mercredi 16 mars, \u00e0 16 h 30, l&rsquo;association y pr\u00e9sentera la conf\u00e9rence \u00ab\u00a0Le bois, une solution pour la ville de demain\u00a0\u00bb en pr\u00e9sence d\u2019Emmanuelle Cosse, ministre du Logement, de [&hellip;]\" \/>\n<meta property=\"og:url\" content=\"https:\/\/batijournal.com\/index.php\/adivbois-debarque-croisette\/91738\/\" \/>\n<meta property=\"og:site_name\" content=\"Batijournal\" \/>\n<meta property=\"article:published_time\" content=\"2016-03-15T10:04:06+00:00\" \/>\n<meta property=\"article:modified_time\" content=\"2016-03-15T10:05:43+00:00\" \/>\n<meta property=\"og:image\" content=\"https:\/\/batijournal.com\/wp-content\/uploads\/2016\/03\/Treet-5.jpg\" \/>\n\t<meta property=\"og:image:width\" content=\"1400\" \/>\n\t<meta property=\"og:image:height\" content=\"787\" \/>\n\t<meta property=\"og:image:type\" content=\"image\/jpeg\" \/>\n<meta name=\"author\" content=\"St\u00e9phane Miget\" \/>\n<meta name=\"twitter:card\" content=\"summary_large_image\" \/>\n<meta name=\"twitter:creator\" content=\"@bati_journal\" \/>\n<meta name=\"twitter:site\" content=\"@bati_journal\" \/>\n<meta name=\"twitter:label1\" content=\"\u00c9crit par\" \/>\n\t<meta name=\"twitter:data1\" content=\"St\u00e9phane Miget\" \/>\n\t<meta name=\"twitter:label2\" content=\"Dur\u00e9e de lecture estim\u00e9e\" \/>\n\t<meta name=\"twitter:data2\" content=\"1 minute\" \/>\n<script type=\"application\/ld+json\" class=\"yoast-schema-graph\">{\"@context\":\"https:\\\/\\\/schema.org\",\"@graph\":[{\"@type\":\"Article\",\"@id\":\"https:\\\/\\\/batijournal.com\\\/index.php\\\/adivbois-debarque-croisette\\\/91738\\\/#article\",\"isPartOf\":{\"@id\":\"https:\\\/\\\/batijournal.com\\\/index.php\\\/adivbois-debarque-croisette\\\/91738\\\/\"},\"author\":{\"name\":\"St\u00e9phane Miget\",\"@id\":\"https:\\\/\\\/batijournal.com\\\/#\\\/schema\\\/person\\\/1dc96ec6957aa1ccb25ebe78bb19f100\"},\"headline\":\"ADIVBois d\u00e9barque sur La Croisette\",\"datePublished\":\"2016-03-15T10:04:06+00:00\",\"dateModified\":\"2016-03-15T10:05:43+00:00\",\"mainEntityOfPage\":{\"@id\":\"https:\\\/\\\/batijournal.com\\\/index.php\\\/adivbois-debarque-croisette\\\/91738\\\/\"},\"wordCount\":116,\"image\":{\"@id\":\"https:\\\/\\\/batijournal.com\\\/index.php\\\/adivbois-debarque-croisette\\\/91738\\\/#primaryimage\"},\"thumbnailUrl\":\"https:\\\/\\\/batijournal.com\\\/wp-content\\\/uploads\\\/2016\\\/03\\\/Treet-5.jpg\",\"articleSection\":[\"Actualit\u00e9s\",\"\u00c9v\u00e9nements\",\"zz_Woodsurfer\"],\"inLanguage\":\"fr-FR\"},{\"@type\":\"WebPage\",\"@id\":\"https:\\\/\\\/batijournal.com\\\/index.php\\\/adivbois-debarque-croisette\\\/91738\\\/\",\"url\":\"https:\\\/\\\/batijournal.com\\\/index.php\\\/adivbois-debarque-croisette\\\/91738\\\/\",\"name\":\"ADIVBois d\u00e9barque sur La Croisette\",\"isPartOf\":{\"@id\":\"https:\\\/\\\/batijournal.com\\\/#website\"},\"primaryImageOfPage\":{\"@id\":\"https:\\\/\\\/batijournal.com\\\/index.php\\\/adivbois-debarque-croisette\\\/91738\\\/#primaryimage\"},\"image\":{\"@id\":\"https:\\\/\\\/batijournal.com\\\/index.php\\\/adivbois-debarque-croisette\\\/91738\\\/#primaryimage\"},\"thumbnailUrl\":\"https:\\\/\\\/batijournal.com\\\/wp-content\\\/uploads\\\/2016\\\/03\\\/Treet-5.jpg\",\"datePublished\":\"2016-03-15T10:04:06+00:00\",\"dateModified\":\"2016-03-15T10:05:43+00:00\",\"author\":{\"@id\":\"https:\\\/\\\/batijournal.com\\\/#\\\/schema\\\/person\\\/1dc96ec6957aa1ccb25ebe78bb19f100\"},\"breadcrumb\":{\"@id\":\"https:\\\/\\\/batijournal.com\\\/index.php\\\/adivbois-debarque-croisette\\\/91738\\\/#breadcrumb\"},\"inLanguage\":\"fr-FR\",\"potentialAction\":[{\"@type\":\"ReadAction\",\"target\":[\"https:\\\/\\\/batijournal.com\\\/index.php\\\/adivbois-debarque-croisette\\\/91738\\\/\"]}]},{\"@type\":\"ImageObject\",\"inLanguage\":\"fr-FR\",\"@id\":\"https:\\\/\\\/batijournal.com\\\/index.php\\\/adivbois-debarque-croisette\\\/91738\\\/#primaryimage\",\"url\":\"https:\\\/\\\/batijournal.com\\\/wp-content\\\/uploads\\\/2016\\\/03\\\/Treet-5.jpg\",\"contentUrl\":\"https:\\\/\\\/batijournal.com\\\/wp-content\\\/uploads\\\/2016\\\/03\\\/Treet-5.jpg\",\"width\":1400,\"height\":787},{\"@type\":\"BreadcrumbList\",\"@id\":\"https:\\\/\\\/batijournal.com\\\/index.php\\\/adivbois-debarque-croisette\\\/91738\\\/#breadcrumb\",\"itemListElement\":[{\"@type\":\"ListItem\",\"position\":1,\"name\":\"Accueil\",\"item\":\"https:\\\/\\\/batijournal.com\\\/\"},{\"@type\":\"ListItem\",\"position\":2,\"name\":\"Actualit\u00e9s\",\"item\":\"https:\\\/\\\/batijournal.com\\\/index.php\\\/category\\\/actualites\\\/\"},{\"@type\":\"ListItem\",\"position\":3,\"name\":\"ADIVBois d\u00e9barque sur La Croisette\"}]},{\"@type\":\"WebSite\",\"@id\":\"https:\\\/\\\/batijournal.com\\\/#website\",\"url\":\"https:\\\/\\\/batijournal.com\\\/\",\"name\":\"Batijournal\",\"description\":\"L&#039;actualit\u00e9 du b\u00e2timent\",\"potentialAction\":[{\"@type\":\"SearchAction\",\"target\":{\"@type\":\"EntryPoint\",\"urlTemplate\":\"https:\\\/\\\/batijournal.com\\\/?s={search_term_string}\"},\"query-input\":{\"@type\":\"PropertyValueSpecification\",\"valueRequired\":true,\"valueName\":\"search_term_string\"}}],\"inLanguage\":\"fr-FR\"},{\"@type\":\"Person\",\"@id\":\"https:\\\/\\\/batijournal.com\\\/#\\\/schema\\\/person\\\/1dc96ec6957aa1ccb25ebe78bb19f100\",\"name\":\"St\u00e9phane Miget\",\"image\":{\"@type\":\"ImageObject\",\"inLanguage\":\"fr-FR\",\"@id\":\"https:\\\/\\\/secure.gravatar.com\\\/avatar\\\/89915563d925342126b8ef0281b93d9d7fc337043e8df017f780908eb9644451?s=96&d=mm&r=g\",\"url\":\"https:\\\/\\\/secure.gravatar.com\\\/avatar\\\/89915563d925342126b8ef0281b93d9d7fc337043e8df017f780908eb9644451?s=96&d=mm&r=g\",\"contentUrl\":\"https:\\\/\\\/secure.gravatar.com\\\/avatar\\\/89915563d925342126b8ef0281b93d9d7fc337043e8df017f780908eb9644451?s=96&d=mm&r=g\",\"caption\":\"St\u00e9phane Miget\"},\"url\":\"https:\\\/\\\/batijournal.com\\\/index.php\\\/author\\\/stephane\\\/\"}]}<\/script>\n<!-- \/ Yoast SEO plugin. -->","yoast_head_json":{"title":"ADIVBois d\u00e9barque sur La Croisette","robots":{"index":"index","follow":"follow","max-snippet":"max-snippet:-1","max-image-preview":"max-image-preview:large","max-video-preview":"max-video-preview:-1"},"canonical":"https:\/\/batijournal.com\/index.php\/adivbois-debarque-croisette\/91738\/","og_locale":"fr_FR","og_type":"article","og_title":"ADIVBois d\u00e9barque sur La Croisette","og_description":"L\u2019Association pour le\u00a0d\u00e9veloppement des\u00a0immeubles \u00e0\u00a0vivre en bois (ADIVBois)\u00a0est\u00a0pr\u00e9sente au MIPIM, le plus grand march\u00e9 international des professionnels de l&rsquo;immobilier, qui se tient\u00a0d\u00e8s aujourd&rsquo;hui\u00a0et jusqu&rsquo;au\u00a018 mars, \u00e0 Cannes.\u00a0Demain,\u00a0mercredi 16 mars, \u00e0 16 h 30, l&rsquo;association y pr\u00e9sentera la conf\u00e9rence \u00ab\u00a0Le bois, une solution pour la ville de demain\u00a0\u00bb en pr\u00e9sence d\u2019Emmanuelle Cosse, ministre du Logement, de [&hellip;]","og_url":"https:\/\/batijournal.com\/index.php\/adivbois-debarque-croisette\/91738\/","og_site_name":"Batijournal","article_published_time":"2016-03-15T10:04:06+00:00","article_modified_time":"2016-03-15T10:05:43+00:00","og_image":[{"width":1400,"height":787,"url":"https:\/\/batijournal.com\/wp-content\/uploads\/2016\/03\/Treet-5.jpg","type":"image\/jpeg"}],"author":"St\u00e9phane Miget","twitter_card":"summary_large_image","twitter_creator":"@bati_journal","twitter_site":"@bati_journal","twitter_misc":{"\u00c9crit par":"St\u00e9phane Miget","Dur\u00e9e de lecture estim\u00e9e":"1 minute"},"schema":{"@context":"https:\/\/schema.org","@graph":[{"@type":"Article","@id":"https:\/\/batijournal.com\/index.php\/adivbois-debarque-croisette\/91738\/#article","isPartOf":{"@id":"https:\/\/batijournal.com\/index.php\/adivbois-debarque-croisette\/91738\/"},"author":{"name":"St\u00e9phane Miget","@id":"https:\/\/batijournal.com\/#\/schema\/person\/1dc96ec6957aa1ccb25ebe78bb19f100"},"headline":"ADIVBois d\u00e9barque sur La Croisette","datePublished":"2016-03-15T10:04:06+00:00","dateModified":"2016-03-15T10:05:43+00:00","mainEntityOfPage":{"@id":"https:\/\/batijournal.com\/index.php\/adivbois-debarque-croisette\/91738\/"},"wordCount":116,"image":{"@id":"https:\/\/batijournal.com\/index.php\/adivbois-debarque-croisette\/91738\/#primaryimage"},"thumbnailUrl":"https:\/\/batijournal.com\/wp-content\/uploads\/2016\/03\/Treet-5.jpg","articleSection":["Actualit\u00e9s","\u00c9v\u00e9nements","zz_Woodsurfer"],"inLanguage":"fr-FR"},{"@type":"WebPage","@id":"https:\/\/batijournal.com\/index.php\/adivbois-debarque-croisette\/91738\/","url":"https:\/\/batijournal.com\/index.php\/adivbois-debarque-croisette\/91738\/","name":"ADIVBois d\u00e9barque sur La Croisette","isPartOf":{"@id":"https:\/\/batijournal.com\/#website"},"primaryImageOfPage":{"@id":"https:\/\/batijournal.com\/index.php\/adivbois-debarque-croisette\/91738\/#primaryimage"},"image":{"@id":"https:\/\/batijournal.com\/index.php\/adivbois-debarque-croisette\/91738\/#primaryimage"},"thumbnailUrl":"https:\/\/batijournal.com\/wp-content\/uploads\/2016\/03\/Treet-5.jpg","datePublished":"2016-03-15T10:04:06+00:00","dateModified":"2016-03-15T10:05:43+00:00","author":{"@id":"https:\/\/batijournal.com\/#\/schema\/person\/1dc96ec6957aa1ccb25ebe78bb19f100"},"breadcrumb":{"@id":"https:\/\/batijournal.com\/index.php\/adivbois-debarque-croisette\/91738\/#breadcrumb"},"inLanguage":"fr-FR","potentialAction":[{"@type":"ReadAction","target":["https:\/\/batijournal.com\/index.php\/adivbois-debarque-croisette\/91738\/"]}]},{"@type":"ImageObject","inLanguage":"fr-FR","@id":"https:\/\/batijournal.com\/index.php\/adivbois-debarque-croisette\/91738\/#primaryimage","url":"https:\/\/batijournal.com\/wp-content\/uploads\/2016\/03\/Treet-5.jpg","contentUrl":"https:\/\/batijournal.com\/wp-content\/uploads\/2016\/03\/Treet-5.jpg","width":1400,"height":787},{"@type":"BreadcrumbList","@id":"https:\/\/batijournal.com\/index.php\/adivbois-debarque-croisette\/91738\/#breadcrumb","itemListElement":[{"@type":"ListItem","position":1,"name":"Accueil","item":"https:\/\/batijournal.com\/"},{"@type":"ListItem","position":2,"name":"Actualit\u00e9s","item":"https:\/\/batijournal.com\/index.php\/category\/actualites\/"},{"@type":"ListItem","position":3,"name":"ADIVBois d\u00e9barque sur La Croisette"}]},{"@type":"WebSite","@id":"https:\/\/batijournal.com\/#website","url":"https:\/\/batijournal.com\/","name":"Batijournal","description":"L&#039;actualit\u00e9 du b\u00e2timent","potentialAction":[{"@type":"SearchAction","target":{"@type":"EntryPoint","urlTemplate":"https:\/\/batijournal.com\/?s={search_term_string}"},"query-input":{"@type":"PropertyValueSpecification","valueRequired":true,"valueName":"search_term_string"}}],"inLanguage":"fr-FR"},{"@type":"Person","@id":"https:\/\/batijournal.com\/#\/schema\/person\/1dc96ec6957aa1ccb25ebe78bb19f100","name":"St\u00e9phane Miget","image":{"@type":"ImageObject","inLanguage":"fr-FR","@id":"https:\/\/secure.gravatar.com\/avatar\/89915563d925342126b8ef0281b93d9d7fc337043e8df017f780908eb9644451?s=96&d=mm&r=g","url":"https:\/\/secure.gravatar.com\/avatar\/89915563d925342126b8ef0281b93d9d7fc337043e8df017f780908eb9644451?s=96&d=mm&r=g","contentUrl":"https:\/\/secure.gravatar.com\/avatar\/89915563d925342126b8ef0281b93d9d7fc337043e8df017f780908eb9644451?s=96&d=mm&r=g","caption":"St\u00e9phane Miget"},"url":"https:\/\/batijournal.com\/index.php\/author\/stephane\/"}]}},"_links":{"self":[{"href":"https:\/\/batijournal.com\/index.php\/wp-json\/wp\/v2\/posts\/91738","targetHints":{"allow":["GET"]}}],"collection":[{"href":"https:\/\/batijournal.com\/index.php\/wp-json\/wp\/v2\/posts"}],"about":[{"href":"https:\/\/batijournal.com\/index.php\/wp-json\/wp\/v2\/types\/post"}],"author":[{"embeddable":true,"href":"https:\/\/batijournal.com\/index.php\/wp-json\/wp\/v2\/users\/17"}],"replies":[{"embeddable":true,"href":"https:\/\/batijournal.com\/index.php\/wp-json\/wp\/v2\/comments?post=91738"}],"version-history":[{"count":0,"href":"https:\/\/batijournal.com\/index.php\/wp-json\/wp\/v2\/posts\/91738\/revisions"}],"wp:featuredmedia":[{"embeddable":true,"href":"https:\/\/batijournal.com\/index.php\/wp-json\/wp\/v2\/media\/91739"}],"wp:attachment":[{"href":"https:\/\/batijournal.com\/index.php\/wp-json\/wp\/v2\/media?parent=91738"}],"wp:term":[{"taxonomy":"category","embeddable":true,"href":"https:\/\/batijournal.com\/index.php\/wp-json\/wp\/v2\/categories?post=91738"},{"taxonomy":"post_tag","embeddable":true,"href":"https:\/\/batijournal.com\/index.php\/wp-json\/wp\/v2\/tags?post=91738"}],"curies":[{"name":"wp","href":"https:\/\/api.w.org\/{rel}","templated":true}]}}