{"id":91743,"date":"2016-03-14T08:50:35","date_gmt":"2016-03-14T07:50:35","guid":{"rendered":"http:\/\/batijournal.com\/?p=91743"},"modified":"2019-07-15T12:07:20","modified_gmt":"2019-07-15T10:07:20","slug":"lunion-fabricants-de-menuiseries-exterieures-poursuit-tour-de-france","status":"publish","type":"post","link":"https:\/\/batijournal.com\/index.php\/lunion-fabricants-de-menuiseries-exterieures-poursuit-tour-de-france\/91743\/","title":{"rendered":"L&rsquo;Union des Fabricants de Menuiseries Ext\u00e9rieures poursuit son tour de France"},"content":{"rendered":"<p>Quelques mois apr\u00e8s le lancement de son tour de France en octobre dernier, l&rsquo;UFME organise une seconde journ\u00e9e r\u00e9gionale d&rsquo;information, \u00e0 Nancy le 14 avril prochain, parrain\u00e9e par Les Zelles. A cette occasion, le syndicat rencontrera les concepteurs, fabricants et installateurs de menuiseries ext\u00e9rieures de la r\u00e9gion Est de la France, afin de pr\u00e9senter son \u00e9quipe, son champ d&rsquo;actions et les outils qu&rsquo;elle propose pour accompagner les professionnels dans leur quotidien. Cette conf\u00e9rence s&rsquo;inscrit dans le cadre du tour de France des r\u00e9gions, initi\u00e9 avec succ\u00e8s le 8 octobre 2015, par une journ\u00e9e d&rsquo;information \u00e0 Angers, qui a r\u00e9uni plus de 50 professionnels de la r\u00e9gion.<\/p>\n","protected":false},"excerpt":{"rendered":"<p>Quelques mois apr\u00e8s le lancement de son tour de France en octobre dernier, l&rsquo;UFME organise une seconde journ\u00e9e r\u00e9gionale d&rsquo;information, \u00e0 Nancy le 14 avril prochain, parrain\u00e9e par Les Zelles. A cette occasion, le syndicat rencontrera les concepteurs, fabricants et installateurs de menuiseries ext\u00e9rieures de la r\u00e9gion Est de la France, afin de pr\u00e9senter son [&hellip;]<\/p>\n","protected":false},"author":17,"featured_media":88630,"comment_status":"closed","ping_status":"closed","sticky":false,"template":"","format":"standard","meta":{"_et_pb_use_builder":"","_et_pb_old_content":"","_et_gb_content_width":"","footnotes":""},"categories":[6345],"tags":[2500],"class_list":["post-91743","post","type-post","status-publish","format-standard","has-post-thumbnail","hentry","category-economie-marches","tag-ufme"],"yoast_head":"<!-- This site is optimized with the Yoast SEO plugin v27.4 - https:\/\/yoast.com\/product\/yoast-seo-wordpress\/ -->\n<title>L&#039;Union des Fabricants de Menuiseries Ext\u00e9rieures poursuit son tour de France<\/title>\n<meta name=\"robots\" content=\"index, follow, max-snippet:-1, max-image-preview:large, max-video-preview:-1\" \/>\n<link rel=\"canonical\" href=\"https:\/\/batijournal.com\/index.php\/lunion-fabricants-de-menuiseries-exterieures-poursuit-tour-de-france\/91743\/\" \/>\n<meta property=\"og:locale\" content=\"fr_FR\" \/>\n<meta property=\"og:type\" content=\"article\" \/>\n<meta property=\"og:title\" content=\"L&#039;Union des Fabricants de Menuiseries Ext\u00e9rieures poursuit son tour de France\" \/>\n<meta property=\"og:description\" content=\"Quelques mois apr\u00e8s le lancement de son tour de France en octobre dernier, l&rsquo;UFME organise une seconde journ\u00e9e r\u00e9gionale d&rsquo;information, \u00e0 Nancy le 14 avril prochain, parrain\u00e9e par Les Zelles. A cette occasion, le syndicat rencontrera les concepteurs, fabricants et installateurs de menuiseries ext\u00e9rieures de la r\u00e9gion Est de la France, afin de pr\u00e9senter son [&hellip;]\" \/>\n<meta property=\"og:url\" content=\"https:\/\/batijournal.com\/index.php\/lunion-fabricants-de-menuiseries-exterieures-poursuit-tour-de-france\/91743\/\" \/>\n<meta property=\"og:site_name\" content=\"Batijournal\" \/>\n<meta property=\"article:published_time\" content=\"2016-03-14T07:50:35+00:00\" \/>\n<meta property=\"article:modified_time\" content=\"2019-07-15T10:07:20+00:00\" \/>\n<meta property=\"og:image\" content=\"https:\/\/batijournal.com\/wp-content\/uploads\/2015\/07\/ufme.jpg\" \/>\n\t<meta property=\"og:image:width\" content=\"554\" \/>\n\t<meta property=\"og:image:height\" content=\"217\" \/>\n\t<meta property=\"og:image:type\" content=\"image\/jpeg\" \/>\n<meta name=\"author\" content=\"St\u00e9phane Miget\" \/>\n<meta name=\"twitter:card\" content=\"summary_large_image\" \/>\n<meta name=\"twitter:creator\" content=\"@bati_journal\" \/>\n<meta name=\"twitter:site\" content=\"@bati_journal\" \/>\n<meta name=\"twitter:label1\" content=\"\u00c9crit par\" \/>\n\t<meta name=\"twitter:data1\" content=\"St\u00e9phane Miget\" \/>\n\t<meta name=\"twitter:label2\" content=\"Dur\u00e9e de lecture estim\u00e9e\" \/>\n\t<meta name=\"twitter:data2\" content=\"1 minute\" \/>\n<script type=\"application\/ld+json\" class=\"yoast-schema-graph\">{\"@context\":\"https:\\\/\\\/schema.org\",\"@graph\":[{\"@type\":\"Article\",\"@id\":\"https:\\\/\\\/batijournal.com\\\/index.php\\\/lunion-fabricants-de-menuiseries-exterieures-poursuit-tour-de-france\\\/91743\\\/#article\",\"isPartOf\":{\"@id\":\"https:\\\/\\\/batijournal.com\\\/index.php\\\/lunion-fabricants-de-menuiseries-exterieures-poursuit-tour-de-france\\\/91743\\\/\"},\"author\":{\"name\":\"St\u00e9phane Miget\",\"@id\":\"https:\\\/\\\/batijournal.com\\\/#\\\/schema\\\/person\\\/1dc96ec6957aa1ccb25ebe78bb19f100\"},\"headline\":\"L&rsquo;Union des Fabricants de Menuiseries Ext\u00e9rieures poursuit son tour de France\",\"datePublished\":\"2016-03-14T07:50:35+00:00\",\"dateModified\":\"2019-07-15T10:07:20+00:00\",\"mainEntityOfPage\":{\"@id\":\"https:\\\/\\\/batijournal.com\\\/index.php\\\/lunion-fabricants-de-menuiseries-exterieures-poursuit-tour-de-france\\\/91743\\\/\"},\"wordCount\":132,\"image\":{\"@id\":\"https:\\\/\\\/batijournal.com\\\/index.php\\\/lunion-fabricants-de-menuiseries-exterieures-poursuit-tour-de-france\\\/91743\\\/#primaryimage\"},\"thumbnailUrl\":\"https:\\\/\\\/batijournal.com\\\/wp-content\\\/uploads\\\/2015\\\/07\\\/ufme.jpg\",\"keywords\":[\"UFME\"],\"articleSection\":[\"\u00c9conomie &amp; March\u00e9s\"],\"inLanguage\":\"fr-FR\"},{\"@type\":\"WebPage\",\"@id\":\"https:\\\/\\\/batijournal.com\\\/index.php\\\/lunion-fabricants-de-menuiseries-exterieures-poursuit-tour-de-france\\\/91743\\\/\",\"url\":\"https:\\\/\\\/batijournal.com\\\/index.php\\\/lunion-fabricants-de-menuiseries-exterieures-poursuit-tour-de-france\\\/91743\\\/\",\"name\":\"L'Union des Fabricants de Menuiseries Ext\u00e9rieures poursuit son tour de France\",\"isPartOf\":{\"@id\":\"https:\\\/\\\/batijournal.com\\\/#website\"},\"primaryImageOfPage\":{\"@id\":\"https:\\\/\\\/batijournal.com\\\/index.php\\\/lunion-fabricants-de-menuiseries-exterieures-poursuit-tour-de-france\\\/91743\\\/#primaryimage\"},\"image\":{\"@id\":\"https:\\\/\\\/batijournal.com\\\/index.php\\\/lunion-fabricants-de-menuiseries-exterieures-poursuit-tour-de-france\\\/91743\\\/#primaryimage\"},\"thumbnailUrl\":\"https:\\\/\\\/batijournal.com\\\/wp-content\\\/uploads\\\/2015\\\/07\\\/ufme.jpg\",\"datePublished\":\"2016-03-14T07:50:35+00:00\",\"dateModified\":\"2019-07-15T10:07:20+00:00\",\"author\":{\"@id\":\"https:\\\/\\\/batijournal.com\\\/#\\\/schema\\\/person\\\/1dc96ec6957aa1ccb25ebe78bb19f100\"},\"breadcrumb\":{\"@id\":\"https:\\\/\\\/batijournal.com\\\/index.php\\\/lunion-fabricants-de-menuiseries-exterieures-poursuit-tour-de-france\\\/91743\\\/#breadcrumb\"},\"inLanguage\":\"fr-FR\",\"potentialAction\":[{\"@type\":\"ReadAction\",\"target\":[\"https:\\\/\\\/batijournal.com\\\/index.php\\\/lunion-fabricants-de-menuiseries-exterieures-poursuit-tour-de-france\\\/91743\\\/\"]}]},{\"@type\":\"ImageObject\",\"inLanguage\":\"fr-FR\",\"@id\":\"https:\\\/\\\/batijournal.com\\\/index.php\\\/lunion-fabricants-de-menuiseries-exterieures-poursuit-tour-de-france\\\/91743\\\/#primaryimage\",\"url\":\"https:\\\/\\\/batijournal.com\\\/wp-content\\\/uploads\\\/2015\\\/07\\\/ufme.jpg\",\"contentUrl\":\"https:\\\/\\\/batijournal.com\\\/wp-content\\\/uploads\\\/2015\\\/07\\\/ufme.jpg\",\"width\":554,\"height\":217},{\"@type\":\"BreadcrumbList\",\"@id\":\"https:\\\/\\\/batijournal.com\\\/index.php\\\/lunion-fabricants-de-menuiseries-exterieures-poursuit-tour-de-france\\\/91743\\\/#breadcrumb\",\"itemListElement\":[{\"@type\":\"ListItem\",\"position\":1,\"name\":\"Accueil\",\"item\":\"https:\\\/\\\/batijournal.com\\\/\"},{\"@type\":\"ListItem\",\"position\":2,\"name\":\"Actualit\u00e9s\",\"item\":\"https:\\\/\\\/batijournal.com\\\/index.php\\\/category\\\/actualites\\\/\"},{\"@type\":\"ListItem\",\"position\":3,\"name\":\"\u00c9conomie &amp; March\u00e9s\",\"item\":\"https:\\\/\\\/batijournal.com\\\/index.php\\\/category\\\/actualites\\\/economie-marches\\\/\"},{\"@type\":\"ListItem\",\"position\":4,\"name\":\"L&rsquo;Union des Fabricants de Menuiseries Ext\u00e9rieures poursuit son tour de France\"}]},{\"@type\":\"WebSite\",\"@id\":\"https:\\\/\\\/batijournal.com\\\/#website\",\"url\":\"https:\\\/\\\/batijournal.com\\\/\",\"name\":\"Batijournal\",\"description\":\"L&#039;actualit\u00e9 du b\u00e2timent\",\"potentialAction\":[{\"@type\":\"SearchAction\",\"target\":{\"@type\":\"EntryPoint\",\"urlTemplate\":\"https:\\\/\\\/batijournal.com\\\/?s={search_term_string}\"},\"query-input\":{\"@type\":\"PropertyValueSpecification\",\"valueRequired\":true,\"valueName\":\"search_term_string\"}}],\"inLanguage\":\"fr-FR\"},{\"@type\":\"Person\",\"@id\":\"https:\\\/\\\/batijournal.com\\\/#\\\/schema\\\/person\\\/1dc96ec6957aa1ccb25ebe78bb19f100\",\"name\":\"St\u00e9phane Miget\",\"image\":{\"@type\":\"ImageObject\",\"inLanguage\":\"fr-FR\",\"@id\":\"https:\\\/\\\/secure.gravatar.com\\\/avatar\\\/89915563d925342126b8ef0281b93d9d7fc337043e8df017f780908eb9644451?s=96&d=mm&r=g\",\"url\":\"https:\\\/\\\/secure.gravatar.com\\\/avatar\\\/89915563d925342126b8ef0281b93d9d7fc337043e8df017f780908eb9644451?s=96&d=mm&r=g\",\"contentUrl\":\"https:\\\/\\\/secure.gravatar.com\\\/avatar\\\/89915563d925342126b8ef0281b93d9d7fc337043e8df017f780908eb9644451?s=96&d=mm&r=g\",\"caption\":\"St\u00e9phane Miget\"},\"url\":\"https:\\\/\\\/batijournal.com\\\/index.php\\\/author\\\/stephane\\\/\"}]}<\/script>\n<!-- \/ Yoast SEO plugin. -->","yoast_head_json":{"title":"L'Union des Fabricants de Menuiseries Ext\u00e9rieures poursuit son tour de France","robots":{"index":"index","follow":"follow","max-snippet":"max-snippet:-1","max-image-preview":"max-image-preview:large","max-video-preview":"max-video-preview:-1"},"canonical":"https:\/\/batijournal.com\/index.php\/lunion-fabricants-de-menuiseries-exterieures-poursuit-tour-de-france\/91743\/","og_locale":"fr_FR","og_type":"article","og_title":"L'Union des Fabricants de Menuiseries Ext\u00e9rieures poursuit son tour de France","og_description":"Quelques mois apr\u00e8s le lancement de son tour de France en octobre dernier, l&rsquo;UFME organise une seconde journ\u00e9e r\u00e9gionale d&rsquo;information, \u00e0 Nancy le 14 avril prochain, parrain\u00e9e par Les Zelles. A cette occasion, le syndicat rencontrera les concepteurs, fabricants et installateurs de menuiseries ext\u00e9rieures de la r\u00e9gion Est de la France, afin de pr\u00e9senter son [&hellip;]","og_url":"https:\/\/batijournal.com\/index.php\/lunion-fabricants-de-menuiseries-exterieures-poursuit-tour-de-france\/91743\/","og_site_name":"Batijournal","article_published_time":"2016-03-14T07:50:35+00:00","article_modified_time":"2019-07-15T10:07:20+00:00","og_image":[{"width":554,"height":217,"url":"https:\/\/batijournal.com\/wp-content\/uploads\/2015\/07\/ufme.jpg","type":"image\/jpeg"}],"author":"St\u00e9phane Miget","twitter_card":"summary_large_image","twitter_creator":"@bati_journal","twitter_site":"@bati_journal","twitter_misc":{"\u00c9crit par":"St\u00e9phane Miget","Dur\u00e9e de lecture estim\u00e9e":"1 minute"},"schema":{"@context":"https:\/\/schema.org","@graph":[{"@type":"Article","@id":"https:\/\/batijournal.com\/index.php\/lunion-fabricants-de-menuiseries-exterieures-poursuit-tour-de-france\/91743\/#article","isPartOf":{"@id":"https:\/\/batijournal.com\/index.php\/lunion-fabricants-de-menuiseries-exterieures-poursuit-tour-de-france\/91743\/"},"author":{"name":"St\u00e9phane Miget","@id":"https:\/\/batijournal.com\/#\/schema\/person\/1dc96ec6957aa1ccb25ebe78bb19f100"},"headline":"L&rsquo;Union des Fabricants de Menuiseries Ext\u00e9rieures poursuit son tour de France","datePublished":"2016-03-14T07:50:35+00:00","dateModified":"2019-07-15T10:07:20+00:00","mainEntityOfPage":{"@id":"https:\/\/batijournal.com\/index.php\/lunion-fabricants-de-menuiseries-exterieures-poursuit-tour-de-france\/91743\/"},"wordCount":132,"image":{"@id":"https:\/\/batijournal.com\/index.php\/lunion-fabricants-de-menuiseries-exterieures-poursuit-tour-de-france\/91743\/#primaryimage"},"thumbnailUrl":"https:\/\/batijournal.com\/wp-content\/uploads\/2015\/07\/ufme.jpg","keywords":["UFME"],"articleSection":["\u00c9conomie &amp; March\u00e9s"],"inLanguage":"fr-FR"},{"@type":"WebPage","@id":"https:\/\/batijournal.com\/index.php\/lunion-fabricants-de-menuiseries-exterieures-poursuit-tour-de-france\/91743\/","url":"https:\/\/batijournal.com\/index.php\/lunion-fabricants-de-menuiseries-exterieures-poursuit-tour-de-france\/91743\/","name":"L'Union des Fabricants de Menuiseries Ext\u00e9rieures poursuit son tour de France","isPartOf":{"@id":"https:\/\/batijournal.com\/#website"},"primaryImageOfPage":{"@id":"https:\/\/batijournal.com\/index.php\/lunion-fabricants-de-menuiseries-exterieures-poursuit-tour-de-france\/91743\/#primaryimage"},"image":{"@id":"https:\/\/batijournal.com\/index.php\/lunion-fabricants-de-menuiseries-exterieures-poursuit-tour-de-france\/91743\/#primaryimage"},"thumbnailUrl":"https:\/\/batijournal.com\/wp-content\/uploads\/2015\/07\/ufme.jpg","datePublished":"2016-03-14T07:50:35+00:00","dateModified":"2019-07-15T10:07:20+00:00","author":{"@id":"https:\/\/batijournal.com\/#\/schema\/person\/1dc96ec6957aa1ccb25ebe78bb19f100"},"breadcrumb":{"@id":"https:\/\/batijournal.com\/index.php\/lunion-fabricants-de-menuiseries-exterieures-poursuit-tour-de-france\/91743\/#breadcrumb"},"inLanguage":"fr-FR","potentialAction":[{"@type":"ReadAction","target":["https:\/\/batijournal.com\/index.php\/lunion-fabricants-de-menuiseries-exterieures-poursuit-tour-de-france\/91743\/"]}]},{"@type":"ImageObject","inLanguage":"fr-FR","@id":"https:\/\/batijournal.com\/index.php\/lunion-fabricants-de-menuiseries-exterieures-poursuit-tour-de-france\/91743\/#primaryimage","url":"https:\/\/batijournal.com\/wp-content\/uploads\/2015\/07\/ufme.jpg","contentUrl":"https:\/\/batijournal.com\/wp-content\/uploads\/2015\/07\/ufme.jpg","width":554,"height":217},{"@type":"BreadcrumbList","@id":"https:\/\/batijournal.com\/index.php\/lunion-fabricants-de-menuiseries-exterieures-poursuit-tour-de-france\/91743\/#breadcrumb","itemListElement":[{"@type":"ListItem","position":1,"name":"Accueil","item":"https:\/\/batijournal.com\/"},{"@type":"ListItem","position":2,"name":"Actualit\u00e9s","item":"https:\/\/batijournal.com\/index.php\/category\/actualites\/"},{"@type":"ListItem","position":3,"name":"\u00c9conomie &amp; March\u00e9s","item":"https:\/\/batijournal.com\/index.php\/category\/actualites\/economie-marches\/"},{"@type":"ListItem","position":4,"name":"L&rsquo;Union des Fabricants de Menuiseries Ext\u00e9rieures poursuit son tour de France"}]},{"@type":"WebSite","@id":"https:\/\/batijournal.com\/#website","url":"https:\/\/batijournal.com\/","name":"Batijournal","description":"L&#039;actualit\u00e9 du b\u00e2timent","potentialAction":[{"@type":"SearchAction","target":{"@type":"EntryPoint","urlTemplate":"https:\/\/batijournal.com\/?s={search_term_string}"},"query-input":{"@type":"PropertyValueSpecification","valueRequired":true,"valueName":"search_term_string"}}],"inLanguage":"fr-FR"},{"@type":"Person","@id":"https:\/\/batijournal.com\/#\/schema\/person\/1dc96ec6957aa1ccb25ebe78bb19f100","name":"St\u00e9phane Miget","image":{"@type":"ImageObject","inLanguage":"fr-FR","@id":"https:\/\/secure.gravatar.com\/avatar\/89915563d925342126b8ef0281b93d9d7fc337043e8df017f780908eb9644451?s=96&d=mm&r=g","url":"https:\/\/secure.gravatar.com\/avatar\/89915563d925342126b8ef0281b93d9d7fc337043e8df017f780908eb9644451?s=96&d=mm&r=g","contentUrl":"https:\/\/secure.gravatar.com\/avatar\/89915563d925342126b8ef0281b93d9d7fc337043e8df017f780908eb9644451?s=96&d=mm&r=g","caption":"St\u00e9phane Miget"},"url":"https:\/\/batijournal.com\/index.php\/author\/stephane\/"}]}},"_links":{"self":[{"href":"https:\/\/batijournal.com\/index.php\/wp-json\/wp\/v2\/posts\/91743","targetHints":{"allow":["GET"]}}],"collection":[{"href":"https:\/\/batijournal.com\/index.php\/wp-json\/wp\/v2\/posts"}],"about":[{"href":"https:\/\/batijournal.com\/index.php\/wp-json\/wp\/v2\/types\/post"}],"author":[{"embeddable":true,"href":"https:\/\/batijournal.com\/index.php\/wp-json\/wp\/v2\/users\/17"}],"replies":[{"embeddable":true,"href":"https:\/\/batijournal.com\/index.php\/wp-json\/wp\/v2\/comments?post=91743"}],"version-history":[{"count":0,"href":"https:\/\/batijournal.com\/index.php\/wp-json\/wp\/v2\/posts\/91743\/revisions"}],"wp:featuredmedia":[{"embeddable":true,"href":"https:\/\/batijournal.com\/index.php\/wp-json\/wp\/v2\/media\/88630"}],"wp:attachment":[{"href":"https:\/\/batijournal.com\/index.php\/wp-json\/wp\/v2\/media?parent=91743"}],"wp:term":[{"taxonomy":"category","embeddable":true,"href":"https:\/\/batijournal.com\/index.php\/wp-json\/wp\/v2\/categories?post=91743"},{"taxonomy":"post_tag","embeddable":true,"href":"https:\/\/batijournal.com\/index.php\/wp-json\/wp\/v2\/tags?post=91743"}],"curies":[{"name":"wp","href":"https:\/\/api.w.org\/{rel}","templated":true}]}}