{"id":91860,"date":"2016-03-23T10:01:57","date_gmt":"2016-03-23T09:01:57","guid":{"rendered":"http:\/\/batijournal.com\/?p=91860"},"modified":"2019-07-15T11:16:53","modified_gmt":"2019-07-15T09:16:53","slug":"journee-clocher-prend-de-lampleur","status":"publish","type":"post","link":"https:\/\/batijournal.com\/index.php\/journee-clocher-prend-de-lampleur\/91860\/","title":{"rendered":"La journ\u00e9e du clocher prend de l&rsquo;ampleur"},"content":{"rendered":"<p>En 2015, la premi\u00e8re Journ\u00e9e du Clocher s\u2019est d\u00e9roul\u00e9e en Seine-Maritime. Au total, 22 sites ont particip\u00e9 dont 14 \u00e9glises, une abbaye, deux abbatiales, un couvent, deux carillons et deux mus\u00e9es. Cette ann\u00e9e, ce sont plus de 100 sites dans cinq d\u00e9partements (Ardennes, C\u00f4te d\u2019Or, Essonne, Loir et Cher et Seine-Maritime) qui seront ouverts. La Fondation du Patrimoine, la Soci\u00e9t\u00e9 Fran\u00e7aise de Campanologie, Patrimoine Environnement, la Sauvegarde de l\u2019Art Fran\u00e7ais, Rempart, la SPPEF et les VMF sont partenaires de cet\u00a0\u00e9v\u00e9nement.<\/p>\n<blockquote><p>\u00ab\u00a0Si vous montez dans un clocher, vous pourrez d\u00e9couvrir l\u2019escalier en colima\u00e7on, voir le beffroi et ses cloches, les jougs, le syst\u00e8me de mise en vol\u00e9e, entendre le son des cloches, apercevoir la vue \u00e0 360 \u00b0 sur le village, bref d\u00e9couvrir un endroit inaccessible en g\u00e9n\u00e9ral.\u00a0\u00bb<\/p><\/blockquote>\n<p>Le Conservatoire Europ\u00e9en des Cloches et Horloges d\u2019\u00e9difices (CECH) a d\u00e9cid\u00e9 de faire appel au financement participatif pour financer l&rsquo;\u00e9v\u00e9nement :<\/p>\n<p>dartagnans.fr<\/p>\n","protected":false},"excerpt":{"rendered":"<p>En 2015, la premi\u00e8re Journ\u00e9e du Clocher s\u2019est d\u00e9roul\u00e9e en Seine-Maritime. Au total, 22 sites ont particip\u00e9 dont 14 \u00e9glises, une abbaye, deux abbatiales, un couvent, deux carillons et deux mus\u00e9es. Cette ann\u00e9e, ce sont plus de 100 sites dans cinq d\u00e9partements (Ardennes, C\u00f4te d\u2019Or, Essonne, Loir et Cher et Seine-Maritime) qui seront ouverts. La [&hellip;]<\/p>\n","protected":false},"author":17,"featured_media":91861,"comment_status":"closed","ping_status":"closed","sticky":false,"template":"","format":"standard","meta":{"_et_pb_use_builder":"","_et_pb_old_content":"","_et_gb_content_width":"","footnotes":""},"categories":[6340],"tags":[8364,1548,5905],"class_list":["post-91860","post","type-post","status-publish","format-standard","has-post-thumbnail","hentry","category-architecture-conception","tag-clocher","tag-eglise","tag-fondation-du-patrimoine"],"yoast_head":"<!-- This site is optimized with the Yoast SEO plugin v27.4 - https:\/\/yoast.com\/product\/yoast-seo-wordpress\/ -->\n<title>La journ\u00e9e du clocher prend de l&#039;ampleur<\/title>\n<meta name=\"robots\" content=\"index, follow, max-snippet:-1, max-image-preview:large, max-video-preview:-1\" \/>\n<link rel=\"canonical\" href=\"https:\/\/batijournal.com\/index.php\/journee-clocher-prend-de-lampleur\/91860\/\" \/>\n<meta property=\"og:locale\" content=\"fr_FR\" \/>\n<meta property=\"og:type\" content=\"article\" \/>\n<meta property=\"og:title\" content=\"La journ\u00e9e du clocher prend de l&#039;ampleur\" \/>\n<meta property=\"og:description\" content=\"En 2015, la premi\u00e8re Journ\u00e9e du Clocher s\u2019est d\u00e9roul\u00e9e en Seine-Maritime. Au total, 22 sites ont particip\u00e9 dont 14 \u00e9glises, une abbaye, deux abbatiales, un couvent, deux carillons et deux mus\u00e9es. Cette ann\u00e9e, ce sont plus de 100 sites dans cinq d\u00e9partements (Ardennes, C\u00f4te d\u2019Or, Essonne, Loir et Cher et Seine-Maritime) qui seront ouverts. La [&hellip;]\" \/>\n<meta property=\"og:url\" content=\"https:\/\/batijournal.com\/index.php\/journee-clocher-prend-de-lampleur\/91860\/\" \/>\n<meta property=\"og:site_name\" content=\"Batijournal\" \/>\n<meta property=\"article:published_time\" content=\"2016-03-23T09:01:57+00:00\" \/>\n<meta property=\"article:modified_time\" content=\"2019-07-15T09:16:53+00:00\" \/>\n<meta property=\"og:image\" content=\"https:\/\/batijournal.com\/wp-content\/uploads\/2016\/03\/journee-du-clocher-2016.jpg\" \/>\n\t<meta property=\"og:image:width\" content=\"1024\" \/>\n\t<meta property=\"og:image:height\" content=\"379\" \/>\n\t<meta property=\"og:image:type\" content=\"image\/jpeg\" \/>\n<meta name=\"author\" content=\"St\u00e9phane Miget\" \/>\n<meta name=\"twitter:card\" content=\"summary_large_image\" \/>\n<meta name=\"twitter:creator\" content=\"@bati_journal\" \/>\n<meta name=\"twitter:site\" content=\"@bati_journal\" \/>\n<meta name=\"twitter:label1\" content=\"\u00c9crit par\" \/>\n\t<meta name=\"twitter:data1\" content=\"St\u00e9phane Miget\" \/>\n\t<meta name=\"twitter:label2\" content=\"Dur\u00e9e de lecture estim\u00e9e\" \/>\n\t<meta name=\"twitter:data2\" content=\"1 minute\" \/>\n<script type=\"application\/ld+json\" class=\"yoast-schema-graph\">{\"@context\":\"https:\\\/\\\/schema.org\",\"@graph\":[{\"@type\":\"Article\",\"@id\":\"https:\\\/\\\/batijournal.com\\\/index.php\\\/journee-clocher-prend-de-lampleur\\\/91860\\\/#article\",\"isPartOf\":{\"@id\":\"https:\\\/\\\/batijournal.com\\\/index.php\\\/journee-clocher-prend-de-lampleur\\\/91860\\\/\"},\"author\":{\"name\":\"St\u00e9phane Miget\",\"@id\":\"https:\\\/\\\/batijournal.com\\\/#\\\/schema\\\/person\\\/1dc96ec6957aa1ccb25ebe78bb19f100\"},\"headline\":\"La journ\u00e9e du clocher prend de l&rsquo;ampleur\",\"datePublished\":\"2016-03-23T09:01:57+00:00\",\"dateModified\":\"2019-07-15T09:16:53+00:00\",\"mainEntityOfPage\":{\"@id\":\"https:\\\/\\\/batijournal.com\\\/index.php\\\/journee-clocher-prend-de-lampleur\\\/91860\\\/\"},\"wordCount\":180,\"image\":{\"@id\":\"https:\\\/\\\/batijournal.com\\\/index.php\\\/journee-clocher-prend-de-lampleur\\\/91860\\\/#primaryimage\"},\"thumbnailUrl\":\"https:\\\/\\\/batijournal.com\\\/wp-content\\\/uploads\\\/2016\\\/03\\\/journee-du-clocher-2016.jpg\",\"keywords\":[\"clocher\",\"\u00e9glise\",\"fondation du patrimoine\"],\"articleSection\":[\"Architecture &amp; Conception\"],\"inLanguage\":\"fr-FR\"},{\"@type\":\"WebPage\",\"@id\":\"https:\\\/\\\/batijournal.com\\\/index.php\\\/journee-clocher-prend-de-lampleur\\\/91860\\\/\",\"url\":\"https:\\\/\\\/batijournal.com\\\/index.php\\\/journee-clocher-prend-de-lampleur\\\/91860\\\/\",\"name\":\"La journ\u00e9e du clocher prend de l'ampleur\",\"isPartOf\":{\"@id\":\"https:\\\/\\\/batijournal.com\\\/#website\"},\"primaryImageOfPage\":{\"@id\":\"https:\\\/\\\/batijournal.com\\\/index.php\\\/journee-clocher-prend-de-lampleur\\\/91860\\\/#primaryimage\"},\"image\":{\"@id\":\"https:\\\/\\\/batijournal.com\\\/index.php\\\/journee-clocher-prend-de-lampleur\\\/91860\\\/#primaryimage\"},\"thumbnailUrl\":\"https:\\\/\\\/batijournal.com\\\/wp-content\\\/uploads\\\/2016\\\/03\\\/journee-du-clocher-2016.jpg\",\"datePublished\":\"2016-03-23T09:01:57+00:00\",\"dateModified\":\"2019-07-15T09:16:53+00:00\",\"author\":{\"@id\":\"https:\\\/\\\/batijournal.com\\\/#\\\/schema\\\/person\\\/1dc96ec6957aa1ccb25ebe78bb19f100\"},\"breadcrumb\":{\"@id\":\"https:\\\/\\\/batijournal.com\\\/index.php\\\/journee-clocher-prend-de-lampleur\\\/91860\\\/#breadcrumb\"},\"inLanguage\":\"fr-FR\",\"potentialAction\":[{\"@type\":\"ReadAction\",\"target\":[\"https:\\\/\\\/batijournal.com\\\/index.php\\\/journee-clocher-prend-de-lampleur\\\/91860\\\/\"]}]},{\"@type\":\"ImageObject\",\"inLanguage\":\"fr-FR\",\"@id\":\"https:\\\/\\\/batijournal.com\\\/index.php\\\/journee-clocher-prend-de-lampleur\\\/91860\\\/#primaryimage\",\"url\":\"https:\\\/\\\/batijournal.com\\\/wp-content\\\/uploads\\\/2016\\\/03\\\/journee-du-clocher-2016.jpg\",\"contentUrl\":\"https:\\\/\\\/batijournal.com\\\/wp-content\\\/uploads\\\/2016\\\/03\\\/journee-du-clocher-2016.jpg\",\"width\":1024,\"height\":379},{\"@type\":\"BreadcrumbList\",\"@id\":\"https:\\\/\\\/batijournal.com\\\/index.php\\\/journee-clocher-prend-de-lampleur\\\/91860\\\/#breadcrumb\",\"itemListElement\":[{\"@type\":\"ListItem\",\"position\":1,\"name\":\"Accueil\",\"item\":\"https:\\\/\\\/batijournal.com\\\/\"},{\"@type\":\"ListItem\",\"position\":2,\"name\":\"Actualit\u00e9s\",\"item\":\"https:\\\/\\\/batijournal.com\\\/index.php\\\/category\\\/actualites\\\/\"},{\"@type\":\"ListItem\",\"position\":3,\"name\":\"Architecture &amp; Conception\",\"item\":\"https:\\\/\\\/batijournal.com\\\/index.php\\\/category\\\/actualites\\\/architecture-conception\\\/\"},{\"@type\":\"ListItem\",\"position\":4,\"name\":\"La journ\u00e9e du clocher prend de l&rsquo;ampleur\"}]},{\"@type\":\"WebSite\",\"@id\":\"https:\\\/\\\/batijournal.com\\\/#website\",\"url\":\"https:\\\/\\\/batijournal.com\\\/\",\"name\":\"Batijournal\",\"description\":\"L&#039;actualit\u00e9 du b\u00e2timent\",\"potentialAction\":[{\"@type\":\"SearchAction\",\"target\":{\"@type\":\"EntryPoint\",\"urlTemplate\":\"https:\\\/\\\/batijournal.com\\\/?s={search_term_string}\"},\"query-input\":{\"@type\":\"PropertyValueSpecification\",\"valueRequired\":true,\"valueName\":\"search_term_string\"}}],\"inLanguage\":\"fr-FR\"},{\"@type\":\"Person\",\"@id\":\"https:\\\/\\\/batijournal.com\\\/#\\\/schema\\\/person\\\/1dc96ec6957aa1ccb25ebe78bb19f100\",\"name\":\"St\u00e9phane Miget\",\"image\":{\"@type\":\"ImageObject\",\"inLanguage\":\"fr-FR\",\"@id\":\"https:\\\/\\\/secure.gravatar.com\\\/avatar\\\/89915563d925342126b8ef0281b93d9d7fc337043e8df017f780908eb9644451?s=96&d=mm&r=g\",\"url\":\"https:\\\/\\\/secure.gravatar.com\\\/avatar\\\/89915563d925342126b8ef0281b93d9d7fc337043e8df017f780908eb9644451?s=96&d=mm&r=g\",\"contentUrl\":\"https:\\\/\\\/secure.gravatar.com\\\/avatar\\\/89915563d925342126b8ef0281b93d9d7fc337043e8df017f780908eb9644451?s=96&d=mm&r=g\",\"caption\":\"St\u00e9phane Miget\"},\"url\":\"https:\\\/\\\/batijournal.com\\\/index.php\\\/author\\\/stephane\\\/\"}]}<\/script>\n<!-- \/ Yoast SEO plugin. -->","yoast_head_json":{"title":"La journ\u00e9e du clocher prend de l'ampleur","robots":{"index":"index","follow":"follow","max-snippet":"max-snippet:-1","max-image-preview":"max-image-preview:large","max-video-preview":"max-video-preview:-1"},"canonical":"https:\/\/batijournal.com\/index.php\/journee-clocher-prend-de-lampleur\/91860\/","og_locale":"fr_FR","og_type":"article","og_title":"La journ\u00e9e du clocher prend de l'ampleur","og_description":"En 2015, la premi\u00e8re Journ\u00e9e du Clocher s\u2019est d\u00e9roul\u00e9e en Seine-Maritime. Au total, 22 sites ont particip\u00e9 dont 14 \u00e9glises, une abbaye, deux abbatiales, un couvent, deux carillons et deux mus\u00e9es. Cette ann\u00e9e, ce sont plus de 100 sites dans cinq d\u00e9partements (Ardennes, C\u00f4te d\u2019Or, Essonne, Loir et Cher et Seine-Maritime) qui seront ouverts. La [&hellip;]","og_url":"https:\/\/batijournal.com\/index.php\/journee-clocher-prend-de-lampleur\/91860\/","og_site_name":"Batijournal","article_published_time":"2016-03-23T09:01:57+00:00","article_modified_time":"2019-07-15T09:16:53+00:00","og_image":[{"width":1024,"height":379,"url":"https:\/\/batijournal.com\/wp-content\/uploads\/2016\/03\/journee-du-clocher-2016.jpg","type":"image\/jpeg"}],"author":"St\u00e9phane Miget","twitter_card":"summary_large_image","twitter_creator":"@bati_journal","twitter_site":"@bati_journal","twitter_misc":{"\u00c9crit par":"St\u00e9phane Miget","Dur\u00e9e de lecture estim\u00e9e":"1 minute"},"schema":{"@context":"https:\/\/schema.org","@graph":[{"@type":"Article","@id":"https:\/\/batijournal.com\/index.php\/journee-clocher-prend-de-lampleur\/91860\/#article","isPartOf":{"@id":"https:\/\/batijournal.com\/index.php\/journee-clocher-prend-de-lampleur\/91860\/"},"author":{"name":"St\u00e9phane Miget","@id":"https:\/\/batijournal.com\/#\/schema\/person\/1dc96ec6957aa1ccb25ebe78bb19f100"},"headline":"La journ\u00e9e du clocher prend de l&rsquo;ampleur","datePublished":"2016-03-23T09:01:57+00:00","dateModified":"2019-07-15T09:16:53+00:00","mainEntityOfPage":{"@id":"https:\/\/batijournal.com\/index.php\/journee-clocher-prend-de-lampleur\/91860\/"},"wordCount":180,"image":{"@id":"https:\/\/batijournal.com\/index.php\/journee-clocher-prend-de-lampleur\/91860\/#primaryimage"},"thumbnailUrl":"https:\/\/batijournal.com\/wp-content\/uploads\/2016\/03\/journee-du-clocher-2016.jpg","keywords":["clocher","\u00e9glise","fondation du patrimoine"],"articleSection":["Architecture &amp; Conception"],"inLanguage":"fr-FR"},{"@type":"WebPage","@id":"https:\/\/batijournal.com\/index.php\/journee-clocher-prend-de-lampleur\/91860\/","url":"https:\/\/batijournal.com\/index.php\/journee-clocher-prend-de-lampleur\/91860\/","name":"La journ\u00e9e du clocher prend de l'ampleur","isPartOf":{"@id":"https:\/\/batijournal.com\/#website"},"primaryImageOfPage":{"@id":"https:\/\/batijournal.com\/index.php\/journee-clocher-prend-de-lampleur\/91860\/#primaryimage"},"image":{"@id":"https:\/\/batijournal.com\/index.php\/journee-clocher-prend-de-lampleur\/91860\/#primaryimage"},"thumbnailUrl":"https:\/\/batijournal.com\/wp-content\/uploads\/2016\/03\/journee-du-clocher-2016.jpg","datePublished":"2016-03-23T09:01:57+00:00","dateModified":"2019-07-15T09:16:53+00:00","author":{"@id":"https:\/\/batijournal.com\/#\/schema\/person\/1dc96ec6957aa1ccb25ebe78bb19f100"},"breadcrumb":{"@id":"https:\/\/batijournal.com\/index.php\/journee-clocher-prend-de-lampleur\/91860\/#breadcrumb"},"inLanguage":"fr-FR","potentialAction":[{"@type":"ReadAction","target":["https:\/\/batijournal.com\/index.php\/journee-clocher-prend-de-lampleur\/91860\/"]}]},{"@type":"ImageObject","inLanguage":"fr-FR","@id":"https:\/\/batijournal.com\/index.php\/journee-clocher-prend-de-lampleur\/91860\/#primaryimage","url":"https:\/\/batijournal.com\/wp-content\/uploads\/2016\/03\/journee-du-clocher-2016.jpg","contentUrl":"https:\/\/batijournal.com\/wp-content\/uploads\/2016\/03\/journee-du-clocher-2016.jpg","width":1024,"height":379},{"@type":"BreadcrumbList","@id":"https:\/\/batijournal.com\/index.php\/journee-clocher-prend-de-lampleur\/91860\/#breadcrumb","itemListElement":[{"@type":"ListItem","position":1,"name":"Accueil","item":"https:\/\/batijournal.com\/"},{"@type":"ListItem","position":2,"name":"Actualit\u00e9s","item":"https:\/\/batijournal.com\/index.php\/category\/actualites\/"},{"@type":"ListItem","position":3,"name":"Architecture &amp; Conception","item":"https:\/\/batijournal.com\/index.php\/category\/actualites\/architecture-conception\/"},{"@type":"ListItem","position":4,"name":"La journ\u00e9e du clocher prend de l&rsquo;ampleur"}]},{"@type":"WebSite","@id":"https:\/\/batijournal.com\/#website","url":"https:\/\/batijournal.com\/","name":"Batijournal","description":"L&#039;actualit\u00e9 du b\u00e2timent","potentialAction":[{"@type":"SearchAction","target":{"@type":"EntryPoint","urlTemplate":"https:\/\/batijournal.com\/?s={search_term_string}"},"query-input":{"@type":"PropertyValueSpecification","valueRequired":true,"valueName":"search_term_string"}}],"inLanguage":"fr-FR"},{"@type":"Person","@id":"https:\/\/batijournal.com\/#\/schema\/person\/1dc96ec6957aa1ccb25ebe78bb19f100","name":"St\u00e9phane Miget","image":{"@type":"ImageObject","inLanguage":"fr-FR","@id":"https:\/\/secure.gravatar.com\/avatar\/89915563d925342126b8ef0281b93d9d7fc337043e8df017f780908eb9644451?s=96&d=mm&r=g","url":"https:\/\/secure.gravatar.com\/avatar\/89915563d925342126b8ef0281b93d9d7fc337043e8df017f780908eb9644451?s=96&d=mm&r=g","contentUrl":"https:\/\/secure.gravatar.com\/avatar\/89915563d925342126b8ef0281b93d9d7fc337043e8df017f780908eb9644451?s=96&d=mm&r=g","caption":"St\u00e9phane Miget"},"url":"https:\/\/batijournal.com\/index.php\/author\/stephane\/"}]}},"_links":{"self":[{"href":"https:\/\/batijournal.com\/index.php\/wp-json\/wp\/v2\/posts\/91860","targetHints":{"allow":["GET"]}}],"collection":[{"href":"https:\/\/batijournal.com\/index.php\/wp-json\/wp\/v2\/posts"}],"about":[{"href":"https:\/\/batijournal.com\/index.php\/wp-json\/wp\/v2\/types\/post"}],"author":[{"embeddable":true,"href":"https:\/\/batijournal.com\/index.php\/wp-json\/wp\/v2\/users\/17"}],"replies":[{"embeddable":true,"href":"https:\/\/batijournal.com\/index.php\/wp-json\/wp\/v2\/comments?post=91860"}],"version-history":[{"count":0,"href":"https:\/\/batijournal.com\/index.php\/wp-json\/wp\/v2\/posts\/91860\/revisions"}],"wp:featuredmedia":[{"embeddable":true,"href":"https:\/\/batijournal.com\/index.php\/wp-json\/wp\/v2\/media\/91861"}],"wp:attachment":[{"href":"https:\/\/batijournal.com\/index.php\/wp-json\/wp\/v2\/media?parent=91860"}],"wp:term":[{"taxonomy":"category","embeddable":true,"href":"https:\/\/batijournal.com\/index.php\/wp-json\/wp\/v2\/categories?post=91860"},{"taxonomy":"post_tag","embeddable":true,"href":"https:\/\/batijournal.com\/index.php\/wp-json\/wp\/v2\/tags?post=91860"}],"curies":[{"name":"wp","href":"https:\/\/api.w.org\/{rel}","templated":true}]}}