{"id":91879,"date":"2016-03-24T07:55:21","date_gmt":"2016-03-24T06:55:21","guid":{"rendered":"http:\/\/batijournal.com\/?p=91879"},"modified":"2019-07-15T12:07:20","modified_gmt":"2019-07-15T10:07:20","slug":"petites-entreprises-essentiellement-formations-obligatoires","status":"publish","type":"post","link":"https:\/\/batijournal.com\/index.php\/petites-entreprises-essentiellement-formations-obligatoires\/91879\/","title":{"rendered":"Les petites entreprises font essentiellement des formations&#8230; obligatoires"},"content":{"rendered":"<p>Apr\u00e8s deux ans d&rsquo;existence, le dispositif d&rsquo;enqu\u00eates sur les formations et itin\u00e9raires des salari\u00e9s (Defis) donne des r\u00e9sultats qui mettent en exergue l&rsquo;\u00e9cart entre les grandes et petites entreprises selon leurs usages de la formation. Consid\u00e9r\u00e9e comme un investissement strat\u00e9gique pour leur d\u00e9veloppement par les unes, la formation permet principalement aux autres de s&rsquo;acquitter de leurs obligations r\u00e9glementaires. Plus du tiers des entreprises de 10 \u00e0 19 salari\u00e9s finance principalement des formations r\u00e9pondant aux exigences r\u00e9glementaires. Elles ne sont que 15 % dans ce cas lorsqu&rsquo;elles emploient 2000 salari\u00e9s et plus. Les petites entreprises cherchent plus g\u00e9n\u00e9ralement le financement d&rsquo;une action pr\u00e9cise et non un conseil sur leur politique globale de formation. Elles font autant appel aux OPCA qu&rsquo;aux organismes de formation. Les consultants sont privil\u00e9gi\u00e9s dans le cas de formations destin\u00e9es \u00e0 obtenir un label de qualit\u00e9. Le d\u00e9veloppement des liens entre OPCA et petites entreprises, actuellement nou\u00e9s autour de la r\u00e9alisation des formations obligatoires, pourrait permettre de d\u00e9velopper des politiques plus ambitieuses en mati\u00e8re de formation.<\/p>\n<p>&nbsp;<\/p>\n<p><a href=\"http:\/\/www.cereq.fr\/collections\/Bref\" target=\"_blank\" rel=\"noopener noreferrer\">Bref n\u00b0344 &#8211; Le dispositif d&rsquo;enqu\u00eates\u00a0Defis\u00a0: un nouveau regard sur la formation en entreprise.<br \/>\n<\/a>Auteurs\u00a0: Jean-Marie Dubois, Isabelle Marion-Vernoux, Edmond\u00a0Noack<\/p>\n","protected":false},"excerpt":{"rendered":"<p>Apr\u00e8s deux ans d&rsquo;existence, le dispositif d&rsquo;enqu\u00eates sur les formations et itin\u00e9raires des salari\u00e9s (Defis) donne des r\u00e9sultats qui mettent en exergue l&rsquo;\u00e9cart entre les grandes et petites entreprises selon leurs usages de la formation. Consid\u00e9r\u00e9e comme un investissement strat\u00e9gique pour leur d\u00e9veloppement par les unes, la formation permet principalement aux autres de s&rsquo;acquitter de [&hellip;]<\/p>\n","protected":false},"author":17,"featured_media":87184,"comment_status":"closed","ping_status":"closed","sticky":false,"template":"","format":"standard","meta":{"_et_pb_use_builder":"","_et_pb_old_content":"","_et_gb_content_width":"","footnotes":""},"categories":[6345,10775],"tags":[517],"class_list":["post-91879","post","type-post","status-publish","format-standard","has-post-thumbnail","hentry","category-economie-marches","category-actualites-5facades","tag-formation"],"yoast_head":"<!-- This site is optimized with the Yoast SEO plugin v27.4 - https:\/\/yoast.com\/product\/yoast-seo-wordpress\/ -->\n<title>Les petites entreprises font essentiellement des formations... obligatoires<\/title>\n<meta name=\"robots\" content=\"index, follow, max-snippet:-1, max-image-preview:large, max-video-preview:-1\" \/>\n<link rel=\"canonical\" href=\"https:\/\/batijournal.com\/index.php\/petites-entreprises-essentiellement-formations-obligatoires\/91879\/\" \/>\n<meta property=\"og:locale\" content=\"fr_FR\" \/>\n<meta property=\"og:type\" content=\"article\" \/>\n<meta property=\"og:title\" content=\"Les petites entreprises font essentiellement des formations... obligatoires\" \/>\n<meta property=\"og:description\" content=\"Apr\u00e8s deux ans d&rsquo;existence, le dispositif d&rsquo;enqu\u00eates sur les formations et itin\u00e9raires des salari\u00e9s (Defis) donne des r\u00e9sultats qui mettent en exergue l&rsquo;\u00e9cart entre les grandes et petites entreprises selon leurs usages de la formation. Consid\u00e9r\u00e9e comme un investissement strat\u00e9gique pour leur d\u00e9veloppement par les unes, la formation permet principalement aux autres de s&rsquo;acquitter de [&hellip;]\" \/>\n<meta property=\"og:url\" content=\"https:\/\/batijournal.com\/index.php\/petites-entreprises-essentiellement-formations-obligatoires\/91879\/\" \/>\n<meta property=\"og:site_name\" content=\"Batijournal\" \/>\n<meta property=\"article:published_time\" content=\"2016-03-24T06:55:21+00:00\" \/>\n<meta property=\"article:modified_time\" content=\"2019-07-15T10:07:20+00:00\" \/>\n<meta property=\"og:image\" content=\"https:\/\/batijournal.com\/wp-content\/uploads\/2015\/05\/99696222.jpg\" \/>\n\t<meta property=\"og:image:width\" content=\"600\" \/>\n\t<meta property=\"og:image:height\" content=\"400\" \/>\n\t<meta property=\"og:image:type\" content=\"image\/jpeg\" \/>\n<meta name=\"author\" content=\"St\u00e9phane Miget\" \/>\n<meta name=\"twitter:card\" content=\"summary_large_image\" \/>\n<meta name=\"twitter:creator\" content=\"@bati_journal\" \/>\n<meta name=\"twitter:site\" content=\"@bati_journal\" \/>\n<meta name=\"twitter:label1\" content=\"\u00c9crit par\" \/>\n\t<meta name=\"twitter:data1\" content=\"St\u00e9phane Miget\" \/>\n\t<meta name=\"twitter:label2\" content=\"Dur\u00e9e de lecture estim\u00e9e\" \/>\n\t<meta name=\"twitter:data2\" content=\"1 minute\" \/>\n<script type=\"application\/ld+json\" class=\"yoast-schema-graph\">{\"@context\":\"https:\\\/\\\/schema.org\",\"@graph\":[{\"@type\":\"Article\",\"@id\":\"https:\\\/\\\/batijournal.com\\\/index.php\\\/petites-entreprises-essentiellement-formations-obligatoires\\\/91879\\\/#article\",\"isPartOf\":{\"@id\":\"https:\\\/\\\/batijournal.com\\\/index.php\\\/petites-entreprises-essentiellement-formations-obligatoires\\\/91879\\\/\"},\"author\":{\"name\":\"St\u00e9phane Miget\",\"@id\":\"https:\\\/\\\/batijournal.com\\\/#\\\/schema\\\/person\\\/1dc96ec6957aa1ccb25ebe78bb19f100\"},\"headline\":\"Les petites entreprises font essentiellement des formations&#8230; obligatoires\",\"datePublished\":\"2016-03-24T06:55:21+00:00\",\"dateModified\":\"2019-07-15T10:07:20+00:00\",\"mainEntityOfPage\":{\"@id\":\"https:\\\/\\\/batijournal.com\\\/index.php\\\/petites-entreprises-essentiellement-formations-obligatoires\\\/91879\\\/\"},\"wordCount\":226,\"image\":{\"@id\":\"https:\\\/\\\/batijournal.com\\\/index.php\\\/petites-entreprises-essentiellement-formations-obligatoires\\\/91879\\\/#primaryimage\"},\"thumbnailUrl\":\"https:\\\/\\\/batijournal.com\\\/wp-content\\\/uploads\\\/2015\\\/05\\\/99696222.jpg\",\"keywords\":[\"formation\"],\"articleSection\":[\"\u00c9conomie &amp; March\u00e9s\",\"zz_Actualit\u00e9s - 5fa\u00e7ades\"],\"inLanguage\":\"fr-FR\"},{\"@type\":\"WebPage\",\"@id\":\"https:\\\/\\\/batijournal.com\\\/index.php\\\/petites-entreprises-essentiellement-formations-obligatoires\\\/91879\\\/\",\"url\":\"https:\\\/\\\/batijournal.com\\\/index.php\\\/petites-entreprises-essentiellement-formations-obligatoires\\\/91879\\\/\",\"name\":\"Les petites entreprises font essentiellement des formations... obligatoires\",\"isPartOf\":{\"@id\":\"https:\\\/\\\/batijournal.com\\\/#website\"},\"primaryImageOfPage\":{\"@id\":\"https:\\\/\\\/batijournal.com\\\/index.php\\\/petites-entreprises-essentiellement-formations-obligatoires\\\/91879\\\/#primaryimage\"},\"image\":{\"@id\":\"https:\\\/\\\/batijournal.com\\\/index.php\\\/petites-entreprises-essentiellement-formations-obligatoires\\\/91879\\\/#primaryimage\"},\"thumbnailUrl\":\"https:\\\/\\\/batijournal.com\\\/wp-content\\\/uploads\\\/2015\\\/05\\\/99696222.jpg\",\"datePublished\":\"2016-03-24T06:55:21+00:00\",\"dateModified\":\"2019-07-15T10:07:20+00:00\",\"author\":{\"@id\":\"https:\\\/\\\/batijournal.com\\\/#\\\/schema\\\/person\\\/1dc96ec6957aa1ccb25ebe78bb19f100\"},\"breadcrumb\":{\"@id\":\"https:\\\/\\\/batijournal.com\\\/index.php\\\/petites-entreprises-essentiellement-formations-obligatoires\\\/91879\\\/#breadcrumb\"},\"inLanguage\":\"fr-FR\",\"potentialAction\":[{\"@type\":\"ReadAction\",\"target\":[\"https:\\\/\\\/batijournal.com\\\/index.php\\\/petites-entreprises-essentiellement-formations-obligatoires\\\/91879\\\/\"]}]},{\"@type\":\"ImageObject\",\"inLanguage\":\"fr-FR\",\"@id\":\"https:\\\/\\\/batijournal.com\\\/index.php\\\/petites-entreprises-essentiellement-formations-obligatoires\\\/91879\\\/#primaryimage\",\"url\":\"https:\\\/\\\/batijournal.com\\\/wp-content\\\/uploads\\\/2015\\\/05\\\/99696222.jpg\",\"contentUrl\":\"https:\\\/\\\/batijournal.com\\\/wp-content\\\/uploads\\\/2015\\\/05\\\/99696222.jpg\",\"width\":600,\"height\":400,\"caption\":\"10Kverts-verdissement-des-formations\"},{\"@type\":\"BreadcrumbList\",\"@id\":\"https:\\\/\\\/batijournal.com\\\/index.php\\\/petites-entreprises-essentiellement-formations-obligatoires\\\/91879\\\/#breadcrumb\",\"itemListElement\":[{\"@type\":\"ListItem\",\"position\":1,\"name\":\"Accueil\",\"item\":\"https:\\\/\\\/batijournal.com\\\/\"},{\"@type\":\"ListItem\",\"position\":2,\"name\":\"Actualit\u00e9s\",\"item\":\"https:\\\/\\\/batijournal.com\\\/index.php\\\/category\\\/actualites\\\/\"},{\"@type\":\"ListItem\",\"position\":3,\"name\":\"\u00c9conomie &amp; March\u00e9s\",\"item\":\"https:\\\/\\\/batijournal.com\\\/index.php\\\/category\\\/actualites\\\/economie-marches\\\/\"},{\"@type\":\"ListItem\",\"position\":4,\"name\":\"Les petites entreprises font essentiellement des formations&#8230; obligatoires\"}]},{\"@type\":\"WebSite\",\"@id\":\"https:\\\/\\\/batijournal.com\\\/#website\",\"url\":\"https:\\\/\\\/batijournal.com\\\/\",\"name\":\"Batijournal\",\"description\":\"L&#039;actualit\u00e9 du b\u00e2timent\",\"potentialAction\":[{\"@type\":\"SearchAction\",\"target\":{\"@type\":\"EntryPoint\",\"urlTemplate\":\"https:\\\/\\\/batijournal.com\\\/?s={search_term_string}\"},\"query-input\":{\"@type\":\"PropertyValueSpecification\",\"valueRequired\":true,\"valueName\":\"search_term_string\"}}],\"inLanguage\":\"fr-FR\"},{\"@type\":\"Person\",\"@id\":\"https:\\\/\\\/batijournal.com\\\/#\\\/schema\\\/person\\\/1dc96ec6957aa1ccb25ebe78bb19f100\",\"name\":\"St\u00e9phane Miget\",\"image\":{\"@type\":\"ImageObject\",\"inLanguage\":\"fr-FR\",\"@id\":\"https:\\\/\\\/secure.gravatar.com\\\/avatar\\\/89915563d925342126b8ef0281b93d9d7fc337043e8df017f780908eb9644451?s=96&d=mm&r=g\",\"url\":\"https:\\\/\\\/secure.gravatar.com\\\/avatar\\\/89915563d925342126b8ef0281b93d9d7fc337043e8df017f780908eb9644451?s=96&d=mm&r=g\",\"contentUrl\":\"https:\\\/\\\/secure.gravatar.com\\\/avatar\\\/89915563d925342126b8ef0281b93d9d7fc337043e8df017f780908eb9644451?s=96&d=mm&r=g\",\"caption\":\"St\u00e9phane Miget\"},\"url\":\"https:\\\/\\\/batijournal.com\\\/index.php\\\/author\\\/stephane\\\/\"}]}<\/script>\n<!-- \/ Yoast SEO plugin. -->","yoast_head_json":{"title":"Les petites entreprises font essentiellement des formations... obligatoires","robots":{"index":"index","follow":"follow","max-snippet":"max-snippet:-1","max-image-preview":"max-image-preview:large","max-video-preview":"max-video-preview:-1"},"canonical":"https:\/\/batijournal.com\/index.php\/petites-entreprises-essentiellement-formations-obligatoires\/91879\/","og_locale":"fr_FR","og_type":"article","og_title":"Les petites entreprises font essentiellement des formations... obligatoires","og_description":"Apr\u00e8s deux ans d&rsquo;existence, le dispositif d&rsquo;enqu\u00eates sur les formations et itin\u00e9raires des salari\u00e9s (Defis) donne des r\u00e9sultats qui mettent en exergue l&rsquo;\u00e9cart entre les grandes et petites entreprises selon leurs usages de la formation. Consid\u00e9r\u00e9e comme un investissement strat\u00e9gique pour leur d\u00e9veloppement par les unes, la formation permet principalement aux autres de s&rsquo;acquitter de [&hellip;]","og_url":"https:\/\/batijournal.com\/index.php\/petites-entreprises-essentiellement-formations-obligatoires\/91879\/","og_site_name":"Batijournal","article_published_time":"2016-03-24T06:55:21+00:00","article_modified_time":"2019-07-15T10:07:20+00:00","og_image":[{"width":600,"height":400,"url":"https:\/\/batijournal.com\/wp-content\/uploads\/2015\/05\/99696222.jpg","type":"image\/jpeg"}],"author":"St\u00e9phane Miget","twitter_card":"summary_large_image","twitter_creator":"@bati_journal","twitter_site":"@bati_journal","twitter_misc":{"\u00c9crit par":"St\u00e9phane Miget","Dur\u00e9e de lecture estim\u00e9e":"1 minute"},"schema":{"@context":"https:\/\/schema.org","@graph":[{"@type":"Article","@id":"https:\/\/batijournal.com\/index.php\/petites-entreprises-essentiellement-formations-obligatoires\/91879\/#article","isPartOf":{"@id":"https:\/\/batijournal.com\/index.php\/petites-entreprises-essentiellement-formations-obligatoires\/91879\/"},"author":{"name":"St\u00e9phane Miget","@id":"https:\/\/batijournal.com\/#\/schema\/person\/1dc96ec6957aa1ccb25ebe78bb19f100"},"headline":"Les petites entreprises font essentiellement des formations&#8230; obligatoires","datePublished":"2016-03-24T06:55:21+00:00","dateModified":"2019-07-15T10:07:20+00:00","mainEntityOfPage":{"@id":"https:\/\/batijournal.com\/index.php\/petites-entreprises-essentiellement-formations-obligatoires\/91879\/"},"wordCount":226,"image":{"@id":"https:\/\/batijournal.com\/index.php\/petites-entreprises-essentiellement-formations-obligatoires\/91879\/#primaryimage"},"thumbnailUrl":"https:\/\/batijournal.com\/wp-content\/uploads\/2015\/05\/99696222.jpg","keywords":["formation"],"articleSection":["\u00c9conomie &amp; March\u00e9s","zz_Actualit\u00e9s - 5fa\u00e7ades"],"inLanguage":"fr-FR"},{"@type":"WebPage","@id":"https:\/\/batijournal.com\/index.php\/petites-entreprises-essentiellement-formations-obligatoires\/91879\/","url":"https:\/\/batijournal.com\/index.php\/petites-entreprises-essentiellement-formations-obligatoires\/91879\/","name":"Les petites entreprises font essentiellement des formations... obligatoires","isPartOf":{"@id":"https:\/\/batijournal.com\/#website"},"primaryImageOfPage":{"@id":"https:\/\/batijournal.com\/index.php\/petites-entreprises-essentiellement-formations-obligatoires\/91879\/#primaryimage"},"image":{"@id":"https:\/\/batijournal.com\/index.php\/petites-entreprises-essentiellement-formations-obligatoires\/91879\/#primaryimage"},"thumbnailUrl":"https:\/\/batijournal.com\/wp-content\/uploads\/2015\/05\/99696222.jpg","datePublished":"2016-03-24T06:55:21+00:00","dateModified":"2019-07-15T10:07:20+00:00","author":{"@id":"https:\/\/batijournal.com\/#\/schema\/person\/1dc96ec6957aa1ccb25ebe78bb19f100"},"breadcrumb":{"@id":"https:\/\/batijournal.com\/index.php\/petites-entreprises-essentiellement-formations-obligatoires\/91879\/#breadcrumb"},"inLanguage":"fr-FR","potentialAction":[{"@type":"ReadAction","target":["https:\/\/batijournal.com\/index.php\/petites-entreprises-essentiellement-formations-obligatoires\/91879\/"]}]},{"@type":"ImageObject","inLanguage":"fr-FR","@id":"https:\/\/batijournal.com\/index.php\/petites-entreprises-essentiellement-formations-obligatoires\/91879\/#primaryimage","url":"https:\/\/batijournal.com\/wp-content\/uploads\/2015\/05\/99696222.jpg","contentUrl":"https:\/\/batijournal.com\/wp-content\/uploads\/2015\/05\/99696222.jpg","width":600,"height":400,"caption":"10Kverts-verdissement-des-formations"},{"@type":"BreadcrumbList","@id":"https:\/\/batijournal.com\/index.php\/petites-entreprises-essentiellement-formations-obligatoires\/91879\/#breadcrumb","itemListElement":[{"@type":"ListItem","position":1,"name":"Accueil","item":"https:\/\/batijournal.com\/"},{"@type":"ListItem","position":2,"name":"Actualit\u00e9s","item":"https:\/\/batijournal.com\/index.php\/category\/actualites\/"},{"@type":"ListItem","position":3,"name":"\u00c9conomie &amp; March\u00e9s","item":"https:\/\/batijournal.com\/index.php\/category\/actualites\/economie-marches\/"},{"@type":"ListItem","position":4,"name":"Les petites entreprises font essentiellement des formations&#8230; obligatoires"}]},{"@type":"WebSite","@id":"https:\/\/batijournal.com\/#website","url":"https:\/\/batijournal.com\/","name":"Batijournal","description":"L&#039;actualit\u00e9 du b\u00e2timent","potentialAction":[{"@type":"SearchAction","target":{"@type":"EntryPoint","urlTemplate":"https:\/\/batijournal.com\/?s={search_term_string}"},"query-input":{"@type":"PropertyValueSpecification","valueRequired":true,"valueName":"search_term_string"}}],"inLanguage":"fr-FR"},{"@type":"Person","@id":"https:\/\/batijournal.com\/#\/schema\/person\/1dc96ec6957aa1ccb25ebe78bb19f100","name":"St\u00e9phane Miget","image":{"@type":"ImageObject","inLanguage":"fr-FR","@id":"https:\/\/secure.gravatar.com\/avatar\/89915563d925342126b8ef0281b93d9d7fc337043e8df017f780908eb9644451?s=96&d=mm&r=g","url":"https:\/\/secure.gravatar.com\/avatar\/89915563d925342126b8ef0281b93d9d7fc337043e8df017f780908eb9644451?s=96&d=mm&r=g","contentUrl":"https:\/\/secure.gravatar.com\/avatar\/89915563d925342126b8ef0281b93d9d7fc337043e8df017f780908eb9644451?s=96&d=mm&r=g","caption":"St\u00e9phane Miget"},"url":"https:\/\/batijournal.com\/index.php\/author\/stephane\/"}]}},"_links":{"self":[{"href":"https:\/\/batijournal.com\/index.php\/wp-json\/wp\/v2\/posts\/91879","targetHints":{"allow":["GET"]}}],"collection":[{"href":"https:\/\/batijournal.com\/index.php\/wp-json\/wp\/v2\/posts"}],"about":[{"href":"https:\/\/batijournal.com\/index.php\/wp-json\/wp\/v2\/types\/post"}],"author":[{"embeddable":true,"href":"https:\/\/batijournal.com\/index.php\/wp-json\/wp\/v2\/users\/17"}],"replies":[{"embeddable":true,"href":"https:\/\/batijournal.com\/index.php\/wp-json\/wp\/v2\/comments?post=91879"}],"version-history":[{"count":0,"href":"https:\/\/batijournal.com\/index.php\/wp-json\/wp\/v2\/posts\/91879\/revisions"}],"wp:featuredmedia":[{"embeddable":true,"href":"https:\/\/batijournal.com\/index.php\/wp-json\/wp\/v2\/media\/87184"}],"wp:attachment":[{"href":"https:\/\/batijournal.com\/index.php\/wp-json\/wp\/v2\/media?parent=91879"}],"wp:term":[{"taxonomy":"category","embeddable":true,"href":"https:\/\/batijournal.com\/index.php\/wp-json\/wp\/v2\/categories?post=91879"},{"taxonomy":"post_tag","embeddable":true,"href":"https:\/\/batijournal.com\/index.php\/wp-json\/wp\/v2\/tags?post=91879"}],"curies":[{"name":"wp","href":"https:\/\/api.w.org\/{rel}","templated":true}]}}