{"id":91893,"date":"2016-03-25T07:00:46","date_gmt":"2016-03-25T06:00:46","guid":{"rendered":"http:\/\/batijournal.com\/?p=91893"},"modified":"2019-07-15T11:16:53","modified_gmt":"2019-07-15T09:16:53","slug":"facades-pulsatives","status":"publish","type":"post","link":"https:\/\/batijournal.com\/index.php\/facades-pulsatives\/91893\/","title":{"rendered":"Fa\u00e7ades pulsatives"},"content":{"rendered":"<p><span style=\"color: #000000;\"><img loading=\"lazy\" decoding=\"async\" class=\"alignleft wp-image-91895 size-medium\" src=\"https:\/\/batijournal.com\/wp-content\/uploads\/2016\/03\/citroen2-300x220.jpg\" alt=\"garga, Citro\u00ebn, r\u00e9habilitation, reconversion\" width=\"300\" height=\"220\" srcset=\"https:\/\/batijournal.com\/wp-content\/uploads\/2016\/03\/citroen2-300x220.jpg 300w, https:\/\/batijournal.com\/wp-content\/uploads\/2016\/03\/citroen2-150x110.jpg 150w, https:\/\/batijournal.com\/wp-content\/uploads\/2016\/03\/citroen2-768x564.jpg 768w, https:\/\/batijournal.com\/wp-content\/uploads\/2016\/03\/citroen2-1024x753.jpg 1024w, https:\/\/batijournal.com\/wp-content\/uploads\/2016\/03\/citroen2-600x441.jpg 600w\" sizes=\"(max-width: 300px) 100vw, 300px\" \/>Plus grande station-service du monde dans les ann\u00e9es 30, inscrit \u00e0 l&rsquo;Inventaire des Monuments historiques en 1992, le garage Citro\u00ebn \u00e0 Lyon, reconverti en bureaux, locaux d&rsquo;enseignement, atelier et showroom, a conserv\u00e9 \u2013 outre une concession Citro\u00ebn au rez-de-chauss\u00e9e \u2013 son identit\u00e9 architecturale.<\/span><\/p>\n<p>&nbsp;<\/p>\n<p><span style=\"color: #000000;\"><img loading=\"lazy\" decoding=\"async\" class=\"wp-image-91896 alignright\" src=\"https:\/\/batijournal.com\/wp-content\/uploads\/2016\/03\/citroen3-281x300.jpg\" alt=\"garage, Citro\u00ebn, r\u00e9habilitation, reconversion\" width=\"262\" height=\"280\" srcset=\"https:\/\/batijournal.com\/wp-content\/uploads\/2016\/03\/citroen3-281x300.jpg 281w, https:\/\/batijournal.com\/wp-content\/uploads\/2016\/03\/citroen3-140x150.jpg 140w, https:\/\/batijournal.com\/wp-content\/uploads\/2016\/03\/citroen3-768x820.jpg 768w, https:\/\/batijournal.com\/wp-content\/uploads\/2016\/03\/citroen3-959x1024.jpg 959w, https:\/\/batijournal.com\/wp-content\/uploads\/2016\/03\/citroen3-600x641.jpg 600w\" sizes=\"(max-width: 262px) 100vw, 262px\" \/><\/span><\/p>\n<p><span style=\"color: #000000;\">Toutes les ouvertures qui signaient en fa\u00e7ades l&rsquo;activit\u00e9 de l&rsquo;\u00e9difice ont \u00e9t\u00e9 restitu\u00e9es \u00e0 l&rsquo;identique\u00a0: fentes vitr\u00e9es verticales des tourelles abritant les escaliers, obliques des rampes d&rsquo;acc\u00e8s automobiles, bandeaux de fen\u00eatres et enfilades de vitrines cal\u00e9es sur le rythme des baies sup\u00e9rieures. Toujours plus lumineux, le <\/span><span style=\"color: #000000;\"><i>New Deal<\/i><\/span><span style=\"color: #000000;\">, nouveau nom de l&rsquo;\u00e9difice, restitue en plus, d\u00e9sormais, ses puits de lumi\u00e8re l\u00e0 o\u00f9 ils avaient \u00e9t\u00e9 interrompus\u00a0: pav\u00e9s de verre en R + 2 et R + 3, tr\u00e9mies int\u00e9gr\u00e9es \u00e0 des atriums aux \u00e9tages sup\u00e9rieurs. De m\u00eame, des portes \u00e0 deux battants \u2013 comme le pr\u00e9voyait le projet de 1931 \u2013 remplacent les simples battants d&rsquo;avant les travaux, tout en s&rsquo;inscrivant dans les trac\u00e9s r\u00e9gulateurs de la fa\u00e7ade.<\/span><\/p>\n<p>&nbsp;<\/p>\n<p><span style=\"color: #000000;\"><img loading=\"lazy\" decoding=\"async\" class=\"alignleft size-medium wp-image-91901\" src=\"https:\/\/batijournal.com\/wp-content\/uploads\/2016\/03\/citroen4-300x212.jpg\" alt=\"garage, citroen, r\u00e9habilitation, reconversion\" width=\"300\" height=\"212\" srcset=\"https:\/\/batijournal.com\/wp-content\/uploads\/2016\/03\/citroen4-300x212.jpg 300w, https:\/\/batijournal.com\/wp-content\/uploads\/2016\/03\/citroen4-150x106.jpg 150w, https:\/\/batijournal.com\/wp-content\/uploads\/2016\/03\/citroen4-768x542.jpg 768w, https:\/\/batijournal.com\/wp-content\/uploads\/2016\/03\/citroen4-1024x722.jpg 1024w, https:\/\/batijournal.com\/wp-content\/uploads\/2016\/03\/citroen4-600x423.jpg 600w\" sizes=\"(max-width: 300px) 100vw, 300px\" \/>Ouverture, toujours\u00a0: dans le but de valoriser les baies et d&rsquo;adapter leurs vitrages aux nouvelles fonctionnalit\u00e9s du site, l&rsquo;ordre des deux types de verre existants a \u00e9t\u00e9 invers\u00e9\u00a0: rangs de verre transparent d&rsquo;abord pour offrir la vue sur l&rsquo;ext\u00e9rieur, surmont\u00e9s de lignes de verre monumental pour diffuser la lumi\u00e8re naturelle. L&rsquo;horizontalit\u00e9 des fa\u00e7ades a \u00e9t\u00e9 renforc\u00e9e en redonnant leur couleur sombre aux f\u00fbts des poteaux ins\u00e9r\u00e9s dans les baies afin de les confondre avec les menuiseries. Quant \u00e0 ces derni\u00e8res, elles ont vu leurs ch\u00e2ssis repeints, restaur\u00e9s, voire remplac\u00e9s notamment quand l&rsquo;isolation thermique l&rsquo;exigeait, par des profils minces de m\u00eames dimensions que les fers corniers en place. La consultation d&rsquo;un \u00e9cologue a permis l&rsquo;installation de ruches en toiture et d&rsquo;abris \u00e0 martinets et \u00e0 chauve-souris en fa\u00e7ade.<\/span><\/p>\n<p><span style=\"color: #000000;\">Architecture et cr\u00e9ation de 1932\u00a0: Maurice-Jacques Ravaz\u00e9, Jean Prouv\u00e9 et Andr\u00e9 Citro\u00ebn \u2022 Requalification de 2012 \u00e0 2015\u00a0: Sud Architectes et Alep Architectes \u2022 Ma\u00eetrise d&rsquo;ouvrage\u00a0: 6e Sens Immobilier (SNC Universit\u00e9 2011) \u2022 Laur\u00e9at du Grand Prix Simi 2015 dans la cat\u00e9gorie Immeuble de plus de 5 000 m2\u00a0; certification Breeam Excellent<\/span><\/p>\n<p>Photo nocturne : 6e Sens Immobilier<\/p>\n<p><span style=\"color: #000000;\">Photo en plong\u00e9e : Guillaume Perret<\/span><\/p>\n<p>Photos fa\u00e7ades :\u00a0<span style=\"color: #000000;\">Studio Erick Saillet <\/span><\/p>\n","protected":false},"excerpt":{"rendered":"<p>Plus grande station-service du monde dans les ann\u00e9es 30, inscrit \u00e0 l&rsquo;Inventaire des Monuments historiques en 1992, le garage Citro\u00ebn \u00e0 Lyon, reconverti en bureaux, locaux d&rsquo;enseignement, atelier et showroom, a conserv\u00e9 \u2013 outre une concession Citro\u00ebn au rez-de-chauss\u00e9e \u2013 son identit\u00e9 architecturale. &nbsp; Toutes les ouvertures qui signaient en fa\u00e7ades l&rsquo;activit\u00e9 de l&rsquo;\u00e9difice ont [&hellip;]<\/p>\n","protected":false},"author":17,"featured_media":91894,"comment_status":"closed","ping_status":"closed","sticky":false,"template":"","format":"standard","meta":{"_et_pb_use_builder":"","_et_pb_old_content":"","_et_gb_content_width":"","footnotes":""},"categories":[10530,6340,10775],"tags":[10381,2591,1364,1937,1362,9721,89,8212],"class_list":["post-91893","post","type-post","status-publish","format-standard","has-post-thumbnail","hentry","category-actualites","category-architecture-conception","category-actualites-5facades","tag-garage","tag-grand","tag-immobilier","tag-lyon","tag-prix","tag-reconversion","tag-rehabilitation","tag-simi"],"yoast_head":"<!-- This site is optimized with the Yoast SEO plugin v27.4 - https:\/\/yoast.com\/product\/yoast-seo-wordpress\/ -->\n<title>Fa\u00e7ades pulsatives<\/title>\n<meta name=\"robots\" content=\"index, follow, max-snippet:-1, max-image-preview:large, max-video-preview:-1\" \/>\n<link rel=\"canonical\" href=\"https:\/\/batijournal.com\/index.php\/facades-pulsatives\/91893\/\" \/>\n<meta property=\"og:locale\" content=\"fr_FR\" \/>\n<meta property=\"og:type\" content=\"article\" \/>\n<meta property=\"og:title\" content=\"Fa\u00e7ades pulsatives\" \/>\n<meta property=\"og:description\" content=\"Plus grande station-service du monde dans les ann\u00e9es 30, inscrit \u00e0 l&rsquo;Inventaire des Monuments historiques en 1992, le garage Citro\u00ebn \u00e0 Lyon, reconverti en bureaux, locaux d&rsquo;enseignement, atelier et showroom, a conserv\u00e9 \u2013 outre une concession Citro\u00ebn au rez-de-chauss\u00e9e \u2013 son identit\u00e9 architecturale. &nbsp; Toutes les ouvertures qui signaient en fa\u00e7ades l&rsquo;activit\u00e9 de l&rsquo;\u00e9difice ont [&hellip;]\" \/>\n<meta property=\"og:url\" content=\"https:\/\/batijournal.com\/index.php\/facades-pulsatives\/91893\/\" \/>\n<meta property=\"og:site_name\" content=\"Batijournal\" \/>\n<meta property=\"article:published_time\" content=\"2016-03-25T06:00:46+00:00\" \/>\n<meta property=\"article:modified_time\" content=\"2019-07-15T09:16:53+00:00\" \/>\n<meta property=\"og:image\" content=\"https:\/\/batijournal.com\/wp-content\/uploads\/2016\/03\/citroen-1024x667.jpg\" \/>\n\t<meta property=\"og:image:width\" content=\"1024\" \/>\n\t<meta property=\"og:image:height\" content=\"667\" \/>\n\t<meta property=\"og:image:type\" content=\"image\/jpeg\" \/>\n<meta name=\"author\" content=\"St\u00e9phane Miget\" \/>\n<meta name=\"twitter:card\" content=\"summary_large_image\" \/>\n<meta name=\"twitter:creator\" content=\"@bati_journal\" \/>\n<meta name=\"twitter:site\" content=\"@bati_journal\" \/>\n<meta name=\"twitter:label1\" content=\"\u00c9crit par\" \/>\n\t<meta name=\"twitter:data1\" content=\"St\u00e9phane Miget\" \/>\n\t<meta name=\"twitter:label2\" content=\"Dur\u00e9e de lecture estim\u00e9e\" \/>\n\t<meta name=\"twitter:data2\" content=\"2 minutes\" \/>\n<script type=\"application\/ld+json\" class=\"yoast-schema-graph\">{\"@context\":\"https:\\\/\\\/schema.org\",\"@graph\":[{\"@type\":\"Article\",\"@id\":\"https:\\\/\\\/batijournal.com\\\/index.php\\\/facades-pulsatives\\\/91893\\\/#article\",\"isPartOf\":{\"@id\":\"https:\\\/\\\/batijournal.com\\\/index.php\\\/facades-pulsatives\\\/91893\\\/\"},\"author\":{\"name\":\"St\u00e9phane Miget\",\"@id\":\"https:\\\/\\\/batijournal.com\\\/#\\\/schema\\\/person\\\/1dc96ec6957aa1ccb25ebe78bb19f100\"},\"headline\":\"Fa\u00e7ades pulsatives\",\"datePublished\":\"2016-03-25T06:00:46+00:00\",\"dateModified\":\"2019-07-15T09:16:53+00:00\",\"mainEntityOfPage\":{\"@id\":\"https:\\\/\\\/batijournal.com\\\/index.php\\\/facades-pulsatives\\\/91893\\\/\"},\"wordCount\":395,\"image\":{\"@id\":\"https:\\\/\\\/batijournal.com\\\/index.php\\\/facades-pulsatives\\\/91893\\\/#primaryimage\"},\"thumbnailUrl\":\"https:\\\/\\\/batijournal.com\\\/wp-content\\\/uploads\\\/2016\\\/03\\\/citroen.jpg\",\"keywords\":[\"garage\",\"grand\",\"immobilier\",\"Lyon\",\"prix\",\"reconversion\",\"r\u00e9habilitation\",\"simi\"],\"articleSection\":[\"Actualit\u00e9s\",\"Architecture &amp; Conception\",\"zz_Actualit\u00e9s - 5fa\u00e7ades\"],\"inLanguage\":\"fr-FR\"},{\"@type\":\"WebPage\",\"@id\":\"https:\\\/\\\/batijournal.com\\\/index.php\\\/facades-pulsatives\\\/91893\\\/\",\"url\":\"https:\\\/\\\/batijournal.com\\\/index.php\\\/facades-pulsatives\\\/91893\\\/\",\"name\":\"Fa\u00e7ades pulsatives\",\"isPartOf\":{\"@id\":\"https:\\\/\\\/batijournal.com\\\/#website\"},\"primaryImageOfPage\":{\"@id\":\"https:\\\/\\\/batijournal.com\\\/index.php\\\/facades-pulsatives\\\/91893\\\/#primaryimage\"},\"image\":{\"@id\":\"https:\\\/\\\/batijournal.com\\\/index.php\\\/facades-pulsatives\\\/91893\\\/#primaryimage\"},\"thumbnailUrl\":\"https:\\\/\\\/batijournal.com\\\/wp-content\\\/uploads\\\/2016\\\/03\\\/citroen.jpg\",\"datePublished\":\"2016-03-25T06:00:46+00:00\",\"dateModified\":\"2019-07-15T09:16:53+00:00\",\"author\":{\"@id\":\"https:\\\/\\\/batijournal.com\\\/#\\\/schema\\\/person\\\/1dc96ec6957aa1ccb25ebe78bb19f100\"},\"breadcrumb\":{\"@id\":\"https:\\\/\\\/batijournal.com\\\/index.php\\\/facades-pulsatives\\\/91893\\\/#breadcrumb\"},\"inLanguage\":\"fr-FR\",\"potentialAction\":[{\"@type\":\"ReadAction\",\"target\":[\"https:\\\/\\\/batijournal.com\\\/index.php\\\/facades-pulsatives\\\/91893\\\/\"]}]},{\"@type\":\"ImageObject\",\"inLanguage\":\"fr-FR\",\"@id\":\"https:\\\/\\\/batijournal.com\\\/index.php\\\/facades-pulsatives\\\/91893\\\/#primaryimage\",\"url\":\"https:\\\/\\\/batijournal.com\\\/wp-content\\\/uploads\\\/2016\\\/03\\\/citroen.jpg\",\"contentUrl\":\"https:\\\/\\\/batijournal.com\\\/wp-content\\\/uploads\\\/2016\\\/03\\\/citroen.jpg\",\"width\":4747,\"height\":3090,\"caption\":\"garage, Citro\u00ebn, r\u00e9habilitation, reconversion\"},{\"@type\":\"BreadcrumbList\",\"@id\":\"https:\\\/\\\/batijournal.com\\\/index.php\\\/facades-pulsatives\\\/91893\\\/#breadcrumb\",\"itemListElement\":[{\"@type\":\"ListItem\",\"position\":1,\"name\":\"Accueil\",\"item\":\"https:\\\/\\\/batijournal.com\\\/\"},{\"@type\":\"ListItem\",\"position\":2,\"name\":\"Actualit\u00e9s\",\"item\":\"https:\\\/\\\/batijournal.com\\\/index.php\\\/category\\\/actualites\\\/\"},{\"@type\":\"ListItem\",\"position\":3,\"name\":\"Fa\u00e7ades pulsatives\"}]},{\"@type\":\"WebSite\",\"@id\":\"https:\\\/\\\/batijournal.com\\\/#website\",\"url\":\"https:\\\/\\\/batijournal.com\\\/\",\"name\":\"Batijournal\",\"description\":\"L&#039;actualit\u00e9 du b\u00e2timent\",\"potentialAction\":[{\"@type\":\"SearchAction\",\"target\":{\"@type\":\"EntryPoint\",\"urlTemplate\":\"https:\\\/\\\/batijournal.com\\\/?s={search_term_string}\"},\"query-input\":{\"@type\":\"PropertyValueSpecification\",\"valueRequired\":true,\"valueName\":\"search_term_string\"}}],\"inLanguage\":\"fr-FR\"},{\"@type\":\"Person\",\"@id\":\"https:\\\/\\\/batijournal.com\\\/#\\\/schema\\\/person\\\/1dc96ec6957aa1ccb25ebe78bb19f100\",\"name\":\"St\u00e9phane Miget\",\"image\":{\"@type\":\"ImageObject\",\"inLanguage\":\"fr-FR\",\"@id\":\"https:\\\/\\\/secure.gravatar.com\\\/avatar\\\/89915563d925342126b8ef0281b93d9d7fc337043e8df017f780908eb9644451?s=96&d=mm&r=g\",\"url\":\"https:\\\/\\\/secure.gravatar.com\\\/avatar\\\/89915563d925342126b8ef0281b93d9d7fc337043e8df017f780908eb9644451?s=96&d=mm&r=g\",\"contentUrl\":\"https:\\\/\\\/secure.gravatar.com\\\/avatar\\\/89915563d925342126b8ef0281b93d9d7fc337043e8df017f780908eb9644451?s=96&d=mm&r=g\",\"caption\":\"St\u00e9phane Miget\"},\"url\":\"https:\\\/\\\/batijournal.com\\\/index.php\\\/author\\\/stephane\\\/\"}]}<\/script>\n<!-- \/ Yoast SEO plugin. -->","yoast_head_json":{"title":"Fa\u00e7ades pulsatives","robots":{"index":"index","follow":"follow","max-snippet":"max-snippet:-1","max-image-preview":"max-image-preview:large","max-video-preview":"max-video-preview:-1"},"canonical":"https:\/\/batijournal.com\/index.php\/facades-pulsatives\/91893\/","og_locale":"fr_FR","og_type":"article","og_title":"Fa\u00e7ades pulsatives","og_description":"Plus grande station-service du monde dans les ann\u00e9es 30, inscrit \u00e0 l&rsquo;Inventaire des Monuments historiques en 1992, le garage Citro\u00ebn \u00e0 Lyon, reconverti en bureaux, locaux d&rsquo;enseignement, atelier et showroom, a conserv\u00e9 \u2013 outre une concession Citro\u00ebn au rez-de-chauss\u00e9e \u2013 son identit\u00e9 architecturale. &nbsp; Toutes les ouvertures qui signaient en fa\u00e7ades l&rsquo;activit\u00e9 de l&rsquo;\u00e9difice ont [&hellip;]","og_url":"https:\/\/batijournal.com\/index.php\/facades-pulsatives\/91893\/","og_site_name":"Batijournal","article_published_time":"2016-03-25T06:00:46+00:00","article_modified_time":"2019-07-15T09:16:53+00:00","og_image":[{"width":1024,"height":667,"url":"https:\/\/batijournal.com\/wp-content\/uploads\/2016\/03\/citroen-1024x667.jpg","type":"image\/jpeg"}],"author":"St\u00e9phane Miget","twitter_card":"summary_large_image","twitter_creator":"@bati_journal","twitter_site":"@bati_journal","twitter_misc":{"\u00c9crit par":"St\u00e9phane Miget","Dur\u00e9e de lecture estim\u00e9e":"2 minutes"},"schema":{"@context":"https:\/\/schema.org","@graph":[{"@type":"Article","@id":"https:\/\/batijournal.com\/index.php\/facades-pulsatives\/91893\/#article","isPartOf":{"@id":"https:\/\/batijournal.com\/index.php\/facades-pulsatives\/91893\/"},"author":{"name":"St\u00e9phane Miget","@id":"https:\/\/batijournal.com\/#\/schema\/person\/1dc96ec6957aa1ccb25ebe78bb19f100"},"headline":"Fa\u00e7ades pulsatives","datePublished":"2016-03-25T06:00:46+00:00","dateModified":"2019-07-15T09:16:53+00:00","mainEntityOfPage":{"@id":"https:\/\/batijournal.com\/index.php\/facades-pulsatives\/91893\/"},"wordCount":395,"image":{"@id":"https:\/\/batijournal.com\/index.php\/facades-pulsatives\/91893\/#primaryimage"},"thumbnailUrl":"https:\/\/batijournal.com\/wp-content\/uploads\/2016\/03\/citroen.jpg","keywords":["garage","grand","immobilier","Lyon","prix","reconversion","r\u00e9habilitation","simi"],"articleSection":["Actualit\u00e9s","Architecture &amp; Conception","zz_Actualit\u00e9s - 5fa\u00e7ades"],"inLanguage":"fr-FR"},{"@type":"WebPage","@id":"https:\/\/batijournal.com\/index.php\/facades-pulsatives\/91893\/","url":"https:\/\/batijournal.com\/index.php\/facades-pulsatives\/91893\/","name":"Fa\u00e7ades pulsatives","isPartOf":{"@id":"https:\/\/batijournal.com\/#website"},"primaryImageOfPage":{"@id":"https:\/\/batijournal.com\/index.php\/facades-pulsatives\/91893\/#primaryimage"},"image":{"@id":"https:\/\/batijournal.com\/index.php\/facades-pulsatives\/91893\/#primaryimage"},"thumbnailUrl":"https:\/\/batijournal.com\/wp-content\/uploads\/2016\/03\/citroen.jpg","datePublished":"2016-03-25T06:00:46+00:00","dateModified":"2019-07-15T09:16:53+00:00","author":{"@id":"https:\/\/batijournal.com\/#\/schema\/person\/1dc96ec6957aa1ccb25ebe78bb19f100"},"breadcrumb":{"@id":"https:\/\/batijournal.com\/index.php\/facades-pulsatives\/91893\/#breadcrumb"},"inLanguage":"fr-FR","potentialAction":[{"@type":"ReadAction","target":["https:\/\/batijournal.com\/index.php\/facades-pulsatives\/91893\/"]}]},{"@type":"ImageObject","inLanguage":"fr-FR","@id":"https:\/\/batijournal.com\/index.php\/facades-pulsatives\/91893\/#primaryimage","url":"https:\/\/batijournal.com\/wp-content\/uploads\/2016\/03\/citroen.jpg","contentUrl":"https:\/\/batijournal.com\/wp-content\/uploads\/2016\/03\/citroen.jpg","width":4747,"height":3090,"caption":"garage, Citro\u00ebn, r\u00e9habilitation, reconversion"},{"@type":"BreadcrumbList","@id":"https:\/\/batijournal.com\/index.php\/facades-pulsatives\/91893\/#breadcrumb","itemListElement":[{"@type":"ListItem","position":1,"name":"Accueil","item":"https:\/\/batijournal.com\/"},{"@type":"ListItem","position":2,"name":"Actualit\u00e9s","item":"https:\/\/batijournal.com\/index.php\/category\/actualites\/"},{"@type":"ListItem","position":3,"name":"Fa\u00e7ades pulsatives"}]},{"@type":"WebSite","@id":"https:\/\/batijournal.com\/#website","url":"https:\/\/batijournal.com\/","name":"Batijournal","description":"L&#039;actualit\u00e9 du b\u00e2timent","potentialAction":[{"@type":"SearchAction","target":{"@type":"EntryPoint","urlTemplate":"https:\/\/batijournal.com\/?s={search_term_string}"},"query-input":{"@type":"PropertyValueSpecification","valueRequired":true,"valueName":"search_term_string"}}],"inLanguage":"fr-FR"},{"@type":"Person","@id":"https:\/\/batijournal.com\/#\/schema\/person\/1dc96ec6957aa1ccb25ebe78bb19f100","name":"St\u00e9phane Miget","image":{"@type":"ImageObject","inLanguage":"fr-FR","@id":"https:\/\/secure.gravatar.com\/avatar\/89915563d925342126b8ef0281b93d9d7fc337043e8df017f780908eb9644451?s=96&d=mm&r=g","url":"https:\/\/secure.gravatar.com\/avatar\/89915563d925342126b8ef0281b93d9d7fc337043e8df017f780908eb9644451?s=96&d=mm&r=g","contentUrl":"https:\/\/secure.gravatar.com\/avatar\/89915563d925342126b8ef0281b93d9d7fc337043e8df017f780908eb9644451?s=96&d=mm&r=g","caption":"St\u00e9phane Miget"},"url":"https:\/\/batijournal.com\/index.php\/author\/stephane\/"}]}},"_links":{"self":[{"href":"https:\/\/batijournal.com\/index.php\/wp-json\/wp\/v2\/posts\/91893","targetHints":{"allow":["GET"]}}],"collection":[{"href":"https:\/\/batijournal.com\/index.php\/wp-json\/wp\/v2\/posts"}],"about":[{"href":"https:\/\/batijournal.com\/index.php\/wp-json\/wp\/v2\/types\/post"}],"author":[{"embeddable":true,"href":"https:\/\/batijournal.com\/index.php\/wp-json\/wp\/v2\/users\/17"}],"replies":[{"embeddable":true,"href":"https:\/\/batijournal.com\/index.php\/wp-json\/wp\/v2\/comments?post=91893"}],"version-history":[{"count":0,"href":"https:\/\/batijournal.com\/index.php\/wp-json\/wp\/v2\/posts\/91893\/revisions"}],"wp:featuredmedia":[{"embeddable":true,"href":"https:\/\/batijournal.com\/index.php\/wp-json\/wp\/v2\/media\/91894"}],"wp:attachment":[{"href":"https:\/\/batijournal.com\/index.php\/wp-json\/wp\/v2\/media?parent=91893"}],"wp:term":[{"taxonomy":"category","embeddable":true,"href":"https:\/\/batijournal.com\/index.php\/wp-json\/wp\/v2\/categories?post=91893"},{"taxonomy":"post_tag","embeddable":true,"href":"https:\/\/batijournal.com\/index.php\/wp-json\/wp\/v2\/tags?post=91893"}],"curies":[{"name":"wp","href":"https:\/\/api.w.org\/{rel}","templated":true}]}}