{"id":91966,"date":"2016-04-05T07:00:07","date_gmt":"2016-04-05T05:00:07","guid":{"rendered":"http:\/\/batijournal.com\/?p=91966"},"modified":"2019-07-15T12:43:39","modified_gmt":"2019-07-15T10:43:39","slug":"facade-modulaire-double-peau","status":"publish","type":"post","link":"https:\/\/batijournal.com\/index.php\/facade-modulaire-double-peau\/91966\/","title":{"rendered":"Fa\u00e7ade modulaire double peau"},"content":{"rendered":"<p>La fa\u00e7ade CCF est compos\u00e9e de modules double peau \u00e0 cavit\u00e9 ferm\u00e9e et assure le contr\u00f4le automatique de la circulation et de la pression de l&rsquo;air sec. Dans chaque \u00e9l\u00e9ment constitu\u00e9 de deux parois \u00e9tanches (vitrage simple \u00e0 l&rsquo;ext.\u00a0; double ou triple vitrage \u00e0 l&rsquo;int.) et de stores int\u00e9gr\u00e9s entre les deux volumes verriers, deux volumes d&rsquo;air se m\u00e9langent\u00a0: l&rsquo;air humide infiltr\u00e9 se m\u00eale \u00e0 l&rsquo;air sec inject\u00e9 (conditionn\u00e9 par une unit\u00e9 centrale plac\u00e9e \u00e0 l&rsquo;ext\u00e9rieur du module)\u00a0; la temp\u00e9rature du volume d&rsquo;air m\u00e9lang\u00e9 sup\u00e9rieur \u00e0 la temp\u00e9rature de surface la plus froide \u00e0 l&rsquo;int\u00e9rieur de la cavit\u00e9 permet d&rsquo;\u00e9viter un point de ros\u00e9e trop faible et le ph\u00e9nom\u00e8ne de condensation. Taille minimale des modules CCF\u00a0: L 1 600 x h 1 910 mm\u00a0; taille maximale avec des angles arrondis\u00a0: L 2 150 x h 1 910 mm.<\/p>\n<p><span style=\"color: #000000;\">wicona.fr<\/span><\/p>\n","protected":false},"excerpt":{"rendered":"<p>La fa\u00e7ade CCF est compos\u00e9e de modules double peau \u00e0 cavit\u00e9 ferm\u00e9e et assure le contr\u00f4le automatique de la circulation et de la pression de l&rsquo;air sec. Dans chaque \u00e9l\u00e9ment constitu\u00e9 de deux parois \u00e9tanches (vitrage simple \u00e0 l&rsquo;ext.\u00a0; double ou triple vitrage \u00e0 l&rsquo;int.) et de stores int\u00e9gr\u00e9s entre les deux volumes verriers, deux [&hellip;]<\/p>\n","protected":false},"author":17,"featured_media":91967,"comment_status":"closed","ping_status":"closed","sticky":false,"template":"","format":"standard","meta":{"_et_pb_use_builder":"","_et_pb_old_content":"","_et_gb_content_width":"","footnotes":""},"categories":[6356,10774,10780],"tags":[1950,126,1200,3145,1826],"class_list":["post-91966","post","type-post","status-publish","format-standard","has-post-thumbnail","hentry","category-produits-solutions-techniques","category-produits-5facades","category-produits-planete","tag-double","tag-facade","tag-module","tag-peau","tag-wicona"],"yoast_head":"<!-- This site is optimized with the Yoast SEO plugin v27.4 - https:\/\/yoast.com\/product\/yoast-seo-wordpress\/ -->\n<title>Fa\u00e7ade modulaire double peau<\/title>\n<meta name=\"robots\" content=\"index, follow, max-snippet:-1, max-image-preview:large, max-video-preview:-1\" \/>\n<link rel=\"canonical\" href=\"https:\/\/batijournal.com\/index.php\/facade-modulaire-double-peau\/91966\/\" \/>\n<meta property=\"og:locale\" content=\"fr_FR\" \/>\n<meta property=\"og:type\" content=\"article\" \/>\n<meta property=\"og:title\" content=\"Fa\u00e7ade modulaire double peau\" \/>\n<meta property=\"og:description\" content=\"La fa\u00e7ade CCF est compos\u00e9e de modules double peau \u00e0 cavit\u00e9 ferm\u00e9e et assure le contr\u00f4le automatique de la circulation et de la pression de l&rsquo;air sec. Dans chaque \u00e9l\u00e9ment constitu\u00e9 de deux parois \u00e9tanches (vitrage simple \u00e0 l&rsquo;ext.\u00a0; double ou triple vitrage \u00e0 l&rsquo;int.) et de stores int\u00e9gr\u00e9s entre les deux volumes verriers, deux [&hellip;]\" \/>\n<meta property=\"og:url\" content=\"https:\/\/batijournal.com\/index.php\/facade-modulaire-double-peau\/91966\/\" \/>\n<meta property=\"og:site_name\" content=\"Batijournal\" \/>\n<meta property=\"article:published_time\" content=\"2016-04-05T05:00:07+00:00\" \/>\n<meta property=\"article:modified_time\" content=\"2019-07-15T10:43:39+00:00\" \/>\n<meta property=\"og:image\" content=\"https:\/\/batijournal.com\/wp-content\/uploads\/2016\/03\/WICONA_FACADE-CCF.jpg\" \/>\n\t<meta property=\"og:image:width\" content=\"2480\" \/>\n\t<meta property=\"og:image:height\" content=\"1754\" \/>\n\t<meta property=\"og:image:type\" content=\"image\/jpeg\" \/>\n<meta name=\"author\" content=\"St\u00e9phane Miget\" \/>\n<meta name=\"twitter:card\" content=\"summary_large_image\" \/>\n<meta name=\"twitter:creator\" content=\"@bati_journal\" \/>\n<meta name=\"twitter:site\" content=\"@bati_journal\" \/>\n<meta name=\"twitter:label1\" content=\"\u00c9crit par\" \/>\n\t<meta name=\"twitter:data1\" content=\"St\u00e9phane Miget\" \/>\n\t<meta name=\"twitter:label2\" content=\"Dur\u00e9e de lecture estim\u00e9e\" \/>\n\t<meta name=\"twitter:data2\" content=\"1 minute\" \/>\n<script type=\"application\/ld+json\" class=\"yoast-schema-graph\">{\"@context\":\"https:\\\/\\\/schema.org\",\"@graph\":[{\"@type\":\"Article\",\"@id\":\"https:\\\/\\\/batijournal.com\\\/index.php\\\/facade-modulaire-double-peau\\\/91966\\\/#article\",\"isPartOf\":{\"@id\":\"https:\\\/\\\/batijournal.com\\\/index.php\\\/facade-modulaire-double-peau\\\/91966\\\/\"},\"author\":{\"name\":\"St\u00e9phane Miget\",\"@id\":\"https:\\\/\\\/batijournal.com\\\/#\\\/schema\\\/person\\\/1dc96ec6957aa1ccb25ebe78bb19f100\"},\"headline\":\"Fa\u00e7ade modulaire double peau\",\"datePublished\":\"2016-04-05T05:00:07+00:00\",\"dateModified\":\"2019-07-15T10:43:39+00:00\",\"mainEntityOfPage\":{\"@id\":\"https:\\\/\\\/batijournal.com\\\/index.php\\\/facade-modulaire-double-peau\\\/91966\\\/\"},\"wordCount\":159,\"image\":{\"@id\":\"https:\\\/\\\/batijournal.com\\\/index.php\\\/facade-modulaire-double-peau\\\/91966\\\/#primaryimage\"},\"thumbnailUrl\":\"https:\\\/\\\/batijournal.com\\\/wp-content\\\/uploads\\\/2016\\\/03\\\/WICONA_FACADE-CCF.jpg\",\"keywords\":[\"double\",\"fa\u00e7ade\",\"module\",\"peau\",\"Wicona\"],\"articleSection\":[\"Produits &amp; Solutions techniques\",\"zz_Nouveaut\u00e9s Produits - 5fa\u00e7ades\",\"zz_Produits - Plan\u00e8te\"],\"inLanguage\":\"fr-FR\"},{\"@type\":\"WebPage\",\"@id\":\"https:\\\/\\\/batijournal.com\\\/index.php\\\/facade-modulaire-double-peau\\\/91966\\\/\",\"url\":\"https:\\\/\\\/batijournal.com\\\/index.php\\\/facade-modulaire-double-peau\\\/91966\\\/\",\"name\":\"Fa\u00e7ade modulaire double peau\",\"isPartOf\":{\"@id\":\"https:\\\/\\\/batijournal.com\\\/#website\"},\"primaryImageOfPage\":{\"@id\":\"https:\\\/\\\/batijournal.com\\\/index.php\\\/facade-modulaire-double-peau\\\/91966\\\/#primaryimage\"},\"image\":{\"@id\":\"https:\\\/\\\/batijournal.com\\\/index.php\\\/facade-modulaire-double-peau\\\/91966\\\/#primaryimage\"},\"thumbnailUrl\":\"https:\\\/\\\/batijournal.com\\\/wp-content\\\/uploads\\\/2016\\\/03\\\/WICONA_FACADE-CCF.jpg\",\"datePublished\":\"2016-04-05T05:00:07+00:00\",\"dateModified\":\"2019-07-15T10:43:39+00:00\",\"author\":{\"@id\":\"https:\\\/\\\/batijournal.com\\\/#\\\/schema\\\/person\\\/1dc96ec6957aa1ccb25ebe78bb19f100\"},\"breadcrumb\":{\"@id\":\"https:\\\/\\\/batijournal.com\\\/index.php\\\/facade-modulaire-double-peau\\\/91966\\\/#breadcrumb\"},\"inLanguage\":\"fr-FR\",\"potentialAction\":[{\"@type\":\"ReadAction\",\"target\":[\"https:\\\/\\\/batijournal.com\\\/index.php\\\/facade-modulaire-double-peau\\\/91966\\\/\"]}]},{\"@type\":\"ImageObject\",\"inLanguage\":\"fr-FR\",\"@id\":\"https:\\\/\\\/batijournal.com\\\/index.php\\\/facade-modulaire-double-peau\\\/91966\\\/#primaryimage\",\"url\":\"https:\\\/\\\/batijournal.com\\\/wp-content\\\/uploads\\\/2016\\\/03\\\/WICONA_FACADE-CCF.jpg\",\"contentUrl\":\"https:\\\/\\\/batijournal.com\\\/wp-content\\\/uploads\\\/2016\\\/03\\\/WICONA_FACADE-CCF.jpg\",\"width\":2480,\"height\":1754,\"caption\":\"Wicona, fa\u00e7ade, CCF\"},{\"@type\":\"BreadcrumbList\",\"@id\":\"https:\\\/\\\/batijournal.com\\\/index.php\\\/facade-modulaire-double-peau\\\/91966\\\/#breadcrumb\",\"itemListElement\":[{\"@type\":\"ListItem\",\"position\":1,\"name\":\"Accueil\",\"item\":\"https:\\\/\\\/batijournal.com\\\/\"},{\"@type\":\"ListItem\",\"position\":2,\"name\":\"zz_5fa\u00e7ades\",\"item\":\"https:\\\/\\\/batijournal.com\\\/index.php\\\/category\\\/5facades\\\/\"},{\"@type\":\"ListItem\",\"position\":3,\"name\":\"zz_Nouveaut\u00e9s Produits - 5fa\u00e7ades\",\"item\":\"https:\\\/\\\/batijournal.com\\\/index.php\\\/category\\\/5facades\\\/produits-5facades\\\/\"},{\"@type\":\"ListItem\",\"position\":4,\"name\":\"Fa\u00e7ade modulaire double peau\"}]},{\"@type\":\"WebSite\",\"@id\":\"https:\\\/\\\/batijournal.com\\\/#website\",\"url\":\"https:\\\/\\\/batijournal.com\\\/\",\"name\":\"Batijournal\",\"description\":\"L&#039;actualit\u00e9 du b\u00e2timent\",\"potentialAction\":[{\"@type\":\"SearchAction\",\"target\":{\"@type\":\"EntryPoint\",\"urlTemplate\":\"https:\\\/\\\/batijournal.com\\\/?s={search_term_string}\"},\"query-input\":{\"@type\":\"PropertyValueSpecification\",\"valueRequired\":true,\"valueName\":\"search_term_string\"}}],\"inLanguage\":\"fr-FR\"},{\"@type\":\"Person\",\"@id\":\"https:\\\/\\\/batijournal.com\\\/#\\\/schema\\\/person\\\/1dc96ec6957aa1ccb25ebe78bb19f100\",\"name\":\"St\u00e9phane Miget\",\"image\":{\"@type\":\"ImageObject\",\"inLanguage\":\"fr-FR\",\"@id\":\"https:\\\/\\\/secure.gravatar.com\\\/avatar\\\/89915563d925342126b8ef0281b93d9d7fc337043e8df017f780908eb9644451?s=96&d=mm&r=g\",\"url\":\"https:\\\/\\\/secure.gravatar.com\\\/avatar\\\/89915563d925342126b8ef0281b93d9d7fc337043e8df017f780908eb9644451?s=96&d=mm&r=g\",\"contentUrl\":\"https:\\\/\\\/secure.gravatar.com\\\/avatar\\\/89915563d925342126b8ef0281b93d9d7fc337043e8df017f780908eb9644451?s=96&d=mm&r=g\",\"caption\":\"St\u00e9phane Miget\"},\"url\":\"https:\\\/\\\/batijournal.com\\\/index.php\\\/author\\\/stephane\\\/\"}]}<\/script>\n<!-- \/ Yoast SEO plugin. -->","yoast_head_json":{"title":"Fa\u00e7ade modulaire double peau","robots":{"index":"index","follow":"follow","max-snippet":"max-snippet:-1","max-image-preview":"max-image-preview:large","max-video-preview":"max-video-preview:-1"},"canonical":"https:\/\/batijournal.com\/index.php\/facade-modulaire-double-peau\/91966\/","og_locale":"fr_FR","og_type":"article","og_title":"Fa\u00e7ade modulaire double peau","og_description":"La fa\u00e7ade CCF est compos\u00e9e de modules double peau \u00e0 cavit\u00e9 ferm\u00e9e et assure le contr\u00f4le automatique de la circulation et de la pression de l&rsquo;air sec. Dans chaque \u00e9l\u00e9ment constitu\u00e9 de deux parois \u00e9tanches (vitrage simple \u00e0 l&rsquo;ext.\u00a0; double ou triple vitrage \u00e0 l&rsquo;int.) et de stores int\u00e9gr\u00e9s entre les deux volumes verriers, deux [&hellip;]","og_url":"https:\/\/batijournal.com\/index.php\/facade-modulaire-double-peau\/91966\/","og_site_name":"Batijournal","article_published_time":"2016-04-05T05:00:07+00:00","article_modified_time":"2019-07-15T10:43:39+00:00","og_image":[{"width":2480,"height":1754,"url":"https:\/\/batijournal.com\/wp-content\/uploads\/2016\/03\/WICONA_FACADE-CCF.jpg","type":"image\/jpeg"}],"author":"St\u00e9phane Miget","twitter_card":"summary_large_image","twitter_creator":"@bati_journal","twitter_site":"@bati_journal","twitter_misc":{"\u00c9crit par":"St\u00e9phane Miget","Dur\u00e9e de lecture estim\u00e9e":"1 minute"},"schema":{"@context":"https:\/\/schema.org","@graph":[{"@type":"Article","@id":"https:\/\/batijournal.com\/index.php\/facade-modulaire-double-peau\/91966\/#article","isPartOf":{"@id":"https:\/\/batijournal.com\/index.php\/facade-modulaire-double-peau\/91966\/"},"author":{"name":"St\u00e9phane Miget","@id":"https:\/\/batijournal.com\/#\/schema\/person\/1dc96ec6957aa1ccb25ebe78bb19f100"},"headline":"Fa\u00e7ade modulaire double peau","datePublished":"2016-04-05T05:00:07+00:00","dateModified":"2019-07-15T10:43:39+00:00","mainEntityOfPage":{"@id":"https:\/\/batijournal.com\/index.php\/facade-modulaire-double-peau\/91966\/"},"wordCount":159,"image":{"@id":"https:\/\/batijournal.com\/index.php\/facade-modulaire-double-peau\/91966\/#primaryimage"},"thumbnailUrl":"https:\/\/batijournal.com\/wp-content\/uploads\/2016\/03\/WICONA_FACADE-CCF.jpg","keywords":["double","fa\u00e7ade","module","peau","Wicona"],"articleSection":["Produits &amp; Solutions techniques","zz_Nouveaut\u00e9s Produits - 5fa\u00e7ades","zz_Produits - Plan\u00e8te"],"inLanguage":"fr-FR"},{"@type":"WebPage","@id":"https:\/\/batijournal.com\/index.php\/facade-modulaire-double-peau\/91966\/","url":"https:\/\/batijournal.com\/index.php\/facade-modulaire-double-peau\/91966\/","name":"Fa\u00e7ade modulaire double peau","isPartOf":{"@id":"https:\/\/batijournal.com\/#website"},"primaryImageOfPage":{"@id":"https:\/\/batijournal.com\/index.php\/facade-modulaire-double-peau\/91966\/#primaryimage"},"image":{"@id":"https:\/\/batijournal.com\/index.php\/facade-modulaire-double-peau\/91966\/#primaryimage"},"thumbnailUrl":"https:\/\/batijournal.com\/wp-content\/uploads\/2016\/03\/WICONA_FACADE-CCF.jpg","datePublished":"2016-04-05T05:00:07+00:00","dateModified":"2019-07-15T10:43:39+00:00","author":{"@id":"https:\/\/batijournal.com\/#\/schema\/person\/1dc96ec6957aa1ccb25ebe78bb19f100"},"breadcrumb":{"@id":"https:\/\/batijournal.com\/index.php\/facade-modulaire-double-peau\/91966\/#breadcrumb"},"inLanguage":"fr-FR","potentialAction":[{"@type":"ReadAction","target":["https:\/\/batijournal.com\/index.php\/facade-modulaire-double-peau\/91966\/"]}]},{"@type":"ImageObject","inLanguage":"fr-FR","@id":"https:\/\/batijournal.com\/index.php\/facade-modulaire-double-peau\/91966\/#primaryimage","url":"https:\/\/batijournal.com\/wp-content\/uploads\/2016\/03\/WICONA_FACADE-CCF.jpg","contentUrl":"https:\/\/batijournal.com\/wp-content\/uploads\/2016\/03\/WICONA_FACADE-CCF.jpg","width":2480,"height":1754,"caption":"Wicona, fa\u00e7ade, CCF"},{"@type":"BreadcrumbList","@id":"https:\/\/batijournal.com\/index.php\/facade-modulaire-double-peau\/91966\/#breadcrumb","itemListElement":[{"@type":"ListItem","position":1,"name":"Accueil","item":"https:\/\/batijournal.com\/"},{"@type":"ListItem","position":2,"name":"zz_5fa\u00e7ades","item":"https:\/\/batijournal.com\/index.php\/category\/5facades\/"},{"@type":"ListItem","position":3,"name":"zz_Nouveaut\u00e9s Produits - 5fa\u00e7ades","item":"https:\/\/batijournal.com\/index.php\/category\/5facades\/produits-5facades\/"},{"@type":"ListItem","position":4,"name":"Fa\u00e7ade modulaire double peau"}]},{"@type":"WebSite","@id":"https:\/\/batijournal.com\/#website","url":"https:\/\/batijournal.com\/","name":"Batijournal","description":"L&#039;actualit\u00e9 du b\u00e2timent","potentialAction":[{"@type":"SearchAction","target":{"@type":"EntryPoint","urlTemplate":"https:\/\/batijournal.com\/?s={search_term_string}"},"query-input":{"@type":"PropertyValueSpecification","valueRequired":true,"valueName":"search_term_string"}}],"inLanguage":"fr-FR"},{"@type":"Person","@id":"https:\/\/batijournal.com\/#\/schema\/person\/1dc96ec6957aa1ccb25ebe78bb19f100","name":"St\u00e9phane Miget","image":{"@type":"ImageObject","inLanguage":"fr-FR","@id":"https:\/\/secure.gravatar.com\/avatar\/89915563d925342126b8ef0281b93d9d7fc337043e8df017f780908eb9644451?s=96&d=mm&r=g","url":"https:\/\/secure.gravatar.com\/avatar\/89915563d925342126b8ef0281b93d9d7fc337043e8df017f780908eb9644451?s=96&d=mm&r=g","contentUrl":"https:\/\/secure.gravatar.com\/avatar\/89915563d925342126b8ef0281b93d9d7fc337043e8df017f780908eb9644451?s=96&d=mm&r=g","caption":"St\u00e9phane Miget"},"url":"https:\/\/batijournal.com\/index.php\/author\/stephane\/"}]}},"_links":{"self":[{"href":"https:\/\/batijournal.com\/index.php\/wp-json\/wp\/v2\/posts\/91966","targetHints":{"allow":["GET"]}}],"collection":[{"href":"https:\/\/batijournal.com\/index.php\/wp-json\/wp\/v2\/posts"}],"about":[{"href":"https:\/\/batijournal.com\/index.php\/wp-json\/wp\/v2\/types\/post"}],"author":[{"embeddable":true,"href":"https:\/\/batijournal.com\/index.php\/wp-json\/wp\/v2\/users\/17"}],"replies":[{"embeddable":true,"href":"https:\/\/batijournal.com\/index.php\/wp-json\/wp\/v2\/comments?post=91966"}],"version-history":[{"count":0,"href":"https:\/\/batijournal.com\/index.php\/wp-json\/wp\/v2\/posts\/91966\/revisions"}],"wp:featuredmedia":[{"embeddable":true,"href":"https:\/\/batijournal.com\/index.php\/wp-json\/wp\/v2\/media\/91967"}],"wp:attachment":[{"href":"https:\/\/batijournal.com\/index.php\/wp-json\/wp\/v2\/media?parent=91966"}],"wp:term":[{"taxonomy":"category","embeddable":true,"href":"https:\/\/batijournal.com\/index.php\/wp-json\/wp\/v2\/categories?post=91966"},{"taxonomy":"post_tag","embeddable":true,"href":"https:\/\/batijournal.com\/index.php\/wp-json\/wp\/v2\/tags?post=91966"}],"curies":[{"name":"wp","href":"https:\/\/api.w.org\/{rel}","templated":true}]}}