{"id":92002,"date":"2016-03-29T18:18:02","date_gmt":"2016-03-29T16:18:02","guid":{"rendered":"http:\/\/batijournal.com\/?p=92002"},"modified":"2019-07-15T12:07:20","modified_gmt":"2019-07-15T10:07:20","slug":"plan-500-000-formations-supplementaires-se-deploie-aquitaine","status":"publish","type":"post","link":"https:\/\/batijournal.com\/index.php\/plan-500-000-formations-supplementaires-se-deploie-aquitaine\/92002\/","title":{"rendered":"Le Plan 500 000 formations suppl\u00e9mentaires se d\u00e9ploie en Aquitaine"},"content":{"rendered":"<p><strong>Myriam El Khomri et Clotilde Valter ont continu\u00e9 le tour des r\u00e9gions de France qui souhaitent s\u2019engager dans le partenariat dynamique du Plan 500 000 formations au b\u00e9n\u00e9fice des personnes en recherche d\u2019emploi. Les R\u00e9gions volontaires assurent la coordination de la mise en \u0153uvre territoriale du plan, sous r\u00e9serve qu\u2019elles s\u2019engagent \u00e0 maintenir leur effort propre en faveur de la formation des personnes en recherche d\u2019emploi, au niveau de ce qui a \u00e9t\u00e9 accompli en 2015. L\u2019effort suppl\u00e9mentaire est compens\u00e9 par l\u2019\u00c9tat.<\/strong><\/p>\n<p>Le Plan 500 000 formations suppl\u00e9mentaires s\u2019articule autour de trois objectifs :<\/p>\n<ul>\n<li>porter en 2016 le nombre d\u2019actions de formation au b\u00e9n\u00e9fice des personnes en recherche d\u2019emploi \u00e0 hauteur de 1 million, ce qui repr\u00e9sente un doublement par rapport \u00e0 2015 ;<\/li>\n<li>r\u00e9aliser 300 000 de ces formations prioritairement pour les demandeurs d\u2019emploi peu ou pas qualifi\u00e9s et de longue dur\u00e9e, qui sont les plus durement frapp\u00e9s par le ch\u00f4mage ;<\/li>\n<li>pr\u00e9parer l\u2019avenir par le d\u00e9veloppement de formations aux nouveaux m\u00e9tiers, li\u00e9s \u00e0 la transition \u00e9nerg\u00e9tique ou \u00e0 la transformation num\u00e9rique par exemple.<\/li>\n<\/ul>\n<p>Vendredi 25 mars, la\u00a0ministre du Travail s\u2019est rendue \u00e0 Bordeaux pour la signature de la convention r\u00e9gionale Aquitaine Limousin Poitou-Charentes du Plan 500 000 formations suppl\u00e9mentaires. Elle a \u00e9t\u00e9 sign\u00e9e par M. Alain ROUSSET, Pr\u00e9sident de la R\u00e9gion Aquitaine Limousin Poitou-Charentes, par M. Pierre DARTOUT, pr\u00e9fet de la r\u00e9gion Aquitaine Limousin Poitou-Charentes, pr\u00e9fet de la Gironde et par M. Michel GAUSSENS et M. Olivier CHABOT, co-pr\u00e9sidents du Comit\u00e9 Paritaire Interprofessionnel R\u00e9gional pour l\u2019Emploi et la Formation professionnelle (COPAREF). Le conseil r\u00e9gional va coordonner la r\u00e9alisation de 26 777 formations suppl\u00e9mentaires en 2016 par rapport \u00e0 2015. Ces actions de formation seront financ\u00e9es par une dotation de l\u2019\u00c9tat de 80,33 millions d\u2019euros \u00e0 laquelle devrait s\u2019ajouter une contribution du Fonds Paritaire de S\u00e9curisation des Parcours Professionnels de 17,92 millions d\u2019euros. Un plan qui peut changer la donne car 29 % des demandeurs d\u2019emploi en r\u00e9gion Aquitaine Limousin Poitou-Charentes sont peu qualifi\u00e9s. L\u2019enjeu de la convention est l\u00e0 : permettre aux demandeurs d\u2019emploi d\u2019acqu\u00e9rir de nouvelles comp\u00e9tences pour faciliter leur retour vers l\u2019emploi.<\/p>\n","protected":false},"excerpt":{"rendered":"<p>Myriam El Khomri et Clotilde Valter ont continu\u00e9 le tour des r\u00e9gions de France qui souhaitent s\u2019engager dans le partenariat dynamique du Plan 500 000 formations au b\u00e9n\u00e9fice des personnes en recherche d\u2019emploi. Les R\u00e9gions volontaires assurent la coordination de la mise en \u0153uvre territoriale du plan, sous r\u00e9serve qu\u2019elles s\u2019engagent \u00e0 maintenir leur effort [&hellip;]<\/p>\n","protected":false},"author":17,"featured_media":0,"comment_status":"closed","ping_status":"closed","sticky":false,"template":"","format":"standard","meta":{"_et_pb_use_builder":"","_et_pb_old_content":"","_et_gb_content_width":"","footnotes":""},"categories":[6345],"tags":[517],"class_list":["post-92002","post","type-post","status-publish","format-standard","hentry","category-economie-marches","tag-formation"],"yoast_head":"<!-- This site is optimized with the Yoast SEO plugin v27.4 - https:\/\/yoast.com\/product\/yoast-seo-wordpress\/ -->\n<title>Le Plan 500 000 formations suppl\u00e9mentaires se d\u00e9ploie en Aquitaine<\/title>\n<meta name=\"robots\" content=\"index, follow, max-snippet:-1, max-image-preview:large, max-video-preview:-1\" \/>\n<link rel=\"canonical\" href=\"https:\/\/batijournal.com\/index.php\/plan-500-000-formations-supplementaires-se-deploie-aquitaine\/92002\/\" \/>\n<meta property=\"og:locale\" content=\"fr_FR\" \/>\n<meta property=\"og:type\" content=\"article\" \/>\n<meta property=\"og:title\" content=\"Le Plan 500 000 formations suppl\u00e9mentaires se d\u00e9ploie en Aquitaine\" \/>\n<meta property=\"og:description\" content=\"Myriam El Khomri et Clotilde Valter ont continu\u00e9 le tour des r\u00e9gions de France qui souhaitent s\u2019engager dans le partenariat dynamique du Plan 500 000 formations au b\u00e9n\u00e9fice des personnes en recherche d\u2019emploi. Les R\u00e9gions volontaires assurent la coordination de la mise en \u0153uvre territoriale du plan, sous r\u00e9serve qu\u2019elles s\u2019engagent \u00e0 maintenir leur effort [&hellip;]\" \/>\n<meta property=\"og:url\" content=\"https:\/\/batijournal.com\/index.php\/plan-500-000-formations-supplementaires-se-deploie-aquitaine\/92002\/\" \/>\n<meta property=\"og:site_name\" content=\"Batijournal\" \/>\n<meta property=\"article:published_time\" content=\"2016-03-29T16:18:02+00:00\" \/>\n<meta property=\"article:modified_time\" content=\"2019-07-15T10:07:20+00:00\" \/>\n<meta name=\"author\" content=\"St\u00e9phane Miget\" \/>\n<meta name=\"twitter:card\" content=\"summary_large_image\" \/>\n<meta name=\"twitter:creator\" content=\"@bati_journal\" \/>\n<meta name=\"twitter:site\" content=\"@bati_journal\" \/>\n<meta name=\"twitter:label1\" content=\"\u00c9crit par\" \/>\n\t<meta name=\"twitter:data1\" content=\"St\u00e9phane Miget\" \/>\n\t<meta name=\"twitter:label2\" content=\"Dur\u00e9e de lecture estim\u00e9e\" \/>\n\t<meta name=\"twitter:data2\" content=\"2 minutes\" \/>\n<script type=\"application\/ld+json\" class=\"yoast-schema-graph\">{\"@context\":\"https:\\\/\\\/schema.org\",\"@graph\":[{\"@type\":\"Article\",\"@id\":\"https:\\\/\\\/batijournal.com\\\/index.php\\\/plan-500-000-formations-supplementaires-se-deploie-aquitaine\\\/92002\\\/#article\",\"isPartOf\":{\"@id\":\"https:\\\/\\\/batijournal.com\\\/index.php\\\/plan-500-000-formations-supplementaires-se-deploie-aquitaine\\\/92002\\\/\"},\"author\":{\"name\":\"St\u00e9phane Miget\",\"@id\":\"https:\\\/\\\/batijournal.com\\\/#\\\/schema\\\/person\\\/1dc96ec6957aa1ccb25ebe78bb19f100\"},\"headline\":\"Le Plan 500 000 formations suppl\u00e9mentaires se d\u00e9ploie en Aquitaine\",\"datePublished\":\"2016-03-29T16:18:02+00:00\",\"dateModified\":\"2019-07-15T10:07:20+00:00\",\"mainEntityOfPage\":{\"@id\":\"https:\\\/\\\/batijournal.com\\\/index.php\\\/plan-500-000-formations-supplementaires-se-deploie-aquitaine\\\/92002\\\/\"},\"wordCount\":387,\"keywords\":[\"formation\"],\"articleSection\":[\"\u00c9conomie &amp; March\u00e9s\"],\"inLanguage\":\"fr-FR\"},{\"@type\":\"WebPage\",\"@id\":\"https:\\\/\\\/batijournal.com\\\/index.php\\\/plan-500-000-formations-supplementaires-se-deploie-aquitaine\\\/92002\\\/\",\"url\":\"https:\\\/\\\/batijournal.com\\\/index.php\\\/plan-500-000-formations-supplementaires-se-deploie-aquitaine\\\/92002\\\/\",\"name\":\"Le Plan 500 000 formations suppl\u00e9mentaires se d\u00e9ploie en Aquitaine\",\"isPartOf\":{\"@id\":\"https:\\\/\\\/batijournal.com\\\/#website\"},\"datePublished\":\"2016-03-29T16:18:02+00:00\",\"dateModified\":\"2019-07-15T10:07:20+00:00\",\"author\":{\"@id\":\"https:\\\/\\\/batijournal.com\\\/#\\\/schema\\\/person\\\/1dc96ec6957aa1ccb25ebe78bb19f100\"},\"breadcrumb\":{\"@id\":\"https:\\\/\\\/batijournal.com\\\/index.php\\\/plan-500-000-formations-supplementaires-se-deploie-aquitaine\\\/92002\\\/#breadcrumb\"},\"inLanguage\":\"fr-FR\",\"potentialAction\":[{\"@type\":\"ReadAction\",\"target\":[\"https:\\\/\\\/batijournal.com\\\/index.php\\\/plan-500-000-formations-supplementaires-se-deploie-aquitaine\\\/92002\\\/\"]}]},{\"@type\":\"BreadcrumbList\",\"@id\":\"https:\\\/\\\/batijournal.com\\\/index.php\\\/plan-500-000-formations-supplementaires-se-deploie-aquitaine\\\/92002\\\/#breadcrumb\",\"itemListElement\":[{\"@type\":\"ListItem\",\"position\":1,\"name\":\"Accueil\",\"item\":\"https:\\\/\\\/batijournal.com\\\/\"},{\"@type\":\"ListItem\",\"position\":2,\"name\":\"Actualit\u00e9s\",\"item\":\"https:\\\/\\\/batijournal.com\\\/index.php\\\/category\\\/actualites\\\/\"},{\"@type\":\"ListItem\",\"position\":3,\"name\":\"\u00c9conomie &amp; March\u00e9s\",\"item\":\"https:\\\/\\\/batijournal.com\\\/index.php\\\/category\\\/actualites\\\/economie-marches\\\/\"},{\"@type\":\"ListItem\",\"position\":4,\"name\":\"Le Plan 500 000 formations suppl\u00e9mentaires se d\u00e9ploie en Aquitaine\"}]},{\"@type\":\"WebSite\",\"@id\":\"https:\\\/\\\/batijournal.com\\\/#website\",\"url\":\"https:\\\/\\\/batijournal.com\\\/\",\"name\":\"Batijournal\",\"description\":\"L&#039;actualit\u00e9 du b\u00e2timent\",\"potentialAction\":[{\"@type\":\"SearchAction\",\"target\":{\"@type\":\"EntryPoint\",\"urlTemplate\":\"https:\\\/\\\/batijournal.com\\\/?s={search_term_string}\"},\"query-input\":{\"@type\":\"PropertyValueSpecification\",\"valueRequired\":true,\"valueName\":\"search_term_string\"}}],\"inLanguage\":\"fr-FR\"},{\"@type\":\"Person\",\"@id\":\"https:\\\/\\\/batijournal.com\\\/#\\\/schema\\\/person\\\/1dc96ec6957aa1ccb25ebe78bb19f100\",\"name\":\"St\u00e9phane Miget\",\"image\":{\"@type\":\"ImageObject\",\"inLanguage\":\"fr-FR\",\"@id\":\"https:\\\/\\\/secure.gravatar.com\\\/avatar\\\/89915563d925342126b8ef0281b93d9d7fc337043e8df017f780908eb9644451?s=96&d=mm&r=g\",\"url\":\"https:\\\/\\\/secure.gravatar.com\\\/avatar\\\/89915563d925342126b8ef0281b93d9d7fc337043e8df017f780908eb9644451?s=96&d=mm&r=g\",\"contentUrl\":\"https:\\\/\\\/secure.gravatar.com\\\/avatar\\\/89915563d925342126b8ef0281b93d9d7fc337043e8df017f780908eb9644451?s=96&d=mm&r=g\",\"caption\":\"St\u00e9phane Miget\"},\"url\":\"https:\\\/\\\/batijournal.com\\\/index.php\\\/author\\\/stephane\\\/\"}]}<\/script>\n<!-- \/ Yoast SEO plugin. -->","yoast_head_json":{"title":"Le Plan 500 000 formations suppl\u00e9mentaires se d\u00e9ploie en Aquitaine","robots":{"index":"index","follow":"follow","max-snippet":"max-snippet:-1","max-image-preview":"max-image-preview:large","max-video-preview":"max-video-preview:-1"},"canonical":"https:\/\/batijournal.com\/index.php\/plan-500-000-formations-supplementaires-se-deploie-aquitaine\/92002\/","og_locale":"fr_FR","og_type":"article","og_title":"Le Plan 500 000 formations suppl\u00e9mentaires se d\u00e9ploie en Aquitaine","og_description":"Myriam El Khomri et Clotilde Valter ont continu\u00e9 le tour des r\u00e9gions de France qui souhaitent s\u2019engager dans le partenariat dynamique du Plan 500 000 formations au b\u00e9n\u00e9fice des personnes en recherche d\u2019emploi. Les R\u00e9gions volontaires assurent la coordination de la mise en \u0153uvre territoriale du plan, sous r\u00e9serve qu\u2019elles s\u2019engagent \u00e0 maintenir leur effort [&hellip;]","og_url":"https:\/\/batijournal.com\/index.php\/plan-500-000-formations-supplementaires-se-deploie-aquitaine\/92002\/","og_site_name":"Batijournal","article_published_time":"2016-03-29T16:18:02+00:00","article_modified_time":"2019-07-15T10:07:20+00:00","author":"St\u00e9phane Miget","twitter_card":"summary_large_image","twitter_creator":"@bati_journal","twitter_site":"@bati_journal","twitter_misc":{"\u00c9crit par":"St\u00e9phane Miget","Dur\u00e9e de lecture estim\u00e9e":"2 minutes"},"schema":{"@context":"https:\/\/schema.org","@graph":[{"@type":"Article","@id":"https:\/\/batijournal.com\/index.php\/plan-500-000-formations-supplementaires-se-deploie-aquitaine\/92002\/#article","isPartOf":{"@id":"https:\/\/batijournal.com\/index.php\/plan-500-000-formations-supplementaires-se-deploie-aquitaine\/92002\/"},"author":{"name":"St\u00e9phane Miget","@id":"https:\/\/batijournal.com\/#\/schema\/person\/1dc96ec6957aa1ccb25ebe78bb19f100"},"headline":"Le Plan 500 000 formations suppl\u00e9mentaires se d\u00e9ploie en Aquitaine","datePublished":"2016-03-29T16:18:02+00:00","dateModified":"2019-07-15T10:07:20+00:00","mainEntityOfPage":{"@id":"https:\/\/batijournal.com\/index.php\/plan-500-000-formations-supplementaires-se-deploie-aquitaine\/92002\/"},"wordCount":387,"keywords":["formation"],"articleSection":["\u00c9conomie &amp; March\u00e9s"],"inLanguage":"fr-FR"},{"@type":"WebPage","@id":"https:\/\/batijournal.com\/index.php\/plan-500-000-formations-supplementaires-se-deploie-aquitaine\/92002\/","url":"https:\/\/batijournal.com\/index.php\/plan-500-000-formations-supplementaires-se-deploie-aquitaine\/92002\/","name":"Le Plan 500 000 formations suppl\u00e9mentaires se d\u00e9ploie en Aquitaine","isPartOf":{"@id":"https:\/\/batijournal.com\/#website"},"datePublished":"2016-03-29T16:18:02+00:00","dateModified":"2019-07-15T10:07:20+00:00","author":{"@id":"https:\/\/batijournal.com\/#\/schema\/person\/1dc96ec6957aa1ccb25ebe78bb19f100"},"breadcrumb":{"@id":"https:\/\/batijournal.com\/index.php\/plan-500-000-formations-supplementaires-se-deploie-aquitaine\/92002\/#breadcrumb"},"inLanguage":"fr-FR","potentialAction":[{"@type":"ReadAction","target":["https:\/\/batijournal.com\/index.php\/plan-500-000-formations-supplementaires-se-deploie-aquitaine\/92002\/"]}]},{"@type":"BreadcrumbList","@id":"https:\/\/batijournal.com\/index.php\/plan-500-000-formations-supplementaires-se-deploie-aquitaine\/92002\/#breadcrumb","itemListElement":[{"@type":"ListItem","position":1,"name":"Accueil","item":"https:\/\/batijournal.com\/"},{"@type":"ListItem","position":2,"name":"Actualit\u00e9s","item":"https:\/\/batijournal.com\/index.php\/category\/actualites\/"},{"@type":"ListItem","position":3,"name":"\u00c9conomie &amp; March\u00e9s","item":"https:\/\/batijournal.com\/index.php\/category\/actualites\/economie-marches\/"},{"@type":"ListItem","position":4,"name":"Le Plan 500 000 formations suppl\u00e9mentaires se d\u00e9ploie en Aquitaine"}]},{"@type":"WebSite","@id":"https:\/\/batijournal.com\/#website","url":"https:\/\/batijournal.com\/","name":"Batijournal","description":"L&#039;actualit\u00e9 du b\u00e2timent","potentialAction":[{"@type":"SearchAction","target":{"@type":"EntryPoint","urlTemplate":"https:\/\/batijournal.com\/?s={search_term_string}"},"query-input":{"@type":"PropertyValueSpecification","valueRequired":true,"valueName":"search_term_string"}}],"inLanguage":"fr-FR"},{"@type":"Person","@id":"https:\/\/batijournal.com\/#\/schema\/person\/1dc96ec6957aa1ccb25ebe78bb19f100","name":"St\u00e9phane Miget","image":{"@type":"ImageObject","inLanguage":"fr-FR","@id":"https:\/\/secure.gravatar.com\/avatar\/89915563d925342126b8ef0281b93d9d7fc337043e8df017f780908eb9644451?s=96&d=mm&r=g","url":"https:\/\/secure.gravatar.com\/avatar\/89915563d925342126b8ef0281b93d9d7fc337043e8df017f780908eb9644451?s=96&d=mm&r=g","contentUrl":"https:\/\/secure.gravatar.com\/avatar\/89915563d925342126b8ef0281b93d9d7fc337043e8df017f780908eb9644451?s=96&d=mm&r=g","caption":"St\u00e9phane Miget"},"url":"https:\/\/batijournal.com\/index.php\/author\/stephane\/"}]}},"_links":{"self":[{"href":"https:\/\/batijournal.com\/index.php\/wp-json\/wp\/v2\/posts\/92002","targetHints":{"allow":["GET"]}}],"collection":[{"href":"https:\/\/batijournal.com\/index.php\/wp-json\/wp\/v2\/posts"}],"about":[{"href":"https:\/\/batijournal.com\/index.php\/wp-json\/wp\/v2\/types\/post"}],"author":[{"embeddable":true,"href":"https:\/\/batijournal.com\/index.php\/wp-json\/wp\/v2\/users\/17"}],"replies":[{"embeddable":true,"href":"https:\/\/batijournal.com\/index.php\/wp-json\/wp\/v2\/comments?post=92002"}],"version-history":[{"count":0,"href":"https:\/\/batijournal.com\/index.php\/wp-json\/wp\/v2\/posts\/92002\/revisions"}],"wp:attachment":[{"href":"https:\/\/batijournal.com\/index.php\/wp-json\/wp\/v2\/media?parent=92002"}],"wp:term":[{"taxonomy":"category","embeddable":true,"href":"https:\/\/batijournal.com\/index.php\/wp-json\/wp\/v2\/categories?post=92002"},{"taxonomy":"post_tag","embeddable":true,"href":"https:\/\/batijournal.com\/index.php\/wp-json\/wp\/v2\/tags?post=92002"}],"curies":[{"name":"wp","href":"https:\/\/api.w.org\/{rel}","templated":true}]}}