{"id":92007,"date":"2016-03-30T09:13:23","date_gmt":"2016-03-30T07:13:23","guid":{"rendered":"http:\/\/batijournal.com\/?p=92007"},"modified":"2019-07-15T11:16:52","modified_gmt":"2019-07-15T09:16:52","slug":"fouilles-restauration-chateau-de-clisson","status":"publish","type":"post","link":"https:\/\/batijournal.com\/index.php\/fouilles-restauration-chateau-de-clisson\/92007\/","title":{"rendered":"Fouilles avant restauration au ch\u00e2teau de Clisson"},"content":{"rendered":"<p><strong>Le D\u00e9partement de la Loire-Atlantique a confi\u00e9 \u00e0 l\u2019Architecte en chef des monuments historiques, Pascal Prunet, la restauration de la courtine nord du ch\u00e2teau de Clisson, rendue n\u00e9cessaire par la pouss\u00e9e des terres de la terrasse nord-est. L\u2019objectif de ces travaux consiste \u00e0 diminuer significativement le poids des remblais en rempla\u00e7ant une partie des terres par un mat\u00e9riau plus l\u00e9ger et \u00e0 consolider la vo\u00fbte de la galerie de souterraine am\u00e9nag\u00e9e dans l&rsquo;\u00e9paisseur du soubassement du rempart, haut de plus de neuf m\u00e8tres \u00e0 l\u2019ext\u00e9rieur du ch\u00e2teau.<\/strong><\/p>\n<p>Pr\u00e9alablement \u00e0 ces travaux, le D\u00e9partement a lanc\u00e9 une \u00e9tude arch\u00e9ologique de ce site class\u00e9 monument historique, \u00e0 la confluence de la S\u00e8vre et de la Moine, et a demand\u00e9 \u00e0 l&rsquo;Inrap de mener les fouilles. Implant\u00e9 sur un \u00e9peron rocheux au XIe si\u00e8cle, le ch\u00e2teau de Clisson devient une place forte strat\u00e9gique \u00e0 la fronti\u00e8re du Duch\u00e9 de Bretagne au XVe si\u00e8cle. Au XVIe, le syst\u00e8me d\u00e9fensif est renforc\u00e9 par l\u2019\u00e9dification d\u2019un bastion nord-ouest, d\u2019une terrasse nord-est et d\u2019un cavalier les reliant. Lors de la fouille de la terrasse, plusieurs structures b\u00e2ties sont apparues. Les arch\u00e9ologues ont d\u00e9gag\u00e9 un mur d\u2019enceinte orient\u00e9 nord-sud, devant le logis de la r\u00e9sidence seigneuriale. Probablement d\u00e9fensif, ce mur d\u2019\u00e9poque m\u00e9di\u00e9vale est construit en blocs de granite taill\u00e9s et li\u00e9s au mortier de chaux. Il mesure environ 1,80 m\u00e8tre de large et 7 m\u00e8tres de haut.<\/p>\n<div id=\"attachment_92008\" style=\"width: 970px\" class=\"wp-caption aligncenter\"><img loading=\"lazy\" decoding=\"async\" aria-describedby=\"caption-attachment-92008\" class=\"size-large wp-image-92008\" src=\"https:\/\/batijournal.com\/wp-content\/uploads\/2016\/03\/4-img_206-1024x683.jpg\" alt=\"Relev\u00e9 topographique pendant la fouille de la terrase nord-est du ch\u00e2teau de Clisson \u00a9 Florine Prieur, Inrap\" width=\"960\" height=\"640\" srcset=\"https:\/\/batijournal.com\/wp-content\/uploads\/2016\/03\/4-img_206-1024x683.jpg 1024w, https:\/\/batijournal.com\/wp-content\/uploads\/2016\/03\/4-img_206-150x100.jpg 150w, https:\/\/batijournal.com\/wp-content\/uploads\/2016\/03\/4-img_206-300x200.jpg 300w, https:\/\/batijournal.com\/wp-content\/uploads\/2016\/03\/4-img_206-768x512.jpg 768w, https:\/\/batijournal.com\/wp-content\/uploads\/2016\/03\/4-img_206-600x400.jpg 600w, https:\/\/batijournal.com\/wp-content\/uploads\/2016\/03\/4-img_206.jpg 1920w\" sizes=\"(max-width: 960px) 100vw, 960px\" \/><p id=\"caption-attachment-92008\" class=\"wp-caption-text\">Relev\u00e9 topographique pendant la fouille de la terrase nord-est du ch\u00e2teau de Clisson<br \/>\u00a9 Florine Prieur, Inrap<\/p><\/div>\n<p>Les arch\u00e9ologues ont aussi d\u00e9gag\u00e9 une galerie, construite ult\u00e9rieurement, qui d\u00e9limite un espace attenant au logis nord de la r\u00e9sidence seigneuriale. La galerie comprend un couloir et une porte \u00e0 l\u2019extr\u00e9mit\u00e9 ouest donnant acc\u00e8s \u00e0 l\u2019int\u00e9rieur du ch\u00e2teau. Le couloir long de 30 m\u00e8tres et large d\u2019un m\u00e8tre environ, forme un coude avant de d\u00e9boucher sur une poterne \u00e0 l\u2019est. Il est couvert d\u2019une vo\u00fbte plein-cintre et ponctu\u00e9 de sept gaines verticales, dont le r\u00f4le est incertain : domestique ou d\u00e9fensif ? Le parement ext\u00e9rieur de la galerie, visible depuis la r\u00e9sidence seigneuriale, est particuli\u00e8rement soign\u00e9. Au XVIe si\u00e8cle, de nombreux am\u00e9nagements sont effectu\u00e9s, entra\u00eenant des modifications de circulation. Un mur de courtine est construit au-dessus de la galerie, ainsi qu\u2019un escalier en vis. Les gaines verticales sont bouch\u00e9es et abandonn\u00e9es. L\u2019espace entre le logis et la galerie est remblay\u00e9 massivement afin de r\u00e9aliser une plate-forme ext\u00e9rieure dominant le pont de la ville. Ces am\u00e9nagements, contemporains du bastion nord-ouest et du cavalier, modifient consid\u00e9rablement l\u2019aspect nord du ch\u00e2teau.<\/p>\n<div id=\"attachment_92009\" style=\"width: 970px\" class=\"wp-caption aligncenter\"><img loading=\"lazy\" decoding=\"async\" aria-describedby=\"caption-attachment-92009\" class=\"size-large wp-image-92009\" src=\"https:\/\/batijournal.com\/wp-content\/uploads\/2016\/03\/12-tca_decors-1024x896.jpg\" alt=\"Fragments de carreaux de sol en terre cuite d\u00e9cor\u00e9s de couleur jaune ou verte \u00a9 Caroline Chauveau, Inrap\" width=\"960\" height=\"840\" srcset=\"https:\/\/batijournal.com\/wp-content\/uploads\/2016\/03\/12-tca_decors-1024x896.jpg 1024w, https:\/\/batijournal.com\/wp-content\/uploads\/2016\/03\/12-tca_decors-150x131.jpg 150w, https:\/\/batijournal.com\/wp-content\/uploads\/2016\/03\/12-tca_decors-300x262.jpg 300w, https:\/\/batijournal.com\/wp-content\/uploads\/2016\/03\/12-tca_decors-768x672.jpg 768w, https:\/\/batijournal.com\/wp-content\/uploads\/2016\/03\/12-tca_decors-600x525.jpg 600w, https:\/\/batijournal.com\/wp-content\/uploads\/2016\/03\/12-tca_decors.jpg 1215w\" sizes=\"(max-width: 960px) 100vw, 960px\" \/><p id=\"caption-attachment-92009\" class=\"wp-caption-text\">Fragments de carreaux de sol en terre cuite d\u00e9cor\u00e9s de couleur jaune ou verte<br \/>\u00a9 Caroline Chauveau, Inrap<\/p><\/div>\n<p>Dans les remblais de la terrasse nord-est, les arch\u00e9ologues ont mis au jour des objets qui t\u00e9moignent de la vie quotidienne d\u2019une r\u00e9sidence aristocratique de l\u2019\u00e9poque moderne (XVIe-XVIIe si\u00e8cles). Parmi eux, de nombreux fragments de c\u00e9ramiques. Un petit flacon intact \u00e9voque les soins du corps. Quelques pi\u00e8ces m\u00e9talliques : une clef \u00e0 t\u00eate triangulaire, des \u00e9pingles, un probable cadenas ainsi qu\u2019un jeton de Nuremberg (jeton de comptabilit\u00e9) mis en circulation entre 1490 et 1550. Enfin, un lot abondant de carreaux de terre cuite verniss\u00e9s ou d\u00e9cor\u00e9s, d\u2019ardoises de schiste ou de tuiles ont \u00e9t\u00e9 pr\u00e9lev\u00e9s. Leur \u00e9tude permettra d\u2019en apprendre davantage sur les techniques de construction, l\u2019utilisation des mat\u00e9riaux \u00e0 travers les \u00e2ges et l\u2019\u00e9volution des modes d\u00e9coratives dans les habitats aristocratiques.<\/p>\n<p>&nbsp;<\/p>\n<p>Photo en-t\u00eate :\u00a0Fouille manuelle et d\u00e9gagement de vestiges au niveau de l\u2019escalier \u00e0 vis<br \/>\n\u00a9 Florine Prieur, Inrap<\/p>\n","protected":false},"excerpt":{"rendered":"<p>Le D\u00e9partement de la Loire-Atlantique a confi\u00e9 \u00e0 l\u2019Architecte en chef des monuments historiques, Pascal Prunet, la restauration de la courtine nord du ch\u00e2teau de Clisson, rendue n\u00e9cessaire par la pouss\u00e9e des terres de la terrasse nord-est. L\u2019objectif de ces travaux consiste \u00e0 diminuer significativement le poids des remblais en rempla\u00e7ant une partie des terres [&hellip;]<\/p>\n","protected":false},"author":17,"featured_media":92010,"comment_status":"closed","ping_status":"closed","sticky":false,"template":"","format":"standard","meta":{"_et_pb_use_builder":"","_et_pb_old_content":"","_et_gb_content_width":"","footnotes":""},"categories":[6340],"tags":[6454,6376],"class_list":["post-92007","post","type-post","status-publish","format-standard","has-post-thumbnail","hentry","category-architecture-conception","tag-inrap","tag-monument-historique"],"yoast_head":"<!-- This site is optimized with the Yoast SEO plugin v27.4 - https:\/\/yoast.com\/product\/yoast-seo-wordpress\/ -->\n<title>Fouilles avant restauration au ch\u00e2teau de Clisson<\/title>\n<meta name=\"robots\" content=\"index, follow, max-snippet:-1, max-image-preview:large, max-video-preview:-1\" \/>\n<link rel=\"canonical\" href=\"https:\/\/batijournal.com\/index.php\/fouilles-restauration-chateau-de-clisson\/92007\/\" \/>\n<meta property=\"og:locale\" content=\"fr_FR\" \/>\n<meta property=\"og:type\" content=\"article\" \/>\n<meta property=\"og:title\" content=\"Fouilles avant restauration au ch\u00e2teau de Clisson\" \/>\n<meta property=\"og:description\" content=\"Le D\u00e9partement de la Loire-Atlantique a confi\u00e9 \u00e0 l\u2019Architecte en chef des monuments historiques, Pascal Prunet, la restauration de la courtine nord du ch\u00e2teau de Clisson, rendue n\u00e9cessaire par la pouss\u00e9e des terres de la terrasse nord-est. L\u2019objectif de ces travaux consiste \u00e0 diminuer significativement le poids des remblais en rempla\u00e7ant une partie des terres [&hellip;]\" \/>\n<meta property=\"og:url\" content=\"https:\/\/batijournal.com\/index.php\/fouilles-restauration-chateau-de-clisson\/92007\/\" \/>\n<meta property=\"og:site_name\" content=\"Batijournal\" \/>\n<meta property=\"article:published_time\" content=\"2016-03-30T07:13:23+00:00\" \/>\n<meta property=\"article:modified_time\" content=\"2019-07-15T09:16:52+00:00\" \/>\n<meta property=\"og:image\" content=\"https:\/\/batijournal.com\/wp-content\/uploads\/2016\/03\/6-img_193.jpg\" \/>\n\t<meta property=\"og:image:width\" content=\"1920\" \/>\n\t<meta property=\"og:image:height\" content=\"1280\" \/>\n\t<meta property=\"og:image:type\" content=\"image\/jpeg\" \/>\n<meta name=\"author\" content=\"St\u00e9phane Miget\" \/>\n<meta name=\"twitter:card\" content=\"summary_large_image\" \/>\n<meta name=\"twitter:creator\" content=\"@bati_journal\" \/>\n<meta name=\"twitter:site\" content=\"@bati_journal\" \/>\n<meta name=\"twitter:label1\" content=\"\u00c9crit par\" \/>\n\t<meta name=\"twitter:data1\" content=\"St\u00e9phane Miget\" \/>\n\t<meta name=\"twitter:label2\" content=\"Dur\u00e9e de lecture estim\u00e9e\" \/>\n\t<meta name=\"twitter:data2\" content=\"3 minutes\" \/>\n<script type=\"application\/ld+json\" class=\"yoast-schema-graph\">{\"@context\":\"https:\\\/\\\/schema.org\",\"@graph\":[{\"@type\":\"Article\",\"@id\":\"https:\\\/\\\/batijournal.com\\\/index.php\\\/fouilles-restauration-chateau-de-clisson\\\/92007\\\/#article\",\"isPartOf\":{\"@id\":\"https:\\\/\\\/batijournal.com\\\/index.php\\\/fouilles-restauration-chateau-de-clisson\\\/92007\\\/\"},\"author\":{\"name\":\"St\u00e9phane Miget\",\"@id\":\"https:\\\/\\\/batijournal.com\\\/#\\\/schema\\\/person\\\/1dc96ec6957aa1ccb25ebe78bb19f100\"},\"headline\":\"Fouilles avant restauration au ch\u00e2teau de Clisson\",\"datePublished\":\"2016-03-30T07:13:23+00:00\",\"dateModified\":\"2019-07-15T09:16:52+00:00\",\"mainEntityOfPage\":{\"@id\":\"https:\\\/\\\/batijournal.com\\\/index.php\\\/fouilles-restauration-chateau-de-clisson\\\/92007\\\/\"},\"wordCount\":681,\"image\":{\"@id\":\"https:\\\/\\\/batijournal.com\\\/index.php\\\/fouilles-restauration-chateau-de-clisson\\\/92007\\\/#primaryimage\"},\"thumbnailUrl\":\"https:\\\/\\\/batijournal.com\\\/wp-content\\\/uploads\\\/2016\\\/03\\\/6-img_193.jpg\",\"keywords\":[\"inrap\",\"monument historique\"],\"articleSection\":[\"Architecture &amp; Conception\"],\"inLanguage\":\"fr-FR\"},{\"@type\":\"WebPage\",\"@id\":\"https:\\\/\\\/batijournal.com\\\/index.php\\\/fouilles-restauration-chateau-de-clisson\\\/92007\\\/\",\"url\":\"https:\\\/\\\/batijournal.com\\\/index.php\\\/fouilles-restauration-chateau-de-clisson\\\/92007\\\/\",\"name\":\"Fouilles avant restauration au ch\u00e2teau de Clisson\",\"isPartOf\":{\"@id\":\"https:\\\/\\\/batijournal.com\\\/#website\"},\"primaryImageOfPage\":{\"@id\":\"https:\\\/\\\/batijournal.com\\\/index.php\\\/fouilles-restauration-chateau-de-clisson\\\/92007\\\/#primaryimage\"},\"image\":{\"@id\":\"https:\\\/\\\/batijournal.com\\\/index.php\\\/fouilles-restauration-chateau-de-clisson\\\/92007\\\/#primaryimage\"},\"thumbnailUrl\":\"https:\\\/\\\/batijournal.com\\\/wp-content\\\/uploads\\\/2016\\\/03\\\/6-img_193.jpg\",\"datePublished\":\"2016-03-30T07:13:23+00:00\",\"dateModified\":\"2019-07-15T09:16:52+00:00\",\"author\":{\"@id\":\"https:\\\/\\\/batijournal.com\\\/#\\\/schema\\\/person\\\/1dc96ec6957aa1ccb25ebe78bb19f100\"},\"breadcrumb\":{\"@id\":\"https:\\\/\\\/batijournal.com\\\/index.php\\\/fouilles-restauration-chateau-de-clisson\\\/92007\\\/#breadcrumb\"},\"inLanguage\":\"fr-FR\",\"potentialAction\":[{\"@type\":\"ReadAction\",\"target\":[\"https:\\\/\\\/batijournal.com\\\/index.php\\\/fouilles-restauration-chateau-de-clisson\\\/92007\\\/\"]}]},{\"@type\":\"ImageObject\",\"inLanguage\":\"fr-FR\",\"@id\":\"https:\\\/\\\/batijournal.com\\\/index.php\\\/fouilles-restauration-chateau-de-clisson\\\/92007\\\/#primaryimage\",\"url\":\"https:\\\/\\\/batijournal.com\\\/wp-content\\\/uploads\\\/2016\\\/03\\\/6-img_193.jpg\",\"contentUrl\":\"https:\\\/\\\/batijournal.com\\\/wp-content\\\/uploads\\\/2016\\\/03\\\/6-img_193.jpg\",\"width\":1920,\"height\":1280,\"caption\":\"Fouille manuelle et d\u00e9gagement de vestiges au niveau de l\u2019escalier \u00e0 vis \u00a9 Florine Prieur, Inrap\"},{\"@type\":\"BreadcrumbList\",\"@id\":\"https:\\\/\\\/batijournal.com\\\/index.php\\\/fouilles-restauration-chateau-de-clisson\\\/92007\\\/#breadcrumb\",\"itemListElement\":[{\"@type\":\"ListItem\",\"position\":1,\"name\":\"Accueil\",\"item\":\"https:\\\/\\\/batijournal.com\\\/\"},{\"@type\":\"ListItem\",\"position\":2,\"name\":\"Actualit\u00e9s\",\"item\":\"https:\\\/\\\/batijournal.com\\\/index.php\\\/category\\\/actualites\\\/\"},{\"@type\":\"ListItem\",\"position\":3,\"name\":\"Architecture &amp; Conception\",\"item\":\"https:\\\/\\\/batijournal.com\\\/index.php\\\/category\\\/actualites\\\/architecture-conception\\\/\"},{\"@type\":\"ListItem\",\"position\":4,\"name\":\"Fouilles avant restauration au ch\u00e2teau de Clisson\"}]},{\"@type\":\"WebSite\",\"@id\":\"https:\\\/\\\/batijournal.com\\\/#website\",\"url\":\"https:\\\/\\\/batijournal.com\\\/\",\"name\":\"Batijournal\",\"description\":\"L&#039;actualit\u00e9 du b\u00e2timent\",\"potentialAction\":[{\"@type\":\"SearchAction\",\"target\":{\"@type\":\"EntryPoint\",\"urlTemplate\":\"https:\\\/\\\/batijournal.com\\\/?s={search_term_string}\"},\"query-input\":{\"@type\":\"PropertyValueSpecification\",\"valueRequired\":true,\"valueName\":\"search_term_string\"}}],\"inLanguage\":\"fr-FR\"},{\"@type\":\"Person\",\"@id\":\"https:\\\/\\\/batijournal.com\\\/#\\\/schema\\\/person\\\/1dc96ec6957aa1ccb25ebe78bb19f100\",\"name\":\"St\u00e9phane Miget\",\"image\":{\"@type\":\"ImageObject\",\"inLanguage\":\"fr-FR\",\"@id\":\"https:\\\/\\\/secure.gravatar.com\\\/avatar\\\/89915563d925342126b8ef0281b93d9d7fc337043e8df017f780908eb9644451?s=96&d=mm&r=g\",\"url\":\"https:\\\/\\\/secure.gravatar.com\\\/avatar\\\/89915563d925342126b8ef0281b93d9d7fc337043e8df017f780908eb9644451?s=96&d=mm&r=g\",\"contentUrl\":\"https:\\\/\\\/secure.gravatar.com\\\/avatar\\\/89915563d925342126b8ef0281b93d9d7fc337043e8df017f780908eb9644451?s=96&d=mm&r=g\",\"caption\":\"St\u00e9phane Miget\"},\"url\":\"https:\\\/\\\/batijournal.com\\\/index.php\\\/author\\\/stephane\\\/\"}]}<\/script>\n<!-- \/ Yoast SEO plugin. -->","yoast_head_json":{"title":"Fouilles avant restauration au ch\u00e2teau de Clisson","robots":{"index":"index","follow":"follow","max-snippet":"max-snippet:-1","max-image-preview":"max-image-preview:large","max-video-preview":"max-video-preview:-1"},"canonical":"https:\/\/batijournal.com\/index.php\/fouilles-restauration-chateau-de-clisson\/92007\/","og_locale":"fr_FR","og_type":"article","og_title":"Fouilles avant restauration au ch\u00e2teau de Clisson","og_description":"Le D\u00e9partement de la Loire-Atlantique a confi\u00e9 \u00e0 l\u2019Architecte en chef des monuments historiques, Pascal Prunet, la restauration de la courtine nord du ch\u00e2teau de Clisson, rendue n\u00e9cessaire par la pouss\u00e9e des terres de la terrasse nord-est. L\u2019objectif de ces travaux consiste \u00e0 diminuer significativement le poids des remblais en rempla\u00e7ant une partie des terres [&hellip;]","og_url":"https:\/\/batijournal.com\/index.php\/fouilles-restauration-chateau-de-clisson\/92007\/","og_site_name":"Batijournal","article_published_time":"2016-03-30T07:13:23+00:00","article_modified_time":"2019-07-15T09:16:52+00:00","og_image":[{"width":1920,"height":1280,"url":"https:\/\/batijournal.com\/wp-content\/uploads\/2016\/03\/6-img_193.jpg","type":"image\/jpeg"}],"author":"St\u00e9phane Miget","twitter_card":"summary_large_image","twitter_creator":"@bati_journal","twitter_site":"@bati_journal","twitter_misc":{"\u00c9crit par":"St\u00e9phane Miget","Dur\u00e9e de lecture estim\u00e9e":"3 minutes"},"schema":{"@context":"https:\/\/schema.org","@graph":[{"@type":"Article","@id":"https:\/\/batijournal.com\/index.php\/fouilles-restauration-chateau-de-clisson\/92007\/#article","isPartOf":{"@id":"https:\/\/batijournal.com\/index.php\/fouilles-restauration-chateau-de-clisson\/92007\/"},"author":{"name":"St\u00e9phane Miget","@id":"https:\/\/batijournal.com\/#\/schema\/person\/1dc96ec6957aa1ccb25ebe78bb19f100"},"headline":"Fouilles avant restauration au ch\u00e2teau de Clisson","datePublished":"2016-03-30T07:13:23+00:00","dateModified":"2019-07-15T09:16:52+00:00","mainEntityOfPage":{"@id":"https:\/\/batijournal.com\/index.php\/fouilles-restauration-chateau-de-clisson\/92007\/"},"wordCount":681,"image":{"@id":"https:\/\/batijournal.com\/index.php\/fouilles-restauration-chateau-de-clisson\/92007\/#primaryimage"},"thumbnailUrl":"https:\/\/batijournal.com\/wp-content\/uploads\/2016\/03\/6-img_193.jpg","keywords":["inrap","monument historique"],"articleSection":["Architecture &amp; Conception"],"inLanguage":"fr-FR"},{"@type":"WebPage","@id":"https:\/\/batijournal.com\/index.php\/fouilles-restauration-chateau-de-clisson\/92007\/","url":"https:\/\/batijournal.com\/index.php\/fouilles-restauration-chateau-de-clisson\/92007\/","name":"Fouilles avant restauration au ch\u00e2teau de Clisson","isPartOf":{"@id":"https:\/\/batijournal.com\/#website"},"primaryImageOfPage":{"@id":"https:\/\/batijournal.com\/index.php\/fouilles-restauration-chateau-de-clisson\/92007\/#primaryimage"},"image":{"@id":"https:\/\/batijournal.com\/index.php\/fouilles-restauration-chateau-de-clisson\/92007\/#primaryimage"},"thumbnailUrl":"https:\/\/batijournal.com\/wp-content\/uploads\/2016\/03\/6-img_193.jpg","datePublished":"2016-03-30T07:13:23+00:00","dateModified":"2019-07-15T09:16:52+00:00","author":{"@id":"https:\/\/batijournal.com\/#\/schema\/person\/1dc96ec6957aa1ccb25ebe78bb19f100"},"breadcrumb":{"@id":"https:\/\/batijournal.com\/index.php\/fouilles-restauration-chateau-de-clisson\/92007\/#breadcrumb"},"inLanguage":"fr-FR","potentialAction":[{"@type":"ReadAction","target":["https:\/\/batijournal.com\/index.php\/fouilles-restauration-chateau-de-clisson\/92007\/"]}]},{"@type":"ImageObject","inLanguage":"fr-FR","@id":"https:\/\/batijournal.com\/index.php\/fouilles-restauration-chateau-de-clisson\/92007\/#primaryimage","url":"https:\/\/batijournal.com\/wp-content\/uploads\/2016\/03\/6-img_193.jpg","contentUrl":"https:\/\/batijournal.com\/wp-content\/uploads\/2016\/03\/6-img_193.jpg","width":1920,"height":1280,"caption":"Fouille manuelle et d\u00e9gagement de vestiges au niveau de l\u2019escalier \u00e0 vis \u00a9 Florine Prieur, Inrap"},{"@type":"BreadcrumbList","@id":"https:\/\/batijournal.com\/index.php\/fouilles-restauration-chateau-de-clisson\/92007\/#breadcrumb","itemListElement":[{"@type":"ListItem","position":1,"name":"Accueil","item":"https:\/\/batijournal.com\/"},{"@type":"ListItem","position":2,"name":"Actualit\u00e9s","item":"https:\/\/batijournal.com\/index.php\/category\/actualites\/"},{"@type":"ListItem","position":3,"name":"Architecture &amp; Conception","item":"https:\/\/batijournal.com\/index.php\/category\/actualites\/architecture-conception\/"},{"@type":"ListItem","position":4,"name":"Fouilles avant restauration au ch\u00e2teau de Clisson"}]},{"@type":"WebSite","@id":"https:\/\/batijournal.com\/#website","url":"https:\/\/batijournal.com\/","name":"Batijournal","description":"L&#039;actualit\u00e9 du b\u00e2timent","potentialAction":[{"@type":"SearchAction","target":{"@type":"EntryPoint","urlTemplate":"https:\/\/batijournal.com\/?s={search_term_string}"},"query-input":{"@type":"PropertyValueSpecification","valueRequired":true,"valueName":"search_term_string"}}],"inLanguage":"fr-FR"},{"@type":"Person","@id":"https:\/\/batijournal.com\/#\/schema\/person\/1dc96ec6957aa1ccb25ebe78bb19f100","name":"St\u00e9phane Miget","image":{"@type":"ImageObject","inLanguage":"fr-FR","@id":"https:\/\/secure.gravatar.com\/avatar\/89915563d925342126b8ef0281b93d9d7fc337043e8df017f780908eb9644451?s=96&d=mm&r=g","url":"https:\/\/secure.gravatar.com\/avatar\/89915563d925342126b8ef0281b93d9d7fc337043e8df017f780908eb9644451?s=96&d=mm&r=g","contentUrl":"https:\/\/secure.gravatar.com\/avatar\/89915563d925342126b8ef0281b93d9d7fc337043e8df017f780908eb9644451?s=96&d=mm&r=g","caption":"St\u00e9phane Miget"},"url":"https:\/\/batijournal.com\/index.php\/author\/stephane\/"}]}},"_links":{"self":[{"href":"https:\/\/batijournal.com\/index.php\/wp-json\/wp\/v2\/posts\/92007","targetHints":{"allow":["GET"]}}],"collection":[{"href":"https:\/\/batijournal.com\/index.php\/wp-json\/wp\/v2\/posts"}],"about":[{"href":"https:\/\/batijournal.com\/index.php\/wp-json\/wp\/v2\/types\/post"}],"author":[{"embeddable":true,"href":"https:\/\/batijournal.com\/index.php\/wp-json\/wp\/v2\/users\/17"}],"replies":[{"embeddable":true,"href":"https:\/\/batijournal.com\/index.php\/wp-json\/wp\/v2\/comments?post=92007"}],"version-history":[{"count":0,"href":"https:\/\/batijournal.com\/index.php\/wp-json\/wp\/v2\/posts\/92007\/revisions"}],"wp:featuredmedia":[{"embeddable":true,"href":"https:\/\/batijournal.com\/index.php\/wp-json\/wp\/v2\/media\/92010"}],"wp:attachment":[{"href":"https:\/\/batijournal.com\/index.php\/wp-json\/wp\/v2\/media?parent=92007"}],"wp:term":[{"taxonomy":"category","embeddable":true,"href":"https:\/\/batijournal.com\/index.php\/wp-json\/wp\/v2\/categories?post=92007"},{"taxonomy":"post_tag","embeddable":true,"href":"https:\/\/batijournal.com\/index.php\/wp-json\/wp\/v2\/tags?post=92007"}],"curies":[{"name":"wp","href":"https:\/\/api.w.org\/{rel}","templated":true}]}}