{"id":92029,"date":"2016-03-31T09:51:03","date_gmt":"2016-03-31T07:51:03","guid":{"rendered":"http:\/\/batijournal.com\/?p=92029"},"modified":"2020-07-17T14:40:02","modified_gmt":"2020-07-17T12:40:02","slug":"nouveau-dirigeant-de-filiale-francaise-groupe-swiss-krono","status":"publish","type":"post","link":"https:\/\/batijournal.com\/index.php\/nouveau-dirigeant-de-filiale-francaise-groupe-swiss-krono\/92029\/","title":{"rendered":"Nouveau dirigeant de la filiale fran\u00e7aise du groupe Swiss Krono"},"content":{"rendered":"<p>Vincent Adam (48 ans) vient d&rsquo;\u00eatre nomm\u00e9 pr\u00e9sident de Swiss Krono SAS (anciennement Kronofrance), filiale de Swiss Krono Group bas\u00e9e \u00e0 Sully-sur-Loire (45). Sp\u00e9cialis\u00e9e dans les produits \u00e0 base de bois (panneaux et dalles de particules OSB et MDF, panneaux d\u00e9coratifs, m\u00e9lamin\u00e9s, stratifi\u00e9s, bandes de chants), l&rsquo;entreprise emploie 400 collaborateurs et a r\u00e9alis\u00e9 en 2015 un chiffre d&rsquo;affaires de 170 millions d&rsquo;euros. Dipl\u00f4m\u00e9 d&rsquo;un master de gestion et management strat\u00e9gique, Vincent Adam a effectu\u00e9 toute sa carri\u00e8re dans le secteur des mat\u00e9riaux de construction, notamment au sein de Kronimus SAS, soci\u00e9t\u00e9 sp\u00e9cialis\u00e9e dans la conception, la fabrication et la distribution des produits b\u00e9ton, et de Xella Thermopierre, premier fabricant de b\u00e9ton cellulaire.<\/p>\n<p><a href=\"http:\/\/www.swisskrono.fr\">www.swisskrono.fr<\/a><\/p>\n","protected":false},"excerpt":{"rendered":"<p>Vincent Adam (48 ans) vient d&rsquo;\u00eatre nomm\u00e9 pr\u00e9sident de Swiss Krono SAS (anciennement Kronofrance), filiale de Swiss Krono Group bas\u00e9e \u00e0 Sully-sur-Loire (45). Sp\u00e9cialis\u00e9e dans les produits \u00e0 base de bois (panneaux et dalles de particules OSB et MDF, panneaux d\u00e9coratifs, m\u00e9lamin\u00e9s, stratifi\u00e9s, bandes de chants), l&rsquo;entreprise emploie 400 collaborateurs et a r\u00e9alis\u00e9 en 2015 [&hellip;]<\/p>\n","protected":false},"author":17,"featured_media":92030,"comment_status":"closed","ping_status":"closed","sticky":false,"template":"","format":"standard","meta":{"_et_pb_use_builder":"","_et_pb_old_content":"","_et_gb_content_width":"","footnotes":""},"categories":[10530,6345,10768,10764],"tags":[12912],"class_list":["post-92029","post","type-post","status-publish","format-standard","has-post-thumbnail","hentry","category-actualites","category-economie-marches","category-nouvelles-tetes","category-woodsurfer","tag-swisskrono"],"yoast_head":"<!-- This site is optimized with the Yoast SEO plugin v27.4 - https:\/\/yoast.com\/product\/yoast-seo-wordpress\/ -->\n<title>Nouveau dirigeant de la filiale fran\u00e7aise du groupe Swiss Krono<\/title>\n<meta name=\"robots\" content=\"index, follow, max-snippet:-1, max-image-preview:large, max-video-preview:-1\" \/>\n<link rel=\"canonical\" href=\"https:\/\/batijournal.com\/index.php\/nouveau-dirigeant-de-filiale-francaise-groupe-swiss-krono\/92029\/\" \/>\n<meta property=\"og:locale\" content=\"fr_FR\" \/>\n<meta property=\"og:type\" content=\"article\" \/>\n<meta property=\"og:title\" content=\"Nouveau dirigeant de la filiale fran\u00e7aise du groupe Swiss Krono\" \/>\n<meta property=\"og:description\" content=\"Vincent Adam (48 ans) vient d&rsquo;\u00eatre nomm\u00e9 pr\u00e9sident de Swiss Krono SAS (anciennement Kronofrance), filiale de Swiss Krono Group bas\u00e9e \u00e0 Sully-sur-Loire (45). Sp\u00e9cialis\u00e9e dans les produits \u00e0 base de bois (panneaux et dalles de particules OSB et MDF, panneaux d\u00e9coratifs, m\u00e9lamin\u00e9s, stratifi\u00e9s, bandes de chants), l&rsquo;entreprise emploie 400 collaborateurs et a r\u00e9alis\u00e9 en 2015 [&hellip;]\" \/>\n<meta property=\"og:url\" content=\"https:\/\/batijournal.com\/index.php\/nouveau-dirigeant-de-filiale-francaise-groupe-swiss-krono\/92029\/\" \/>\n<meta property=\"og:site_name\" content=\"Batijournal\" \/>\n<meta property=\"article:published_time\" content=\"2016-03-31T07:51:03+00:00\" \/>\n<meta property=\"article:modified_time\" content=\"2020-07-17T12:40:02+00:00\" \/>\n<meta property=\"og:image\" content=\"https:\/\/batijournal.com\/wp-content\/uploads\/2016\/03\/Swiss-Krono-SAS-Vincent-Adam-Pdg-2016.jpg\" \/>\n\t<meta property=\"og:image:width\" content=\"399\" \/>\n\t<meta property=\"og:image:height\" content=\"492\" \/>\n\t<meta property=\"og:image:type\" content=\"image\/jpeg\" \/>\n<meta name=\"author\" content=\"St\u00e9phane Miget\" \/>\n<meta name=\"twitter:card\" content=\"summary_large_image\" \/>\n<meta name=\"twitter:creator\" content=\"@bati_journal\" \/>\n<meta name=\"twitter:site\" content=\"@bati_journal\" \/>\n<meta name=\"twitter:label1\" content=\"\u00c9crit par\" \/>\n\t<meta name=\"twitter:data1\" content=\"St\u00e9phane Miget\" \/>\n\t<meta name=\"twitter:label2\" content=\"Dur\u00e9e de lecture estim\u00e9e\" \/>\n\t<meta name=\"twitter:data2\" content=\"1 minute\" \/>\n<script type=\"application\/ld+json\" class=\"yoast-schema-graph\">{\"@context\":\"https:\\\/\\\/schema.org\",\"@graph\":[{\"@type\":\"Article\",\"@id\":\"https:\\\/\\\/batijournal.com\\\/index.php\\\/nouveau-dirigeant-de-filiale-francaise-groupe-swiss-krono\\\/92029\\\/#article\",\"isPartOf\":{\"@id\":\"https:\\\/\\\/batijournal.com\\\/index.php\\\/nouveau-dirigeant-de-filiale-francaise-groupe-swiss-krono\\\/92029\\\/\"},\"author\":{\"name\":\"St\u00e9phane Miget\",\"@id\":\"https:\\\/\\\/batijournal.com\\\/#\\\/schema\\\/person\\\/1dc96ec6957aa1ccb25ebe78bb19f100\"},\"headline\":\"Nouveau dirigeant de la filiale fran\u00e7aise du groupe Swiss Krono\",\"datePublished\":\"2016-03-31T07:51:03+00:00\",\"dateModified\":\"2020-07-17T12:40:02+00:00\",\"mainEntityOfPage\":{\"@id\":\"https:\\\/\\\/batijournal.com\\\/index.php\\\/nouveau-dirigeant-de-filiale-francaise-groupe-swiss-krono\\\/92029\\\/\"},\"wordCount\":142,\"image\":{\"@id\":\"https:\\\/\\\/batijournal.com\\\/index.php\\\/nouveau-dirigeant-de-filiale-francaise-groupe-swiss-krono\\\/92029\\\/#primaryimage\"},\"thumbnailUrl\":\"https:\\\/\\\/batijournal.com\\\/wp-content\\\/uploads\\\/2016\\\/03\\\/Swiss-Krono-SAS-Vincent-Adam-Pdg-2016.jpg\",\"keywords\":[\"swisskrono\"],\"articleSection\":[\"Actualit\u00e9s\",\"\u00c9conomie &amp; March\u00e9s\",\"zz_Nouvelles t\u00eates - Woodsurfer\",\"zz_Woodsurfer\"],\"inLanguage\":\"fr-FR\"},{\"@type\":\"WebPage\",\"@id\":\"https:\\\/\\\/batijournal.com\\\/index.php\\\/nouveau-dirigeant-de-filiale-francaise-groupe-swiss-krono\\\/92029\\\/\",\"url\":\"https:\\\/\\\/batijournal.com\\\/index.php\\\/nouveau-dirigeant-de-filiale-francaise-groupe-swiss-krono\\\/92029\\\/\",\"name\":\"Nouveau dirigeant de la filiale fran\u00e7aise du groupe Swiss Krono\",\"isPartOf\":{\"@id\":\"https:\\\/\\\/batijournal.com\\\/#website\"},\"primaryImageOfPage\":{\"@id\":\"https:\\\/\\\/batijournal.com\\\/index.php\\\/nouveau-dirigeant-de-filiale-francaise-groupe-swiss-krono\\\/92029\\\/#primaryimage\"},\"image\":{\"@id\":\"https:\\\/\\\/batijournal.com\\\/index.php\\\/nouveau-dirigeant-de-filiale-francaise-groupe-swiss-krono\\\/92029\\\/#primaryimage\"},\"thumbnailUrl\":\"https:\\\/\\\/batijournal.com\\\/wp-content\\\/uploads\\\/2016\\\/03\\\/Swiss-Krono-SAS-Vincent-Adam-Pdg-2016.jpg\",\"datePublished\":\"2016-03-31T07:51:03+00:00\",\"dateModified\":\"2020-07-17T12:40:02+00:00\",\"author\":{\"@id\":\"https:\\\/\\\/batijournal.com\\\/#\\\/schema\\\/person\\\/1dc96ec6957aa1ccb25ebe78bb19f100\"},\"breadcrumb\":{\"@id\":\"https:\\\/\\\/batijournal.com\\\/index.php\\\/nouveau-dirigeant-de-filiale-francaise-groupe-swiss-krono\\\/92029\\\/#breadcrumb\"},\"inLanguage\":\"fr-FR\",\"potentialAction\":[{\"@type\":\"ReadAction\",\"target\":[\"https:\\\/\\\/batijournal.com\\\/index.php\\\/nouveau-dirigeant-de-filiale-francaise-groupe-swiss-krono\\\/92029\\\/\"]}]},{\"@type\":\"ImageObject\",\"inLanguage\":\"fr-FR\",\"@id\":\"https:\\\/\\\/batijournal.com\\\/index.php\\\/nouveau-dirigeant-de-filiale-francaise-groupe-swiss-krono\\\/92029\\\/#primaryimage\",\"url\":\"https:\\\/\\\/batijournal.com\\\/wp-content\\\/uploads\\\/2016\\\/03\\\/Swiss-Krono-SAS-Vincent-Adam-Pdg-2016.jpg\",\"contentUrl\":\"https:\\\/\\\/batijournal.com\\\/wp-content\\\/uploads\\\/2016\\\/03\\\/Swiss-Krono-SAS-Vincent-Adam-Pdg-2016.jpg\",\"width\":399,\"height\":492},{\"@type\":\"BreadcrumbList\",\"@id\":\"https:\\\/\\\/batijournal.com\\\/index.php\\\/nouveau-dirigeant-de-filiale-francaise-groupe-swiss-krono\\\/92029\\\/#breadcrumb\",\"itemListElement\":[{\"@type\":\"ListItem\",\"position\":1,\"name\":\"Accueil\",\"item\":\"https:\\\/\\\/batijournal.com\\\/\"},{\"@type\":\"ListItem\",\"position\":2,\"name\":\"Actualit\u00e9s\",\"item\":\"https:\\\/\\\/batijournal.com\\\/index.php\\\/category\\\/actualites\\\/\"},{\"@type\":\"ListItem\",\"position\":3,\"name\":\"Nouveau dirigeant de la filiale fran\u00e7aise du groupe Swiss Krono\"}]},{\"@type\":\"WebSite\",\"@id\":\"https:\\\/\\\/batijournal.com\\\/#website\",\"url\":\"https:\\\/\\\/batijournal.com\\\/\",\"name\":\"Batijournal\",\"description\":\"L&#039;actualit\u00e9 du b\u00e2timent\",\"potentialAction\":[{\"@type\":\"SearchAction\",\"target\":{\"@type\":\"EntryPoint\",\"urlTemplate\":\"https:\\\/\\\/batijournal.com\\\/?s={search_term_string}\"},\"query-input\":{\"@type\":\"PropertyValueSpecification\",\"valueRequired\":true,\"valueName\":\"search_term_string\"}}],\"inLanguage\":\"fr-FR\"},{\"@type\":\"Person\",\"@id\":\"https:\\\/\\\/batijournal.com\\\/#\\\/schema\\\/person\\\/1dc96ec6957aa1ccb25ebe78bb19f100\",\"name\":\"St\u00e9phane Miget\",\"image\":{\"@type\":\"ImageObject\",\"inLanguage\":\"fr-FR\",\"@id\":\"https:\\\/\\\/secure.gravatar.com\\\/avatar\\\/89915563d925342126b8ef0281b93d9d7fc337043e8df017f780908eb9644451?s=96&d=mm&r=g\",\"url\":\"https:\\\/\\\/secure.gravatar.com\\\/avatar\\\/89915563d925342126b8ef0281b93d9d7fc337043e8df017f780908eb9644451?s=96&d=mm&r=g\",\"contentUrl\":\"https:\\\/\\\/secure.gravatar.com\\\/avatar\\\/89915563d925342126b8ef0281b93d9d7fc337043e8df017f780908eb9644451?s=96&d=mm&r=g\",\"caption\":\"St\u00e9phane Miget\"},\"url\":\"https:\\\/\\\/batijournal.com\\\/index.php\\\/author\\\/stephane\\\/\"}]}<\/script>\n<!-- \/ Yoast SEO plugin. -->","yoast_head_json":{"title":"Nouveau dirigeant de la filiale fran\u00e7aise du groupe Swiss Krono","robots":{"index":"index","follow":"follow","max-snippet":"max-snippet:-1","max-image-preview":"max-image-preview:large","max-video-preview":"max-video-preview:-1"},"canonical":"https:\/\/batijournal.com\/index.php\/nouveau-dirigeant-de-filiale-francaise-groupe-swiss-krono\/92029\/","og_locale":"fr_FR","og_type":"article","og_title":"Nouveau dirigeant de la filiale fran\u00e7aise du groupe Swiss Krono","og_description":"Vincent Adam (48 ans) vient d&rsquo;\u00eatre nomm\u00e9 pr\u00e9sident de Swiss Krono SAS (anciennement Kronofrance), filiale de Swiss Krono Group bas\u00e9e \u00e0 Sully-sur-Loire (45). Sp\u00e9cialis\u00e9e dans les produits \u00e0 base de bois (panneaux et dalles de particules OSB et MDF, panneaux d\u00e9coratifs, m\u00e9lamin\u00e9s, stratifi\u00e9s, bandes de chants), l&rsquo;entreprise emploie 400 collaborateurs et a r\u00e9alis\u00e9 en 2015 [&hellip;]","og_url":"https:\/\/batijournal.com\/index.php\/nouveau-dirigeant-de-filiale-francaise-groupe-swiss-krono\/92029\/","og_site_name":"Batijournal","article_published_time":"2016-03-31T07:51:03+00:00","article_modified_time":"2020-07-17T12:40:02+00:00","og_image":[{"width":399,"height":492,"url":"https:\/\/batijournal.com\/wp-content\/uploads\/2016\/03\/Swiss-Krono-SAS-Vincent-Adam-Pdg-2016.jpg","type":"image\/jpeg"}],"author":"St\u00e9phane Miget","twitter_card":"summary_large_image","twitter_creator":"@bati_journal","twitter_site":"@bati_journal","twitter_misc":{"\u00c9crit par":"St\u00e9phane Miget","Dur\u00e9e de lecture estim\u00e9e":"1 minute"},"schema":{"@context":"https:\/\/schema.org","@graph":[{"@type":"Article","@id":"https:\/\/batijournal.com\/index.php\/nouveau-dirigeant-de-filiale-francaise-groupe-swiss-krono\/92029\/#article","isPartOf":{"@id":"https:\/\/batijournal.com\/index.php\/nouveau-dirigeant-de-filiale-francaise-groupe-swiss-krono\/92029\/"},"author":{"name":"St\u00e9phane Miget","@id":"https:\/\/batijournal.com\/#\/schema\/person\/1dc96ec6957aa1ccb25ebe78bb19f100"},"headline":"Nouveau dirigeant de la filiale fran\u00e7aise du groupe Swiss Krono","datePublished":"2016-03-31T07:51:03+00:00","dateModified":"2020-07-17T12:40:02+00:00","mainEntityOfPage":{"@id":"https:\/\/batijournal.com\/index.php\/nouveau-dirigeant-de-filiale-francaise-groupe-swiss-krono\/92029\/"},"wordCount":142,"image":{"@id":"https:\/\/batijournal.com\/index.php\/nouveau-dirigeant-de-filiale-francaise-groupe-swiss-krono\/92029\/#primaryimage"},"thumbnailUrl":"https:\/\/batijournal.com\/wp-content\/uploads\/2016\/03\/Swiss-Krono-SAS-Vincent-Adam-Pdg-2016.jpg","keywords":["swisskrono"],"articleSection":["Actualit\u00e9s","\u00c9conomie &amp; March\u00e9s","zz_Nouvelles t\u00eates - Woodsurfer","zz_Woodsurfer"],"inLanguage":"fr-FR"},{"@type":"WebPage","@id":"https:\/\/batijournal.com\/index.php\/nouveau-dirigeant-de-filiale-francaise-groupe-swiss-krono\/92029\/","url":"https:\/\/batijournal.com\/index.php\/nouveau-dirigeant-de-filiale-francaise-groupe-swiss-krono\/92029\/","name":"Nouveau dirigeant de la filiale fran\u00e7aise du groupe Swiss Krono","isPartOf":{"@id":"https:\/\/batijournal.com\/#website"},"primaryImageOfPage":{"@id":"https:\/\/batijournal.com\/index.php\/nouveau-dirigeant-de-filiale-francaise-groupe-swiss-krono\/92029\/#primaryimage"},"image":{"@id":"https:\/\/batijournal.com\/index.php\/nouveau-dirigeant-de-filiale-francaise-groupe-swiss-krono\/92029\/#primaryimage"},"thumbnailUrl":"https:\/\/batijournal.com\/wp-content\/uploads\/2016\/03\/Swiss-Krono-SAS-Vincent-Adam-Pdg-2016.jpg","datePublished":"2016-03-31T07:51:03+00:00","dateModified":"2020-07-17T12:40:02+00:00","author":{"@id":"https:\/\/batijournal.com\/#\/schema\/person\/1dc96ec6957aa1ccb25ebe78bb19f100"},"breadcrumb":{"@id":"https:\/\/batijournal.com\/index.php\/nouveau-dirigeant-de-filiale-francaise-groupe-swiss-krono\/92029\/#breadcrumb"},"inLanguage":"fr-FR","potentialAction":[{"@type":"ReadAction","target":["https:\/\/batijournal.com\/index.php\/nouveau-dirigeant-de-filiale-francaise-groupe-swiss-krono\/92029\/"]}]},{"@type":"ImageObject","inLanguage":"fr-FR","@id":"https:\/\/batijournal.com\/index.php\/nouveau-dirigeant-de-filiale-francaise-groupe-swiss-krono\/92029\/#primaryimage","url":"https:\/\/batijournal.com\/wp-content\/uploads\/2016\/03\/Swiss-Krono-SAS-Vincent-Adam-Pdg-2016.jpg","contentUrl":"https:\/\/batijournal.com\/wp-content\/uploads\/2016\/03\/Swiss-Krono-SAS-Vincent-Adam-Pdg-2016.jpg","width":399,"height":492},{"@type":"BreadcrumbList","@id":"https:\/\/batijournal.com\/index.php\/nouveau-dirigeant-de-filiale-francaise-groupe-swiss-krono\/92029\/#breadcrumb","itemListElement":[{"@type":"ListItem","position":1,"name":"Accueil","item":"https:\/\/batijournal.com\/"},{"@type":"ListItem","position":2,"name":"Actualit\u00e9s","item":"https:\/\/batijournal.com\/index.php\/category\/actualites\/"},{"@type":"ListItem","position":3,"name":"Nouveau dirigeant de la filiale fran\u00e7aise du groupe Swiss Krono"}]},{"@type":"WebSite","@id":"https:\/\/batijournal.com\/#website","url":"https:\/\/batijournal.com\/","name":"Batijournal","description":"L&#039;actualit\u00e9 du b\u00e2timent","potentialAction":[{"@type":"SearchAction","target":{"@type":"EntryPoint","urlTemplate":"https:\/\/batijournal.com\/?s={search_term_string}"},"query-input":{"@type":"PropertyValueSpecification","valueRequired":true,"valueName":"search_term_string"}}],"inLanguage":"fr-FR"},{"@type":"Person","@id":"https:\/\/batijournal.com\/#\/schema\/person\/1dc96ec6957aa1ccb25ebe78bb19f100","name":"St\u00e9phane Miget","image":{"@type":"ImageObject","inLanguage":"fr-FR","@id":"https:\/\/secure.gravatar.com\/avatar\/89915563d925342126b8ef0281b93d9d7fc337043e8df017f780908eb9644451?s=96&d=mm&r=g","url":"https:\/\/secure.gravatar.com\/avatar\/89915563d925342126b8ef0281b93d9d7fc337043e8df017f780908eb9644451?s=96&d=mm&r=g","contentUrl":"https:\/\/secure.gravatar.com\/avatar\/89915563d925342126b8ef0281b93d9d7fc337043e8df017f780908eb9644451?s=96&d=mm&r=g","caption":"St\u00e9phane Miget"},"url":"https:\/\/batijournal.com\/index.php\/author\/stephane\/"}]}},"_links":{"self":[{"href":"https:\/\/batijournal.com\/index.php\/wp-json\/wp\/v2\/posts\/92029","targetHints":{"allow":["GET"]}}],"collection":[{"href":"https:\/\/batijournal.com\/index.php\/wp-json\/wp\/v2\/posts"}],"about":[{"href":"https:\/\/batijournal.com\/index.php\/wp-json\/wp\/v2\/types\/post"}],"author":[{"embeddable":true,"href":"https:\/\/batijournal.com\/index.php\/wp-json\/wp\/v2\/users\/17"}],"replies":[{"embeddable":true,"href":"https:\/\/batijournal.com\/index.php\/wp-json\/wp\/v2\/comments?post=92029"}],"version-history":[{"count":0,"href":"https:\/\/batijournal.com\/index.php\/wp-json\/wp\/v2\/posts\/92029\/revisions"}],"wp:featuredmedia":[{"embeddable":true,"href":"https:\/\/batijournal.com\/index.php\/wp-json\/wp\/v2\/media\/92030"}],"wp:attachment":[{"href":"https:\/\/batijournal.com\/index.php\/wp-json\/wp\/v2\/media?parent=92029"}],"wp:term":[{"taxonomy":"category","embeddable":true,"href":"https:\/\/batijournal.com\/index.php\/wp-json\/wp\/v2\/categories?post=92029"},{"taxonomy":"post_tag","embeddable":true,"href":"https:\/\/batijournal.com\/index.php\/wp-json\/wp\/v2\/tags?post=92029"}],"curies":[{"name":"wp","href":"https:\/\/api.w.org\/{rel}","templated":true}]}}