{"id":92054,"date":"2016-04-01T10:01:44","date_gmt":"2016-04-01T08:01:44","guid":{"rendered":"http:\/\/batijournal.com\/?p=92054"},"modified":"2019-07-15T16:36:47","modified_gmt":"2019-07-15T14:36:47","slug":"geoportail-de-lurbanisme-marche","status":"publish","type":"post","link":"https:\/\/batijournal.com\/index.php\/geoportail-de-lurbanisme-marche\/92054\/","title":{"rendered":"Le g\u00e9oportail de l\u2019urbanisme est en marche"},"content":{"rendered":"<p>L&rsquo;IGN intervient en appui de l\u2019\u00c9tat et des collectivit\u00e9s territoriales pour contribuer \u00e0 l\u2019analyse des territoires et faciliter la mise en \u0153uvre des projets d\u2019am\u00e9nagement et de d\u00e9veloppement durables. Les ministres charg\u00e9s du d\u00e9veloppement durable et des for\u00eats ont sign\u00e9 avec l\u2019\u00e9tablissement un contrat d\u2019objectifs et de performance qui fixe ses orientations strat\u00e9giques et ses objectifs prioritaires.<\/p>\n<p>Parmi les actions engag\u00e9es, un acc\u00e8s d\u00e9mat\u00e9rialis\u00e9 aux documents d\u2019urbanisme (SCOT, POS, PLU) et de servitudes d\u2019utilit\u00e9 publique est mis en place via\u00a0un portail national de l\u2019urbanisme. L&rsquo;IGN a \u00e9t\u00e9 charg\u00e9 de la r\u00e9alisation et de l\u2019h\u00e9bergement de ce portail. Au premier semestre 2015, une premi\u00e8re version a \u00e9t\u00e9 d\u00e9ploy\u00e9e dans six directions d\u00e9partementales des territoires pilotes. Une seconde version est en cours de publication. Depuis janvier 2016, les collectivit\u00e9s territoriales num\u00e9riserent leurs documents d\u2019urbanisme au format adopt\u00e9 par le Conseil national de l&rsquo;information g\u00e9ographique au fur et \u00e0 mesure de leur r\u00e9vision afin de les int\u00e9grer aux donn\u00e9es du G\u00e9oportail. D\u00e8s janvier 2020, le t\u00e9l\u00e9versement des documents d\u2019urbanisme sera l\u2019une des conditions \u00e0 remplir pour rendre le document d\u2019urbanisme ex\u00e9cutoire.<\/p>\n<p><a href=\"http:\/\/www.geoportail-urbanisme.gouv.fr.\" target=\"_blank\" rel=\"noopener noreferrer\">www.geoportail-urbanisme.gouv.fr.<\/a><\/p>\n","protected":false},"excerpt":{"rendered":"<p>L&rsquo;IGN intervient en appui de l\u2019\u00c9tat et des collectivit\u00e9s territoriales pour contribuer \u00e0 l\u2019analyse des territoires et faciliter la mise en \u0153uvre des projets d\u2019am\u00e9nagement et de d\u00e9veloppement durables. Les ministres charg\u00e9s du d\u00e9veloppement durable et des for\u00eats ont sign\u00e9 avec l\u2019\u00e9tablissement un contrat d\u2019objectifs et de performance qui fixe ses orientations strat\u00e9giques et ses [&hellip;]<\/p>\n","protected":false},"author":17,"featured_media":92055,"comment_status":"closed","ping_status":"closed","sticky":false,"template":"","format":"standard","meta":{"_et_pb_use_builder":"","_et_pb_old_content":"","_et_gb_content_width":"","footnotes":""},"categories":[10530,6362],"tags":[7156,1154],"class_list":["post-92054","post","type-post","status-publish","format-standard","has-post-thumbnail","hentry","category-actualites","category-services-equipements","tag-documents-durbanisme","tag-urbanisme"],"yoast_head":"<!-- This site is optimized with the Yoast SEO plugin v27.4 - https:\/\/yoast.com\/product\/yoast-seo-wordpress\/ -->\n<title>Le g\u00e9oportail de l\u2019urbanisme est en marche<\/title>\n<meta name=\"robots\" content=\"index, follow, max-snippet:-1, max-image-preview:large, max-video-preview:-1\" \/>\n<link rel=\"canonical\" href=\"https:\/\/batijournal.com\/index.php\/geoportail-de-lurbanisme-marche\/92054\/\" \/>\n<meta property=\"og:locale\" content=\"fr_FR\" \/>\n<meta property=\"og:type\" content=\"article\" \/>\n<meta property=\"og:title\" content=\"Le g\u00e9oportail de l\u2019urbanisme est en marche\" \/>\n<meta property=\"og:description\" content=\"L&rsquo;IGN intervient en appui de l\u2019\u00c9tat et des collectivit\u00e9s territoriales pour contribuer \u00e0 l\u2019analyse des territoires et faciliter la mise en \u0153uvre des projets d\u2019am\u00e9nagement et de d\u00e9veloppement durables. Les ministres charg\u00e9s du d\u00e9veloppement durable et des for\u00eats ont sign\u00e9 avec l\u2019\u00e9tablissement un contrat d\u2019objectifs et de performance qui fixe ses orientations strat\u00e9giques et ses [&hellip;]\" \/>\n<meta property=\"og:url\" content=\"https:\/\/batijournal.com\/index.php\/geoportail-de-lurbanisme-marche\/92054\/\" \/>\n<meta property=\"og:site_name\" content=\"Batijournal\" \/>\n<meta property=\"article:published_time\" content=\"2016-04-01T08:01:44+00:00\" \/>\n<meta property=\"article:modified_time\" content=\"2019-07-15T14:36:47+00:00\" \/>\n<meta property=\"og:image\" content=\"https:\/\/batijournal.com\/wp-content\/uploads\/2016\/04\/geoportail-de-l-urbanisme-ign.png\" \/>\n\t<meta property=\"og:image:width\" content=\"1169\" \/>\n\t<meta property=\"og:image:height\" content=\"519\" \/>\n\t<meta property=\"og:image:type\" content=\"image\/png\" \/>\n<meta name=\"author\" content=\"St\u00e9phane Miget\" \/>\n<meta name=\"twitter:card\" content=\"summary_large_image\" \/>\n<meta name=\"twitter:creator\" content=\"@bati_journal\" \/>\n<meta name=\"twitter:site\" content=\"@bati_journal\" \/>\n<meta name=\"twitter:label1\" content=\"\u00c9crit par\" \/>\n\t<meta name=\"twitter:data1\" content=\"St\u00e9phane Miget\" \/>\n\t<meta name=\"twitter:label2\" content=\"Dur\u00e9e de lecture estim\u00e9e\" \/>\n\t<meta name=\"twitter:data2\" content=\"1 minute\" \/>\n<script type=\"application\/ld+json\" class=\"yoast-schema-graph\">{\"@context\":\"https:\\\/\\\/schema.org\",\"@graph\":[{\"@type\":\"Article\",\"@id\":\"https:\\\/\\\/batijournal.com\\\/index.php\\\/geoportail-de-lurbanisme-marche\\\/92054\\\/#article\",\"isPartOf\":{\"@id\":\"https:\\\/\\\/batijournal.com\\\/index.php\\\/geoportail-de-lurbanisme-marche\\\/92054\\\/\"},\"author\":{\"name\":\"St\u00e9phane Miget\",\"@id\":\"https:\\\/\\\/batijournal.com\\\/#\\\/schema\\\/person\\\/1dc96ec6957aa1ccb25ebe78bb19f100\"},\"headline\":\"Le g\u00e9oportail de l\u2019urbanisme est en marche\",\"datePublished\":\"2016-04-01T08:01:44+00:00\",\"dateModified\":\"2019-07-15T14:36:47+00:00\",\"mainEntityOfPage\":{\"@id\":\"https:\\\/\\\/batijournal.com\\\/index.php\\\/geoportail-de-lurbanisme-marche\\\/92054\\\/\"},\"wordCount\":230,\"image\":{\"@id\":\"https:\\\/\\\/batijournal.com\\\/index.php\\\/geoportail-de-lurbanisme-marche\\\/92054\\\/#primaryimage\"},\"thumbnailUrl\":\"https:\\\/\\\/batijournal.com\\\/wp-content\\\/uploads\\\/2016\\\/04\\\/geoportail-de-l-urbanisme-ign.png\",\"keywords\":[\"documents durbanisme\",\"urbanisme\"],\"articleSection\":[\"Actualit\u00e9s\",\"Divers\"],\"inLanguage\":\"fr-FR\"},{\"@type\":\"WebPage\",\"@id\":\"https:\\\/\\\/batijournal.com\\\/index.php\\\/geoportail-de-lurbanisme-marche\\\/92054\\\/\",\"url\":\"https:\\\/\\\/batijournal.com\\\/index.php\\\/geoportail-de-lurbanisme-marche\\\/92054\\\/\",\"name\":\"Le g\u00e9oportail de l\u2019urbanisme est en marche\",\"isPartOf\":{\"@id\":\"https:\\\/\\\/batijournal.com\\\/#website\"},\"primaryImageOfPage\":{\"@id\":\"https:\\\/\\\/batijournal.com\\\/index.php\\\/geoportail-de-lurbanisme-marche\\\/92054\\\/#primaryimage\"},\"image\":{\"@id\":\"https:\\\/\\\/batijournal.com\\\/index.php\\\/geoportail-de-lurbanisme-marche\\\/92054\\\/#primaryimage\"},\"thumbnailUrl\":\"https:\\\/\\\/batijournal.com\\\/wp-content\\\/uploads\\\/2016\\\/04\\\/geoportail-de-l-urbanisme-ign.png\",\"datePublished\":\"2016-04-01T08:01:44+00:00\",\"dateModified\":\"2019-07-15T14:36:47+00:00\",\"author\":{\"@id\":\"https:\\\/\\\/batijournal.com\\\/#\\\/schema\\\/person\\\/1dc96ec6957aa1ccb25ebe78bb19f100\"},\"breadcrumb\":{\"@id\":\"https:\\\/\\\/batijournal.com\\\/index.php\\\/geoportail-de-lurbanisme-marche\\\/92054\\\/#breadcrumb\"},\"inLanguage\":\"fr-FR\",\"potentialAction\":[{\"@type\":\"ReadAction\",\"target\":[\"https:\\\/\\\/batijournal.com\\\/index.php\\\/geoportail-de-lurbanisme-marche\\\/92054\\\/\"]}]},{\"@type\":\"ImageObject\",\"inLanguage\":\"fr-FR\",\"@id\":\"https:\\\/\\\/batijournal.com\\\/index.php\\\/geoportail-de-lurbanisme-marche\\\/92054\\\/#primaryimage\",\"url\":\"https:\\\/\\\/batijournal.com\\\/wp-content\\\/uploads\\\/2016\\\/04\\\/geoportail-de-l-urbanisme-ign.png\",\"contentUrl\":\"https:\\\/\\\/batijournal.com\\\/wp-content\\\/uploads\\\/2016\\\/04\\\/geoportail-de-l-urbanisme-ign.png\",\"width\":1169,\"height\":519,\"caption\":\"geoportail-de-l-urbanisme-ign\"},{\"@type\":\"BreadcrumbList\",\"@id\":\"https:\\\/\\\/batijournal.com\\\/index.php\\\/geoportail-de-lurbanisme-marche\\\/92054\\\/#breadcrumb\",\"itemListElement\":[{\"@type\":\"ListItem\",\"position\":1,\"name\":\"Accueil\",\"item\":\"https:\\\/\\\/batijournal.com\\\/\"},{\"@type\":\"ListItem\",\"position\":2,\"name\":\"Actualit\u00e9s\",\"item\":\"https:\\\/\\\/batijournal.com\\\/index.php\\\/category\\\/actualites\\\/\"},{\"@type\":\"ListItem\",\"position\":3,\"name\":\"Le g\u00e9oportail de l\u2019urbanisme est en marche\"}]},{\"@type\":\"WebSite\",\"@id\":\"https:\\\/\\\/batijournal.com\\\/#website\",\"url\":\"https:\\\/\\\/batijournal.com\\\/\",\"name\":\"Batijournal\",\"description\":\"L&#039;actualit\u00e9 du b\u00e2timent\",\"potentialAction\":[{\"@type\":\"SearchAction\",\"target\":{\"@type\":\"EntryPoint\",\"urlTemplate\":\"https:\\\/\\\/batijournal.com\\\/?s={search_term_string}\"},\"query-input\":{\"@type\":\"PropertyValueSpecification\",\"valueRequired\":true,\"valueName\":\"search_term_string\"}}],\"inLanguage\":\"fr-FR\"},{\"@type\":\"Person\",\"@id\":\"https:\\\/\\\/batijournal.com\\\/#\\\/schema\\\/person\\\/1dc96ec6957aa1ccb25ebe78bb19f100\",\"name\":\"St\u00e9phane Miget\",\"image\":{\"@type\":\"ImageObject\",\"inLanguage\":\"fr-FR\",\"@id\":\"https:\\\/\\\/secure.gravatar.com\\\/avatar\\\/89915563d925342126b8ef0281b93d9d7fc337043e8df017f780908eb9644451?s=96&d=mm&r=g\",\"url\":\"https:\\\/\\\/secure.gravatar.com\\\/avatar\\\/89915563d925342126b8ef0281b93d9d7fc337043e8df017f780908eb9644451?s=96&d=mm&r=g\",\"contentUrl\":\"https:\\\/\\\/secure.gravatar.com\\\/avatar\\\/89915563d925342126b8ef0281b93d9d7fc337043e8df017f780908eb9644451?s=96&d=mm&r=g\",\"caption\":\"St\u00e9phane Miget\"},\"url\":\"https:\\\/\\\/batijournal.com\\\/index.php\\\/author\\\/stephane\\\/\"}]}<\/script>\n<!-- \/ Yoast SEO plugin. -->","yoast_head_json":{"title":"Le g\u00e9oportail de l\u2019urbanisme est en marche","robots":{"index":"index","follow":"follow","max-snippet":"max-snippet:-1","max-image-preview":"max-image-preview:large","max-video-preview":"max-video-preview:-1"},"canonical":"https:\/\/batijournal.com\/index.php\/geoportail-de-lurbanisme-marche\/92054\/","og_locale":"fr_FR","og_type":"article","og_title":"Le g\u00e9oportail de l\u2019urbanisme est en marche","og_description":"L&rsquo;IGN intervient en appui de l\u2019\u00c9tat et des collectivit\u00e9s territoriales pour contribuer \u00e0 l\u2019analyse des territoires et faciliter la mise en \u0153uvre des projets d\u2019am\u00e9nagement et de d\u00e9veloppement durables. Les ministres charg\u00e9s du d\u00e9veloppement durable et des for\u00eats ont sign\u00e9 avec l\u2019\u00e9tablissement un contrat d\u2019objectifs et de performance qui fixe ses orientations strat\u00e9giques et ses [&hellip;]","og_url":"https:\/\/batijournal.com\/index.php\/geoportail-de-lurbanisme-marche\/92054\/","og_site_name":"Batijournal","article_published_time":"2016-04-01T08:01:44+00:00","article_modified_time":"2019-07-15T14:36:47+00:00","og_image":[{"width":1169,"height":519,"url":"https:\/\/batijournal.com\/wp-content\/uploads\/2016\/04\/geoportail-de-l-urbanisme-ign.png","type":"image\/png"}],"author":"St\u00e9phane Miget","twitter_card":"summary_large_image","twitter_creator":"@bati_journal","twitter_site":"@bati_journal","twitter_misc":{"\u00c9crit par":"St\u00e9phane Miget","Dur\u00e9e de lecture estim\u00e9e":"1 minute"},"schema":{"@context":"https:\/\/schema.org","@graph":[{"@type":"Article","@id":"https:\/\/batijournal.com\/index.php\/geoportail-de-lurbanisme-marche\/92054\/#article","isPartOf":{"@id":"https:\/\/batijournal.com\/index.php\/geoportail-de-lurbanisme-marche\/92054\/"},"author":{"name":"St\u00e9phane Miget","@id":"https:\/\/batijournal.com\/#\/schema\/person\/1dc96ec6957aa1ccb25ebe78bb19f100"},"headline":"Le g\u00e9oportail de l\u2019urbanisme est en marche","datePublished":"2016-04-01T08:01:44+00:00","dateModified":"2019-07-15T14:36:47+00:00","mainEntityOfPage":{"@id":"https:\/\/batijournal.com\/index.php\/geoportail-de-lurbanisme-marche\/92054\/"},"wordCount":230,"image":{"@id":"https:\/\/batijournal.com\/index.php\/geoportail-de-lurbanisme-marche\/92054\/#primaryimage"},"thumbnailUrl":"https:\/\/batijournal.com\/wp-content\/uploads\/2016\/04\/geoportail-de-l-urbanisme-ign.png","keywords":["documents durbanisme","urbanisme"],"articleSection":["Actualit\u00e9s","Divers"],"inLanguage":"fr-FR"},{"@type":"WebPage","@id":"https:\/\/batijournal.com\/index.php\/geoportail-de-lurbanisme-marche\/92054\/","url":"https:\/\/batijournal.com\/index.php\/geoportail-de-lurbanisme-marche\/92054\/","name":"Le g\u00e9oportail de l\u2019urbanisme est en marche","isPartOf":{"@id":"https:\/\/batijournal.com\/#website"},"primaryImageOfPage":{"@id":"https:\/\/batijournal.com\/index.php\/geoportail-de-lurbanisme-marche\/92054\/#primaryimage"},"image":{"@id":"https:\/\/batijournal.com\/index.php\/geoportail-de-lurbanisme-marche\/92054\/#primaryimage"},"thumbnailUrl":"https:\/\/batijournal.com\/wp-content\/uploads\/2016\/04\/geoportail-de-l-urbanisme-ign.png","datePublished":"2016-04-01T08:01:44+00:00","dateModified":"2019-07-15T14:36:47+00:00","author":{"@id":"https:\/\/batijournal.com\/#\/schema\/person\/1dc96ec6957aa1ccb25ebe78bb19f100"},"breadcrumb":{"@id":"https:\/\/batijournal.com\/index.php\/geoportail-de-lurbanisme-marche\/92054\/#breadcrumb"},"inLanguage":"fr-FR","potentialAction":[{"@type":"ReadAction","target":["https:\/\/batijournal.com\/index.php\/geoportail-de-lurbanisme-marche\/92054\/"]}]},{"@type":"ImageObject","inLanguage":"fr-FR","@id":"https:\/\/batijournal.com\/index.php\/geoportail-de-lurbanisme-marche\/92054\/#primaryimage","url":"https:\/\/batijournal.com\/wp-content\/uploads\/2016\/04\/geoportail-de-l-urbanisme-ign.png","contentUrl":"https:\/\/batijournal.com\/wp-content\/uploads\/2016\/04\/geoportail-de-l-urbanisme-ign.png","width":1169,"height":519,"caption":"geoportail-de-l-urbanisme-ign"},{"@type":"BreadcrumbList","@id":"https:\/\/batijournal.com\/index.php\/geoportail-de-lurbanisme-marche\/92054\/#breadcrumb","itemListElement":[{"@type":"ListItem","position":1,"name":"Accueil","item":"https:\/\/batijournal.com\/"},{"@type":"ListItem","position":2,"name":"Actualit\u00e9s","item":"https:\/\/batijournal.com\/index.php\/category\/actualites\/"},{"@type":"ListItem","position":3,"name":"Le g\u00e9oportail de l\u2019urbanisme est en marche"}]},{"@type":"WebSite","@id":"https:\/\/batijournal.com\/#website","url":"https:\/\/batijournal.com\/","name":"Batijournal","description":"L&#039;actualit\u00e9 du b\u00e2timent","potentialAction":[{"@type":"SearchAction","target":{"@type":"EntryPoint","urlTemplate":"https:\/\/batijournal.com\/?s={search_term_string}"},"query-input":{"@type":"PropertyValueSpecification","valueRequired":true,"valueName":"search_term_string"}}],"inLanguage":"fr-FR"},{"@type":"Person","@id":"https:\/\/batijournal.com\/#\/schema\/person\/1dc96ec6957aa1ccb25ebe78bb19f100","name":"St\u00e9phane Miget","image":{"@type":"ImageObject","inLanguage":"fr-FR","@id":"https:\/\/secure.gravatar.com\/avatar\/89915563d925342126b8ef0281b93d9d7fc337043e8df017f780908eb9644451?s=96&d=mm&r=g","url":"https:\/\/secure.gravatar.com\/avatar\/89915563d925342126b8ef0281b93d9d7fc337043e8df017f780908eb9644451?s=96&d=mm&r=g","contentUrl":"https:\/\/secure.gravatar.com\/avatar\/89915563d925342126b8ef0281b93d9d7fc337043e8df017f780908eb9644451?s=96&d=mm&r=g","caption":"St\u00e9phane Miget"},"url":"https:\/\/batijournal.com\/index.php\/author\/stephane\/"}]}},"_links":{"self":[{"href":"https:\/\/batijournal.com\/index.php\/wp-json\/wp\/v2\/posts\/92054","targetHints":{"allow":["GET"]}}],"collection":[{"href":"https:\/\/batijournal.com\/index.php\/wp-json\/wp\/v2\/posts"}],"about":[{"href":"https:\/\/batijournal.com\/index.php\/wp-json\/wp\/v2\/types\/post"}],"author":[{"embeddable":true,"href":"https:\/\/batijournal.com\/index.php\/wp-json\/wp\/v2\/users\/17"}],"replies":[{"embeddable":true,"href":"https:\/\/batijournal.com\/index.php\/wp-json\/wp\/v2\/comments?post=92054"}],"version-history":[{"count":0,"href":"https:\/\/batijournal.com\/index.php\/wp-json\/wp\/v2\/posts\/92054\/revisions"}],"wp:featuredmedia":[{"embeddable":true,"href":"https:\/\/batijournal.com\/index.php\/wp-json\/wp\/v2\/media\/92055"}],"wp:attachment":[{"href":"https:\/\/batijournal.com\/index.php\/wp-json\/wp\/v2\/media?parent=92054"}],"wp:term":[{"taxonomy":"category","embeddable":true,"href":"https:\/\/batijournal.com\/index.php\/wp-json\/wp\/v2\/categories?post=92054"},{"taxonomy":"post_tag","embeddable":true,"href":"https:\/\/batijournal.com\/index.php\/wp-json\/wp\/v2\/tags?post=92054"}],"curies":[{"name":"wp","href":"https:\/\/api.w.org\/{rel}","templated":true}]}}