{"id":92064,"date":"2016-04-01T16:03:50","date_gmt":"2016-04-01T14:03:50","guid":{"rendered":"http:\/\/batijournal.com\/?p=92064"},"modified":"2019-07-15T11:16:52","modified_gmt":"2019-07-15T09:16:52","slug":"centre-monuments-nationaux-villes-pays-dart-dhistoire-signent-partenariat","status":"publish","type":"post","link":"https:\/\/batijournal.com\/index.php\/centre-monuments-nationaux-villes-pays-dart-dhistoire-signent-partenariat\/92064\/","title":{"rendered":"Le Centre des Monuments nationaux et les Villes et Pays d\u2019art et d\u2019histoire signent un partenariat"},"content":{"rendered":"<p>A l\u2019occasion de l\u2019Assembl\u00e9e g\u00e9n\u00e9rale de l\u2019Association nationale des Villes et Pays d\u2019art et d\u2019histoire et des villes \u00e0 secteurs sauvegard\u00e9s et prot\u00e9g\u00e9s accueillie par le Centre des Monuments nationaux (CMN), une convention de partenariat a \u00e9t\u00e9 sign\u00e9e entre les deux r\u00e9seaux. Elle porte sur le d\u00e9veloppement de la connaissance mutuelle et valorisation des sp\u00e9cificit\u00e9s de chacun par la programmation de journ\u00e9es, rencontres et voyages d\u2019\u00e9tudes. Le d\u00e9veloppement d\u2019outils de communication conjoints pr\u00e9sentant le r\u00e9seau partenaire et les actions men\u00e9es conjointement, la participation au d\u00e9veloppement de l\u2019Application OhAhCheck !. Les villes, territoires et monuments membres des deux r\u00e9seaux seront consult\u00e9s pour identifier un programme annuel d\u2019actions communes sur notamment les visites, s\u00e9jours, billetteries, \u00e9v\u00e8nementiels, formations\u2026<\/p>\n<p>La convention de partenariat a \u00e9t\u00e9 sign\u00e9e par M. Philippe BELAVAL, pr\u00e9sident du CMN et M. Martin MALVY, pr\u00e9sident de l\u2019ANVPAH &amp; VSSP.<\/p>\n<p>Photo :\u00a0ANVPAH<\/p>\n","protected":false},"excerpt":{"rendered":"<p>A l\u2019occasion de l\u2019Assembl\u00e9e g\u00e9n\u00e9rale de l\u2019Association nationale des Villes et Pays d\u2019art et d\u2019histoire et des villes \u00e0 secteurs sauvegard\u00e9s et prot\u00e9g\u00e9s accueillie par le Centre des Monuments nationaux (CMN), une convention de partenariat a \u00e9t\u00e9 sign\u00e9e entre les deux r\u00e9seaux. Elle porte sur le d\u00e9veloppement de la connaissance mutuelle et valorisation des sp\u00e9cificit\u00e9s [&hellip;]<\/p>\n","protected":false},"author":17,"featured_media":92065,"comment_status":"closed","ping_status":"closed","sticky":false,"template":"","format":"standard","meta":{"_et_pb_use_builder":"","_et_pb_old_content":"","_et_gb_content_width":"","footnotes":""},"categories":[6340],"tags":[8113,11042],"class_list":["post-92064","post","type-post","status-publish","format-standard","has-post-thumbnail","hentry","category-architecture-conception","tag-centre-des-monuments-nationaux","tag-patrimoine"],"yoast_head":"<!-- This site is optimized with the Yoast SEO plugin v27.4 - https:\/\/yoast.com\/product\/yoast-seo-wordpress\/ -->\n<title>Le Centre des Monuments nationaux et les Villes et Pays d\u2019art et d\u2019histoire signent un partenariat<\/title>\n<meta name=\"robots\" content=\"index, follow, max-snippet:-1, max-image-preview:large, max-video-preview:-1\" \/>\n<link rel=\"canonical\" href=\"https:\/\/batijournal.com\/index.php\/centre-monuments-nationaux-villes-pays-dart-dhistoire-signent-partenariat\/92064\/\" \/>\n<meta property=\"og:locale\" content=\"fr_FR\" \/>\n<meta property=\"og:type\" content=\"article\" \/>\n<meta property=\"og:title\" content=\"Le Centre des Monuments nationaux et les Villes et Pays d\u2019art et d\u2019histoire signent un partenariat\" \/>\n<meta property=\"og:description\" content=\"A l\u2019occasion de l\u2019Assembl\u00e9e g\u00e9n\u00e9rale de l\u2019Association nationale des Villes et Pays d\u2019art et d\u2019histoire et des villes \u00e0 secteurs sauvegard\u00e9s et prot\u00e9g\u00e9s accueillie par le Centre des Monuments nationaux (CMN), une convention de partenariat a \u00e9t\u00e9 sign\u00e9e entre les deux r\u00e9seaux. Elle porte sur le d\u00e9veloppement de la connaissance mutuelle et valorisation des sp\u00e9cificit\u00e9s [&hellip;]\" \/>\n<meta property=\"og:url\" content=\"https:\/\/batijournal.com\/index.php\/centre-monuments-nationaux-villes-pays-dart-dhistoire-signent-partenariat\/92064\/\" \/>\n<meta property=\"og:site_name\" content=\"Batijournal\" \/>\n<meta property=\"article:published_time\" content=\"2016-04-01T14:03:50+00:00\" \/>\n<meta property=\"article:modified_time\" content=\"2019-07-15T09:16:52+00:00\" \/>\n<meta property=\"og:image\" content=\"https:\/\/batijournal.com\/wp-content\/uploads\/2016\/04\/dsc03414-87068.jpg\" \/>\n\t<meta property=\"og:image:width\" content=\"440\" \/>\n\t<meta property=\"og:image:height\" content=\"330\" \/>\n\t<meta property=\"og:image:type\" content=\"image\/jpeg\" \/>\n<meta name=\"author\" content=\"St\u00e9phane Miget\" \/>\n<meta name=\"twitter:card\" content=\"summary_large_image\" \/>\n<meta name=\"twitter:creator\" content=\"@bati_journal\" \/>\n<meta name=\"twitter:site\" content=\"@bati_journal\" \/>\n<meta name=\"twitter:label1\" content=\"\u00c9crit par\" \/>\n\t<meta name=\"twitter:data1\" content=\"St\u00e9phane Miget\" \/>\n\t<meta name=\"twitter:label2\" content=\"Dur\u00e9e de lecture estim\u00e9e\" \/>\n\t<meta name=\"twitter:data2\" content=\"1 minute\" \/>\n<script type=\"application\/ld+json\" class=\"yoast-schema-graph\">{\"@context\":\"https:\\\/\\\/schema.org\",\"@graph\":[{\"@type\":\"Article\",\"@id\":\"https:\\\/\\\/batijournal.com\\\/index.php\\\/centre-monuments-nationaux-villes-pays-dart-dhistoire-signent-partenariat\\\/92064\\\/#article\",\"isPartOf\":{\"@id\":\"https:\\\/\\\/batijournal.com\\\/index.php\\\/centre-monuments-nationaux-villes-pays-dart-dhistoire-signent-partenariat\\\/92064\\\/\"},\"author\":{\"name\":\"St\u00e9phane Miget\",\"@id\":\"https:\\\/\\\/batijournal.com\\\/#\\\/schema\\\/person\\\/1dc96ec6957aa1ccb25ebe78bb19f100\"},\"headline\":\"Le Centre des Monuments nationaux et les Villes et Pays d\u2019art et d\u2019histoire signent un partenariat\",\"datePublished\":\"2016-04-01T14:03:50+00:00\",\"dateModified\":\"2019-07-15T09:16:52+00:00\",\"mainEntityOfPage\":{\"@id\":\"https:\\\/\\\/batijournal.com\\\/index.php\\\/centre-monuments-nationaux-villes-pays-dart-dhistoire-signent-partenariat\\\/92064\\\/\"},\"wordCount\":190,\"image\":{\"@id\":\"https:\\\/\\\/batijournal.com\\\/index.php\\\/centre-monuments-nationaux-villes-pays-dart-dhistoire-signent-partenariat\\\/92064\\\/#primaryimage\"},\"thumbnailUrl\":\"https:\\\/\\\/batijournal.com\\\/wp-content\\\/uploads\\\/2016\\\/04\\\/dsc03414-87068.jpg\",\"keywords\":[\"centre des monuments nationaux\",\"patrimoine\"],\"articleSection\":[\"Architecture &amp; Conception\"],\"inLanguage\":\"fr-FR\"},{\"@type\":\"WebPage\",\"@id\":\"https:\\\/\\\/batijournal.com\\\/index.php\\\/centre-monuments-nationaux-villes-pays-dart-dhistoire-signent-partenariat\\\/92064\\\/\",\"url\":\"https:\\\/\\\/batijournal.com\\\/index.php\\\/centre-monuments-nationaux-villes-pays-dart-dhistoire-signent-partenariat\\\/92064\\\/\",\"name\":\"Le Centre des Monuments nationaux et les Villes et Pays d\u2019art et d\u2019histoire signent un partenariat\",\"isPartOf\":{\"@id\":\"https:\\\/\\\/batijournal.com\\\/#website\"},\"primaryImageOfPage\":{\"@id\":\"https:\\\/\\\/batijournal.com\\\/index.php\\\/centre-monuments-nationaux-villes-pays-dart-dhistoire-signent-partenariat\\\/92064\\\/#primaryimage\"},\"image\":{\"@id\":\"https:\\\/\\\/batijournal.com\\\/index.php\\\/centre-monuments-nationaux-villes-pays-dart-dhistoire-signent-partenariat\\\/92064\\\/#primaryimage\"},\"thumbnailUrl\":\"https:\\\/\\\/batijournal.com\\\/wp-content\\\/uploads\\\/2016\\\/04\\\/dsc03414-87068.jpg\",\"datePublished\":\"2016-04-01T14:03:50+00:00\",\"dateModified\":\"2019-07-15T09:16:52+00:00\",\"author\":{\"@id\":\"https:\\\/\\\/batijournal.com\\\/#\\\/schema\\\/person\\\/1dc96ec6957aa1ccb25ebe78bb19f100\"},\"breadcrumb\":{\"@id\":\"https:\\\/\\\/batijournal.com\\\/index.php\\\/centre-monuments-nationaux-villes-pays-dart-dhistoire-signent-partenariat\\\/92064\\\/#breadcrumb\"},\"inLanguage\":\"fr-FR\",\"potentialAction\":[{\"@type\":\"ReadAction\",\"target\":[\"https:\\\/\\\/batijournal.com\\\/index.php\\\/centre-monuments-nationaux-villes-pays-dart-dhistoire-signent-partenariat\\\/92064\\\/\"]}]},{\"@type\":\"ImageObject\",\"inLanguage\":\"fr-FR\",\"@id\":\"https:\\\/\\\/batijournal.com\\\/index.php\\\/centre-monuments-nationaux-villes-pays-dart-dhistoire-signent-partenariat\\\/92064\\\/#primaryimage\",\"url\":\"https:\\\/\\\/batijournal.com\\\/wp-content\\\/uploads\\\/2016\\\/04\\\/dsc03414-87068.jpg\",\"contentUrl\":\"https:\\\/\\\/batijournal.com\\\/wp-content\\\/uploads\\\/2016\\\/04\\\/dsc03414-87068.jpg\",\"width\":440,\"height\":330},{\"@type\":\"BreadcrumbList\",\"@id\":\"https:\\\/\\\/batijournal.com\\\/index.php\\\/centre-monuments-nationaux-villes-pays-dart-dhistoire-signent-partenariat\\\/92064\\\/#breadcrumb\",\"itemListElement\":[{\"@type\":\"ListItem\",\"position\":1,\"name\":\"Accueil\",\"item\":\"https:\\\/\\\/batijournal.com\\\/\"},{\"@type\":\"ListItem\",\"position\":2,\"name\":\"Actualit\u00e9s\",\"item\":\"https:\\\/\\\/batijournal.com\\\/index.php\\\/category\\\/actualites\\\/\"},{\"@type\":\"ListItem\",\"position\":3,\"name\":\"Architecture &amp; Conception\",\"item\":\"https:\\\/\\\/batijournal.com\\\/index.php\\\/category\\\/actualites\\\/architecture-conception\\\/\"},{\"@type\":\"ListItem\",\"position\":4,\"name\":\"Le Centre des Monuments nationaux et les Villes et Pays d\u2019art et d\u2019histoire signent un partenariat\"}]},{\"@type\":\"WebSite\",\"@id\":\"https:\\\/\\\/batijournal.com\\\/#website\",\"url\":\"https:\\\/\\\/batijournal.com\\\/\",\"name\":\"Batijournal\",\"description\":\"L&#039;actualit\u00e9 du b\u00e2timent\",\"potentialAction\":[{\"@type\":\"SearchAction\",\"target\":{\"@type\":\"EntryPoint\",\"urlTemplate\":\"https:\\\/\\\/batijournal.com\\\/?s={search_term_string}\"},\"query-input\":{\"@type\":\"PropertyValueSpecification\",\"valueRequired\":true,\"valueName\":\"search_term_string\"}}],\"inLanguage\":\"fr-FR\"},{\"@type\":\"Person\",\"@id\":\"https:\\\/\\\/batijournal.com\\\/#\\\/schema\\\/person\\\/1dc96ec6957aa1ccb25ebe78bb19f100\",\"name\":\"St\u00e9phane Miget\",\"image\":{\"@type\":\"ImageObject\",\"inLanguage\":\"fr-FR\",\"@id\":\"https:\\\/\\\/secure.gravatar.com\\\/avatar\\\/89915563d925342126b8ef0281b93d9d7fc337043e8df017f780908eb9644451?s=96&d=mm&r=g\",\"url\":\"https:\\\/\\\/secure.gravatar.com\\\/avatar\\\/89915563d925342126b8ef0281b93d9d7fc337043e8df017f780908eb9644451?s=96&d=mm&r=g\",\"contentUrl\":\"https:\\\/\\\/secure.gravatar.com\\\/avatar\\\/89915563d925342126b8ef0281b93d9d7fc337043e8df017f780908eb9644451?s=96&d=mm&r=g\",\"caption\":\"St\u00e9phane Miget\"},\"url\":\"https:\\\/\\\/batijournal.com\\\/index.php\\\/author\\\/stephane\\\/\"}]}<\/script>\n<!-- \/ Yoast SEO plugin. -->","yoast_head_json":{"title":"Le Centre des Monuments nationaux et les Villes et Pays d\u2019art et d\u2019histoire signent un partenariat","robots":{"index":"index","follow":"follow","max-snippet":"max-snippet:-1","max-image-preview":"max-image-preview:large","max-video-preview":"max-video-preview:-1"},"canonical":"https:\/\/batijournal.com\/index.php\/centre-monuments-nationaux-villes-pays-dart-dhistoire-signent-partenariat\/92064\/","og_locale":"fr_FR","og_type":"article","og_title":"Le Centre des Monuments nationaux et les Villes et Pays d\u2019art et d\u2019histoire signent un partenariat","og_description":"A l\u2019occasion de l\u2019Assembl\u00e9e g\u00e9n\u00e9rale de l\u2019Association nationale des Villes et Pays d\u2019art et d\u2019histoire et des villes \u00e0 secteurs sauvegard\u00e9s et prot\u00e9g\u00e9s accueillie par le Centre des Monuments nationaux (CMN), une convention de partenariat a \u00e9t\u00e9 sign\u00e9e entre les deux r\u00e9seaux. Elle porte sur le d\u00e9veloppement de la connaissance mutuelle et valorisation des sp\u00e9cificit\u00e9s [&hellip;]","og_url":"https:\/\/batijournal.com\/index.php\/centre-monuments-nationaux-villes-pays-dart-dhistoire-signent-partenariat\/92064\/","og_site_name":"Batijournal","article_published_time":"2016-04-01T14:03:50+00:00","article_modified_time":"2019-07-15T09:16:52+00:00","og_image":[{"width":440,"height":330,"url":"https:\/\/batijournal.com\/wp-content\/uploads\/2016\/04\/dsc03414-87068.jpg","type":"image\/jpeg"}],"author":"St\u00e9phane Miget","twitter_card":"summary_large_image","twitter_creator":"@bati_journal","twitter_site":"@bati_journal","twitter_misc":{"\u00c9crit par":"St\u00e9phane Miget","Dur\u00e9e de lecture estim\u00e9e":"1 minute"},"schema":{"@context":"https:\/\/schema.org","@graph":[{"@type":"Article","@id":"https:\/\/batijournal.com\/index.php\/centre-monuments-nationaux-villes-pays-dart-dhistoire-signent-partenariat\/92064\/#article","isPartOf":{"@id":"https:\/\/batijournal.com\/index.php\/centre-monuments-nationaux-villes-pays-dart-dhistoire-signent-partenariat\/92064\/"},"author":{"name":"St\u00e9phane Miget","@id":"https:\/\/batijournal.com\/#\/schema\/person\/1dc96ec6957aa1ccb25ebe78bb19f100"},"headline":"Le Centre des Monuments nationaux et les Villes et Pays d\u2019art et d\u2019histoire signent un partenariat","datePublished":"2016-04-01T14:03:50+00:00","dateModified":"2019-07-15T09:16:52+00:00","mainEntityOfPage":{"@id":"https:\/\/batijournal.com\/index.php\/centre-monuments-nationaux-villes-pays-dart-dhistoire-signent-partenariat\/92064\/"},"wordCount":190,"image":{"@id":"https:\/\/batijournal.com\/index.php\/centre-monuments-nationaux-villes-pays-dart-dhistoire-signent-partenariat\/92064\/#primaryimage"},"thumbnailUrl":"https:\/\/batijournal.com\/wp-content\/uploads\/2016\/04\/dsc03414-87068.jpg","keywords":["centre des monuments nationaux","patrimoine"],"articleSection":["Architecture &amp; Conception"],"inLanguage":"fr-FR"},{"@type":"WebPage","@id":"https:\/\/batijournal.com\/index.php\/centre-monuments-nationaux-villes-pays-dart-dhistoire-signent-partenariat\/92064\/","url":"https:\/\/batijournal.com\/index.php\/centre-monuments-nationaux-villes-pays-dart-dhistoire-signent-partenariat\/92064\/","name":"Le Centre des Monuments nationaux et les Villes et Pays d\u2019art et d\u2019histoire signent un partenariat","isPartOf":{"@id":"https:\/\/batijournal.com\/#website"},"primaryImageOfPage":{"@id":"https:\/\/batijournal.com\/index.php\/centre-monuments-nationaux-villes-pays-dart-dhistoire-signent-partenariat\/92064\/#primaryimage"},"image":{"@id":"https:\/\/batijournal.com\/index.php\/centre-monuments-nationaux-villes-pays-dart-dhistoire-signent-partenariat\/92064\/#primaryimage"},"thumbnailUrl":"https:\/\/batijournal.com\/wp-content\/uploads\/2016\/04\/dsc03414-87068.jpg","datePublished":"2016-04-01T14:03:50+00:00","dateModified":"2019-07-15T09:16:52+00:00","author":{"@id":"https:\/\/batijournal.com\/#\/schema\/person\/1dc96ec6957aa1ccb25ebe78bb19f100"},"breadcrumb":{"@id":"https:\/\/batijournal.com\/index.php\/centre-monuments-nationaux-villes-pays-dart-dhistoire-signent-partenariat\/92064\/#breadcrumb"},"inLanguage":"fr-FR","potentialAction":[{"@type":"ReadAction","target":["https:\/\/batijournal.com\/index.php\/centre-monuments-nationaux-villes-pays-dart-dhistoire-signent-partenariat\/92064\/"]}]},{"@type":"ImageObject","inLanguage":"fr-FR","@id":"https:\/\/batijournal.com\/index.php\/centre-monuments-nationaux-villes-pays-dart-dhistoire-signent-partenariat\/92064\/#primaryimage","url":"https:\/\/batijournal.com\/wp-content\/uploads\/2016\/04\/dsc03414-87068.jpg","contentUrl":"https:\/\/batijournal.com\/wp-content\/uploads\/2016\/04\/dsc03414-87068.jpg","width":440,"height":330},{"@type":"BreadcrumbList","@id":"https:\/\/batijournal.com\/index.php\/centre-monuments-nationaux-villes-pays-dart-dhistoire-signent-partenariat\/92064\/#breadcrumb","itemListElement":[{"@type":"ListItem","position":1,"name":"Accueil","item":"https:\/\/batijournal.com\/"},{"@type":"ListItem","position":2,"name":"Actualit\u00e9s","item":"https:\/\/batijournal.com\/index.php\/category\/actualites\/"},{"@type":"ListItem","position":3,"name":"Architecture &amp; Conception","item":"https:\/\/batijournal.com\/index.php\/category\/actualites\/architecture-conception\/"},{"@type":"ListItem","position":4,"name":"Le Centre des Monuments nationaux et les Villes et Pays d\u2019art et d\u2019histoire signent un partenariat"}]},{"@type":"WebSite","@id":"https:\/\/batijournal.com\/#website","url":"https:\/\/batijournal.com\/","name":"Batijournal","description":"L&#039;actualit\u00e9 du b\u00e2timent","potentialAction":[{"@type":"SearchAction","target":{"@type":"EntryPoint","urlTemplate":"https:\/\/batijournal.com\/?s={search_term_string}"},"query-input":{"@type":"PropertyValueSpecification","valueRequired":true,"valueName":"search_term_string"}}],"inLanguage":"fr-FR"},{"@type":"Person","@id":"https:\/\/batijournal.com\/#\/schema\/person\/1dc96ec6957aa1ccb25ebe78bb19f100","name":"St\u00e9phane Miget","image":{"@type":"ImageObject","inLanguage":"fr-FR","@id":"https:\/\/secure.gravatar.com\/avatar\/89915563d925342126b8ef0281b93d9d7fc337043e8df017f780908eb9644451?s=96&d=mm&r=g","url":"https:\/\/secure.gravatar.com\/avatar\/89915563d925342126b8ef0281b93d9d7fc337043e8df017f780908eb9644451?s=96&d=mm&r=g","contentUrl":"https:\/\/secure.gravatar.com\/avatar\/89915563d925342126b8ef0281b93d9d7fc337043e8df017f780908eb9644451?s=96&d=mm&r=g","caption":"St\u00e9phane Miget"},"url":"https:\/\/batijournal.com\/index.php\/author\/stephane\/"}]}},"_links":{"self":[{"href":"https:\/\/batijournal.com\/index.php\/wp-json\/wp\/v2\/posts\/92064","targetHints":{"allow":["GET"]}}],"collection":[{"href":"https:\/\/batijournal.com\/index.php\/wp-json\/wp\/v2\/posts"}],"about":[{"href":"https:\/\/batijournal.com\/index.php\/wp-json\/wp\/v2\/types\/post"}],"author":[{"embeddable":true,"href":"https:\/\/batijournal.com\/index.php\/wp-json\/wp\/v2\/users\/17"}],"replies":[{"embeddable":true,"href":"https:\/\/batijournal.com\/index.php\/wp-json\/wp\/v2\/comments?post=92064"}],"version-history":[{"count":0,"href":"https:\/\/batijournal.com\/index.php\/wp-json\/wp\/v2\/posts\/92064\/revisions"}],"wp:featuredmedia":[{"embeddable":true,"href":"https:\/\/batijournal.com\/index.php\/wp-json\/wp\/v2\/media\/92065"}],"wp:attachment":[{"href":"https:\/\/batijournal.com\/index.php\/wp-json\/wp\/v2\/media?parent=92064"}],"wp:term":[{"taxonomy":"category","embeddable":true,"href":"https:\/\/batijournal.com\/index.php\/wp-json\/wp\/v2\/categories?post=92064"},{"taxonomy":"post_tag","embeddable":true,"href":"https:\/\/batijournal.com\/index.php\/wp-json\/wp\/v2\/tags?post=92064"}],"curies":[{"name":"wp","href":"https:\/\/api.w.org\/{rel}","templated":true}]}}