{"id":92075,"date":"2016-04-04T10:55:31","date_gmt":"2016-04-04T08:55:31","guid":{"rendered":"http:\/\/batijournal.com\/?p=92075"},"modified":"2019-07-15T12:11:11","modified_gmt":"2019-07-15T10:11:11","slug":"reims-grand-centre-metamorphose-coeur-de-reims","status":"publish","type":"post","link":"https:\/\/batijournal.com\/index.php\/reims-grand-centre-metamorphose-coeur-de-reims\/92075\/","title":{"rendered":"La m\u00e9tamorphose du c\u0153ur de Reims"},"content":{"rendered":"<p><strong>Le c\u0153ur de Reims se pr\u00e9pare \u00e0 de profondes transformations. L\u2019\u00e9quipe emmen\u00e9e par Arnaud Robinet et Catherine Vautrin, d\u00e9put\u00e9e-pr\u00e9sidente de Reims M\u00e9tropole, propose une \u00ab nouvelle vision \u00bb de la ville. Reims Grand Centre est un projet pour tout le territoire du bassin de vie r\u00e9mois. Il doit \u00e9tendre le c\u0153ur de ville au secteur Promenades\/Boulingrin et renforcer la vocation m\u00e9tropolitaine de Reims en accueillant deux \u00e9quipements majeurs, la grande salle \u00e9v\u00e8nementielle et le complexe aqualudique.<\/strong><br \/>\nLa grande salle \u00e9v\u00e8nementielle dont les grandes lignes du projet seront pr\u00e9sent\u00e9es au conseil municipal le 2 mai \u00e901\u00a7, devrait pouvoir accueillir 5500 personnes en places assises ou 6 000 places assis\/debout en configuration culturelle. Deux halls annexes jouxteront la salle principale afin de compl\u00e9ter l\u2019offre. Cet \u00e9quipement sera reli\u00e9 au complexe aqualudique par un mail pi\u00e9tonnier. Il aura vocation \u00e0 accueillir les grands \u00e9v\u00e8nements culturels, sportifs et \u00e9conomiques que la ville ne peut actuellement recevoir, conform\u00e9ment \u00e0 ses ambitions en termes de tourisme et d\u2019\u00e9v\u00e8nementiel de grande envergure. Le co\u00fbt de l\u2019op\u00e9ration est estim\u00e9 \u00e0 44 M\u20ac HT avec une livraison en 2020.<\/p>\n<p>Le complexe aqualudique comprendra une piscine et une patinoire \u00e0 la vocation quadruple :<br \/>\naccueil du grand public pour des activit\u00e9s de loisirs et de d\u00e9tente ou encore des activit\u00e9s encadr\u00e9es adapt\u00e9es \u00e0 toutes les g\u00e9n\u00e9rations, accueil de scolaires, pour l\u2019apprentissage de la natation et de la pratique de glisse, site d\u2019entra\u00eenements des clubs de natation, organisation de comp\u00e9titions jusqu\u2019au niveau international pour la partie piscine y compris l\u2019\u00e9ventualit\u00e9 d\u2019accueillir des \u00e9preuves ou des d\u00e9l\u00e9gations pour les JO de Paris si la candidature fran\u00e7aise est retenue. La piscine devrait prendre la forme suivante d&rsquo;un bassin olympique de 50 m\u00e8tres avec 10 lignes d\u2019eau, homologu\u00e9 pour accueillir des comp\u00e9titions de niveau national et international, dot\u00e9 de 700 places de gradins fixes et d\u2019une surface compl\u00e9mentaire pour accueillir 800 places suppl\u00e9mentaires, un bassin d\u2019activit\u00e9s de 250 m2 pouvant servir \u00e0 l\u2019apprentissage, aux activit\u00e9s encadr\u00e9es ou \u00e0 l\u2019\u00e9chauffement et \u00e0 la r\u00e9cup\u00e9ration des nageurs lors de comp\u00e9titions, un ou des bassins ludiques \u00e0 destination du grand public pour des activit\u00e9s de jeu et de d\u00e9tente, un bassin nordique, en ext\u00e9rieur, pour les activit\u00e9s de nage tout au long de l\u2019ann\u00e9e et de d\u00e9tente en \u00e9t\u00e9, des am\u00e9nagements ext\u00e9rieurs pour la d\u00e9tente et le jeu en p\u00e9riode estivale, un espace bien-\u00eatre compl\u00e9mentaire aux activit\u00e9s aquatiques. La patinoire sera dot\u00e9e d\u2019une aire de glace ludique d\u2019au moins 800 m2 pouvant \u00e9galement accueillir des activit\u00e9s d\u2019apprentissage, avec une partie en ext\u00e9rieur.<\/p>\n<p>4 axes majeurs et prioritaires pour Reims Grand Centre :<\/p>\n<ul>\n<li>redonner vie au site du Sernam, ancienne friche ferroviaire et y construire le complexe aqualudique et la grande salle \u00e9v\u00e8nementielle qui ouvriront en 2020<\/li>\n<li>cr\u00e9er le p\u00f4le d\u2019\u00e9changes multimodal, r\u00e9ponse indispensable \u00e0 l\u2019\u00e9chelle du Grand Reims, pour enfin \u00e9tablir le point de convergence du r\u00e9seau de bus avec les autres modes de transports<\/li>\n<li>reconqu\u00e9rir les Promenades comme poumon vert en c\u0153ur de ville<\/li>\n<li>repositionner le Boulingrin et affirmer la vocation du quartier des halles, ax\u00e9e vers le tourisme, le champagne et la gastronomie, en redonnant vie aux halles tous les jours de la semaine et en accueillant un projet priv\u00e9.<\/li>\n<\/ul>\n<p>Lanc\u00e9es en juin 2015, les \u00e9tudes d\u2019urbanisme ont \u00e9t\u00e9 confi\u00e9es au cabinet Fran\u00e7ois Leclercq. La phase de concertation sera lanc\u00e9e d\u2019ici l\u2019\u00e9t\u00e9. Par la suite, l\u2019agence d\u2019architecte-urbaniste devra pour assister le comit\u00e9 de pilotage, l\u2019accompagner dans la cr\u00e9ation d\u2019une ZAC, le choix des op\u00e9rateurs et assurer une coordination favorisant la coh\u00e9rence de l\u2019ensemble des projets.<\/p>\n<p>Ce redimensionnement du c\u0153ur de ville et d\u2019agglom\u00e9ration r\u00e9armera Reims dans la comp\u00e9tition entre les cinq principaux bassins de population de la nouvelle grande r\u00e9gion et permettra de mieux positionner le Grand Reims face aux autres agglom\u00e9rations de sa cat\u00e9gorie.<\/p>\n","protected":false},"excerpt":{"rendered":"<p>Le c\u0153ur de Reims se pr\u00e9pare \u00e0 de profondes transformations. L\u2019\u00e9quipe emmen\u00e9e par Arnaud Robinet et Catherine Vautrin, d\u00e9put\u00e9e-pr\u00e9sidente de Reims M\u00e9tropole, propose une \u00ab nouvelle vision \u00bb de la ville. Reims Grand Centre est un projet pour tout le territoire du bassin de vie r\u00e9mois. Il doit \u00e9tendre le c\u0153ur de ville au secteur [&hellip;]<\/p>\n","protected":false},"author":17,"featured_media":92076,"comment_status":"closed","ping_status":"closed","sticky":false,"template":"","format":"standard","meta":{"_et_pb_use_builder":"","_et_pb_old_content":"","_et_gb_content_width":"","footnotes":""},"categories":[6340],"tags":[1405],"class_list":["post-92075","post","type-post","status-publish","format-standard","has-post-thumbnail","hentry","category-architecture-conception","tag-ville"],"yoast_head":"<!-- This site is optimized with the Yoast SEO plugin v27.4 - https:\/\/yoast.com\/product\/yoast-seo-wordpress\/ -->\n<title>La m\u00e9tamorphose du c\u0153ur de Reims<\/title>\n<meta name=\"robots\" content=\"index, follow, max-snippet:-1, max-image-preview:large, max-video-preview:-1\" \/>\n<link rel=\"canonical\" href=\"https:\/\/batijournal.com\/index.php\/reims-grand-centre-metamorphose-coeur-de-reims\/92075\/\" \/>\n<meta property=\"og:locale\" content=\"fr_FR\" \/>\n<meta property=\"og:type\" content=\"article\" \/>\n<meta property=\"og:title\" content=\"La m\u00e9tamorphose du c\u0153ur de Reims\" \/>\n<meta property=\"og:description\" content=\"Le c\u0153ur de Reims se pr\u00e9pare \u00e0 de profondes transformations. L\u2019\u00e9quipe emmen\u00e9e par Arnaud Robinet et Catherine Vautrin, d\u00e9put\u00e9e-pr\u00e9sidente de Reims M\u00e9tropole, propose une \u00ab nouvelle vision \u00bb de la ville. Reims Grand Centre est un projet pour tout le territoire du bassin de vie r\u00e9mois. Il doit \u00e9tendre le c\u0153ur de ville au secteur [&hellip;]\" \/>\n<meta property=\"og:url\" content=\"https:\/\/batijournal.com\/index.php\/reims-grand-centre-metamorphose-coeur-de-reims\/92075\/\" \/>\n<meta property=\"og:site_name\" content=\"Batijournal\" \/>\n<meta property=\"article:published_time\" content=\"2016-04-04T08:55:31+00:00\" \/>\n<meta property=\"article:modified_time\" content=\"2019-07-15T10:11:11+00:00\" \/>\n<meta property=\"og:image\" content=\"https:\/\/batijournal.com\/wp-content\/uploads\/2016\/04\/Reims-Grand-Centre.png\" \/>\n\t<meta property=\"og:image:width\" content=\"1121\" \/>\n\t<meta property=\"og:image:height\" content=\"715\" \/>\n\t<meta property=\"og:image:type\" content=\"image\/png\" \/>\n<meta name=\"author\" content=\"St\u00e9phane Miget\" \/>\n<meta name=\"twitter:card\" content=\"summary_large_image\" \/>\n<meta name=\"twitter:creator\" content=\"@bati_journal\" \/>\n<meta name=\"twitter:site\" content=\"@bati_journal\" \/>\n<meta name=\"twitter:label1\" content=\"\u00c9crit par\" \/>\n\t<meta name=\"twitter:data1\" content=\"St\u00e9phane Miget\" \/>\n\t<meta name=\"twitter:label2\" content=\"Dur\u00e9e de lecture estim\u00e9e\" \/>\n\t<meta name=\"twitter:data2\" content=\"4 minutes\" \/>\n<script type=\"application\/ld+json\" class=\"yoast-schema-graph\">{\"@context\":\"https:\\\/\\\/schema.org\",\"@graph\":[{\"@type\":\"Article\",\"@id\":\"https:\\\/\\\/batijournal.com\\\/index.php\\\/reims-grand-centre-metamorphose-coeur-de-reims\\\/92075\\\/#article\",\"isPartOf\":{\"@id\":\"https:\\\/\\\/batijournal.com\\\/index.php\\\/reims-grand-centre-metamorphose-coeur-de-reims\\\/92075\\\/\"},\"author\":{\"name\":\"St\u00e9phane Miget\",\"@id\":\"https:\\\/\\\/batijournal.com\\\/#\\\/schema\\\/person\\\/1dc96ec6957aa1ccb25ebe78bb19f100\"},\"headline\":\"La m\u00e9tamorphose du c\u0153ur de Reims\",\"datePublished\":\"2016-04-04T08:55:31+00:00\",\"dateModified\":\"2019-07-15T10:11:11+00:00\",\"mainEntityOfPage\":{\"@id\":\"https:\\\/\\\/batijournal.com\\\/index.php\\\/reims-grand-centre-metamorphose-coeur-de-reims\\\/92075\\\/\"},\"wordCount\":710,\"image\":{\"@id\":\"https:\\\/\\\/batijournal.com\\\/index.php\\\/reims-grand-centre-metamorphose-coeur-de-reims\\\/92075\\\/#primaryimage\"},\"thumbnailUrl\":\"https:\\\/\\\/batijournal.com\\\/wp-content\\\/uploads\\\/2016\\\/04\\\/Reims-Grand-Centre.png\",\"keywords\":[\"ville\"],\"articleSection\":[\"Architecture &amp; Conception\"],\"inLanguage\":\"fr-FR\"},{\"@type\":\"WebPage\",\"@id\":\"https:\\\/\\\/batijournal.com\\\/index.php\\\/reims-grand-centre-metamorphose-coeur-de-reims\\\/92075\\\/\",\"url\":\"https:\\\/\\\/batijournal.com\\\/index.php\\\/reims-grand-centre-metamorphose-coeur-de-reims\\\/92075\\\/\",\"name\":\"La m\u00e9tamorphose du c\u0153ur de Reims\",\"isPartOf\":{\"@id\":\"https:\\\/\\\/batijournal.com\\\/#website\"},\"primaryImageOfPage\":{\"@id\":\"https:\\\/\\\/batijournal.com\\\/index.php\\\/reims-grand-centre-metamorphose-coeur-de-reims\\\/92075\\\/#primaryimage\"},\"image\":{\"@id\":\"https:\\\/\\\/batijournal.com\\\/index.php\\\/reims-grand-centre-metamorphose-coeur-de-reims\\\/92075\\\/#primaryimage\"},\"thumbnailUrl\":\"https:\\\/\\\/batijournal.com\\\/wp-content\\\/uploads\\\/2016\\\/04\\\/Reims-Grand-Centre.png\",\"datePublished\":\"2016-04-04T08:55:31+00:00\",\"dateModified\":\"2019-07-15T10:11:11+00:00\",\"author\":{\"@id\":\"https:\\\/\\\/batijournal.com\\\/#\\\/schema\\\/person\\\/1dc96ec6957aa1ccb25ebe78bb19f100\"},\"breadcrumb\":{\"@id\":\"https:\\\/\\\/batijournal.com\\\/index.php\\\/reims-grand-centre-metamorphose-coeur-de-reims\\\/92075\\\/#breadcrumb\"},\"inLanguage\":\"fr-FR\",\"potentialAction\":[{\"@type\":\"ReadAction\",\"target\":[\"https:\\\/\\\/batijournal.com\\\/index.php\\\/reims-grand-centre-metamorphose-coeur-de-reims\\\/92075\\\/\"]}]},{\"@type\":\"ImageObject\",\"inLanguage\":\"fr-FR\",\"@id\":\"https:\\\/\\\/batijournal.com\\\/index.php\\\/reims-grand-centre-metamorphose-coeur-de-reims\\\/92075\\\/#primaryimage\",\"url\":\"https:\\\/\\\/batijournal.com\\\/wp-content\\\/uploads\\\/2016\\\/04\\\/Reims-Grand-Centre.png\",\"contentUrl\":\"https:\\\/\\\/batijournal.com\\\/wp-content\\\/uploads\\\/2016\\\/04\\\/Reims-Grand-Centre.png\",\"width\":1121,\"height\":715},{\"@type\":\"BreadcrumbList\",\"@id\":\"https:\\\/\\\/batijournal.com\\\/index.php\\\/reims-grand-centre-metamorphose-coeur-de-reims\\\/92075\\\/#breadcrumb\",\"itemListElement\":[{\"@type\":\"ListItem\",\"position\":1,\"name\":\"Accueil\",\"item\":\"https:\\\/\\\/batijournal.com\\\/\"},{\"@type\":\"ListItem\",\"position\":2,\"name\":\"Actualit\u00e9s\",\"item\":\"https:\\\/\\\/batijournal.com\\\/index.php\\\/category\\\/actualites\\\/\"},{\"@type\":\"ListItem\",\"position\":3,\"name\":\"Architecture &amp; Conception\",\"item\":\"https:\\\/\\\/batijournal.com\\\/index.php\\\/category\\\/actualites\\\/architecture-conception\\\/\"},{\"@type\":\"ListItem\",\"position\":4,\"name\":\"La m\u00e9tamorphose du c\u0153ur de Reims\"}]},{\"@type\":\"WebSite\",\"@id\":\"https:\\\/\\\/batijournal.com\\\/#website\",\"url\":\"https:\\\/\\\/batijournal.com\\\/\",\"name\":\"Batijournal\",\"description\":\"L&#039;actualit\u00e9 du b\u00e2timent\",\"potentialAction\":[{\"@type\":\"SearchAction\",\"target\":{\"@type\":\"EntryPoint\",\"urlTemplate\":\"https:\\\/\\\/batijournal.com\\\/?s={search_term_string}\"},\"query-input\":{\"@type\":\"PropertyValueSpecification\",\"valueRequired\":true,\"valueName\":\"search_term_string\"}}],\"inLanguage\":\"fr-FR\"},{\"@type\":\"Person\",\"@id\":\"https:\\\/\\\/batijournal.com\\\/#\\\/schema\\\/person\\\/1dc96ec6957aa1ccb25ebe78bb19f100\",\"name\":\"St\u00e9phane Miget\",\"image\":{\"@type\":\"ImageObject\",\"inLanguage\":\"fr-FR\",\"@id\":\"https:\\\/\\\/secure.gravatar.com\\\/avatar\\\/89915563d925342126b8ef0281b93d9d7fc337043e8df017f780908eb9644451?s=96&d=mm&r=g\",\"url\":\"https:\\\/\\\/secure.gravatar.com\\\/avatar\\\/89915563d925342126b8ef0281b93d9d7fc337043e8df017f780908eb9644451?s=96&d=mm&r=g\",\"contentUrl\":\"https:\\\/\\\/secure.gravatar.com\\\/avatar\\\/89915563d925342126b8ef0281b93d9d7fc337043e8df017f780908eb9644451?s=96&d=mm&r=g\",\"caption\":\"St\u00e9phane Miget\"},\"url\":\"https:\\\/\\\/batijournal.com\\\/index.php\\\/author\\\/stephane\\\/\"}]}<\/script>\n<!-- \/ Yoast SEO plugin. -->","yoast_head_json":{"title":"La m\u00e9tamorphose du c\u0153ur de Reims","robots":{"index":"index","follow":"follow","max-snippet":"max-snippet:-1","max-image-preview":"max-image-preview:large","max-video-preview":"max-video-preview:-1"},"canonical":"https:\/\/batijournal.com\/index.php\/reims-grand-centre-metamorphose-coeur-de-reims\/92075\/","og_locale":"fr_FR","og_type":"article","og_title":"La m\u00e9tamorphose du c\u0153ur de Reims","og_description":"Le c\u0153ur de Reims se pr\u00e9pare \u00e0 de profondes transformations. L\u2019\u00e9quipe emmen\u00e9e par Arnaud Robinet et Catherine Vautrin, d\u00e9put\u00e9e-pr\u00e9sidente de Reims M\u00e9tropole, propose une \u00ab nouvelle vision \u00bb de la ville. Reims Grand Centre est un projet pour tout le territoire du bassin de vie r\u00e9mois. Il doit \u00e9tendre le c\u0153ur de ville au secteur [&hellip;]","og_url":"https:\/\/batijournal.com\/index.php\/reims-grand-centre-metamorphose-coeur-de-reims\/92075\/","og_site_name":"Batijournal","article_published_time":"2016-04-04T08:55:31+00:00","article_modified_time":"2019-07-15T10:11:11+00:00","og_image":[{"width":1121,"height":715,"url":"https:\/\/batijournal.com\/wp-content\/uploads\/2016\/04\/Reims-Grand-Centre.png","type":"image\/png"}],"author":"St\u00e9phane Miget","twitter_card":"summary_large_image","twitter_creator":"@bati_journal","twitter_site":"@bati_journal","twitter_misc":{"\u00c9crit par":"St\u00e9phane Miget","Dur\u00e9e de lecture estim\u00e9e":"4 minutes"},"schema":{"@context":"https:\/\/schema.org","@graph":[{"@type":"Article","@id":"https:\/\/batijournal.com\/index.php\/reims-grand-centre-metamorphose-coeur-de-reims\/92075\/#article","isPartOf":{"@id":"https:\/\/batijournal.com\/index.php\/reims-grand-centre-metamorphose-coeur-de-reims\/92075\/"},"author":{"name":"St\u00e9phane Miget","@id":"https:\/\/batijournal.com\/#\/schema\/person\/1dc96ec6957aa1ccb25ebe78bb19f100"},"headline":"La m\u00e9tamorphose du c\u0153ur de Reims","datePublished":"2016-04-04T08:55:31+00:00","dateModified":"2019-07-15T10:11:11+00:00","mainEntityOfPage":{"@id":"https:\/\/batijournal.com\/index.php\/reims-grand-centre-metamorphose-coeur-de-reims\/92075\/"},"wordCount":710,"image":{"@id":"https:\/\/batijournal.com\/index.php\/reims-grand-centre-metamorphose-coeur-de-reims\/92075\/#primaryimage"},"thumbnailUrl":"https:\/\/batijournal.com\/wp-content\/uploads\/2016\/04\/Reims-Grand-Centre.png","keywords":["ville"],"articleSection":["Architecture &amp; Conception"],"inLanguage":"fr-FR"},{"@type":"WebPage","@id":"https:\/\/batijournal.com\/index.php\/reims-grand-centre-metamorphose-coeur-de-reims\/92075\/","url":"https:\/\/batijournal.com\/index.php\/reims-grand-centre-metamorphose-coeur-de-reims\/92075\/","name":"La m\u00e9tamorphose du c\u0153ur de Reims","isPartOf":{"@id":"https:\/\/batijournal.com\/#website"},"primaryImageOfPage":{"@id":"https:\/\/batijournal.com\/index.php\/reims-grand-centre-metamorphose-coeur-de-reims\/92075\/#primaryimage"},"image":{"@id":"https:\/\/batijournal.com\/index.php\/reims-grand-centre-metamorphose-coeur-de-reims\/92075\/#primaryimage"},"thumbnailUrl":"https:\/\/batijournal.com\/wp-content\/uploads\/2016\/04\/Reims-Grand-Centre.png","datePublished":"2016-04-04T08:55:31+00:00","dateModified":"2019-07-15T10:11:11+00:00","author":{"@id":"https:\/\/batijournal.com\/#\/schema\/person\/1dc96ec6957aa1ccb25ebe78bb19f100"},"breadcrumb":{"@id":"https:\/\/batijournal.com\/index.php\/reims-grand-centre-metamorphose-coeur-de-reims\/92075\/#breadcrumb"},"inLanguage":"fr-FR","potentialAction":[{"@type":"ReadAction","target":["https:\/\/batijournal.com\/index.php\/reims-grand-centre-metamorphose-coeur-de-reims\/92075\/"]}]},{"@type":"ImageObject","inLanguage":"fr-FR","@id":"https:\/\/batijournal.com\/index.php\/reims-grand-centre-metamorphose-coeur-de-reims\/92075\/#primaryimage","url":"https:\/\/batijournal.com\/wp-content\/uploads\/2016\/04\/Reims-Grand-Centre.png","contentUrl":"https:\/\/batijournal.com\/wp-content\/uploads\/2016\/04\/Reims-Grand-Centre.png","width":1121,"height":715},{"@type":"BreadcrumbList","@id":"https:\/\/batijournal.com\/index.php\/reims-grand-centre-metamorphose-coeur-de-reims\/92075\/#breadcrumb","itemListElement":[{"@type":"ListItem","position":1,"name":"Accueil","item":"https:\/\/batijournal.com\/"},{"@type":"ListItem","position":2,"name":"Actualit\u00e9s","item":"https:\/\/batijournal.com\/index.php\/category\/actualites\/"},{"@type":"ListItem","position":3,"name":"Architecture &amp; Conception","item":"https:\/\/batijournal.com\/index.php\/category\/actualites\/architecture-conception\/"},{"@type":"ListItem","position":4,"name":"La m\u00e9tamorphose du c\u0153ur de Reims"}]},{"@type":"WebSite","@id":"https:\/\/batijournal.com\/#website","url":"https:\/\/batijournal.com\/","name":"Batijournal","description":"L&#039;actualit\u00e9 du b\u00e2timent","potentialAction":[{"@type":"SearchAction","target":{"@type":"EntryPoint","urlTemplate":"https:\/\/batijournal.com\/?s={search_term_string}"},"query-input":{"@type":"PropertyValueSpecification","valueRequired":true,"valueName":"search_term_string"}}],"inLanguage":"fr-FR"},{"@type":"Person","@id":"https:\/\/batijournal.com\/#\/schema\/person\/1dc96ec6957aa1ccb25ebe78bb19f100","name":"St\u00e9phane Miget","image":{"@type":"ImageObject","inLanguage":"fr-FR","@id":"https:\/\/secure.gravatar.com\/avatar\/89915563d925342126b8ef0281b93d9d7fc337043e8df017f780908eb9644451?s=96&d=mm&r=g","url":"https:\/\/secure.gravatar.com\/avatar\/89915563d925342126b8ef0281b93d9d7fc337043e8df017f780908eb9644451?s=96&d=mm&r=g","contentUrl":"https:\/\/secure.gravatar.com\/avatar\/89915563d925342126b8ef0281b93d9d7fc337043e8df017f780908eb9644451?s=96&d=mm&r=g","caption":"St\u00e9phane Miget"},"url":"https:\/\/batijournal.com\/index.php\/author\/stephane\/"}]}},"_links":{"self":[{"href":"https:\/\/batijournal.com\/index.php\/wp-json\/wp\/v2\/posts\/92075","targetHints":{"allow":["GET"]}}],"collection":[{"href":"https:\/\/batijournal.com\/index.php\/wp-json\/wp\/v2\/posts"}],"about":[{"href":"https:\/\/batijournal.com\/index.php\/wp-json\/wp\/v2\/types\/post"}],"author":[{"embeddable":true,"href":"https:\/\/batijournal.com\/index.php\/wp-json\/wp\/v2\/users\/17"}],"replies":[{"embeddable":true,"href":"https:\/\/batijournal.com\/index.php\/wp-json\/wp\/v2\/comments?post=92075"}],"version-history":[{"count":0,"href":"https:\/\/batijournal.com\/index.php\/wp-json\/wp\/v2\/posts\/92075\/revisions"}],"wp:featuredmedia":[{"embeddable":true,"href":"https:\/\/batijournal.com\/index.php\/wp-json\/wp\/v2\/media\/92076"}],"wp:attachment":[{"href":"https:\/\/batijournal.com\/index.php\/wp-json\/wp\/v2\/media?parent=92075"}],"wp:term":[{"taxonomy":"category","embeddable":true,"href":"https:\/\/batijournal.com\/index.php\/wp-json\/wp\/v2\/categories?post=92075"},{"taxonomy":"post_tag","embeddable":true,"href":"https:\/\/batijournal.com\/index.php\/wp-json\/wp\/v2\/tags?post=92075"}],"curies":[{"name":"wp","href":"https:\/\/api.w.org\/{rel}","templated":true}]}}