{"id":92166,"date":"2016-04-06T20:11:09","date_gmt":"2016-04-06T18:11:09","guid":{"rendered":"http:\/\/batijournal.com\/?p=92166"},"modified":"2019-07-15T11:27:56","modified_gmt":"2019-07-15T09:27:56","slug":"halles-de-paris-canopee","status":"publish","type":"post","link":"https:\/\/batijournal.com\/index.php\/halles-de-paris-canopee\/92166\/","title":{"rendered":"Les Halles de Paris sous la Canop\u00e9e"},"content":{"rendered":"<p>Paris conduit depuis dix ans un chantier ambitieux pour renouveler le quartier central des Halles. R\u00e9unissant un p\u00f4le d\u2019\u00e9quipements publics, le deuxi\u00e8me centre commercial de France et la premi\u00e8re gare RER d\u2019Europe, ce quartier accueille chaque jour des centaines de milliers de Parisiens, de Franciliens et de touristes. Pour en faire un lieu de vie, de partage et de rencontre, Bertrand Delano\u00eb et Anne Hidalgo ont sollicit\u00e9 les architectes Patrick Berger et Jacques Anziutti, qui ont imagin\u00e9 et pens\u00e9 la Canop\u00e9e qui allie le m\u00e9tal au verre, le monumental \u00e0 la l\u00e9g\u00e8ret\u00e9 et \u00e0 la transparence. L&rsquo;inauguration vient d&rsquo;avoir lieu.<\/p>\n<p><img loading=\"lazy\" decoding=\"async\" class=\"aligncenter size-full wp-image-92168\" src=\"https:\/\/batijournal.com\/wp-content\/uploads\/2016\/04\/canopee-des-halles-de-paris-2.jpg\" alt=\"canopee-des-halles-de-paris-2\" width=\"1000\" height=\"667\" srcset=\"https:\/\/batijournal.com\/wp-content\/uploads\/2016\/04\/canopee-des-halles-de-paris-2.jpg 1000w, https:\/\/batijournal.com\/wp-content\/uploads\/2016\/04\/canopee-des-halles-de-paris-2-150x100.jpg 150w, https:\/\/batijournal.com\/wp-content\/uploads\/2016\/04\/canopee-des-halles-de-paris-2-300x200.jpg 300w, https:\/\/batijournal.com\/wp-content\/uploads\/2016\/04\/canopee-des-halles-de-paris-2-768x512.jpg 768w, https:\/\/batijournal.com\/wp-content\/uploads\/2016\/04\/canopee-des-halles-de-paris-2-600x400.jpg 600w\" sizes=\"(max-width: 1000px) 100vw, 1000px\" \/><\/p>\n<p>La Canop\u00e9e est un lieu public abrit\u00e9, espace entrouvert unique, \u00e0 l\u2019\u00e9chelle d\u2019une place urbaine. Elle s\u2019\u00e9tend sur 140 m de long, 80 m de large avec un volume de 24 m de hauteur sous enveloppe. Le volume est mi-excav\u00e9, mi-surhauss\u00e9 et culmine \u00e0 14 m au-dessus du sol. L\u2019enveloppe, unitaire, de 2,5 ha, est en verre monochrome. L\u2019\u00e9difice est constitu\u00e9 de deux ailes, nord et sud, et de l\u2019ouvrage d\u2019art de franchissement qui abrite l\u2019espace public central, en terrasse, sur plusieurs niveaux.<\/p>\n<p><img loading=\"lazy\" decoding=\"async\" class=\"aligncenter size-full wp-image-92169\" src=\"https:\/\/batijournal.com\/wp-content\/uploads\/2016\/04\/canopee-des-halles-de-paris-3.jpg\" alt=\"canopee-des-halles-de-paris-3\" width=\"1000\" height=\"667\" srcset=\"https:\/\/batijournal.com\/wp-content\/uploads\/2016\/04\/canopee-des-halles-de-paris-3.jpg 1000w, https:\/\/batijournal.com\/wp-content\/uploads\/2016\/04\/canopee-des-halles-de-paris-3-150x100.jpg 150w, https:\/\/batijournal.com\/wp-content\/uploads\/2016\/04\/canopee-des-halles-de-paris-3-300x200.jpg 300w, https:\/\/batijournal.com\/wp-content\/uploads\/2016\/04\/canopee-des-halles-de-paris-3-768x512.jpg 768w, https:\/\/batijournal.com\/wp-content\/uploads\/2016\/04\/canopee-des-halles-de-paris-3-600x400.jpg 600w\" sizes=\"(max-width: 1000px) 100vw, 1000px\" \/><\/p>\n<p>La structure mat\u00e9rialis\u00e9e par l&rsquo;enveloppe de verre unique diffuse une lumi\u00e8re douce dans l\u2019espace qu\u2019elle abrite et donne lieu \u00e0 une vibration changeante selon l\u2019heure de la journ\u00e9e. La nuit, l\u2019effet s\u2019inverse et la Canop\u00e9e devient un volume lumineux. A\u00e9r\u00e9 et irrigu\u00e9 de la lumi\u00e8re diffuse prodigu\u00e9e par l\u2019enveloppe de verre, cet espace est con\u00e7u pour cr\u00e9er un microclimat, confortable toute l\u2019ann\u00e9e et durable, car il ne n\u00e9cessite aucune consommation d\u2019\u00e9nergie. La surface de l\u2019enveloppe, en double courbure, est compos\u00e9 de 18 000 \u00e9cailles de verre. Ces modules sont identiques dans leur constitution, tandis que leurs dimensions varient de 1,10 m \u00e0 1,60 m.<\/p>\n<p><img loading=\"lazy\" decoding=\"async\" class=\"aligncenter size-full wp-image-92170\" src=\"https:\/\/batijournal.com\/wp-content\/uploads\/2016\/04\/canopee-des-halles-de-paris-4.jpg\" alt=\"canopee-des-halles-de-paris-4\" width=\"1000\" height=\"667\" srcset=\"https:\/\/batijournal.com\/wp-content\/uploads\/2016\/04\/canopee-des-halles-de-paris-4.jpg 1000w, https:\/\/batijournal.com\/wp-content\/uploads\/2016\/04\/canopee-des-halles-de-paris-4-150x100.jpg 150w, https:\/\/batijournal.com\/wp-content\/uploads\/2016\/04\/canopee-des-halles-de-paris-4-300x200.jpg 300w, https:\/\/batijournal.com\/wp-content\/uploads\/2016\/04\/canopee-des-halles-de-paris-4-768x512.jpg 768w, https:\/\/batijournal.com\/wp-content\/uploads\/2016\/04\/canopee-des-halles-de-paris-4-600x400.jpg 600w\" sizes=\"(max-width: 1000px) 100vw, 1000px\" \/><\/p>\n<p>Le site des Halles est maintenant repositionn\u00e9 sur un axe Est\/Ouest, d\u00e9gageant un vaste espace central qui r\u00e9tablit une unit\u00e9 urbaine de la rue Lescot \u00e0 la Bourse du Commerce. Il r\u00e9int\u00e8gre ainsi Les Halles dans la continuit\u00e9 des espaces publics du centre de Paris. La Canop\u00e9e abritera un p\u00f4le culturel d\u2019envergure m\u00e9tropolitaine. Son conservatoire, son centre culturel Hip hop, sa m\u00e9diath\u00e8que, son centre des pratiques amateurs, son point info jeunes seront autant d\u2019occasions d\u2019encourager \u00e0 la pratique artistique et d\u2019offrir un service public de qualit\u00e9, mais aussi de s\u2019arr\u00eater, de fl\u00e2ner, de s\u2019amuser&#8230;<\/p>\n<p>&nbsp;<\/p>\n<p>Photos : \u00a0\u00a9 SemPariSeine \u2013 Franck Badaire Photographe<\/p>\n<p>&nbsp;<\/p>\n<p>&nbsp;<\/p>\n","protected":false},"excerpt":{"rendered":"<p>Paris conduit depuis dix ans un chantier ambitieux pour renouveler le quartier central des Halles. R\u00e9unissant un p\u00f4le d\u2019\u00e9quipements publics, le deuxi\u00e8me centre commercial de France et la premi\u00e8re gare RER d\u2019Europe, ce quartier accueille chaque jour des centaines de milliers de Parisiens, de Franciliens et de touristes. Pour en faire un lieu de vie, [&hellip;]<\/p>\n","protected":false},"author":17,"featured_media":92167,"comment_status":"closed","ping_status":"closed","sticky":false,"template":"","format":"standard","meta":{"_et_pb_use_builder":"","_et_pb_old_content":"","_et_gb_content_width":"","footnotes":""},"categories":[10736,6340,10775],"tags":[1625],"class_list":["post-92166","post","type-post","status-publish","format-standard","has-post-thumbnail","hentry","category-a-la-une","category-architecture-conception","category-actualites-5facades","tag-paris"],"yoast_head":"<!-- This site is optimized with the Yoast SEO plugin v27.4 - https:\/\/yoast.com\/product\/yoast-seo-wordpress\/ -->\n<title>Les Halles de Paris sous la Canop\u00e9e<\/title>\n<meta name=\"robots\" content=\"index, follow, max-snippet:-1, max-image-preview:large, max-video-preview:-1\" \/>\n<link rel=\"canonical\" href=\"https:\/\/batijournal.com\/index.php\/halles-de-paris-canopee\/92166\/\" \/>\n<meta property=\"og:locale\" content=\"fr_FR\" \/>\n<meta property=\"og:type\" content=\"article\" \/>\n<meta property=\"og:title\" content=\"Les Halles de Paris sous la Canop\u00e9e\" \/>\n<meta property=\"og:description\" content=\"Paris conduit depuis dix ans un chantier ambitieux pour renouveler le quartier central des Halles. R\u00e9unissant un p\u00f4le d\u2019\u00e9quipements publics, le deuxi\u00e8me centre commercial de France et la premi\u00e8re gare RER d\u2019Europe, ce quartier accueille chaque jour des centaines de milliers de Parisiens, de Franciliens et de touristes. Pour en faire un lieu de vie, [&hellip;]\" \/>\n<meta property=\"og:url\" content=\"https:\/\/batijournal.com\/index.php\/halles-de-paris-canopee\/92166\/\" \/>\n<meta property=\"og:site_name\" content=\"Batijournal\" \/>\n<meta property=\"article:published_time\" content=\"2016-04-06T18:11:09+00:00\" \/>\n<meta property=\"article:modified_time\" content=\"2019-07-15T09:27:56+00:00\" \/>\n<meta property=\"og:image\" content=\"https:\/\/batijournal.com\/wp-content\/uploads\/2016\/04\/canopee-des-halles-de-paris-1.jpg\" \/>\n\t<meta property=\"og:image:width\" content=\"1000\" \/>\n\t<meta property=\"og:image:height\" content=\"667\" \/>\n\t<meta property=\"og:image:type\" content=\"image\/jpeg\" \/>\n<meta name=\"author\" content=\"St\u00e9phane Miget\" \/>\n<meta name=\"twitter:card\" content=\"summary_large_image\" \/>\n<meta name=\"twitter:creator\" content=\"@bati_journal\" \/>\n<meta name=\"twitter:site\" content=\"@bati_journal\" \/>\n<meta name=\"twitter:label1\" content=\"\u00c9crit par\" \/>\n\t<meta name=\"twitter:data1\" content=\"St\u00e9phane Miget\" \/>\n\t<meta name=\"twitter:label2\" content=\"Dur\u00e9e de lecture estim\u00e9e\" \/>\n\t<meta name=\"twitter:data2\" content=\"2 minutes\" \/>\n<script type=\"application\/ld+json\" class=\"yoast-schema-graph\">{\"@context\":\"https:\\\/\\\/schema.org\",\"@graph\":[{\"@type\":\"Article\",\"@id\":\"https:\\\/\\\/batijournal.com\\\/index.php\\\/halles-de-paris-canopee\\\/92166\\\/#article\",\"isPartOf\":{\"@id\":\"https:\\\/\\\/batijournal.com\\\/index.php\\\/halles-de-paris-canopee\\\/92166\\\/\"},\"author\":{\"name\":\"St\u00e9phane Miget\",\"@id\":\"https:\\\/\\\/batijournal.com\\\/#\\\/schema\\\/person\\\/1dc96ec6957aa1ccb25ebe78bb19f100\"},\"headline\":\"Les Halles de Paris sous la Canop\u00e9e\",\"datePublished\":\"2016-04-06T18:11:09+00:00\",\"dateModified\":\"2019-07-15T09:27:56+00:00\",\"mainEntityOfPage\":{\"@id\":\"https:\\\/\\\/batijournal.com\\\/index.php\\\/halles-de-paris-canopee\\\/92166\\\/\"},\"wordCount\":441,\"image\":{\"@id\":\"https:\\\/\\\/batijournal.com\\\/index.php\\\/halles-de-paris-canopee\\\/92166\\\/#primaryimage\"},\"thumbnailUrl\":\"https:\\\/\\\/batijournal.com\\\/wp-content\\\/uploads\\\/2016\\\/04\\\/canopee-des-halles-de-paris-1.jpg\",\"keywords\":[\"paris\"],\"articleSection\":[\"A la Une\",\"Architecture &amp; Conception\",\"zz_Actualit\u00e9s - 5fa\u00e7ades\"],\"inLanguage\":\"fr-FR\"},{\"@type\":\"WebPage\",\"@id\":\"https:\\\/\\\/batijournal.com\\\/index.php\\\/halles-de-paris-canopee\\\/92166\\\/\",\"url\":\"https:\\\/\\\/batijournal.com\\\/index.php\\\/halles-de-paris-canopee\\\/92166\\\/\",\"name\":\"Les Halles de Paris sous la Canop\u00e9e\",\"isPartOf\":{\"@id\":\"https:\\\/\\\/batijournal.com\\\/#website\"},\"primaryImageOfPage\":{\"@id\":\"https:\\\/\\\/batijournal.com\\\/index.php\\\/halles-de-paris-canopee\\\/92166\\\/#primaryimage\"},\"image\":{\"@id\":\"https:\\\/\\\/batijournal.com\\\/index.php\\\/halles-de-paris-canopee\\\/92166\\\/#primaryimage\"},\"thumbnailUrl\":\"https:\\\/\\\/batijournal.com\\\/wp-content\\\/uploads\\\/2016\\\/04\\\/canopee-des-halles-de-paris-1.jpg\",\"datePublished\":\"2016-04-06T18:11:09+00:00\",\"dateModified\":\"2019-07-15T09:27:56+00:00\",\"author\":{\"@id\":\"https:\\\/\\\/batijournal.com\\\/#\\\/schema\\\/person\\\/1dc96ec6957aa1ccb25ebe78bb19f100\"},\"breadcrumb\":{\"@id\":\"https:\\\/\\\/batijournal.com\\\/index.php\\\/halles-de-paris-canopee\\\/92166\\\/#breadcrumb\"},\"inLanguage\":\"fr-FR\",\"potentialAction\":[{\"@type\":\"ReadAction\",\"target\":[\"https:\\\/\\\/batijournal.com\\\/index.php\\\/halles-de-paris-canopee\\\/92166\\\/\"]}]},{\"@type\":\"ImageObject\",\"inLanguage\":\"fr-FR\",\"@id\":\"https:\\\/\\\/batijournal.com\\\/index.php\\\/halles-de-paris-canopee\\\/92166\\\/#primaryimage\",\"url\":\"https:\\\/\\\/batijournal.com\\\/wp-content\\\/uploads\\\/2016\\\/04\\\/canopee-des-halles-de-paris-1.jpg\",\"contentUrl\":\"https:\\\/\\\/batijournal.com\\\/wp-content\\\/uploads\\\/2016\\\/04\\\/canopee-des-halles-de-paris-1.jpg\",\"width\":1000,\"height\":667},{\"@type\":\"BreadcrumbList\",\"@id\":\"https:\\\/\\\/batijournal.com\\\/index.php\\\/halles-de-paris-canopee\\\/92166\\\/#breadcrumb\",\"itemListElement\":[{\"@type\":\"ListItem\",\"position\":1,\"name\":\"Accueil\",\"item\":\"https:\\\/\\\/batijournal.com\\\/\"},{\"@type\":\"ListItem\",\"position\":2,\"name\":\"A la Une\",\"item\":\"https:\\\/\\\/batijournal.com\\\/index.php\\\/category\\\/a-la-une\\\/\"},{\"@type\":\"ListItem\",\"position\":3,\"name\":\"Les Halles de Paris sous la Canop\u00e9e\"}]},{\"@type\":\"WebSite\",\"@id\":\"https:\\\/\\\/batijournal.com\\\/#website\",\"url\":\"https:\\\/\\\/batijournal.com\\\/\",\"name\":\"Batijournal\",\"description\":\"L&#039;actualit\u00e9 du b\u00e2timent\",\"potentialAction\":[{\"@type\":\"SearchAction\",\"target\":{\"@type\":\"EntryPoint\",\"urlTemplate\":\"https:\\\/\\\/batijournal.com\\\/?s={search_term_string}\"},\"query-input\":{\"@type\":\"PropertyValueSpecification\",\"valueRequired\":true,\"valueName\":\"search_term_string\"}}],\"inLanguage\":\"fr-FR\"},{\"@type\":\"Person\",\"@id\":\"https:\\\/\\\/batijournal.com\\\/#\\\/schema\\\/person\\\/1dc96ec6957aa1ccb25ebe78bb19f100\",\"name\":\"St\u00e9phane Miget\",\"image\":{\"@type\":\"ImageObject\",\"inLanguage\":\"fr-FR\",\"@id\":\"https:\\\/\\\/secure.gravatar.com\\\/avatar\\\/89915563d925342126b8ef0281b93d9d7fc337043e8df017f780908eb9644451?s=96&d=mm&r=g\",\"url\":\"https:\\\/\\\/secure.gravatar.com\\\/avatar\\\/89915563d925342126b8ef0281b93d9d7fc337043e8df017f780908eb9644451?s=96&d=mm&r=g\",\"contentUrl\":\"https:\\\/\\\/secure.gravatar.com\\\/avatar\\\/89915563d925342126b8ef0281b93d9d7fc337043e8df017f780908eb9644451?s=96&d=mm&r=g\",\"caption\":\"St\u00e9phane Miget\"},\"url\":\"https:\\\/\\\/batijournal.com\\\/index.php\\\/author\\\/stephane\\\/\"}]}<\/script>\n<!-- \/ Yoast SEO plugin. -->","yoast_head_json":{"title":"Les Halles de Paris sous la Canop\u00e9e","robots":{"index":"index","follow":"follow","max-snippet":"max-snippet:-1","max-image-preview":"max-image-preview:large","max-video-preview":"max-video-preview:-1"},"canonical":"https:\/\/batijournal.com\/index.php\/halles-de-paris-canopee\/92166\/","og_locale":"fr_FR","og_type":"article","og_title":"Les Halles de Paris sous la Canop\u00e9e","og_description":"Paris conduit depuis dix ans un chantier ambitieux pour renouveler le quartier central des Halles. R\u00e9unissant un p\u00f4le d\u2019\u00e9quipements publics, le deuxi\u00e8me centre commercial de France et la premi\u00e8re gare RER d\u2019Europe, ce quartier accueille chaque jour des centaines de milliers de Parisiens, de Franciliens et de touristes. Pour en faire un lieu de vie, [&hellip;]","og_url":"https:\/\/batijournal.com\/index.php\/halles-de-paris-canopee\/92166\/","og_site_name":"Batijournal","article_published_time":"2016-04-06T18:11:09+00:00","article_modified_time":"2019-07-15T09:27:56+00:00","og_image":[{"width":1000,"height":667,"url":"https:\/\/batijournal.com\/wp-content\/uploads\/2016\/04\/canopee-des-halles-de-paris-1.jpg","type":"image\/jpeg"}],"author":"St\u00e9phane Miget","twitter_card":"summary_large_image","twitter_creator":"@bati_journal","twitter_site":"@bati_journal","twitter_misc":{"\u00c9crit par":"St\u00e9phane Miget","Dur\u00e9e de lecture estim\u00e9e":"2 minutes"},"schema":{"@context":"https:\/\/schema.org","@graph":[{"@type":"Article","@id":"https:\/\/batijournal.com\/index.php\/halles-de-paris-canopee\/92166\/#article","isPartOf":{"@id":"https:\/\/batijournal.com\/index.php\/halles-de-paris-canopee\/92166\/"},"author":{"name":"St\u00e9phane Miget","@id":"https:\/\/batijournal.com\/#\/schema\/person\/1dc96ec6957aa1ccb25ebe78bb19f100"},"headline":"Les Halles de Paris sous la Canop\u00e9e","datePublished":"2016-04-06T18:11:09+00:00","dateModified":"2019-07-15T09:27:56+00:00","mainEntityOfPage":{"@id":"https:\/\/batijournal.com\/index.php\/halles-de-paris-canopee\/92166\/"},"wordCount":441,"image":{"@id":"https:\/\/batijournal.com\/index.php\/halles-de-paris-canopee\/92166\/#primaryimage"},"thumbnailUrl":"https:\/\/batijournal.com\/wp-content\/uploads\/2016\/04\/canopee-des-halles-de-paris-1.jpg","keywords":["paris"],"articleSection":["A la Une","Architecture &amp; Conception","zz_Actualit\u00e9s - 5fa\u00e7ades"],"inLanguage":"fr-FR"},{"@type":"WebPage","@id":"https:\/\/batijournal.com\/index.php\/halles-de-paris-canopee\/92166\/","url":"https:\/\/batijournal.com\/index.php\/halles-de-paris-canopee\/92166\/","name":"Les Halles de Paris sous la Canop\u00e9e","isPartOf":{"@id":"https:\/\/batijournal.com\/#website"},"primaryImageOfPage":{"@id":"https:\/\/batijournal.com\/index.php\/halles-de-paris-canopee\/92166\/#primaryimage"},"image":{"@id":"https:\/\/batijournal.com\/index.php\/halles-de-paris-canopee\/92166\/#primaryimage"},"thumbnailUrl":"https:\/\/batijournal.com\/wp-content\/uploads\/2016\/04\/canopee-des-halles-de-paris-1.jpg","datePublished":"2016-04-06T18:11:09+00:00","dateModified":"2019-07-15T09:27:56+00:00","author":{"@id":"https:\/\/batijournal.com\/#\/schema\/person\/1dc96ec6957aa1ccb25ebe78bb19f100"},"breadcrumb":{"@id":"https:\/\/batijournal.com\/index.php\/halles-de-paris-canopee\/92166\/#breadcrumb"},"inLanguage":"fr-FR","potentialAction":[{"@type":"ReadAction","target":["https:\/\/batijournal.com\/index.php\/halles-de-paris-canopee\/92166\/"]}]},{"@type":"ImageObject","inLanguage":"fr-FR","@id":"https:\/\/batijournal.com\/index.php\/halles-de-paris-canopee\/92166\/#primaryimage","url":"https:\/\/batijournal.com\/wp-content\/uploads\/2016\/04\/canopee-des-halles-de-paris-1.jpg","contentUrl":"https:\/\/batijournal.com\/wp-content\/uploads\/2016\/04\/canopee-des-halles-de-paris-1.jpg","width":1000,"height":667},{"@type":"BreadcrumbList","@id":"https:\/\/batijournal.com\/index.php\/halles-de-paris-canopee\/92166\/#breadcrumb","itemListElement":[{"@type":"ListItem","position":1,"name":"Accueil","item":"https:\/\/batijournal.com\/"},{"@type":"ListItem","position":2,"name":"A la Une","item":"https:\/\/batijournal.com\/index.php\/category\/a-la-une\/"},{"@type":"ListItem","position":3,"name":"Les Halles de Paris sous la Canop\u00e9e"}]},{"@type":"WebSite","@id":"https:\/\/batijournal.com\/#website","url":"https:\/\/batijournal.com\/","name":"Batijournal","description":"L&#039;actualit\u00e9 du b\u00e2timent","potentialAction":[{"@type":"SearchAction","target":{"@type":"EntryPoint","urlTemplate":"https:\/\/batijournal.com\/?s={search_term_string}"},"query-input":{"@type":"PropertyValueSpecification","valueRequired":true,"valueName":"search_term_string"}}],"inLanguage":"fr-FR"},{"@type":"Person","@id":"https:\/\/batijournal.com\/#\/schema\/person\/1dc96ec6957aa1ccb25ebe78bb19f100","name":"St\u00e9phane Miget","image":{"@type":"ImageObject","inLanguage":"fr-FR","@id":"https:\/\/secure.gravatar.com\/avatar\/89915563d925342126b8ef0281b93d9d7fc337043e8df017f780908eb9644451?s=96&d=mm&r=g","url":"https:\/\/secure.gravatar.com\/avatar\/89915563d925342126b8ef0281b93d9d7fc337043e8df017f780908eb9644451?s=96&d=mm&r=g","contentUrl":"https:\/\/secure.gravatar.com\/avatar\/89915563d925342126b8ef0281b93d9d7fc337043e8df017f780908eb9644451?s=96&d=mm&r=g","caption":"St\u00e9phane Miget"},"url":"https:\/\/batijournal.com\/index.php\/author\/stephane\/"}]}},"_links":{"self":[{"href":"https:\/\/batijournal.com\/index.php\/wp-json\/wp\/v2\/posts\/92166","targetHints":{"allow":["GET"]}}],"collection":[{"href":"https:\/\/batijournal.com\/index.php\/wp-json\/wp\/v2\/posts"}],"about":[{"href":"https:\/\/batijournal.com\/index.php\/wp-json\/wp\/v2\/types\/post"}],"author":[{"embeddable":true,"href":"https:\/\/batijournal.com\/index.php\/wp-json\/wp\/v2\/users\/17"}],"replies":[{"embeddable":true,"href":"https:\/\/batijournal.com\/index.php\/wp-json\/wp\/v2\/comments?post=92166"}],"version-history":[{"count":0,"href":"https:\/\/batijournal.com\/index.php\/wp-json\/wp\/v2\/posts\/92166\/revisions"}],"wp:featuredmedia":[{"embeddable":true,"href":"https:\/\/batijournal.com\/index.php\/wp-json\/wp\/v2\/media\/92167"}],"wp:attachment":[{"href":"https:\/\/batijournal.com\/index.php\/wp-json\/wp\/v2\/media?parent=92166"}],"wp:term":[{"taxonomy":"category","embeddable":true,"href":"https:\/\/batijournal.com\/index.php\/wp-json\/wp\/v2\/categories?post=92166"},{"taxonomy":"post_tag","embeddable":true,"href":"https:\/\/batijournal.com\/index.php\/wp-json\/wp\/v2\/tags?post=92166"}],"curies":[{"name":"wp","href":"https:\/\/api.w.org\/{rel}","templated":true}]}}