{"id":92178,"date":"2016-04-08T07:00:53","date_gmt":"2016-04-08T05:00:53","guid":{"rendered":"http:\/\/batijournal.com\/?p=92178"},"modified":"2019-06-13T13:11:56","modified_gmt":"2019-06-13T11:11:56","slug":"bois-de-possibles","status":"publish","type":"post","link":"https:\/\/batijournal.com\/index.php\/bois-de-possibles\/92178\/","title":{"rendered":"Le bois de tous les possibles"},"content":{"rendered":"<p>\u00ab\u00a0Donner une vraie chance au bois dans le logement\u00a0\u00bb, c&rsquo;est le mot d&rsquo;ordre\u00a0de la deuxi\u00e8me pl\u00e9ni\u00e8re matinale du prochain\u00a0Forum Bois Construction qui affirmera, les\u00a014 et\u00a015 avril prochains, \u00e0 travers ses divers ateliers, l&rsquo;aptitude\u00a0architecturale, technique et scientifique du bois en construction, densification urbaine et r\u00e9habilitation. Afin de rappeler dans ce cadre que le bois\u00a0concilie les exigences environnementales,\u00a0soci\u00e9tales et \u00e9conomiques de notre temps, l&rsquo;architecte canadien Michael Green interviendra \u00e0 10 h 00 sur le th\u00e8me de l&rsquo;impact de la construction bois sur l&rsquo;\u00e9cosyst\u00e8me et le changement du climat. Avant cela, cette pl\u00e9ni\u00e8re plac\u00e9e sous le haut patronage du ministre du Logement et de l&rsquo;Habitat durable, Emmanuelle Cosse, sera inaugur\u00e9e\u00a0par la pr\u00e9sentation de la politique volontariste de\u00a0construction en bois local en Is\u00e8re. Pr\u00e9sentation suivie d&rsquo;un panorama de r\u00e9alisations de logements collectifs en bois. Un peu plus tard dans la matin\u00e9e, deux promoteurs priv\u00e9s sp\u00e9cialis\u00e9s dans le bois \u2013 REI et Promicea \u2013 pr\u00e9senteront leurs approches compl\u00e9mentaires \u00e0 travers des programmes\u00a0pour\u00a0R\u00e9inventer Paris ou encore\u00a0le quartier Euratlantique \u00e0 Bordeaux, lesquelles\u00a0projettent le retour du bois dans les grands centres urbains. \u00c0 11 h 00, le CNDB analysera diverses options en mati\u00e8re de densification et de r\u00e9habilitation. La pl\u00e9ni\u00e8re matinale sera prolong\u00e9e l&rsquo;apr\u00e8s-midi par un gros plan sur cinq r\u00e9alisations concr\u00e9tisant le\u00a0lien que nourrissent les b\u00e2timents d&rsquo;enseignement et la construction bois. Rappelons que le Forum Bois Construction aura commenc\u00e9 le 13 avril\u00a0avec une journ\u00e9e de visites\u00a0d&rsquo;op\u00e9rations repr\u00e9sentatives de l&rsquo;architecture bois en Is\u00e8re.<\/p>\n<p>Illustration :\u00a0b\u00e2timent de 61 chambres et sept classes pour la Maison d&rsquo;\u00e9ducation de la L\u00e9gion d&rsquo;honneur \u00e0 Saint-Denis (93), par\u00a0Belus &amp; Henocq\u00a0Architectes<\/p>\n<p>Photo :\u00a0Rapha\u00ebl Chipault<\/p>\n<p>&nbsp;<\/p>\n<p>6e Forum Bois Construction<\/p>\n<p>Du 13 au 15 avril 2016<\/p>\n<p>Cit\u00e9 internationale, centre de Congr\u00e8s de Lyon<\/p>\n<p>&nbsp;<\/p>\n<p><a href=\"http:\/\/www.forum-boisconstruction.com\" target=\"_blank\" rel=\"noopener noreferrer\">www.forum-boisconstruction.com<\/a><\/p>\n","protected":false},"excerpt":{"rendered":"<p>\u00ab\u00a0Donner une vraie chance au bois dans le logement\u00a0\u00bb, c&rsquo;est le mot d&rsquo;ordre\u00a0de la deuxi\u00e8me pl\u00e9ni\u00e8re matinale du prochain\u00a0Forum Bois Construction qui affirmera, les\u00a014 et\u00a015 avril prochains, \u00e0 travers ses divers ateliers, l&rsquo;aptitude\u00a0architecturale, technique et scientifique du bois en construction, densification urbaine et r\u00e9habilitation. Afin de rappeler dans ce cadre que le bois\u00a0concilie les exigences [&hellip;]<\/p>\n","protected":false},"author":17,"featured_media":92179,"comment_status":"closed","ping_status":"closed","sticky":false,"template":"","format":"standard","meta":{"_et_pb_use_builder":"","_et_pb_old_content":"","_et_gb_content_width":"","footnotes":""},"categories":[10530,9192,10771,10775,10778,10764],"tags":[44,53,66],"class_list":["post-92178","post","type-post","status-publish","format-standard","has-post-thumbnail","hentry","category-actualites","category-evenements","category-5facades","category-actualites-5facades","category-planete","category-woodsurfer","tag-bois","tag-construction","tag-forum"],"yoast_head":"<!-- This site is optimized with the Yoast SEO plugin v27.4 - https:\/\/yoast.com\/product\/yoast-seo-wordpress\/ -->\n<title>Le bois de tous les possibles<\/title>\n<meta name=\"robots\" content=\"index, follow, max-snippet:-1, max-image-preview:large, max-video-preview:-1\" \/>\n<link rel=\"canonical\" href=\"https:\/\/batijournal.com\/index.php\/bois-de-possibles\/92178\/\" \/>\n<meta property=\"og:locale\" content=\"fr_FR\" \/>\n<meta property=\"og:type\" content=\"article\" \/>\n<meta property=\"og:title\" content=\"Le bois de tous les possibles\" \/>\n<meta property=\"og:description\" content=\"\u00ab\u00a0Donner une vraie chance au bois dans le logement\u00a0\u00bb, c&rsquo;est le mot d&rsquo;ordre\u00a0de la deuxi\u00e8me pl\u00e9ni\u00e8re matinale du prochain\u00a0Forum Bois Construction qui affirmera, les\u00a014 et\u00a015 avril prochains, \u00e0 travers ses divers ateliers, l&rsquo;aptitude\u00a0architecturale, technique et scientifique du bois en construction, densification urbaine et r\u00e9habilitation. Afin de rappeler dans ce cadre que le bois\u00a0concilie les exigences [&hellip;]\" \/>\n<meta property=\"og:url\" content=\"https:\/\/batijournal.com\/index.php\/bois-de-possibles\/92178\/\" \/>\n<meta property=\"og:site_name\" content=\"Batijournal\" \/>\n<meta property=\"article:published_time\" content=\"2016-04-08T05:00:53+00:00\" \/>\n<meta property=\"article:modified_time\" content=\"2019-06-13T11:11:56+00:00\" \/>\n<meta property=\"og:image\" content=\"https:\/\/batijournal.com\/wp-content\/uploads\/2016\/04\/Photo-6-1024x897.jpg\" \/>\n\t<meta property=\"og:image:width\" content=\"1024\" \/>\n\t<meta property=\"og:image:height\" content=\"897\" \/>\n\t<meta property=\"og:image:type\" content=\"image\/jpeg\" \/>\n<meta name=\"author\" content=\"St\u00e9phane Miget\" \/>\n<meta name=\"twitter:card\" content=\"summary_large_image\" \/>\n<meta name=\"twitter:creator\" content=\"@bati_journal\" \/>\n<meta name=\"twitter:site\" content=\"@bati_journal\" \/>\n<meta name=\"twitter:label1\" content=\"\u00c9crit par\" \/>\n\t<meta name=\"twitter:data1\" content=\"St\u00e9phane Miget\" \/>\n\t<meta name=\"twitter:label2\" content=\"Dur\u00e9e de lecture estim\u00e9e\" \/>\n\t<meta name=\"twitter:data2\" content=\"2 minutes\" \/>\n<script type=\"application\/ld+json\" class=\"yoast-schema-graph\">{\"@context\":\"https:\\\/\\\/schema.org\",\"@graph\":[{\"@type\":\"Article\",\"@id\":\"https:\\\/\\\/batijournal.com\\\/index.php\\\/bois-de-possibles\\\/92178\\\/#article\",\"isPartOf\":{\"@id\":\"https:\\\/\\\/batijournal.com\\\/index.php\\\/bois-de-possibles\\\/92178\\\/\"},\"author\":{\"name\":\"St\u00e9phane Miget\",\"@id\":\"https:\\\/\\\/batijournal.com\\\/#\\\/schema\\\/person\\\/1dc96ec6957aa1ccb25ebe78bb19f100\"},\"headline\":\"Le bois de tous les possibles\",\"datePublished\":\"2016-04-08T05:00:53+00:00\",\"dateModified\":\"2019-06-13T11:11:56+00:00\",\"mainEntityOfPage\":{\"@id\":\"https:\\\/\\\/batijournal.com\\\/index.php\\\/bois-de-possibles\\\/92178\\\/\"},\"wordCount\":339,\"image\":{\"@id\":\"https:\\\/\\\/batijournal.com\\\/index.php\\\/bois-de-possibles\\\/92178\\\/#primaryimage\"},\"thumbnailUrl\":\"https:\\\/\\\/batijournal.com\\\/wp-content\\\/uploads\\\/2016\\\/04\\\/Photo-6.jpg\",\"keywords\":[\"bois\",\"construction\",\"forum\"],\"articleSection\":[\"Actualit\u00e9s\",\"\u00c9v\u00e9nements\",\"zz_5fa\u00e7ades\",\"zz_Actualit\u00e9s - 5fa\u00e7ades\",\"zz_Plan\u00e8te B\u00e2timent\",\"zz_Woodsurfer\"],\"inLanguage\":\"fr-FR\"},{\"@type\":\"WebPage\",\"@id\":\"https:\\\/\\\/batijournal.com\\\/index.php\\\/bois-de-possibles\\\/92178\\\/\",\"url\":\"https:\\\/\\\/batijournal.com\\\/index.php\\\/bois-de-possibles\\\/92178\\\/\",\"name\":\"Le bois de tous les possibles\",\"isPartOf\":{\"@id\":\"https:\\\/\\\/batijournal.com\\\/#website\"},\"primaryImageOfPage\":{\"@id\":\"https:\\\/\\\/batijournal.com\\\/index.php\\\/bois-de-possibles\\\/92178\\\/#primaryimage\"},\"image\":{\"@id\":\"https:\\\/\\\/batijournal.com\\\/index.php\\\/bois-de-possibles\\\/92178\\\/#primaryimage\"},\"thumbnailUrl\":\"https:\\\/\\\/batijournal.com\\\/wp-content\\\/uploads\\\/2016\\\/04\\\/Photo-6.jpg\",\"datePublished\":\"2016-04-08T05:00:53+00:00\",\"dateModified\":\"2019-06-13T11:11:56+00:00\",\"author\":{\"@id\":\"https:\\\/\\\/batijournal.com\\\/#\\\/schema\\\/person\\\/1dc96ec6957aa1ccb25ebe78bb19f100\"},\"breadcrumb\":{\"@id\":\"https:\\\/\\\/batijournal.com\\\/index.php\\\/bois-de-possibles\\\/92178\\\/#breadcrumb\"},\"inLanguage\":\"fr-FR\",\"potentialAction\":[{\"@type\":\"ReadAction\",\"target\":[\"https:\\\/\\\/batijournal.com\\\/index.php\\\/bois-de-possibles\\\/92178\\\/\"]}]},{\"@type\":\"ImageObject\",\"inLanguage\":\"fr-FR\",\"@id\":\"https:\\\/\\\/batijournal.com\\\/index.php\\\/bois-de-possibles\\\/92178\\\/#primaryimage\",\"url\":\"https:\\\/\\\/batijournal.com\\\/wp-content\\\/uploads\\\/2016\\\/04\\\/Photo-6.jpg\",\"contentUrl\":\"https:\\\/\\\/batijournal.com\\\/wp-content\\\/uploads\\\/2016\\\/04\\\/Photo-6.jpg\",\"width\":2000,\"height\":1752,\"caption\":\"Forum Bois Construction 2016\"},{\"@type\":\"BreadcrumbList\",\"@id\":\"https:\\\/\\\/batijournal.com\\\/index.php\\\/bois-de-possibles\\\/92178\\\/#breadcrumb\",\"itemListElement\":[{\"@type\":\"ListItem\",\"position\":1,\"name\":\"Accueil\",\"item\":\"https:\\\/\\\/batijournal.com\\\/\"},{\"@type\":\"ListItem\",\"position\":2,\"name\":\"Actualit\u00e9s\",\"item\":\"https:\\\/\\\/batijournal.com\\\/index.php\\\/category\\\/actualites\\\/\"},{\"@type\":\"ListItem\",\"position\":3,\"name\":\"Le bois de tous les possibles\"}]},{\"@type\":\"WebSite\",\"@id\":\"https:\\\/\\\/batijournal.com\\\/#website\",\"url\":\"https:\\\/\\\/batijournal.com\\\/\",\"name\":\"Batijournal\",\"description\":\"L&#039;actualit\u00e9 du b\u00e2timent\",\"potentialAction\":[{\"@type\":\"SearchAction\",\"target\":{\"@type\":\"EntryPoint\",\"urlTemplate\":\"https:\\\/\\\/batijournal.com\\\/?s={search_term_string}\"},\"query-input\":{\"@type\":\"PropertyValueSpecification\",\"valueRequired\":true,\"valueName\":\"search_term_string\"}}],\"inLanguage\":\"fr-FR\"},{\"@type\":\"Person\",\"@id\":\"https:\\\/\\\/batijournal.com\\\/#\\\/schema\\\/person\\\/1dc96ec6957aa1ccb25ebe78bb19f100\",\"name\":\"St\u00e9phane Miget\",\"image\":{\"@type\":\"ImageObject\",\"inLanguage\":\"fr-FR\",\"@id\":\"https:\\\/\\\/secure.gravatar.com\\\/avatar\\\/89915563d925342126b8ef0281b93d9d7fc337043e8df017f780908eb9644451?s=96&d=mm&r=g\",\"url\":\"https:\\\/\\\/secure.gravatar.com\\\/avatar\\\/89915563d925342126b8ef0281b93d9d7fc337043e8df017f780908eb9644451?s=96&d=mm&r=g\",\"contentUrl\":\"https:\\\/\\\/secure.gravatar.com\\\/avatar\\\/89915563d925342126b8ef0281b93d9d7fc337043e8df017f780908eb9644451?s=96&d=mm&r=g\",\"caption\":\"St\u00e9phane Miget\"},\"url\":\"https:\\\/\\\/batijournal.com\\\/index.php\\\/author\\\/stephane\\\/\"}]}<\/script>\n<!-- \/ Yoast SEO plugin. -->","yoast_head_json":{"title":"Le bois de tous les possibles","robots":{"index":"index","follow":"follow","max-snippet":"max-snippet:-1","max-image-preview":"max-image-preview:large","max-video-preview":"max-video-preview:-1"},"canonical":"https:\/\/batijournal.com\/index.php\/bois-de-possibles\/92178\/","og_locale":"fr_FR","og_type":"article","og_title":"Le bois de tous les possibles","og_description":"\u00ab\u00a0Donner une vraie chance au bois dans le logement\u00a0\u00bb, c&rsquo;est le mot d&rsquo;ordre\u00a0de la deuxi\u00e8me pl\u00e9ni\u00e8re matinale du prochain\u00a0Forum Bois Construction qui affirmera, les\u00a014 et\u00a015 avril prochains, \u00e0 travers ses divers ateliers, l&rsquo;aptitude\u00a0architecturale, technique et scientifique du bois en construction, densification urbaine et r\u00e9habilitation. Afin de rappeler dans ce cadre que le bois\u00a0concilie les exigences [&hellip;]","og_url":"https:\/\/batijournal.com\/index.php\/bois-de-possibles\/92178\/","og_site_name":"Batijournal","article_published_time":"2016-04-08T05:00:53+00:00","article_modified_time":"2019-06-13T11:11:56+00:00","og_image":[{"width":1024,"height":897,"url":"https:\/\/batijournal.com\/wp-content\/uploads\/2016\/04\/Photo-6-1024x897.jpg","type":"image\/jpeg"}],"author":"St\u00e9phane Miget","twitter_card":"summary_large_image","twitter_creator":"@bati_journal","twitter_site":"@bati_journal","twitter_misc":{"\u00c9crit par":"St\u00e9phane Miget","Dur\u00e9e de lecture estim\u00e9e":"2 minutes"},"schema":{"@context":"https:\/\/schema.org","@graph":[{"@type":"Article","@id":"https:\/\/batijournal.com\/index.php\/bois-de-possibles\/92178\/#article","isPartOf":{"@id":"https:\/\/batijournal.com\/index.php\/bois-de-possibles\/92178\/"},"author":{"name":"St\u00e9phane Miget","@id":"https:\/\/batijournal.com\/#\/schema\/person\/1dc96ec6957aa1ccb25ebe78bb19f100"},"headline":"Le bois de tous les possibles","datePublished":"2016-04-08T05:00:53+00:00","dateModified":"2019-06-13T11:11:56+00:00","mainEntityOfPage":{"@id":"https:\/\/batijournal.com\/index.php\/bois-de-possibles\/92178\/"},"wordCount":339,"image":{"@id":"https:\/\/batijournal.com\/index.php\/bois-de-possibles\/92178\/#primaryimage"},"thumbnailUrl":"https:\/\/batijournal.com\/wp-content\/uploads\/2016\/04\/Photo-6.jpg","keywords":["bois","construction","forum"],"articleSection":["Actualit\u00e9s","\u00c9v\u00e9nements","zz_5fa\u00e7ades","zz_Actualit\u00e9s - 5fa\u00e7ades","zz_Plan\u00e8te B\u00e2timent","zz_Woodsurfer"],"inLanguage":"fr-FR"},{"@type":"WebPage","@id":"https:\/\/batijournal.com\/index.php\/bois-de-possibles\/92178\/","url":"https:\/\/batijournal.com\/index.php\/bois-de-possibles\/92178\/","name":"Le bois de tous les possibles","isPartOf":{"@id":"https:\/\/batijournal.com\/#website"},"primaryImageOfPage":{"@id":"https:\/\/batijournal.com\/index.php\/bois-de-possibles\/92178\/#primaryimage"},"image":{"@id":"https:\/\/batijournal.com\/index.php\/bois-de-possibles\/92178\/#primaryimage"},"thumbnailUrl":"https:\/\/batijournal.com\/wp-content\/uploads\/2016\/04\/Photo-6.jpg","datePublished":"2016-04-08T05:00:53+00:00","dateModified":"2019-06-13T11:11:56+00:00","author":{"@id":"https:\/\/batijournal.com\/#\/schema\/person\/1dc96ec6957aa1ccb25ebe78bb19f100"},"breadcrumb":{"@id":"https:\/\/batijournal.com\/index.php\/bois-de-possibles\/92178\/#breadcrumb"},"inLanguage":"fr-FR","potentialAction":[{"@type":"ReadAction","target":["https:\/\/batijournal.com\/index.php\/bois-de-possibles\/92178\/"]}]},{"@type":"ImageObject","inLanguage":"fr-FR","@id":"https:\/\/batijournal.com\/index.php\/bois-de-possibles\/92178\/#primaryimage","url":"https:\/\/batijournal.com\/wp-content\/uploads\/2016\/04\/Photo-6.jpg","contentUrl":"https:\/\/batijournal.com\/wp-content\/uploads\/2016\/04\/Photo-6.jpg","width":2000,"height":1752,"caption":"Forum Bois Construction 2016"},{"@type":"BreadcrumbList","@id":"https:\/\/batijournal.com\/index.php\/bois-de-possibles\/92178\/#breadcrumb","itemListElement":[{"@type":"ListItem","position":1,"name":"Accueil","item":"https:\/\/batijournal.com\/"},{"@type":"ListItem","position":2,"name":"Actualit\u00e9s","item":"https:\/\/batijournal.com\/index.php\/category\/actualites\/"},{"@type":"ListItem","position":3,"name":"Le bois de tous les possibles"}]},{"@type":"WebSite","@id":"https:\/\/batijournal.com\/#website","url":"https:\/\/batijournal.com\/","name":"Batijournal","description":"L&#039;actualit\u00e9 du b\u00e2timent","potentialAction":[{"@type":"SearchAction","target":{"@type":"EntryPoint","urlTemplate":"https:\/\/batijournal.com\/?s={search_term_string}"},"query-input":{"@type":"PropertyValueSpecification","valueRequired":true,"valueName":"search_term_string"}}],"inLanguage":"fr-FR"},{"@type":"Person","@id":"https:\/\/batijournal.com\/#\/schema\/person\/1dc96ec6957aa1ccb25ebe78bb19f100","name":"St\u00e9phane Miget","image":{"@type":"ImageObject","inLanguage":"fr-FR","@id":"https:\/\/secure.gravatar.com\/avatar\/89915563d925342126b8ef0281b93d9d7fc337043e8df017f780908eb9644451?s=96&d=mm&r=g","url":"https:\/\/secure.gravatar.com\/avatar\/89915563d925342126b8ef0281b93d9d7fc337043e8df017f780908eb9644451?s=96&d=mm&r=g","contentUrl":"https:\/\/secure.gravatar.com\/avatar\/89915563d925342126b8ef0281b93d9d7fc337043e8df017f780908eb9644451?s=96&d=mm&r=g","caption":"St\u00e9phane Miget"},"url":"https:\/\/batijournal.com\/index.php\/author\/stephane\/"}]}},"_links":{"self":[{"href":"https:\/\/batijournal.com\/index.php\/wp-json\/wp\/v2\/posts\/92178","targetHints":{"allow":["GET"]}}],"collection":[{"href":"https:\/\/batijournal.com\/index.php\/wp-json\/wp\/v2\/posts"}],"about":[{"href":"https:\/\/batijournal.com\/index.php\/wp-json\/wp\/v2\/types\/post"}],"author":[{"embeddable":true,"href":"https:\/\/batijournal.com\/index.php\/wp-json\/wp\/v2\/users\/17"}],"replies":[{"embeddable":true,"href":"https:\/\/batijournal.com\/index.php\/wp-json\/wp\/v2\/comments?post=92178"}],"version-history":[{"count":0,"href":"https:\/\/batijournal.com\/index.php\/wp-json\/wp\/v2\/posts\/92178\/revisions"}],"wp:featuredmedia":[{"embeddable":true,"href":"https:\/\/batijournal.com\/index.php\/wp-json\/wp\/v2\/media\/92179"}],"wp:attachment":[{"href":"https:\/\/batijournal.com\/index.php\/wp-json\/wp\/v2\/media?parent=92178"}],"wp:term":[{"taxonomy":"category","embeddable":true,"href":"https:\/\/batijournal.com\/index.php\/wp-json\/wp\/v2\/categories?post=92178"},{"taxonomy":"post_tag","embeddable":true,"href":"https:\/\/batijournal.com\/index.php\/wp-json\/wp\/v2\/tags?post=92178"}],"curies":[{"name":"wp","href":"https:\/\/api.w.org\/{rel}","templated":true}]}}