{"id":92259,"date":"2016-04-12T17:28:58","date_gmt":"2016-04-12T15:28:58","guid":{"rendered":"http:\/\/batijournal.com\/?p=92259"},"modified":"2019-07-15T11:16:51","modified_gmt":"2019-07-15T09:16:51","slug":"lhistoire-de-grotte-chauvet-pont-darc-reconstituee","status":"publish","type":"post","link":"https:\/\/batijournal.com\/index.php\/lhistoire-de-grotte-chauvet-pont-darc-reconstituee\/92259\/","title":{"rendered":"L&rsquo;histoire de la Grotte Chauvet-Pont d\u2019Arc reconstitu\u00e9e"},"content":{"rendered":"<p>L\u2019\u00e9quipe scientifique de la grotte Chauvet-Pont d\u2019Arc vient d\u2019\u00e9tablir la toute premi\u00e8re mod\u00e9lisation chronologique des p\u00e9riodes de fr\u00e9quentations humaines et animales de la grotte exprim\u00e9es en \u00e2ges calendaires. Plus de 350 datations ont \u00e9t\u00e9 obtenues, \u00e0 partir de diff\u00e9rentes m\u00e9thodes d\u2019analyses : carbone 14, d\u00e9s\u00e9quilibre dans la famille de l\u2019uranium U\/Th, thermoluminescence ou encore datation cosmog\u00e9nique par le 36Cl\u2026 Chacune de ces approches a permis d\u2019\u00e9tudier des \u00e9chantillons de natures diff\u00e9rentes, et de d\u00e9terminer leur \u00e2ge sur plusieurs p\u00e9riodes, de fa\u00e7on \u00e0 placer dans une m\u00eame \u00e9chelle de temps l\u2019activit\u00e9 des hommes, des ours et l\u2019\u00e9volution g\u00e9omorphologique et le pal\u00e9o-environnement de la cavit\u00e9 .<\/p>\n<div id=\"attachment_92261\" style=\"width: 970px\" class=\"wp-caption aligncenter\"><img loading=\"lazy\" decoding=\"async\" aria-describedby=\"caption-attachment-92261\" class=\"size-large wp-image-92261\" src=\"https:\/\/batijournal.com\/wp-content\/uploads\/2016\/04\/historique-occupation-grotte-chauvet-c-CEA-1024x298.jpg\" alt=\"Historique de l'occupation de la grotte Chauvet reconstitu\u00e9\" width=\"960\" height=\"279\" srcset=\"https:\/\/batijournal.com\/wp-content\/uploads\/2016\/04\/historique-occupation-grotte-chauvet-c-CEA-1024x298.jpg 1024w, https:\/\/batijournal.com\/wp-content\/uploads\/2016\/04\/historique-occupation-grotte-chauvet-c-CEA-150x44.jpg 150w, https:\/\/batijournal.com\/wp-content\/uploads\/2016\/04\/historique-occupation-grotte-chauvet-c-CEA-300x87.jpg 300w, https:\/\/batijournal.com\/wp-content\/uploads\/2016\/04\/historique-occupation-grotte-chauvet-c-CEA-768x223.jpg 768w, https:\/\/batijournal.com\/wp-content\/uploads\/2016\/04\/historique-occupation-grotte-chauvet-c-CEA-600x175.jpg 600w, https:\/\/batijournal.com\/wp-content\/uploads\/2016\/04\/historique-occupation-grotte-chauvet-c-CEA.jpg 1303w\" sizes=\"(max-width: 960px) 100vw, 960px\" \/><p id=\"caption-attachment-92261\" class=\"wp-caption-text\">Historique de l&rsquo;occupation de la grotte Chauvet reconstitu\u00e9<\/p><\/div>\n<p>La mod\u00e9lisation chronologique propos\u00e9e int\u00e8gre ce jeu unique de datations et utilise les donn\u00e9es arch\u00e9ologiques et pal\u00e9oenvironnementales pour restituer, pour la premi\u00e8re fois, l\u2019histoire compl\u00e8te de la grotte Chauvet-Pont d\u2019Arc. Elle montre que par deux fois l\u2019homme fr\u00e9quenta la cavit\u00e9, il y a 37 000 ans (pendant 3 500 ans), puis il y a 31 000 ans (pendant 3 000 ans). L\u2019ours y trouva \u00e9galement refuge, jusqu\u2019\u00e0 il y a 33 000 ans. Ces d\u00e9couvertes soul\u00e8vent la question de l\u2019impact d\u2019\u00e9v\u00e9nements g\u00e9ologiques tels des \u00e9boulements de parois \u00e0 l\u2019entr\u00e9e de la grotte potentiellement survenus il y a 33 000 ans, sur la pr\u00e9sence humaine et animale. Surtout, elle fournit l\u2019argument d\u00e9cisif montrant que l\u2019art pari\u00e9tal y a \u00e9t\u00e9 r\u00e9alis\u00e9 il y a plus de 28 000 ans, et ouvre la voie \u00e0 une exploration extensive de cet art si remarquable.<\/p>\n<p>Cette mod\u00e9lisation chronologique a eu le soutien du Minist\u00e8re de la culture et de la communication et des organismes de recherche fran\u00e7ais, et le financement d\u2019un Programme national de recherche sur la connaissance et la conservation des mat\u00e9riaux du Patrimoine culturel (PNRCC-MCC). Afin de replacer la grotte Chauvet-Pont d\u2019Arc dans le temps, plusieurs programmes internationaux d&rsquo;intercomparaison &#8211; consistant \u00e0 distribuer des fragments d\u2019un m\u00eame charbon dans diff\u00e9rents laboratoires de datation 14C &#8211; ont \u00e9t\u00e9 men\u00e9s, auxquels plus d\u2019une dizaine de laboratoires dans le monde a particip\u00e9 (Europe, Etats-Unis, Nouvelle Z\u00e9lande).<br \/>\nR\u00e9f\u00e9rence : \u200b\u201cA high-precision chronological model for the decorated Upper Paleolithic cave of Chauvet-Pont d\u2019Arc, Ard\u00e8che, France\u201c, Anita Quiles et. al., PNAS, Avril 2016, doi\/10.1073\/pnas.1523158113<\/p>\n<p>Photo du panneau des rennes de la grotte Chauvet-Pont d\u2019arc, dat\u00e9 au carbone 14. \u00a9 Jean-Michel Geneste, Minist\u00e8re de la culture<\/p>\n<p>Source : CEA<\/p>\n","protected":false},"excerpt":{"rendered":"<p>L\u2019\u00e9quipe scientifique de la grotte Chauvet-Pont d\u2019Arc vient d\u2019\u00e9tablir la toute premi\u00e8re mod\u00e9lisation chronologique des p\u00e9riodes de fr\u00e9quentations humaines et animales de la grotte exprim\u00e9es en \u00e2ges calendaires. Plus de 350 datations ont \u00e9t\u00e9 obtenues, \u00e0 partir de diff\u00e9rentes m\u00e9thodes d\u2019analyses : carbone 14, d\u00e9s\u00e9quilibre dans la famille de l\u2019uranium U\/Th, thermoluminescence ou encore datation [&hellip;]<\/p>\n","protected":false},"author":17,"featured_media":92260,"comment_status":"closed","ping_status":"closed","sticky":false,"template":"","format":"standard","meta":{"_et_pb_use_builder":"","_et_pb_old_content":"","_et_gb_content_width":"","footnotes":""},"categories":[6340],"tags":[8499],"class_list":["post-92259","post","type-post","status-publish","format-standard","has-post-thumbnail","hentry","category-architecture-conception","tag-prehistoire"],"yoast_head":"<!-- This site is optimized with the Yoast SEO plugin v27.4 - https:\/\/yoast.com\/product\/yoast-seo-wordpress\/ -->\n<title>L&#039;histoire de la Grotte Chauvet-Pont d\u2019Arc reconstitu\u00e9e<\/title>\n<meta name=\"robots\" content=\"index, follow, max-snippet:-1, max-image-preview:large, max-video-preview:-1\" \/>\n<link rel=\"canonical\" href=\"https:\/\/batijournal.com\/index.php\/lhistoire-de-grotte-chauvet-pont-darc-reconstituee\/92259\/\" \/>\n<meta property=\"og:locale\" content=\"fr_FR\" \/>\n<meta property=\"og:type\" content=\"article\" \/>\n<meta property=\"og:title\" content=\"L&#039;histoire de la Grotte Chauvet-Pont d\u2019Arc reconstitu\u00e9e\" \/>\n<meta property=\"og:description\" content=\"L\u2019\u00e9quipe scientifique de la grotte Chauvet-Pont d\u2019Arc vient d\u2019\u00e9tablir la toute premi\u00e8re mod\u00e9lisation chronologique des p\u00e9riodes de fr\u00e9quentations humaines et animales de la grotte exprim\u00e9es en \u00e2ges calendaires. Plus de 350 datations ont \u00e9t\u00e9 obtenues, \u00e0 partir de diff\u00e9rentes m\u00e9thodes d\u2019analyses : carbone 14, d\u00e9s\u00e9quilibre dans la famille de l\u2019uranium U\/Th, thermoluminescence ou encore datation [&hellip;]\" \/>\n<meta property=\"og:url\" content=\"https:\/\/batijournal.com\/index.php\/lhistoire-de-grotte-chauvet-pont-darc-reconstituee\/92259\/\" \/>\n<meta property=\"og:site_name\" content=\"Batijournal\" \/>\n<meta property=\"article:published_time\" content=\"2016-04-12T15:28:58+00:00\" \/>\n<meta property=\"article:modified_time\" content=\"2019-07-15T09:16:51+00:00\" \/>\n<meta property=\"og:image\" content=\"https:\/\/batijournal.com\/wp-content\/uploads\/2016\/04\/panneau-rennes-grotte-chauvet-c-JMGeneste-ministere-culture.jpg\" \/>\n\t<meta property=\"og:image:width\" content=\"1600\" \/>\n\t<meta property=\"og:image:height\" content=\"1065\" \/>\n\t<meta property=\"og:image:type\" content=\"image\/jpeg\" \/>\n<meta name=\"author\" content=\"St\u00e9phane Miget\" \/>\n<meta name=\"twitter:card\" content=\"summary_large_image\" \/>\n<meta name=\"twitter:creator\" content=\"@bati_journal\" \/>\n<meta name=\"twitter:site\" content=\"@bati_journal\" \/>\n<meta name=\"twitter:label1\" content=\"\u00c9crit par\" \/>\n\t<meta name=\"twitter:data1\" content=\"St\u00e9phane Miget\" \/>\n\t<meta name=\"twitter:label2\" content=\"Dur\u00e9e de lecture estim\u00e9e\" \/>\n\t<meta name=\"twitter:data2\" content=\"2 minutes\" \/>\n<script type=\"application\/ld+json\" class=\"yoast-schema-graph\">{\"@context\":\"https:\\\/\\\/schema.org\",\"@graph\":[{\"@type\":\"Article\",\"@id\":\"https:\\\/\\\/batijournal.com\\\/index.php\\\/lhistoire-de-grotte-chauvet-pont-darc-reconstituee\\\/92259\\\/#article\",\"isPartOf\":{\"@id\":\"https:\\\/\\\/batijournal.com\\\/index.php\\\/lhistoire-de-grotte-chauvet-pont-darc-reconstituee\\\/92259\\\/\"},\"author\":{\"name\":\"St\u00e9phane Miget\",\"@id\":\"https:\\\/\\\/batijournal.com\\\/#\\\/schema\\\/person\\\/1dc96ec6957aa1ccb25ebe78bb19f100\"},\"headline\":\"L&rsquo;histoire de la Grotte Chauvet-Pont d\u2019Arc reconstitu\u00e9e\",\"datePublished\":\"2016-04-12T15:28:58+00:00\",\"dateModified\":\"2019-07-15T09:16:51+00:00\",\"mainEntityOfPage\":{\"@id\":\"https:\\\/\\\/batijournal.com\\\/index.php\\\/lhistoire-de-grotte-chauvet-pont-darc-reconstituee\\\/92259\\\/\"},\"wordCount\":454,\"image\":{\"@id\":\"https:\\\/\\\/batijournal.com\\\/index.php\\\/lhistoire-de-grotte-chauvet-pont-darc-reconstituee\\\/92259\\\/#primaryimage\"},\"thumbnailUrl\":\"https:\\\/\\\/batijournal.com\\\/wp-content\\\/uploads\\\/2016\\\/04\\\/panneau-rennes-grotte-chauvet-c-JMGeneste-ministere-culture.jpg\",\"keywords\":[\"prehistoire\"],\"articleSection\":[\"Architecture &amp; Conception\"],\"inLanguage\":\"fr-FR\"},{\"@type\":\"WebPage\",\"@id\":\"https:\\\/\\\/batijournal.com\\\/index.php\\\/lhistoire-de-grotte-chauvet-pont-darc-reconstituee\\\/92259\\\/\",\"url\":\"https:\\\/\\\/batijournal.com\\\/index.php\\\/lhistoire-de-grotte-chauvet-pont-darc-reconstituee\\\/92259\\\/\",\"name\":\"L'histoire de la Grotte Chauvet-Pont d\u2019Arc reconstitu\u00e9e\",\"isPartOf\":{\"@id\":\"https:\\\/\\\/batijournal.com\\\/#website\"},\"primaryImageOfPage\":{\"@id\":\"https:\\\/\\\/batijournal.com\\\/index.php\\\/lhistoire-de-grotte-chauvet-pont-darc-reconstituee\\\/92259\\\/#primaryimage\"},\"image\":{\"@id\":\"https:\\\/\\\/batijournal.com\\\/index.php\\\/lhistoire-de-grotte-chauvet-pont-darc-reconstituee\\\/92259\\\/#primaryimage\"},\"thumbnailUrl\":\"https:\\\/\\\/batijournal.com\\\/wp-content\\\/uploads\\\/2016\\\/04\\\/panneau-rennes-grotte-chauvet-c-JMGeneste-ministere-culture.jpg\",\"datePublished\":\"2016-04-12T15:28:58+00:00\",\"dateModified\":\"2019-07-15T09:16:51+00:00\",\"author\":{\"@id\":\"https:\\\/\\\/batijournal.com\\\/#\\\/schema\\\/person\\\/1dc96ec6957aa1ccb25ebe78bb19f100\"},\"breadcrumb\":{\"@id\":\"https:\\\/\\\/batijournal.com\\\/index.php\\\/lhistoire-de-grotte-chauvet-pont-darc-reconstituee\\\/92259\\\/#breadcrumb\"},\"inLanguage\":\"fr-FR\",\"potentialAction\":[{\"@type\":\"ReadAction\",\"target\":[\"https:\\\/\\\/batijournal.com\\\/index.php\\\/lhistoire-de-grotte-chauvet-pont-darc-reconstituee\\\/92259\\\/\"]}]},{\"@type\":\"ImageObject\",\"inLanguage\":\"fr-FR\",\"@id\":\"https:\\\/\\\/batijournal.com\\\/index.php\\\/lhistoire-de-grotte-chauvet-pont-darc-reconstituee\\\/92259\\\/#primaryimage\",\"url\":\"https:\\\/\\\/batijournal.com\\\/wp-content\\\/uploads\\\/2016\\\/04\\\/panneau-rennes-grotte-chauvet-c-JMGeneste-ministere-culture.jpg\",\"contentUrl\":\"https:\\\/\\\/batijournal.com\\\/wp-content\\\/uploads\\\/2016\\\/04\\\/panneau-rennes-grotte-chauvet-c-JMGeneste-ministere-culture.jpg\",\"width\":1600,\"height\":1065,\"caption\":\"Photo du panneau des rennes de la grotte Chauvet-Pont d\u2019arc, dat\u00e9 au carbone 14.\"},{\"@type\":\"BreadcrumbList\",\"@id\":\"https:\\\/\\\/batijournal.com\\\/index.php\\\/lhistoire-de-grotte-chauvet-pont-darc-reconstituee\\\/92259\\\/#breadcrumb\",\"itemListElement\":[{\"@type\":\"ListItem\",\"position\":1,\"name\":\"Accueil\",\"item\":\"https:\\\/\\\/batijournal.com\\\/\"},{\"@type\":\"ListItem\",\"position\":2,\"name\":\"Actualit\u00e9s\",\"item\":\"https:\\\/\\\/batijournal.com\\\/index.php\\\/category\\\/actualites\\\/\"},{\"@type\":\"ListItem\",\"position\":3,\"name\":\"Architecture &amp; Conception\",\"item\":\"https:\\\/\\\/batijournal.com\\\/index.php\\\/category\\\/actualites\\\/architecture-conception\\\/\"},{\"@type\":\"ListItem\",\"position\":4,\"name\":\"L&rsquo;histoire de la Grotte Chauvet-Pont d\u2019Arc reconstitu\u00e9e\"}]},{\"@type\":\"WebSite\",\"@id\":\"https:\\\/\\\/batijournal.com\\\/#website\",\"url\":\"https:\\\/\\\/batijournal.com\\\/\",\"name\":\"Batijournal\",\"description\":\"L&#039;actualit\u00e9 du b\u00e2timent\",\"potentialAction\":[{\"@type\":\"SearchAction\",\"target\":{\"@type\":\"EntryPoint\",\"urlTemplate\":\"https:\\\/\\\/batijournal.com\\\/?s={search_term_string}\"},\"query-input\":{\"@type\":\"PropertyValueSpecification\",\"valueRequired\":true,\"valueName\":\"search_term_string\"}}],\"inLanguage\":\"fr-FR\"},{\"@type\":\"Person\",\"@id\":\"https:\\\/\\\/batijournal.com\\\/#\\\/schema\\\/person\\\/1dc96ec6957aa1ccb25ebe78bb19f100\",\"name\":\"St\u00e9phane Miget\",\"image\":{\"@type\":\"ImageObject\",\"inLanguage\":\"fr-FR\",\"@id\":\"https:\\\/\\\/secure.gravatar.com\\\/avatar\\\/89915563d925342126b8ef0281b93d9d7fc337043e8df017f780908eb9644451?s=96&d=mm&r=g\",\"url\":\"https:\\\/\\\/secure.gravatar.com\\\/avatar\\\/89915563d925342126b8ef0281b93d9d7fc337043e8df017f780908eb9644451?s=96&d=mm&r=g\",\"contentUrl\":\"https:\\\/\\\/secure.gravatar.com\\\/avatar\\\/89915563d925342126b8ef0281b93d9d7fc337043e8df017f780908eb9644451?s=96&d=mm&r=g\",\"caption\":\"St\u00e9phane Miget\"},\"url\":\"https:\\\/\\\/batijournal.com\\\/index.php\\\/author\\\/stephane\\\/\"}]}<\/script>\n<!-- \/ Yoast SEO plugin. -->","yoast_head_json":{"title":"L'histoire de la Grotte Chauvet-Pont d\u2019Arc reconstitu\u00e9e","robots":{"index":"index","follow":"follow","max-snippet":"max-snippet:-1","max-image-preview":"max-image-preview:large","max-video-preview":"max-video-preview:-1"},"canonical":"https:\/\/batijournal.com\/index.php\/lhistoire-de-grotte-chauvet-pont-darc-reconstituee\/92259\/","og_locale":"fr_FR","og_type":"article","og_title":"L'histoire de la Grotte Chauvet-Pont d\u2019Arc reconstitu\u00e9e","og_description":"L\u2019\u00e9quipe scientifique de la grotte Chauvet-Pont d\u2019Arc vient d\u2019\u00e9tablir la toute premi\u00e8re mod\u00e9lisation chronologique des p\u00e9riodes de fr\u00e9quentations humaines et animales de la grotte exprim\u00e9es en \u00e2ges calendaires. Plus de 350 datations ont \u00e9t\u00e9 obtenues, \u00e0 partir de diff\u00e9rentes m\u00e9thodes d\u2019analyses : carbone 14, d\u00e9s\u00e9quilibre dans la famille de l\u2019uranium U\/Th, thermoluminescence ou encore datation [&hellip;]","og_url":"https:\/\/batijournal.com\/index.php\/lhistoire-de-grotte-chauvet-pont-darc-reconstituee\/92259\/","og_site_name":"Batijournal","article_published_time":"2016-04-12T15:28:58+00:00","article_modified_time":"2019-07-15T09:16:51+00:00","og_image":[{"width":1600,"height":1065,"url":"https:\/\/batijournal.com\/wp-content\/uploads\/2016\/04\/panneau-rennes-grotte-chauvet-c-JMGeneste-ministere-culture.jpg","type":"image\/jpeg"}],"author":"St\u00e9phane Miget","twitter_card":"summary_large_image","twitter_creator":"@bati_journal","twitter_site":"@bati_journal","twitter_misc":{"\u00c9crit par":"St\u00e9phane Miget","Dur\u00e9e de lecture estim\u00e9e":"2 minutes"},"schema":{"@context":"https:\/\/schema.org","@graph":[{"@type":"Article","@id":"https:\/\/batijournal.com\/index.php\/lhistoire-de-grotte-chauvet-pont-darc-reconstituee\/92259\/#article","isPartOf":{"@id":"https:\/\/batijournal.com\/index.php\/lhistoire-de-grotte-chauvet-pont-darc-reconstituee\/92259\/"},"author":{"name":"St\u00e9phane Miget","@id":"https:\/\/batijournal.com\/#\/schema\/person\/1dc96ec6957aa1ccb25ebe78bb19f100"},"headline":"L&rsquo;histoire de la Grotte Chauvet-Pont d\u2019Arc reconstitu\u00e9e","datePublished":"2016-04-12T15:28:58+00:00","dateModified":"2019-07-15T09:16:51+00:00","mainEntityOfPage":{"@id":"https:\/\/batijournal.com\/index.php\/lhistoire-de-grotte-chauvet-pont-darc-reconstituee\/92259\/"},"wordCount":454,"image":{"@id":"https:\/\/batijournal.com\/index.php\/lhistoire-de-grotte-chauvet-pont-darc-reconstituee\/92259\/#primaryimage"},"thumbnailUrl":"https:\/\/batijournal.com\/wp-content\/uploads\/2016\/04\/panneau-rennes-grotte-chauvet-c-JMGeneste-ministere-culture.jpg","keywords":["prehistoire"],"articleSection":["Architecture &amp; Conception"],"inLanguage":"fr-FR"},{"@type":"WebPage","@id":"https:\/\/batijournal.com\/index.php\/lhistoire-de-grotte-chauvet-pont-darc-reconstituee\/92259\/","url":"https:\/\/batijournal.com\/index.php\/lhistoire-de-grotte-chauvet-pont-darc-reconstituee\/92259\/","name":"L'histoire de la Grotte Chauvet-Pont d\u2019Arc reconstitu\u00e9e","isPartOf":{"@id":"https:\/\/batijournal.com\/#website"},"primaryImageOfPage":{"@id":"https:\/\/batijournal.com\/index.php\/lhistoire-de-grotte-chauvet-pont-darc-reconstituee\/92259\/#primaryimage"},"image":{"@id":"https:\/\/batijournal.com\/index.php\/lhistoire-de-grotte-chauvet-pont-darc-reconstituee\/92259\/#primaryimage"},"thumbnailUrl":"https:\/\/batijournal.com\/wp-content\/uploads\/2016\/04\/panneau-rennes-grotte-chauvet-c-JMGeneste-ministere-culture.jpg","datePublished":"2016-04-12T15:28:58+00:00","dateModified":"2019-07-15T09:16:51+00:00","author":{"@id":"https:\/\/batijournal.com\/#\/schema\/person\/1dc96ec6957aa1ccb25ebe78bb19f100"},"breadcrumb":{"@id":"https:\/\/batijournal.com\/index.php\/lhistoire-de-grotte-chauvet-pont-darc-reconstituee\/92259\/#breadcrumb"},"inLanguage":"fr-FR","potentialAction":[{"@type":"ReadAction","target":["https:\/\/batijournal.com\/index.php\/lhistoire-de-grotte-chauvet-pont-darc-reconstituee\/92259\/"]}]},{"@type":"ImageObject","inLanguage":"fr-FR","@id":"https:\/\/batijournal.com\/index.php\/lhistoire-de-grotte-chauvet-pont-darc-reconstituee\/92259\/#primaryimage","url":"https:\/\/batijournal.com\/wp-content\/uploads\/2016\/04\/panneau-rennes-grotte-chauvet-c-JMGeneste-ministere-culture.jpg","contentUrl":"https:\/\/batijournal.com\/wp-content\/uploads\/2016\/04\/panneau-rennes-grotte-chauvet-c-JMGeneste-ministere-culture.jpg","width":1600,"height":1065,"caption":"Photo du panneau des rennes de la grotte Chauvet-Pont d\u2019arc, dat\u00e9 au carbone 14."},{"@type":"BreadcrumbList","@id":"https:\/\/batijournal.com\/index.php\/lhistoire-de-grotte-chauvet-pont-darc-reconstituee\/92259\/#breadcrumb","itemListElement":[{"@type":"ListItem","position":1,"name":"Accueil","item":"https:\/\/batijournal.com\/"},{"@type":"ListItem","position":2,"name":"Actualit\u00e9s","item":"https:\/\/batijournal.com\/index.php\/category\/actualites\/"},{"@type":"ListItem","position":3,"name":"Architecture &amp; Conception","item":"https:\/\/batijournal.com\/index.php\/category\/actualites\/architecture-conception\/"},{"@type":"ListItem","position":4,"name":"L&rsquo;histoire de la Grotte Chauvet-Pont d\u2019Arc reconstitu\u00e9e"}]},{"@type":"WebSite","@id":"https:\/\/batijournal.com\/#website","url":"https:\/\/batijournal.com\/","name":"Batijournal","description":"L&#039;actualit\u00e9 du b\u00e2timent","potentialAction":[{"@type":"SearchAction","target":{"@type":"EntryPoint","urlTemplate":"https:\/\/batijournal.com\/?s={search_term_string}"},"query-input":{"@type":"PropertyValueSpecification","valueRequired":true,"valueName":"search_term_string"}}],"inLanguage":"fr-FR"},{"@type":"Person","@id":"https:\/\/batijournal.com\/#\/schema\/person\/1dc96ec6957aa1ccb25ebe78bb19f100","name":"St\u00e9phane Miget","image":{"@type":"ImageObject","inLanguage":"fr-FR","@id":"https:\/\/secure.gravatar.com\/avatar\/89915563d925342126b8ef0281b93d9d7fc337043e8df017f780908eb9644451?s=96&d=mm&r=g","url":"https:\/\/secure.gravatar.com\/avatar\/89915563d925342126b8ef0281b93d9d7fc337043e8df017f780908eb9644451?s=96&d=mm&r=g","contentUrl":"https:\/\/secure.gravatar.com\/avatar\/89915563d925342126b8ef0281b93d9d7fc337043e8df017f780908eb9644451?s=96&d=mm&r=g","caption":"St\u00e9phane Miget"},"url":"https:\/\/batijournal.com\/index.php\/author\/stephane\/"}]}},"_links":{"self":[{"href":"https:\/\/batijournal.com\/index.php\/wp-json\/wp\/v2\/posts\/92259","targetHints":{"allow":["GET"]}}],"collection":[{"href":"https:\/\/batijournal.com\/index.php\/wp-json\/wp\/v2\/posts"}],"about":[{"href":"https:\/\/batijournal.com\/index.php\/wp-json\/wp\/v2\/types\/post"}],"author":[{"embeddable":true,"href":"https:\/\/batijournal.com\/index.php\/wp-json\/wp\/v2\/users\/17"}],"replies":[{"embeddable":true,"href":"https:\/\/batijournal.com\/index.php\/wp-json\/wp\/v2\/comments?post=92259"}],"version-history":[{"count":0,"href":"https:\/\/batijournal.com\/index.php\/wp-json\/wp\/v2\/posts\/92259\/revisions"}],"wp:featuredmedia":[{"embeddable":true,"href":"https:\/\/batijournal.com\/index.php\/wp-json\/wp\/v2\/media\/92260"}],"wp:attachment":[{"href":"https:\/\/batijournal.com\/index.php\/wp-json\/wp\/v2\/media?parent=92259"}],"wp:term":[{"taxonomy":"category","embeddable":true,"href":"https:\/\/batijournal.com\/index.php\/wp-json\/wp\/v2\/categories?post=92259"},{"taxonomy":"post_tag","embeddable":true,"href":"https:\/\/batijournal.com\/index.php\/wp-json\/wp\/v2\/tags?post=92259"}],"curies":[{"name":"wp","href":"https:\/\/api.w.org\/{rel}","templated":true}]}}