{"id":92279,"date":"2016-04-13T06:16:31","date_gmt":"2016-04-13T04:16:31","guid":{"rendered":"http:\/\/batijournal.com\/?p=92279"},"modified":"2019-07-15T11:16:50","modified_gmt":"2019-07-15T09:16:50","slug":"60-jours-de-solitude-sauvegarder-phare-mer-de-tevennec","status":"publish","type":"post","link":"https:\/\/batijournal.com\/index.php\/60-jours-de-solitude-sauvegarder-phare-mer-de-tevennec\/92279\/","title":{"rendered":"60 jours de solitude pour sauvegarder le phare en mer de T\u00e9vennec"},"content":{"rendered":"<p><strong>Depuis le 27 f\u00e9vrier 2016, Marc Pointud, pr\u00e9sident de la Soci\u00e9t\u00e9 Nationale pour le Patrimoine des Phares et Balises, vit sur le caillou, l&rsquo;\u00eelot du phare de T\u00e9vennec. \u00ab Lumi\u00e8re sur T\u00e9vennec \u00bb rel\u00e8ve le d\u00e9fi de renouer avec la grande tradition des gardiens de phares : passer 60 jours en solitaire dans l&rsquo;enfer de ce phare isol\u00e9 en mer dans le raz de Sein. La r\u00e9putation maritime internationale de T\u00e9vennec comme phare en mer parmi les plus dangereux apporte \u00e0 cette aventure humaine sa dimension unique.<\/strong><\/p>\n<p>La Soci\u00e9t\u00e9 Nationale pour le Patrimoine des Phares et Balises a pour objectif la sauvegarde de ce patrimoine exceptionnel. Elle b\u00e9n\u00e9ficie d&rsquo;une autorisation des services de l&rsquo;\u00c9tat pour restaurer la maison-phare de T\u00e9vennec. L&rsquo;op\u00e9ration rel\u00e8ve un d\u00e9fi unique humain et culturel pour mettre en lumi\u00e8re la renaissance de ces lieux destin\u00e9s dans le futur \u00e0 la r\u00e9sidence d&rsquo;artistes s\u00e9lectionn\u00e9s et la sauvegarde du patrimoine embl\u00e9matique des phares en mer. Elle s&rsquo;inscrit dans la continuit\u00e9 de l&rsquo;histoire des gardiens de phare qui y v\u00e9curent si difficilement et dont les derniers quitt\u00e8rent d\u00e9finitivement T\u00e9vennec en 1910. Personne n&rsquo;a s\u00e9journ\u00e9 dans ce phare depuis 105 ans, lieu que la l\u00e9gende dit hant\u00e9 dans les parages de la baie des Tr\u00e9pass\u00e9s. \u00ab Lumi\u00e8re sur T\u00e9vennec \u00bb souhaite raviver la pr\u00e9sence humaine sur ce rocher, de cet improbable \u00e9difice allum\u00e9 en 1875, l&rsquo;unique maison-phare en France construite en pleine mer.<\/p>\n<p><img loading=\"lazy\" decoding=\"async\" class=\"aligncenter size-large wp-image-92280\" src=\"https:\/\/batijournal.com\/wp-content\/uploads\/2016\/04\/phare-de-tevennec-1024x764.jpg\" alt=\"phare-de-tevennec\" width=\"960\" height=\"716\" srcset=\"https:\/\/batijournal.com\/wp-content\/uploads\/2016\/04\/phare-de-tevennec-1024x764.jpg 1024w, https:\/\/batijournal.com\/wp-content\/uploads\/2016\/04\/phare-de-tevennec-150x112.jpg 150w, https:\/\/batijournal.com\/wp-content\/uploads\/2016\/04\/phare-de-tevennec-300x224.jpg 300w, https:\/\/batijournal.com\/wp-content\/uploads\/2016\/04\/phare-de-tevennec-768x573.jpg 768w, https:\/\/batijournal.com\/wp-content\/uploads\/2016\/04\/phare-de-tevennec-600x448.jpg 600w, https:\/\/batijournal.com\/wp-content\/uploads\/2016\/04\/phare-de-tevennec.jpg 1340w\" sizes=\"(max-width: 960px) 100vw, 960px\" \/><\/p>\n<p>La maison, d&rsquo;une trentaine de m\u00e8tres carr\u00e9s au sol, est construite solidement sur la roche. Son int\u00e9rieur est d\u00e9labr\u00e9. Les anciennes boiseries ont disparu et l&rsquo;humidit\u00e9 y r\u00e8gne. L&rsquo;\u00e9tage, auquel on acc\u00e8de par la tour du feu, pr\u00e9sente cinq pi\u00e8ces dont une r\u00e9serv\u00e9e au service du phare. Une seule pi\u00e8ce, au rez-de-chauss\u00e9e est utilis\u00e9e par Marc Pointud pour vivre pendant le s\u00e9jour et une autre sert au stockage des vivres et du mat\u00e9riel.<\/p>\n<p><a href=\"http:\/\/www.pharesetbalises.org\/\" target=\"_blank\" rel=\"noopener noreferrer\">www.pharesetbalises.org<\/a><\/p>\n<p>&nbsp;<\/p>\n<p>Photo a\u00e9rienne :\u00a0Phare de T\u00e9vennec\u00a0\u00a9\u00a0Charles MARION<br \/>\nPhoto phare et int\u00e9rieur :\u00a0\u00a9\u00a0POINTUD\/SNPB<\/p>\n<p>&nbsp;<\/p>\n","protected":false},"excerpt":{"rendered":"<p>Depuis le 27 f\u00e9vrier 2016, Marc Pointud, pr\u00e9sident de la Soci\u00e9t\u00e9 Nationale pour le Patrimoine des Phares et Balises, vit sur le caillou, l&rsquo;\u00eelot du phare de T\u00e9vennec. \u00ab Lumi\u00e8re sur T\u00e9vennec \u00bb rel\u00e8ve le d\u00e9fi de renouer avec la grande tradition des gardiens de phares : passer 60 jours en solitaire dans l&rsquo;enfer de [&hellip;]<\/p>\n","protected":false},"author":17,"featured_media":92281,"comment_status":"closed","ping_status":"closed","sticky":false,"template":"","format":"standard","meta":{"_et_pb_use_builder":"","_et_pb_old_content":"","_et_gb_content_width":"","footnotes":""},"categories":[6340],"tags":[8412,1308],"class_list":["post-92279","post","type-post","status-publish","format-standard","has-post-thumbnail","hentry","category-architecture-conception","tag-phare","tag-restauration"],"yoast_head":"<!-- This site is optimized with the Yoast SEO plugin v27.4 - https:\/\/yoast.com\/product\/yoast-seo-wordpress\/ -->\n<title>60 jours de solitude pour sauvegarder le phare en mer de T\u00e9vennec<\/title>\n<meta name=\"robots\" content=\"index, follow, max-snippet:-1, max-image-preview:large, max-video-preview:-1\" \/>\n<link rel=\"canonical\" href=\"https:\/\/batijournal.com\/index.php\/60-jours-de-solitude-sauvegarder-phare-mer-de-tevennec\/92279\/\" \/>\n<meta property=\"og:locale\" content=\"fr_FR\" \/>\n<meta property=\"og:type\" content=\"article\" \/>\n<meta property=\"og:title\" content=\"60 jours de solitude pour sauvegarder le phare en mer de T\u00e9vennec\" \/>\n<meta property=\"og:description\" content=\"Depuis le 27 f\u00e9vrier 2016, Marc Pointud, pr\u00e9sident de la Soci\u00e9t\u00e9 Nationale pour le Patrimoine des Phares et Balises, vit sur le caillou, l&rsquo;\u00eelot du phare de T\u00e9vennec. \u00ab Lumi\u00e8re sur T\u00e9vennec \u00bb rel\u00e8ve le d\u00e9fi de renouer avec la grande tradition des gardiens de phares : passer 60 jours en solitaire dans l&rsquo;enfer de [&hellip;]\" \/>\n<meta property=\"og:url\" content=\"https:\/\/batijournal.com\/index.php\/60-jours-de-solitude-sauvegarder-phare-mer-de-tevennec\/92279\/\" \/>\n<meta property=\"og:site_name\" content=\"Batijournal\" \/>\n<meta property=\"article:published_time\" content=\"2016-04-13T04:16:31+00:00\" \/>\n<meta property=\"article:modified_time\" content=\"2019-07-15T09:16:50+00:00\" \/>\n<meta property=\"og:image\" content=\"https:\/\/batijournal.com\/wp-content\/uploads\/2016\/04\/Phare-de-Tevennec-CREDIT-Charles-MARION.jpg\" \/>\n\t<meta property=\"og:image:width\" content=\"1000\" \/>\n\t<meta property=\"og:image:height\" content=\"666\" \/>\n\t<meta property=\"og:image:type\" content=\"image\/jpeg\" \/>\n<meta name=\"author\" content=\"St\u00e9phane Miget\" \/>\n<meta name=\"twitter:card\" content=\"summary_large_image\" \/>\n<meta name=\"twitter:creator\" content=\"@bati_journal\" \/>\n<meta name=\"twitter:site\" content=\"@bati_journal\" \/>\n<meta name=\"twitter:label1\" content=\"\u00c9crit par\" \/>\n\t<meta name=\"twitter:data1\" content=\"St\u00e9phane Miget\" \/>\n\t<meta name=\"twitter:label2\" content=\"Dur\u00e9e de lecture estim\u00e9e\" \/>\n\t<meta name=\"twitter:data2\" content=\"2 minutes\" \/>\n<script type=\"application\/ld+json\" class=\"yoast-schema-graph\">{\"@context\":\"https:\\\/\\\/schema.org\",\"@graph\":[{\"@type\":\"Article\",\"@id\":\"https:\\\/\\\/batijournal.com\\\/index.php\\\/60-jours-de-solitude-sauvegarder-phare-mer-de-tevennec\\\/92279\\\/#article\",\"isPartOf\":{\"@id\":\"https:\\\/\\\/batijournal.com\\\/index.php\\\/60-jours-de-solitude-sauvegarder-phare-mer-de-tevennec\\\/92279\\\/\"},\"author\":{\"name\":\"St\u00e9phane Miget\",\"@id\":\"https:\\\/\\\/batijournal.com\\\/#\\\/schema\\\/person\\\/1dc96ec6957aa1ccb25ebe78bb19f100\"},\"headline\":\"60 jours de solitude pour sauvegarder le phare en mer de T\u00e9vennec\",\"datePublished\":\"2016-04-13T04:16:31+00:00\",\"dateModified\":\"2019-07-15T09:16:50+00:00\",\"mainEntityOfPage\":{\"@id\":\"https:\\\/\\\/batijournal.com\\\/index.php\\\/60-jours-de-solitude-sauvegarder-phare-mer-de-tevennec\\\/92279\\\/\"},\"wordCount\":387,\"image\":{\"@id\":\"https:\\\/\\\/batijournal.com\\\/index.php\\\/60-jours-de-solitude-sauvegarder-phare-mer-de-tevennec\\\/92279\\\/#primaryimage\"},\"thumbnailUrl\":\"https:\\\/\\\/batijournal.com\\\/wp-content\\\/uploads\\\/2016\\\/04\\\/Phare-de-Tevennec-CREDIT-Charles-MARION.jpg\",\"keywords\":[\"phare\",\"restauration\"],\"articleSection\":[\"Architecture &amp; Conception\"],\"inLanguage\":\"fr-FR\"},{\"@type\":\"WebPage\",\"@id\":\"https:\\\/\\\/batijournal.com\\\/index.php\\\/60-jours-de-solitude-sauvegarder-phare-mer-de-tevennec\\\/92279\\\/\",\"url\":\"https:\\\/\\\/batijournal.com\\\/index.php\\\/60-jours-de-solitude-sauvegarder-phare-mer-de-tevennec\\\/92279\\\/\",\"name\":\"60 jours de solitude pour sauvegarder le phare en mer de T\u00e9vennec\",\"isPartOf\":{\"@id\":\"https:\\\/\\\/batijournal.com\\\/#website\"},\"primaryImageOfPage\":{\"@id\":\"https:\\\/\\\/batijournal.com\\\/index.php\\\/60-jours-de-solitude-sauvegarder-phare-mer-de-tevennec\\\/92279\\\/#primaryimage\"},\"image\":{\"@id\":\"https:\\\/\\\/batijournal.com\\\/index.php\\\/60-jours-de-solitude-sauvegarder-phare-mer-de-tevennec\\\/92279\\\/#primaryimage\"},\"thumbnailUrl\":\"https:\\\/\\\/batijournal.com\\\/wp-content\\\/uploads\\\/2016\\\/04\\\/Phare-de-Tevennec-CREDIT-Charles-MARION.jpg\",\"datePublished\":\"2016-04-13T04:16:31+00:00\",\"dateModified\":\"2019-07-15T09:16:50+00:00\",\"author\":{\"@id\":\"https:\\\/\\\/batijournal.com\\\/#\\\/schema\\\/person\\\/1dc96ec6957aa1ccb25ebe78bb19f100\"},\"breadcrumb\":{\"@id\":\"https:\\\/\\\/batijournal.com\\\/index.php\\\/60-jours-de-solitude-sauvegarder-phare-mer-de-tevennec\\\/92279\\\/#breadcrumb\"},\"inLanguage\":\"fr-FR\",\"potentialAction\":[{\"@type\":\"ReadAction\",\"target\":[\"https:\\\/\\\/batijournal.com\\\/index.php\\\/60-jours-de-solitude-sauvegarder-phare-mer-de-tevennec\\\/92279\\\/\"]}]},{\"@type\":\"ImageObject\",\"inLanguage\":\"fr-FR\",\"@id\":\"https:\\\/\\\/batijournal.com\\\/index.php\\\/60-jours-de-solitude-sauvegarder-phare-mer-de-tevennec\\\/92279\\\/#primaryimage\",\"url\":\"https:\\\/\\\/batijournal.com\\\/wp-content\\\/uploads\\\/2016\\\/04\\\/Phare-de-Tevennec-CREDIT-Charles-MARION.jpg\",\"contentUrl\":\"https:\\\/\\\/batijournal.com\\\/wp-content\\\/uploads\\\/2016\\\/04\\\/Phare-de-Tevennec-CREDIT-Charles-MARION.jpg\",\"width\":1000,\"height\":666},{\"@type\":\"BreadcrumbList\",\"@id\":\"https:\\\/\\\/batijournal.com\\\/index.php\\\/60-jours-de-solitude-sauvegarder-phare-mer-de-tevennec\\\/92279\\\/#breadcrumb\",\"itemListElement\":[{\"@type\":\"ListItem\",\"position\":1,\"name\":\"Accueil\",\"item\":\"https:\\\/\\\/batijournal.com\\\/\"},{\"@type\":\"ListItem\",\"position\":2,\"name\":\"Actualit\u00e9s\",\"item\":\"https:\\\/\\\/batijournal.com\\\/index.php\\\/category\\\/actualites\\\/\"},{\"@type\":\"ListItem\",\"position\":3,\"name\":\"Architecture &amp; Conception\",\"item\":\"https:\\\/\\\/batijournal.com\\\/index.php\\\/category\\\/actualites\\\/architecture-conception\\\/\"},{\"@type\":\"ListItem\",\"position\":4,\"name\":\"60 jours de solitude pour sauvegarder le phare en mer de T\u00e9vennec\"}]},{\"@type\":\"WebSite\",\"@id\":\"https:\\\/\\\/batijournal.com\\\/#website\",\"url\":\"https:\\\/\\\/batijournal.com\\\/\",\"name\":\"Batijournal\",\"description\":\"L&#039;actualit\u00e9 du b\u00e2timent\",\"potentialAction\":[{\"@type\":\"SearchAction\",\"target\":{\"@type\":\"EntryPoint\",\"urlTemplate\":\"https:\\\/\\\/batijournal.com\\\/?s={search_term_string}\"},\"query-input\":{\"@type\":\"PropertyValueSpecification\",\"valueRequired\":true,\"valueName\":\"search_term_string\"}}],\"inLanguage\":\"fr-FR\"},{\"@type\":\"Person\",\"@id\":\"https:\\\/\\\/batijournal.com\\\/#\\\/schema\\\/person\\\/1dc96ec6957aa1ccb25ebe78bb19f100\",\"name\":\"St\u00e9phane Miget\",\"image\":{\"@type\":\"ImageObject\",\"inLanguage\":\"fr-FR\",\"@id\":\"https:\\\/\\\/secure.gravatar.com\\\/avatar\\\/89915563d925342126b8ef0281b93d9d7fc337043e8df017f780908eb9644451?s=96&d=mm&r=g\",\"url\":\"https:\\\/\\\/secure.gravatar.com\\\/avatar\\\/89915563d925342126b8ef0281b93d9d7fc337043e8df017f780908eb9644451?s=96&d=mm&r=g\",\"contentUrl\":\"https:\\\/\\\/secure.gravatar.com\\\/avatar\\\/89915563d925342126b8ef0281b93d9d7fc337043e8df017f780908eb9644451?s=96&d=mm&r=g\",\"caption\":\"St\u00e9phane Miget\"},\"url\":\"https:\\\/\\\/batijournal.com\\\/index.php\\\/author\\\/stephane\\\/\"}]}<\/script>\n<!-- \/ Yoast SEO plugin. -->","yoast_head_json":{"title":"60 jours de solitude pour sauvegarder le phare en mer de T\u00e9vennec","robots":{"index":"index","follow":"follow","max-snippet":"max-snippet:-1","max-image-preview":"max-image-preview:large","max-video-preview":"max-video-preview:-1"},"canonical":"https:\/\/batijournal.com\/index.php\/60-jours-de-solitude-sauvegarder-phare-mer-de-tevennec\/92279\/","og_locale":"fr_FR","og_type":"article","og_title":"60 jours de solitude pour sauvegarder le phare en mer de T\u00e9vennec","og_description":"Depuis le 27 f\u00e9vrier 2016, Marc Pointud, pr\u00e9sident de la Soci\u00e9t\u00e9 Nationale pour le Patrimoine des Phares et Balises, vit sur le caillou, l&rsquo;\u00eelot du phare de T\u00e9vennec. \u00ab Lumi\u00e8re sur T\u00e9vennec \u00bb rel\u00e8ve le d\u00e9fi de renouer avec la grande tradition des gardiens de phares : passer 60 jours en solitaire dans l&rsquo;enfer de [&hellip;]","og_url":"https:\/\/batijournal.com\/index.php\/60-jours-de-solitude-sauvegarder-phare-mer-de-tevennec\/92279\/","og_site_name":"Batijournal","article_published_time":"2016-04-13T04:16:31+00:00","article_modified_time":"2019-07-15T09:16:50+00:00","og_image":[{"width":1000,"height":666,"url":"https:\/\/batijournal.com\/wp-content\/uploads\/2016\/04\/Phare-de-Tevennec-CREDIT-Charles-MARION.jpg","type":"image\/jpeg"}],"author":"St\u00e9phane Miget","twitter_card":"summary_large_image","twitter_creator":"@bati_journal","twitter_site":"@bati_journal","twitter_misc":{"\u00c9crit par":"St\u00e9phane Miget","Dur\u00e9e de lecture estim\u00e9e":"2 minutes"},"schema":{"@context":"https:\/\/schema.org","@graph":[{"@type":"Article","@id":"https:\/\/batijournal.com\/index.php\/60-jours-de-solitude-sauvegarder-phare-mer-de-tevennec\/92279\/#article","isPartOf":{"@id":"https:\/\/batijournal.com\/index.php\/60-jours-de-solitude-sauvegarder-phare-mer-de-tevennec\/92279\/"},"author":{"name":"St\u00e9phane Miget","@id":"https:\/\/batijournal.com\/#\/schema\/person\/1dc96ec6957aa1ccb25ebe78bb19f100"},"headline":"60 jours de solitude pour sauvegarder le phare en mer de T\u00e9vennec","datePublished":"2016-04-13T04:16:31+00:00","dateModified":"2019-07-15T09:16:50+00:00","mainEntityOfPage":{"@id":"https:\/\/batijournal.com\/index.php\/60-jours-de-solitude-sauvegarder-phare-mer-de-tevennec\/92279\/"},"wordCount":387,"image":{"@id":"https:\/\/batijournal.com\/index.php\/60-jours-de-solitude-sauvegarder-phare-mer-de-tevennec\/92279\/#primaryimage"},"thumbnailUrl":"https:\/\/batijournal.com\/wp-content\/uploads\/2016\/04\/Phare-de-Tevennec-CREDIT-Charles-MARION.jpg","keywords":["phare","restauration"],"articleSection":["Architecture &amp; Conception"],"inLanguage":"fr-FR"},{"@type":"WebPage","@id":"https:\/\/batijournal.com\/index.php\/60-jours-de-solitude-sauvegarder-phare-mer-de-tevennec\/92279\/","url":"https:\/\/batijournal.com\/index.php\/60-jours-de-solitude-sauvegarder-phare-mer-de-tevennec\/92279\/","name":"60 jours de solitude pour sauvegarder le phare en mer de T\u00e9vennec","isPartOf":{"@id":"https:\/\/batijournal.com\/#website"},"primaryImageOfPage":{"@id":"https:\/\/batijournal.com\/index.php\/60-jours-de-solitude-sauvegarder-phare-mer-de-tevennec\/92279\/#primaryimage"},"image":{"@id":"https:\/\/batijournal.com\/index.php\/60-jours-de-solitude-sauvegarder-phare-mer-de-tevennec\/92279\/#primaryimage"},"thumbnailUrl":"https:\/\/batijournal.com\/wp-content\/uploads\/2016\/04\/Phare-de-Tevennec-CREDIT-Charles-MARION.jpg","datePublished":"2016-04-13T04:16:31+00:00","dateModified":"2019-07-15T09:16:50+00:00","author":{"@id":"https:\/\/batijournal.com\/#\/schema\/person\/1dc96ec6957aa1ccb25ebe78bb19f100"},"breadcrumb":{"@id":"https:\/\/batijournal.com\/index.php\/60-jours-de-solitude-sauvegarder-phare-mer-de-tevennec\/92279\/#breadcrumb"},"inLanguage":"fr-FR","potentialAction":[{"@type":"ReadAction","target":["https:\/\/batijournal.com\/index.php\/60-jours-de-solitude-sauvegarder-phare-mer-de-tevennec\/92279\/"]}]},{"@type":"ImageObject","inLanguage":"fr-FR","@id":"https:\/\/batijournal.com\/index.php\/60-jours-de-solitude-sauvegarder-phare-mer-de-tevennec\/92279\/#primaryimage","url":"https:\/\/batijournal.com\/wp-content\/uploads\/2016\/04\/Phare-de-Tevennec-CREDIT-Charles-MARION.jpg","contentUrl":"https:\/\/batijournal.com\/wp-content\/uploads\/2016\/04\/Phare-de-Tevennec-CREDIT-Charles-MARION.jpg","width":1000,"height":666},{"@type":"BreadcrumbList","@id":"https:\/\/batijournal.com\/index.php\/60-jours-de-solitude-sauvegarder-phare-mer-de-tevennec\/92279\/#breadcrumb","itemListElement":[{"@type":"ListItem","position":1,"name":"Accueil","item":"https:\/\/batijournal.com\/"},{"@type":"ListItem","position":2,"name":"Actualit\u00e9s","item":"https:\/\/batijournal.com\/index.php\/category\/actualites\/"},{"@type":"ListItem","position":3,"name":"Architecture &amp; Conception","item":"https:\/\/batijournal.com\/index.php\/category\/actualites\/architecture-conception\/"},{"@type":"ListItem","position":4,"name":"60 jours de solitude pour sauvegarder le phare en mer de T\u00e9vennec"}]},{"@type":"WebSite","@id":"https:\/\/batijournal.com\/#website","url":"https:\/\/batijournal.com\/","name":"Batijournal","description":"L&#039;actualit\u00e9 du b\u00e2timent","potentialAction":[{"@type":"SearchAction","target":{"@type":"EntryPoint","urlTemplate":"https:\/\/batijournal.com\/?s={search_term_string}"},"query-input":{"@type":"PropertyValueSpecification","valueRequired":true,"valueName":"search_term_string"}}],"inLanguage":"fr-FR"},{"@type":"Person","@id":"https:\/\/batijournal.com\/#\/schema\/person\/1dc96ec6957aa1ccb25ebe78bb19f100","name":"St\u00e9phane Miget","image":{"@type":"ImageObject","inLanguage":"fr-FR","@id":"https:\/\/secure.gravatar.com\/avatar\/89915563d925342126b8ef0281b93d9d7fc337043e8df017f780908eb9644451?s=96&d=mm&r=g","url":"https:\/\/secure.gravatar.com\/avatar\/89915563d925342126b8ef0281b93d9d7fc337043e8df017f780908eb9644451?s=96&d=mm&r=g","contentUrl":"https:\/\/secure.gravatar.com\/avatar\/89915563d925342126b8ef0281b93d9d7fc337043e8df017f780908eb9644451?s=96&d=mm&r=g","caption":"St\u00e9phane Miget"},"url":"https:\/\/batijournal.com\/index.php\/author\/stephane\/"}]}},"_links":{"self":[{"href":"https:\/\/batijournal.com\/index.php\/wp-json\/wp\/v2\/posts\/92279","targetHints":{"allow":["GET"]}}],"collection":[{"href":"https:\/\/batijournal.com\/index.php\/wp-json\/wp\/v2\/posts"}],"about":[{"href":"https:\/\/batijournal.com\/index.php\/wp-json\/wp\/v2\/types\/post"}],"author":[{"embeddable":true,"href":"https:\/\/batijournal.com\/index.php\/wp-json\/wp\/v2\/users\/17"}],"replies":[{"embeddable":true,"href":"https:\/\/batijournal.com\/index.php\/wp-json\/wp\/v2\/comments?post=92279"}],"version-history":[{"count":0,"href":"https:\/\/batijournal.com\/index.php\/wp-json\/wp\/v2\/posts\/92279\/revisions"}],"wp:featuredmedia":[{"embeddable":true,"href":"https:\/\/batijournal.com\/index.php\/wp-json\/wp\/v2\/media\/92281"}],"wp:attachment":[{"href":"https:\/\/batijournal.com\/index.php\/wp-json\/wp\/v2\/media?parent=92279"}],"wp:term":[{"taxonomy":"category","embeddable":true,"href":"https:\/\/batijournal.com\/index.php\/wp-json\/wp\/v2\/categories?post=92279"},{"taxonomy":"post_tag","embeddable":true,"href":"https:\/\/batijournal.com\/index.php\/wp-json\/wp\/v2\/tags?post=92279"}],"curies":[{"name":"wp","href":"https:\/\/api.w.org\/{rel}","templated":true}]}}