{"id":92419,"date":"2016-04-19T07:00:52","date_gmt":"2016-04-19T05:00:52","guid":{"rendered":"http:\/\/batijournal.com\/?p=92419"},"modified":"2019-07-15T12:13:28","modified_gmt":"2019-07-15T10:13:28","slug":"tpe-pme-refusent-detre-marginalisees-loi-el-khomri","status":"publish","type":"post","link":"https:\/\/batijournal.com\/index.php\/tpe-pme-refusent-detre-marginalisees-loi-el-khomri\/92419\/","title":{"rendered":"Les TPE et PME refusent d&rsquo;\u00eatre marginalis\u00e9es par la loi El Khomri"},"content":{"rendered":"<p>L\u2019UNAPL, l\u2019UPA et l\u2019UDES ont d\u00e9cid\u00e9 d\u2019unir leurs forces au niveau national pour que les artisans, commer\u00e7ants, professionnels lib\u00e9raux et les acteurs de l\u2019\u00e9conomie sociale ne soient pas marginalis\u00e9s et litt\u00e9ralement \u00ab b\u00e2illonn\u00e9es \u00bb dans le dialogue social. Les trois organisations ont d\u00e9cid\u00e9 d\u2019alerter les lecteurs de la presse quotidienne r\u00e9gionale au moyen d\u2019une insertion d\u2019une page dans 62 titres.<\/p>\n<p>Le projet de loi EL KHOMRI, modifie de fa\u00e7on substantielle les r\u00e8gles du dialogue social. En privil\u00e9giant l\u2019accord d\u2019entreprise \u00e0 l\u2019accord de branche, il affaiblit les compromis existants et adapt\u00e9s aux TPE\/PME. Il modifie, par ailleurs, les r\u00e8gles de la repr\u00e9sentativit\u00e9 patronale \u00e9tablies en 2014, en plein accord avec toutes les organisations patronales. Ainsi, seules les grandes et tr\u00e8s grandes entreprises compteraient tandis que les TPE et PME, pourtant plus nombreuses, seraient marginalis\u00e9es. Or, le Conseil Constitutionnel a confirm\u00e9 les r\u00e8gles \u00e9tablies en 2014 et valid\u00e9 le principe du calcul du poids des organisations patronales selon leur nombre d\u2019entreprises adh\u00e9rentes.<\/p>\n<p>Les TPE-PME participent au lien social et rendent de nombreux services, chaque jour \u00e0 tous les Fran\u00e7ais. Ce sont des acteurs essentiels de la vie \u00e9conomique des territoires, des communes et de tous les quartiers. Elles repr\u00e9sentent 98% des entreprises du pays et sont le socle de l\u2019emploi de proximit\u00e9, non d\u00e9localisable. Elles jouent un r\u00f4le essentiel dans la formation des jeunes, avec l\u2019apprentissage et les stages professionnels, mais aussi l\u2019insertion professionnelle. Les TPE-PME ont un fort potentiel de croissance et de d\u00e9veloppement. Elles risquent de ne plus pouvoir d\u00e9fendre leurs modes d\u2019entrepreneuriat et leurs besoins sp\u00e9cifiques, diff\u00e9rents de ceux des grandes entreprises. Des branches professionnelles disparaitront. Contrairement aux grandes entreprises, les TPE-PME n\u2019ont que rarement une direction des ressources humaines (DRH) et leurs chefs d\u2019entreprise ne pourront tout simplement pas appliquer des dispositifs devenus trop complexes. L\u2019esprit de la loi El Khomri est tourn\u00e9 vers les grandes et tr\u00e8s grandes entreprises. Le CPA, la place pr\u00e9pond\u00e9rante accord\u00e9e \u00e0 la n\u00e9gociation collective sont des dispositifs tr\u00e8s \u00e9loign\u00e9s de la r\u00e9alit\u00e9 et des besoins des TPE-PME.<\/p>\n<p>Avec un visuel mettant en sc\u00e8ne des artisans, commer\u00e7ants, professionnels lib\u00e9raux b\u00e2illonn\u00e9s, l\u2019UNAPL, l\u2019UPA et l\u2019UDES ont voulu donner \u00e0 voir la r\u00e9alit\u00e9 de la loi EL KHOMRI et appeler \u00e0 la mobilisation.<\/p>\n<p><a href=\"http:\/\/www.tpepmeendanger.fr\" target=\"_blank\" rel=\"noopener noreferrer\">www.tpepmeendanger.fr<\/a><\/p>\n","protected":false},"excerpt":{"rendered":"<p>L\u2019UNAPL, l\u2019UPA et l\u2019UDES ont d\u00e9cid\u00e9 d\u2019unir leurs forces au niveau national pour que les artisans, commer\u00e7ants, professionnels lib\u00e9raux et les acteurs de l\u2019\u00e9conomie sociale ne soient pas marginalis\u00e9s et litt\u00e9ralement \u00ab b\u00e2illonn\u00e9es \u00bb dans le dialogue social. Les trois organisations ont d\u00e9cid\u00e9 d\u2019alerter les lecteurs de la presse quotidienne r\u00e9gionale au moyen d\u2019une insertion [&hellip;]<\/p>\n","protected":false},"author":17,"featured_media":92420,"comment_status":"closed","ping_status":"closed","sticky":false,"template":"","format":"standard","meta":{"_et_pb_use_builder":"","_et_pb_old_content":"","_et_gb_content_width":"","footnotes":""},"categories":[10736,6345],"tags":[1284,4241,7317,1006],"class_list":["post-92419","post","type-post","status-publish","format-standard","has-post-thumbnail","hentry","category-a-la-une","category-economie-marches","tag-loi","tag-pme","tag-tpe","tag-travail"],"yoast_head":"<!-- This site is optimized with the Yoast SEO plugin v27.4 - https:\/\/yoast.com\/product\/yoast-seo-wordpress\/ -->\n<title>Les TPE et PME refusent d&#039;\u00eatre marginalis\u00e9es par la loi El Khomri<\/title>\n<meta name=\"robots\" content=\"index, follow, max-snippet:-1, max-image-preview:large, max-video-preview:-1\" \/>\n<link rel=\"canonical\" href=\"https:\/\/batijournal.com\/index.php\/tpe-pme-refusent-detre-marginalisees-loi-el-khomri\/92419\/\" \/>\n<meta property=\"og:locale\" content=\"fr_FR\" \/>\n<meta property=\"og:type\" content=\"article\" \/>\n<meta property=\"og:title\" content=\"Les TPE et PME refusent d&#039;\u00eatre marginalis\u00e9es par la loi El Khomri\" \/>\n<meta property=\"og:description\" content=\"L\u2019UNAPL, l\u2019UPA et l\u2019UDES ont d\u00e9cid\u00e9 d\u2019unir leurs forces au niveau national pour que les artisans, commer\u00e7ants, professionnels lib\u00e9raux et les acteurs de l\u2019\u00e9conomie sociale ne soient pas marginalis\u00e9s et litt\u00e9ralement \u00ab b\u00e2illonn\u00e9es \u00bb dans le dialogue social. Les trois organisations ont d\u00e9cid\u00e9 d\u2019alerter les lecteurs de la presse quotidienne r\u00e9gionale au moyen d\u2019une insertion [&hellip;]\" \/>\n<meta property=\"og:url\" content=\"https:\/\/batijournal.com\/index.php\/tpe-pme-refusent-detre-marginalisees-loi-el-khomri\/92419\/\" \/>\n<meta property=\"og:site_name\" content=\"Batijournal\" \/>\n<meta property=\"article:published_time\" content=\"2016-04-19T05:00:52+00:00\" \/>\n<meta property=\"article:modified_time\" content=\"2019-07-15T10:13:28+00:00\" \/>\n<meta property=\"og:image\" content=\"https:\/\/batijournal.com\/wp-content\/uploads\/2016\/04\/tpe-pme-ballonnees.png\" \/>\n\t<meta property=\"og:image:width\" content=\"654\" \/>\n\t<meta property=\"og:image:height\" content=\"701\" \/>\n\t<meta property=\"og:image:type\" content=\"image\/png\" \/>\n<meta name=\"author\" content=\"St\u00e9phane Miget\" \/>\n<meta name=\"twitter:card\" content=\"summary_large_image\" \/>\n<meta name=\"twitter:creator\" content=\"@bati_journal\" \/>\n<meta name=\"twitter:site\" content=\"@bati_journal\" \/>\n<meta name=\"twitter:label1\" content=\"\u00c9crit par\" \/>\n\t<meta name=\"twitter:data1\" content=\"St\u00e9phane Miget\" \/>\n\t<meta name=\"twitter:label2\" content=\"Dur\u00e9e de lecture estim\u00e9e\" \/>\n\t<meta name=\"twitter:data2\" content=\"2 minutes\" \/>\n<script type=\"application\/ld+json\" class=\"yoast-schema-graph\">{\"@context\":\"https:\\\/\\\/schema.org\",\"@graph\":[{\"@type\":\"Article\",\"@id\":\"https:\\\/\\\/batijournal.com\\\/index.php\\\/tpe-pme-refusent-detre-marginalisees-loi-el-khomri\\\/92419\\\/#article\",\"isPartOf\":{\"@id\":\"https:\\\/\\\/batijournal.com\\\/index.php\\\/tpe-pme-refusent-detre-marginalisees-loi-el-khomri\\\/92419\\\/\"},\"author\":{\"name\":\"St\u00e9phane Miget\",\"@id\":\"https:\\\/\\\/batijournal.com\\\/#\\\/schema\\\/person\\\/1dc96ec6957aa1ccb25ebe78bb19f100\"},\"headline\":\"Les TPE et PME refusent d&rsquo;\u00eatre marginalis\u00e9es par la loi El Khomri\",\"datePublished\":\"2016-04-19T05:00:52+00:00\",\"dateModified\":\"2019-07-15T10:13:28+00:00\",\"mainEntityOfPage\":{\"@id\":\"https:\\\/\\\/batijournal.com\\\/index.php\\\/tpe-pme-refusent-detre-marginalisees-loi-el-khomri\\\/92419\\\/\"},\"wordCount\":438,\"image\":{\"@id\":\"https:\\\/\\\/batijournal.com\\\/index.php\\\/tpe-pme-refusent-detre-marginalisees-loi-el-khomri\\\/92419\\\/#primaryimage\"},\"thumbnailUrl\":\"https:\\\/\\\/batijournal.com\\\/wp-content\\\/uploads\\\/2016\\\/04\\\/tpe-pme-ballonnees.png\",\"keywords\":[\"loi\",\"PME\",\"tpe\",\"travail\"],\"articleSection\":[\"A la Une\",\"\u00c9conomie &amp; March\u00e9s\"],\"inLanguage\":\"fr-FR\"},{\"@type\":\"WebPage\",\"@id\":\"https:\\\/\\\/batijournal.com\\\/index.php\\\/tpe-pme-refusent-detre-marginalisees-loi-el-khomri\\\/92419\\\/\",\"url\":\"https:\\\/\\\/batijournal.com\\\/index.php\\\/tpe-pme-refusent-detre-marginalisees-loi-el-khomri\\\/92419\\\/\",\"name\":\"Les TPE et PME refusent d'\u00eatre marginalis\u00e9es par la loi El Khomri\",\"isPartOf\":{\"@id\":\"https:\\\/\\\/batijournal.com\\\/#website\"},\"primaryImageOfPage\":{\"@id\":\"https:\\\/\\\/batijournal.com\\\/index.php\\\/tpe-pme-refusent-detre-marginalisees-loi-el-khomri\\\/92419\\\/#primaryimage\"},\"image\":{\"@id\":\"https:\\\/\\\/batijournal.com\\\/index.php\\\/tpe-pme-refusent-detre-marginalisees-loi-el-khomri\\\/92419\\\/#primaryimage\"},\"thumbnailUrl\":\"https:\\\/\\\/batijournal.com\\\/wp-content\\\/uploads\\\/2016\\\/04\\\/tpe-pme-ballonnees.png\",\"datePublished\":\"2016-04-19T05:00:52+00:00\",\"dateModified\":\"2019-07-15T10:13:28+00:00\",\"author\":{\"@id\":\"https:\\\/\\\/batijournal.com\\\/#\\\/schema\\\/person\\\/1dc96ec6957aa1ccb25ebe78bb19f100\"},\"breadcrumb\":{\"@id\":\"https:\\\/\\\/batijournal.com\\\/index.php\\\/tpe-pme-refusent-detre-marginalisees-loi-el-khomri\\\/92419\\\/#breadcrumb\"},\"inLanguage\":\"fr-FR\",\"potentialAction\":[{\"@type\":\"ReadAction\",\"target\":[\"https:\\\/\\\/batijournal.com\\\/index.php\\\/tpe-pme-refusent-detre-marginalisees-loi-el-khomri\\\/92419\\\/\"]}]},{\"@type\":\"ImageObject\",\"inLanguage\":\"fr-FR\",\"@id\":\"https:\\\/\\\/batijournal.com\\\/index.php\\\/tpe-pme-refusent-detre-marginalisees-loi-el-khomri\\\/92419\\\/#primaryimage\",\"url\":\"https:\\\/\\\/batijournal.com\\\/wp-content\\\/uploads\\\/2016\\\/04\\\/tpe-pme-ballonnees.png\",\"contentUrl\":\"https:\\\/\\\/batijournal.com\\\/wp-content\\\/uploads\\\/2016\\\/04\\\/tpe-pme-ballonnees.png\",\"width\":654,\"height\":701,\"caption\":\"tpe-pme-ballonnees\"},{\"@type\":\"BreadcrumbList\",\"@id\":\"https:\\\/\\\/batijournal.com\\\/index.php\\\/tpe-pme-refusent-detre-marginalisees-loi-el-khomri\\\/92419\\\/#breadcrumb\",\"itemListElement\":[{\"@type\":\"ListItem\",\"position\":1,\"name\":\"Accueil\",\"item\":\"https:\\\/\\\/batijournal.com\\\/\"},{\"@type\":\"ListItem\",\"position\":2,\"name\":\"Actualit\u00e9s\",\"item\":\"https:\\\/\\\/batijournal.com\\\/index.php\\\/category\\\/actualites\\\/\"},{\"@type\":\"ListItem\",\"position\":3,\"name\":\"\u00c9conomie &amp; March\u00e9s\",\"item\":\"https:\\\/\\\/batijournal.com\\\/index.php\\\/category\\\/actualites\\\/economie-marches\\\/\"},{\"@type\":\"ListItem\",\"position\":4,\"name\":\"Les TPE et PME refusent d&rsquo;\u00eatre marginalis\u00e9es par la loi El Khomri\"}]},{\"@type\":\"WebSite\",\"@id\":\"https:\\\/\\\/batijournal.com\\\/#website\",\"url\":\"https:\\\/\\\/batijournal.com\\\/\",\"name\":\"Batijournal\",\"description\":\"L&#039;actualit\u00e9 du b\u00e2timent\",\"potentialAction\":[{\"@type\":\"SearchAction\",\"target\":{\"@type\":\"EntryPoint\",\"urlTemplate\":\"https:\\\/\\\/batijournal.com\\\/?s={search_term_string}\"},\"query-input\":{\"@type\":\"PropertyValueSpecification\",\"valueRequired\":true,\"valueName\":\"search_term_string\"}}],\"inLanguage\":\"fr-FR\"},{\"@type\":\"Person\",\"@id\":\"https:\\\/\\\/batijournal.com\\\/#\\\/schema\\\/person\\\/1dc96ec6957aa1ccb25ebe78bb19f100\",\"name\":\"St\u00e9phane Miget\",\"image\":{\"@type\":\"ImageObject\",\"inLanguage\":\"fr-FR\",\"@id\":\"https:\\\/\\\/secure.gravatar.com\\\/avatar\\\/89915563d925342126b8ef0281b93d9d7fc337043e8df017f780908eb9644451?s=96&d=mm&r=g\",\"url\":\"https:\\\/\\\/secure.gravatar.com\\\/avatar\\\/89915563d925342126b8ef0281b93d9d7fc337043e8df017f780908eb9644451?s=96&d=mm&r=g\",\"contentUrl\":\"https:\\\/\\\/secure.gravatar.com\\\/avatar\\\/89915563d925342126b8ef0281b93d9d7fc337043e8df017f780908eb9644451?s=96&d=mm&r=g\",\"caption\":\"St\u00e9phane Miget\"},\"url\":\"https:\\\/\\\/batijournal.com\\\/index.php\\\/author\\\/stephane\\\/\"}]}<\/script>\n<!-- \/ Yoast SEO plugin. -->","yoast_head_json":{"title":"Les TPE et PME refusent d'\u00eatre marginalis\u00e9es par la loi El Khomri","robots":{"index":"index","follow":"follow","max-snippet":"max-snippet:-1","max-image-preview":"max-image-preview:large","max-video-preview":"max-video-preview:-1"},"canonical":"https:\/\/batijournal.com\/index.php\/tpe-pme-refusent-detre-marginalisees-loi-el-khomri\/92419\/","og_locale":"fr_FR","og_type":"article","og_title":"Les TPE et PME refusent d'\u00eatre marginalis\u00e9es par la loi El Khomri","og_description":"L\u2019UNAPL, l\u2019UPA et l\u2019UDES ont d\u00e9cid\u00e9 d\u2019unir leurs forces au niveau national pour que les artisans, commer\u00e7ants, professionnels lib\u00e9raux et les acteurs de l\u2019\u00e9conomie sociale ne soient pas marginalis\u00e9s et litt\u00e9ralement \u00ab b\u00e2illonn\u00e9es \u00bb dans le dialogue social. Les trois organisations ont d\u00e9cid\u00e9 d\u2019alerter les lecteurs de la presse quotidienne r\u00e9gionale au moyen d\u2019une insertion [&hellip;]","og_url":"https:\/\/batijournal.com\/index.php\/tpe-pme-refusent-detre-marginalisees-loi-el-khomri\/92419\/","og_site_name":"Batijournal","article_published_time":"2016-04-19T05:00:52+00:00","article_modified_time":"2019-07-15T10:13:28+00:00","og_image":[{"width":654,"height":701,"url":"https:\/\/batijournal.com\/wp-content\/uploads\/2016\/04\/tpe-pme-ballonnees.png","type":"image\/png"}],"author":"St\u00e9phane Miget","twitter_card":"summary_large_image","twitter_creator":"@bati_journal","twitter_site":"@bati_journal","twitter_misc":{"\u00c9crit par":"St\u00e9phane Miget","Dur\u00e9e de lecture estim\u00e9e":"2 minutes"},"schema":{"@context":"https:\/\/schema.org","@graph":[{"@type":"Article","@id":"https:\/\/batijournal.com\/index.php\/tpe-pme-refusent-detre-marginalisees-loi-el-khomri\/92419\/#article","isPartOf":{"@id":"https:\/\/batijournal.com\/index.php\/tpe-pme-refusent-detre-marginalisees-loi-el-khomri\/92419\/"},"author":{"name":"St\u00e9phane Miget","@id":"https:\/\/batijournal.com\/#\/schema\/person\/1dc96ec6957aa1ccb25ebe78bb19f100"},"headline":"Les TPE et PME refusent d&rsquo;\u00eatre marginalis\u00e9es par la loi El Khomri","datePublished":"2016-04-19T05:00:52+00:00","dateModified":"2019-07-15T10:13:28+00:00","mainEntityOfPage":{"@id":"https:\/\/batijournal.com\/index.php\/tpe-pme-refusent-detre-marginalisees-loi-el-khomri\/92419\/"},"wordCount":438,"image":{"@id":"https:\/\/batijournal.com\/index.php\/tpe-pme-refusent-detre-marginalisees-loi-el-khomri\/92419\/#primaryimage"},"thumbnailUrl":"https:\/\/batijournal.com\/wp-content\/uploads\/2016\/04\/tpe-pme-ballonnees.png","keywords":["loi","PME","tpe","travail"],"articleSection":["A la Une","\u00c9conomie &amp; March\u00e9s"],"inLanguage":"fr-FR"},{"@type":"WebPage","@id":"https:\/\/batijournal.com\/index.php\/tpe-pme-refusent-detre-marginalisees-loi-el-khomri\/92419\/","url":"https:\/\/batijournal.com\/index.php\/tpe-pme-refusent-detre-marginalisees-loi-el-khomri\/92419\/","name":"Les TPE et PME refusent d'\u00eatre marginalis\u00e9es par la loi El Khomri","isPartOf":{"@id":"https:\/\/batijournal.com\/#website"},"primaryImageOfPage":{"@id":"https:\/\/batijournal.com\/index.php\/tpe-pme-refusent-detre-marginalisees-loi-el-khomri\/92419\/#primaryimage"},"image":{"@id":"https:\/\/batijournal.com\/index.php\/tpe-pme-refusent-detre-marginalisees-loi-el-khomri\/92419\/#primaryimage"},"thumbnailUrl":"https:\/\/batijournal.com\/wp-content\/uploads\/2016\/04\/tpe-pme-ballonnees.png","datePublished":"2016-04-19T05:00:52+00:00","dateModified":"2019-07-15T10:13:28+00:00","author":{"@id":"https:\/\/batijournal.com\/#\/schema\/person\/1dc96ec6957aa1ccb25ebe78bb19f100"},"breadcrumb":{"@id":"https:\/\/batijournal.com\/index.php\/tpe-pme-refusent-detre-marginalisees-loi-el-khomri\/92419\/#breadcrumb"},"inLanguage":"fr-FR","potentialAction":[{"@type":"ReadAction","target":["https:\/\/batijournal.com\/index.php\/tpe-pme-refusent-detre-marginalisees-loi-el-khomri\/92419\/"]}]},{"@type":"ImageObject","inLanguage":"fr-FR","@id":"https:\/\/batijournal.com\/index.php\/tpe-pme-refusent-detre-marginalisees-loi-el-khomri\/92419\/#primaryimage","url":"https:\/\/batijournal.com\/wp-content\/uploads\/2016\/04\/tpe-pme-ballonnees.png","contentUrl":"https:\/\/batijournal.com\/wp-content\/uploads\/2016\/04\/tpe-pme-ballonnees.png","width":654,"height":701,"caption":"tpe-pme-ballonnees"},{"@type":"BreadcrumbList","@id":"https:\/\/batijournal.com\/index.php\/tpe-pme-refusent-detre-marginalisees-loi-el-khomri\/92419\/#breadcrumb","itemListElement":[{"@type":"ListItem","position":1,"name":"Accueil","item":"https:\/\/batijournal.com\/"},{"@type":"ListItem","position":2,"name":"Actualit\u00e9s","item":"https:\/\/batijournal.com\/index.php\/category\/actualites\/"},{"@type":"ListItem","position":3,"name":"\u00c9conomie &amp; March\u00e9s","item":"https:\/\/batijournal.com\/index.php\/category\/actualites\/economie-marches\/"},{"@type":"ListItem","position":4,"name":"Les TPE et PME refusent d&rsquo;\u00eatre marginalis\u00e9es par la loi El Khomri"}]},{"@type":"WebSite","@id":"https:\/\/batijournal.com\/#website","url":"https:\/\/batijournal.com\/","name":"Batijournal","description":"L&#039;actualit\u00e9 du b\u00e2timent","potentialAction":[{"@type":"SearchAction","target":{"@type":"EntryPoint","urlTemplate":"https:\/\/batijournal.com\/?s={search_term_string}"},"query-input":{"@type":"PropertyValueSpecification","valueRequired":true,"valueName":"search_term_string"}}],"inLanguage":"fr-FR"},{"@type":"Person","@id":"https:\/\/batijournal.com\/#\/schema\/person\/1dc96ec6957aa1ccb25ebe78bb19f100","name":"St\u00e9phane Miget","image":{"@type":"ImageObject","inLanguage":"fr-FR","@id":"https:\/\/secure.gravatar.com\/avatar\/89915563d925342126b8ef0281b93d9d7fc337043e8df017f780908eb9644451?s=96&d=mm&r=g","url":"https:\/\/secure.gravatar.com\/avatar\/89915563d925342126b8ef0281b93d9d7fc337043e8df017f780908eb9644451?s=96&d=mm&r=g","contentUrl":"https:\/\/secure.gravatar.com\/avatar\/89915563d925342126b8ef0281b93d9d7fc337043e8df017f780908eb9644451?s=96&d=mm&r=g","caption":"St\u00e9phane Miget"},"url":"https:\/\/batijournal.com\/index.php\/author\/stephane\/"}]}},"_links":{"self":[{"href":"https:\/\/batijournal.com\/index.php\/wp-json\/wp\/v2\/posts\/92419","targetHints":{"allow":["GET"]}}],"collection":[{"href":"https:\/\/batijournal.com\/index.php\/wp-json\/wp\/v2\/posts"}],"about":[{"href":"https:\/\/batijournal.com\/index.php\/wp-json\/wp\/v2\/types\/post"}],"author":[{"embeddable":true,"href":"https:\/\/batijournal.com\/index.php\/wp-json\/wp\/v2\/users\/17"}],"replies":[{"embeddable":true,"href":"https:\/\/batijournal.com\/index.php\/wp-json\/wp\/v2\/comments?post=92419"}],"version-history":[{"count":0,"href":"https:\/\/batijournal.com\/index.php\/wp-json\/wp\/v2\/posts\/92419\/revisions"}],"wp:featuredmedia":[{"embeddable":true,"href":"https:\/\/batijournal.com\/index.php\/wp-json\/wp\/v2\/media\/92420"}],"wp:attachment":[{"href":"https:\/\/batijournal.com\/index.php\/wp-json\/wp\/v2\/media?parent=92419"}],"wp:term":[{"taxonomy":"category","embeddable":true,"href":"https:\/\/batijournal.com\/index.php\/wp-json\/wp\/v2\/categories?post=92419"},{"taxonomy":"post_tag","embeddable":true,"href":"https:\/\/batijournal.com\/index.php\/wp-json\/wp\/v2\/tags?post=92419"}],"curies":[{"name":"wp","href":"https:\/\/api.w.org\/{rel}","templated":true}]}}