{"id":92448,"date":"2016-04-20T07:14:38","date_gmt":"2016-04-20T05:14:38","guid":{"rendered":"http:\/\/batijournal.com\/?p=92448"},"modified":"2019-07-15T11:16:50","modified_gmt":"2019-07-15T09:16:50","slug":"temoignage-capital-lun-plus-grands-chantiers-de-construction-de-renaissance","status":"publish","type":"post","link":"https:\/\/batijournal.com\/index.php\/temoignage-capital-lun-plus-grands-chantiers-de-construction-de-renaissance\/92448\/","title":{"rendered":"T\u00e9moignage capital sur l\u2019un des plus grands chantiers de construction de la Renaissance"},"content":{"rendered":"<p><strong>Audrey Azoulay, ministre de la Culture et de la Communication, a annonc\u00e9 l\u2019acquisition par l\u2019\u00c9tat du registre des comptes du ch\u00e2teau d&rsquo;Amboise, t\u00e9moignage capital sur l\u2019un des plus grands chantiers de construction de la Renaissance. Gr\u00e2ce au m\u00e9c\u00e9nat exclusif d\u2019AXA, ce document essentiel pour l\u2019histoire de France, reconnu Tr\u00e9sor national le 9 juin 2015, va int\u00e9grer les collections des Archives nationales.<\/strong><\/p>\n<p>\u00c9pais registre de pr\u00e8s de 300 feuillets de parchemin, ce manuscrit, tenu \u00e0 la demande de Charles VIII, livre un bilan comptable des recettes et des d\u00e9penses effectu\u00e9es, r\u00e9parties par corps de m\u00e9tiers (charpentiers, sculpteurs, tailleurs&#8230;), pour les ann\u00e9es 1495-1496, deux ans avant la disparition du jeune roi. D\u2019un int\u00e9r\u00eat exceptionnel pour l\u2019histoire de l\u2019art et l\u2019histoire de la monarchie, ce manuscrit offre une description d\u00e9taill\u00e9e de la nature et des co\u00fbts de mat\u00e9riaux n\u00e9cessaires \u00e0 la construction et \u00e0 la d\u00e9coration de la r\u00e9sidence royale. Au fil des pages est r\u00e9v\u00e9l\u00e9e l\u2019identit\u00e9 de plus de 700 artisans ayant travaill\u00e9 \u00e0 l\u2019\u00e9dification de ce joyau de l\u2019architecture de la premi\u00e8re Renaissance. Provenant de la vente des collections du comte de Paris, ce manuscrit sera maintenu sur le territoire national permettant ainsi un enrichissement notable du patrimoine archivistique fran\u00e7ais.<\/p>\n<p>Cette acquisition a \u00e9t\u00e9 rendue possible gr\u00e2ce aux dispositions fiscales de la loi du 1er ao\u00fbt 2003 relative au m\u00e9c\u00e9nat, aux associations et aux fondations. Ces dispositions, qui compl\u00e8tent celles de la loi du 4 janvier 2002 relative aux mus\u00e9es de France, cr\u00e9ent des conditions favorables \u00e0 l\u2019entr\u00e9e dans les collections publiques d\u2019\u0153uvres reconnues d\u2019int\u00e9r\u00eat patrimonial majeur par la commission consultative des tr\u00e9sors nationaux, gr\u00e2ce \u00e0 un avantage fiscal consenti aux entreprises m\u00e9c\u00e8nes. Dans ce cadre, la ministre de la Culture et de la Communication a tenu \u00e0 remercier AXA pour son action exemplaire de m\u00e9c\u00e9nat en faveur des Archives nationales et, plus largement, du patrimoine.<\/p>\n<p>Parall\u00e8lement, sous l\u2019\u00e9gide de la Fondation du patrimoine, le Service interminist\u00e9riel des Archives de France et la Soci\u00e9t\u00e9 des Amis des Archives de France ont lanc\u00e9 en janvier dernier une vaste souscription publique, dont l\u2019int\u00e9gralit\u00e9 des dons sera affect\u00e9e \u00e0 la restauration du registre des comptes du ch\u00e2teau d\u2019Amboise.<br \/>\n<a href=\"http:\/\/www.fondation-patrimoine.org\/don-amboise\" target=\"_blank\" rel=\"noopener noreferrer\">www.fondation-patrimoine.org\/don-amboise<\/a><\/p>\n<p>Photo : Tailleurs de pierre \u00a9 AN \/ M. Paturange &#8211; Sotheby&rsquo;s avec l&rsquo;autorisation de la Famille de France &#8211; Tous droits r\u00e9serv\u00e9s<\/p>\n","protected":false},"excerpt":{"rendered":"<p>Audrey Azoulay, ministre de la Culture et de la Communication, a annonc\u00e9 l\u2019acquisition par l\u2019\u00c9tat du registre des comptes du ch\u00e2teau d&rsquo;Amboise, t\u00e9moignage capital sur l\u2019un des plus grands chantiers de construction de la Renaissance. Gr\u00e2ce au m\u00e9c\u00e9nat exclusif d\u2019AXA, ce document essentiel pour l\u2019histoire de France, reconnu Tr\u00e9sor national le 9 juin 2015, va [&hellip;]<\/p>\n","protected":false},"author":17,"featured_media":92449,"comment_status":"closed","ping_status":"closed","sticky":false,"template":"","format":"standard","meta":{"_et_pb_use_builder":"","_et_pb_old_content":"","_et_gb_content_width":"","footnotes":""},"categories":[6340],"tags":[5905,11042],"class_list":["post-92448","post","type-post","status-publish","format-standard","has-post-thumbnail","hentry","category-architecture-conception","tag-fondation-du-patrimoine","tag-patrimoine"],"yoast_head":"<!-- This site is optimized with the Yoast SEO plugin v27.4 - https:\/\/yoast.com\/product\/yoast-seo-wordpress\/ -->\n<title>T\u00e9moignage capital sur l\u2019un des plus grands chantiers de construction de la Renaissance<\/title>\n<meta name=\"robots\" content=\"index, follow, max-snippet:-1, max-image-preview:large, max-video-preview:-1\" \/>\n<link rel=\"canonical\" href=\"https:\/\/batijournal.com\/index.php\/temoignage-capital-lun-plus-grands-chantiers-de-construction-de-renaissance\/92448\/\" \/>\n<meta property=\"og:locale\" content=\"fr_FR\" \/>\n<meta property=\"og:type\" content=\"article\" \/>\n<meta property=\"og:title\" content=\"T\u00e9moignage capital sur l\u2019un des plus grands chantiers de construction de la Renaissance\" \/>\n<meta property=\"og:description\" content=\"Audrey Azoulay, ministre de la Culture et de la Communication, a annonc\u00e9 l\u2019acquisition par l\u2019\u00c9tat du registre des comptes du ch\u00e2teau d&rsquo;Amboise, t\u00e9moignage capital sur l\u2019un des plus grands chantiers de construction de la Renaissance. Gr\u00e2ce au m\u00e9c\u00e9nat exclusif d\u2019AXA, ce document essentiel pour l\u2019histoire de France, reconnu Tr\u00e9sor national le 9 juin 2015, va [&hellip;]\" \/>\n<meta property=\"og:url\" content=\"https:\/\/batijournal.com\/index.php\/temoignage-capital-lun-plus-grands-chantiers-de-construction-de-renaissance\/92448\/\" \/>\n<meta property=\"og:site_name\" content=\"Batijournal\" \/>\n<meta property=\"article:published_time\" content=\"2016-04-20T05:14:38+00:00\" \/>\n<meta property=\"article:modified_time\" content=\"2019-07-15T09:16:50+00:00\" \/>\n<meta property=\"og:image\" content=\"https:\/\/batijournal.com\/wp-content\/uploads\/2016\/04\/photo_projet_56331.jpg\" \/>\n\t<meta property=\"og:image:width\" content=\"800\" \/>\n\t<meta property=\"og:image:height\" content=\"523\" \/>\n\t<meta property=\"og:image:type\" content=\"image\/jpeg\" \/>\n<meta name=\"author\" content=\"St\u00e9phane Miget\" \/>\n<meta name=\"twitter:card\" content=\"summary_large_image\" \/>\n<meta name=\"twitter:creator\" content=\"@bati_journal\" \/>\n<meta name=\"twitter:site\" content=\"@bati_journal\" \/>\n<meta name=\"twitter:label1\" content=\"\u00c9crit par\" \/>\n\t<meta name=\"twitter:data1\" content=\"St\u00e9phane Miget\" \/>\n\t<meta name=\"twitter:label2\" content=\"Dur\u00e9e de lecture estim\u00e9e\" \/>\n\t<meta name=\"twitter:data2\" content=\"2 minutes\" \/>\n<script type=\"application\/ld+json\" class=\"yoast-schema-graph\">{\"@context\":\"https:\\\/\\\/schema.org\",\"@graph\":[{\"@type\":\"Article\",\"@id\":\"https:\\\/\\\/batijournal.com\\\/index.php\\\/temoignage-capital-lun-plus-grands-chantiers-de-construction-de-renaissance\\\/92448\\\/#article\",\"isPartOf\":{\"@id\":\"https:\\\/\\\/batijournal.com\\\/index.php\\\/temoignage-capital-lun-plus-grands-chantiers-de-construction-de-renaissance\\\/92448\\\/\"},\"author\":{\"name\":\"St\u00e9phane Miget\",\"@id\":\"https:\\\/\\\/batijournal.com\\\/#\\\/schema\\\/person\\\/1dc96ec6957aa1ccb25ebe78bb19f100\"},\"headline\":\"T\u00e9moignage capital sur l\u2019un des plus grands chantiers de construction de la Renaissance\",\"datePublished\":\"2016-04-20T05:14:38+00:00\",\"dateModified\":\"2019-07-15T09:16:50+00:00\",\"mainEntityOfPage\":{\"@id\":\"https:\\\/\\\/batijournal.com\\\/index.php\\\/temoignage-capital-lun-plus-grands-chantiers-de-construction-de-renaissance\\\/92448\\\/\"},\"wordCount\":450,\"image\":{\"@id\":\"https:\\\/\\\/batijournal.com\\\/index.php\\\/temoignage-capital-lun-plus-grands-chantiers-de-construction-de-renaissance\\\/92448\\\/#primaryimage\"},\"thumbnailUrl\":\"https:\\\/\\\/batijournal.com\\\/wp-content\\\/uploads\\\/2016\\\/04\\\/photo_projet_56331.jpg\",\"keywords\":[\"fondation du patrimoine\",\"patrimoine\"],\"articleSection\":[\"Architecture &amp; Conception\"],\"inLanguage\":\"fr-FR\"},{\"@type\":\"WebPage\",\"@id\":\"https:\\\/\\\/batijournal.com\\\/index.php\\\/temoignage-capital-lun-plus-grands-chantiers-de-construction-de-renaissance\\\/92448\\\/\",\"url\":\"https:\\\/\\\/batijournal.com\\\/index.php\\\/temoignage-capital-lun-plus-grands-chantiers-de-construction-de-renaissance\\\/92448\\\/\",\"name\":\"T\u00e9moignage capital sur l\u2019un des plus grands chantiers de construction de la Renaissance\",\"isPartOf\":{\"@id\":\"https:\\\/\\\/batijournal.com\\\/#website\"},\"primaryImageOfPage\":{\"@id\":\"https:\\\/\\\/batijournal.com\\\/index.php\\\/temoignage-capital-lun-plus-grands-chantiers-de-construction-de-renaissance\\\/92448\\\/#primaryimage\"},\"image\":{\"@id\":\"https:\\\/\\\/batijournal.com\\\/index.php\\\/temoignage-capital-lun-plus-grands-chantiers-de-construction-de-renaissance\\\/92448\\\/#primaryimage\"},\"thumbnailUrl\":\"https:\\\/\\\/batijournal.com\\\/wp-content\\\/uploads\\\/2016\\\/04\\\/photo_projet_56331.jpg\",\"datePublished\":\"2016-04-20T05:14:38+00:00\",\"dateModified\":\"2019-07-15T09:16:50+00:00\",\"author\":{\"@id\":\"https:\\\/\\\/batijournal.com\\\/#\\\/schema\\\/person\\\/1dc96ec6957aa1ccb25ebe78bb19f100\"},\"breadcrumb\":{\"@id\":\"https:\\\/\\\/batijournal.com\\\/index.php\\\/temoignage-capital-lun-plus-grands-chantiers-de-construction-de-renaissance\\\/92448\\\/#breadcrumb\"},\"inLanguage\":\"fr-FR\",\"potentialAction\":[{\"@type\":\"ReadAction\",\"target\":[\"https:\\\/\\\/batijournal.com\\\/index.php\\\/temoignage-capital-lun-plus-grands-chantiers-de-construction-de-renaissance\\\/92448\\\/\"]}]},{\"@type\":\"ImageObject\",\"inLanguage\":\"fr-FR\",\"@id\":\"https:\\\/\\\/batijournal.com\\\/index.php\\\/temoignage-capital-lun-plus-grands-chantiers-de-construction-de-renaissance\\\/92448\\\/#primaryimage\",\"url\":\"https:\\\/\\\/batijournal.com\\\/wp-content\\\/uploads\\\/2016\\\/04\\\/photo_projet_56331.jpg\",\"contentUrl\":\"https:\\\/\\\/batijournal.com\\\/wp-content\\\/uploads\\\/2016\\\/04\\\/photo_projet_56331.jpg\",\"width\":800,\"height\":523,\"caption\":\"Amboise\"},{\"@type\":\"BreadcrumbList\",\"@id\":\"https:\\\/\\\/batijournal.com\\\/index.php\\\/temoignage-capital-lun-plus-grands-chantiers-de-construction-de-renaissance\\\/92448\\\/#breadcrumb\",\"itemListElement\":[{\"@type\":\"ListItem\",\"position\":1,\"name\":\"Accueil\",\"item\":\"https:\\\/\\\/batijournal.com\\\/\"},{\"@type\":\"ListItem\",\"position\":2,\"name\":\"Actualit\u00e9s\",\"item\":\"https:\\\/\\\/batijournal.com\\\/index.php\\\/category\\\/actualites\\\/\"},{\"@type\":\"ListItem\",\"position\":3,\"name\":\"Architecture &amp; Conception\",\"item\":\"https:\\\/\\\/batijournal.com\\\/index.php\\\/category\\\/actualites\\\/architecture-conception\\\/\"},{\"@type\":\"ListItem\",\"position\":4,\"name\":\"T\u00e9moignage capital sur l\u2019un des plus grands chantiers de construction de la Renaissance\"}]},{\"@type\":\"WebSite\",\"@id\":\"https:\\\/\\\/batijournal.com\\\/#website\",\"url\":\"https:\\\/\\\/batijournal.com\\\/\",\"name\":\"Batijournal\",\"description\":\"L&#039;actualit\u00e9 du b\u00e2timent\",\"potentialAction\":[{\"@type\":\"SearchAction\",\"target\":{\"@type\":\"EntryPoint\",\"urlTemplate\":\"https:\\\/\\\/batijournal.com\\\/?s={search_term_string}\"},\"query-input\":{\"@type\":\"PropertyValueSpecification\",\"valueRequired\":true,\"valueName\":\"search_term_string\"}}],\"inLanguage\":\"fr-FR\"},{\"@type\":\"Person\",\"@id\":\"https:\\\/\\\/batijournal.com\\\/#\\\/schema\\\/person\\\/1dc96ec6957aa1ccb25ebe78bb19f100\",\"name\":\"St\u00e9phane Miget\",\"image\":{\"@type\":\"ImageObject\",\"inLanguage\":\"fr-FR\",\"@id\":\"https:\\\/\\\/secure.gravatar.com\\\/avatar\\\/89915563d925342126b8ef0281b93d9d7fc337043e8df017f780908eb9644451?s=96&d=mm&r=g\",\"url\":\"https:\\\/\\\/secure.gravatar.com\\\/avatar\\\/89915563d925342126b8ef0281b93d9d7fc337043e8df017f780908eb9644451?s=96&d=mm&r=g\",\"contentUrl\":\"https:\\\/\\\/secure.gravatar.com\\\/avatar\\\/89915563d925342126b8ef0281b93d9d7fc337043e8df017f780908eb9644451?s=96&d=mm&r=g\",\"caption\":\"St\u00e9phane Miget\"},\"url\":\"https:\\\/\\\/batijournal.com\\\/index.php\\\/author\\\/stephane\\\/\"}]}<\/script>\n<!-- \/ Yoast SEO plugin. -->","yoast_head_json":{"title":"T\u00e9moignage capital sur l\u2019un des plus grands chantiers de construction de la Renaissance","robots":{"index":"index","follow":"follow","max-snippet":"max-snippet:-1","max-image-preview":"max-image-preview:large","max-video-preview":"max-video-preview:-1"},"canonical":"https:\/\/batijournal.com\/index.php\/temoignage-capital-lun-plus-grands-chantiers-de-construction-de-renaissance\/92448\/","og_locale":"fr_FR","og_type":"article","og_title":"T\u00e9moignage capital sur l\u2019un des plus grands chantiers de construction de la Renaissance","og_description":"Audrey Azoulay, ministre de la Culture et de la Communication, a annonc\u00e9 l\u2019acquisition par l\u2019\u00c9tat du registre des comptes du ch\u00e2teau d&rsquo;Amboise, t\u00e9moignage capital sur l\u2019un des plus grands chantiers de construction de la Renaissance. Gr\u00e2ce au m\u00e9c\u00e9nat exclusif d\u2019AXA, ce document essentiel pour l\u2019histoire de France, reconnu Tr\u00e9sor national le 9 juin 2015, va [&hellip;]","og_url":"https:\/\/batijournal.com\/index.php\/temoignage-capital-lun-plus-grands-chantiers-de-construction-de-renaissance\/92448\/","og_site_name":"Batijournal","article_published_time":"2016-04-20T05:14:38+00:00","article_modified_time":"2019-07-15T09:16:50+00:00","og_image":[{"width":800,"height":523,"url":"https:\/\/batijournal.com\/wp-content\/uploads\/2016\/04\/photo_projet_56331.jpg","type":"image\/jpeg"}],"author":"St\u00e9phane Miget","twitter_card":"summary_large_image","twitter_creator":"@bati_journal","twitter_site":"@bati_journal","twitter_misc":{"\u00c9crit par":"St\u00e9phane Miget","Dur\u00e9e de lecture estim\u00e9e":"2 minutes"},"schema":{"@context":"https:\/\/schema.org","@graph":[{"@type":"Article","@id":"https:\/\/batijournal.com\/index.php\/temoignage-capital-lun-plus-grands-chantiers-de-construction-de-renaissance\/92448\/#article","isPartOf":{"@id":"https:\/\/batijournal.com\/index.php\/temoignage-capital-lun-plus-grands-chantiers-de-construction-de-renaissance\/92448\/"},"author":{"name":"St\u00e9phane Miget","@id":"https:\/\/batijournal.com\/#\/schema\/person\/1dc96ec6957aa1ccb25ebe78bb19f100"},"headline":"T\u00e9moignage capital sur l\u2019un des plus grands chantiers de construction de la Renaissance","datePublished":"2016-04-20T05:14:38+00:00","dateModified":"2019-07-15T09:16:50+00:00","mainEntityOfPage":{"@id":"https:\/\/batijournal.com\/index.php\/temoignage-capital-lun-plus-grands-chantiers-de-construction-de-renaissance\/92448\/"},"wordCount":450,"image":{"@id":"https:\/\/batijournal.com\/index.php\/temoignage-capital-lun-plus-grands-chantiers-de-construction-de-renaissance\/92448\/#primaryimage"},"thumbnailUrl":"https:\/\/batijournal.com\/wp-content\/uploads\/2016\/04\/photo_projet_56331.jpg","keywords":["fondation du patrimoine","patrimoine"],"articleSection":["Architecture &amp; Conception"],"inLanguage":"fr-FR"},{"@type":"WebPage","@id":"https:\/\/batijournal.com\/index.php\/temoignage-capital-lun-plus-grands-chantiers-de-construction-de-renaissance\/92448\/","url":"https:\/\/batijournal.com\/index.php\/temoignage-capital-lun-plus-grands-chantiers-de-construction-de-renaissance\/92448\/","name":"T\u00e9moignage capital sur l\u2019un des plus grands chantiers de construction de la Renaissance","isPartOf":{"@id":"https:\/\/batijournal.com\/#website"},"primaryImageOfPage":{"@id":"https:\/\/batijournal.com\/index.php\/temoignage-capital-lun-plus-grands-chantiers-de-construction-de-renaissance\/92448\/#primaryimage"},"image":{"@id":"https:\/\/batijournal.com\/index.php\/temoignage-capital-lun-plus-grands-chantiers-de-construction-de-renaissance\/92448\/#primaryimage"},"thumbnailUrl":"https:\/\/batijournal.com\/wp-content\/uploads\/2016\/04\/photo_projet_56331.jpg","datePublished":"2016-04-20T05:14:38+00:00","dateModified":"2019-07-15T09:16:50+00:00","author":{"@id":"https:\/\/batijournal.com\/#\/schema\/person\/1dc96ec6957aa1ccb25ebe78bb19f100"},"breadcrumb":{"@id":"https:\/\/batijournal.com\/index.php\/temoignage-capital-lun-plus-grands-chantiers-de-construction-de-renaissance\/92448\/#breadcrumb"},"inLanguage":"fr-FR","potentialAction":[{"@type":"ReadAction","target":["https:\/\/batijournal.com\/index.php\/temoignage-capital-lun-plus-grands-chantiers-de-construction-de-renaissance\/92448\/"]}]},{"@type":"ImageObject","inLanguage":"fr-FR","@id":"https:\/\/batijournal.com\/index.php\/temoignage-capital-lun-plus-grands-chantiers-de-construction-de-renaissance\/92448\/#primaryimage","url":"https:\/\/batijournal.com\/wp-content\/uploads\/2016\/04\/photo_projet_56331.jpg","contentUrl":"https:\/\/batijournal.com\/wp-content\/uploads\/2016\/04\/photo_projet_56331.jpg","width":800,"height":523,"caption":"Amboise"},{"@type":"BreadcrumbList","@id":"https:\/\/batijournal.com\/index.php\/temoignage-capital-lun-plus-grands-chantiers-de-construction-de-renaissance\/92448\/#breadcrumb","itemListElement":[{"@type":"ListItem","position":1,"name":"Accueil","item":"https:\/\/batijournal.com\/"},{"@type":"ListItem","position":2,"name":"Actualit\u00e9s","item":"https:\/\/batijournal.com\/index.php\/category\/actualites\/"},{"@type":"ListItem","position":3,"name":"Architecture &amp; Conception","item":"https:\/\/batijournal.com\/index.php\/category\/actualites\/architecture-conception\/"},{"@type":"ListItem","position":4,"name":"T\u00e9moignage capital sur l\u2019un des plus grands chantiers de construction de la Renaissance"}]},{"@type":"WebSite","@id":"https:\/\/batijournal.com\/#website","url":"https:\/\/batijournal.com\/","name":"Batijournal","description":"L&#039;actualit\u00e9 du b\u00e2timent","potentialAction":[{"@type":"SearchAction","target":{"@type":"EntryPoint","urlTemplate":"https:\/\/batijournal.com\/?s={search_term_string}"},"query-input":{"@type":"PropertyValueSpecification","valueRequired":true,"valueName":"search_term_string"}}],"inLanguage":"fr-FR"},{"@type":"Person","@id":"https:\/\/batijournal.com\/#\/schema\/person\/1dc96ec6957aa1ccb25ebe78bb19f100","name":"St\u00e9phane Miget","image":{"@type":"ImageObject","inLanguage":"fr-FR","@id":"https:\/\/secure.gravatar.com\/avatar\/89915563d925342126b8ef0281b93d9d7fc337043e8df017f780908eb9644451?s=96&d=mm&r=g","url":"https:\/\/secure.gravatar.com\/avatar\/89915563d925342126b8ef0281b93d9d7fc337043e8df017f780908eb9644451?s=96&d=mm&r=g","contentUrl":"https:\/\/secure.gravatar.com\/avatar\/89915563d925342126b8ef0281b93d9d7fc337043e8df017f780908eb9644451?s=96&d=mm&r=g","caption":"St\u00e9phane Miget"},"url":"https:\/\/batijournal.com\/index.php\/author\/stephane\/"}]}},"_links":{"self":[{"href":"https:\/\/batijournal.com\/index.php\/wp-json\/wp\/v2\/posts\/92448","targetHints":{"allow":["GET"]}}],"collection":[{"href":"https:\/\/batijournal.com\/index.php\/wp-json\/wp\/v2\/posts"}],"about":[{"href":"https:\/\/batijournal.com\/index.php\/wp-json\/wp\/v2\/types\/post"}],"author":[{"embeddable":true,"href":"https:\/\/batijournal.com\/index.php\/wp-json\/wp\/v2\/users\/17"}],"replies":[{"embeddable":true,"href":"https:\/\/batijournal.com\/index.php\/wp-json\/wp\/v2\/comments?post=92448"}],"version-history":[{"count":0,"href":"https:\/\/batijournal.com\/index.php\/wp-json\/wp\/v2\/posts\/92448\/revisions"}],"wp:featuredmedia":[{"embeddable":true,"href":"https:\/\/batijournal.com\/index.php\/wp-json\/wp\/v2\/media\/92449"}],"wp:attachment":[{"href":"https:\/\/batijournal.com\/index.php\/wp-json\/wp\/v2\/media?parent=92448"}],"wp:term":[{"taxonomy":"category","embeddable":true,"href":"https:\/\/batijournal.com\/index.php\/wp-json\/wp\/v2\/categories?post=92448"},{"taxonomy":"post_tag","embeddable":true,"href":"https:\/\/batijournal.com\/index.php\/wp-json\/wp\/v2\/tags?post=92448"}],"curies":[{"name":"wp","href":"https:\/\/api.w.org\/{rel}","templated":true}]}}