{"id":92481,"date":"2016-04-21T10:31:01","date_gmt":"2016-04-21T08:31:01","guid":{"rendered":"http:\/\/batijournal.com\/?p=92481"},"modified":"2019-07-15T12:20:14","modified_gmt":"2019-07-15T10:20:14","slug":"premiere-reunion-de-lalliance-mondiale-batiment","status":"publish","type":"post","link":"https:\/\/batijournal.com\/index.php\/premiere-reunion-de-lalliance-mondiale-batiment\/92481\/","title":{"rendered":"Premi\u00e8re r\u00e9union de l\u2019Alliance mondiale pour le b\u00e2timent"},"content":{"rendered":"<p>L\u2019Alliance mondiale pour les b\u00e2timents et la construction qui rassemble vingt Etats et plus d\u2019une cinquantaine d\u2019acteurs a \u00e9t\u00e9 cr\u00e9\u00e9e lors de la COP21. A l\u2019occasion de la premi\u00e8re r\u00e9union, les 18 et 19 avril 2016, Emmanuelle Cosse a adress\u00e9 un message vid\u00e9o aux membres de cette coalition pour souligner l\u2019int\u00e9r\u00eat et l\u2019implication de la France pour la r\u00e9duction des gaz \u00e0 effet de serre (GES) dans le secteur du b\u00e2timent. La ministre a soulign\u00e9 la n\u00e9cessit\u00e9 d\u2019acc\u00e9l\u00e9rer la transition \u00e9nerg\u00e9tique des logements pour r\u00e9pondre \u00e0 ces objectifs, en donnant la priorit\u00e9 au traitement de la pr\u00e9carit\u00e9 \u00e9nerg\u00e9tique. D\u2019ici \u00e0 2020, les nouvelles constructions feront toutes l\u2019objet d\u2019un renforcement de leurs performances \u00e9nerg\u00e9tiques avec la g\u00e9n\u00e9ralisation des b\u00e2timents \u00e0 \u00e9nergie positive&#8230;<\/p>\n<p>&nbsp;<\/p>\n<p><iframe loading=\"lazy\" frameborder=\"0\" width=\"480\" height=\"270\" src=\"\/\/www.dailymotion.com\/embed\/video\/x45l5ln\" allowfullscreen><\/iframe><br \/><a href=\"http:\/\/www.dailymotion.com\/video\/x45l5ln_message-d-emmanuelle-cosse-pour-l-alliance-mondiale-pour-le-batiment_news\" target=\"_blank\" rel=\"noopener noreferrer\">Message d&#039;Emmanuelle Cosse pour l&#039;Alliance&#8230;<\/a> <i>par <a href=\"http:\/\/www.dailymotion.com\/territoiresgouv\" target=\"_blank\" rel=\"noopener noreferrer\">territoiresgouv<\/a><\/i><\/p>\n","protected":false},"excerpt":{"rendered":"<p>L\u2019Alliance mondiale pour les b\u00e2timents et la construction qui rassemble vingt Etats et plus d\u2019une cinquantaine d\u2019acteurs a \u00e9t\u00e9 cr\u00e9\u00e9e lors de la COP21. A l\u2019occasion de la premi\u00e8re r\u00e9union, les 18 et 19 avril 2016, Emmanuelle Cosse a adress\u00e9 un message vid\u00e9o aux membres de cette coalition pour souligner l\u2019int\u00e9r\u00eat et l\u2019implication de la [&hellip;]<\/p>\n","protected":false},"author":17,"featured_media":92482,"comment_status":"closed","ping_status":"closed","sticky":false,"template":"","format":"standard","meta":{"_et_pb_use_builder":"","_et_pb_old_content":"","_et_gb_content_width":"","footnotes":""},"categories":[6351],"tags":[42,1683,11059],"class_list":["post-92481","post","type-post","status-publish","format-standard","has-post-thumbnail","hentry","category-energie-environnement","tag-bepos","tag-renovation-energetique","tag-transition-energetique"],"yoast_head":"<!-- This site is optimized with the Yoast SEO plugin v27.4 - https:\/\/yoast.com\/product\/yoast-seo-wordpress\/ -->\n<title>Premi\u00e8re r\u00e9union de l\u2019Alliance mondiale pour le b\u00e2timent<\/title>\n<meta name=\"robots\" content=\"index, follow, max-snippet:-1, max-image-preview:large, max-video-preview:-1\" \/>\n<link rel=\"canonical\" href=\"https:\/\/batijournal.com\/index.php\/premiere-reunion-de-lalliance-mondiale-batiment\/92481\/\" \/>\n<meta property=\"og:locale\" content=\"fr_FR\" \/>\n<meta property=\"og:type\" content=\"article\" \/>\n<meta property=\"og:title\" content=\"Premi\u00e8re r\u00e9union de l\u2019Alliance mondiale pour le b\u00e2timent\" \/>\n<meta property=\"og:description\" content=\"L\u2019Alliance mondiale pour les b\u00e2timents et la construction qui rassemble vingt Etats et plus d\u2019une cinquantaine d\u2019acteurs a \u00e9t\u00e9 cr\u00e9\u00e9e lors de la COP21. A l\u2019occasion de la premi\u00e8re r\u00e9union, les 18 et 19 avril 2016, Emmanuelle Cosse a adress\u00e9 un message vid\u00e9o aux membres de cette coalition pour souligner l\u2019int\u00e9r\u00eat et l\u2019implication de la [&hellip;]\" \/>\n<meta property=\"og:url\" content=\"https:\/\/batijournal.com\/index.php\/premiere-reunion-de-lalliance-mondiale-batiment\/92481\/\" \/>\n<meta property=\"og:site_name\" content=\"Batijournal\" \/>\n<meta property=\"article:published_time\" content=\"2016-04-21T08:31:01+00:00\" \/>\n<meta property=\"article:modified_time\" content=\"2019-07-15T10:20:14+00:00\" \/>\n<meta property=\"og:image\" content=\"https:\/\/batijournal.com\/wp-content\/uploads\/2016\/04\/message-video-emmanuelle-cosse.png\" \/>\n\t<meta property=\"og:image:width\" content=\"1423\" \/>\n\t<meta property=\"og:image:height\" content=\"789\" \/>\n\t<meta property=\"og:image:type\" content=\"image\/png\" \/>\n<meta name=\"author\" content=\"St\u00e9phane Miget\" \/>\n<meta name=\"twitter:card\" content=\"summary_large_image\" \/>\n<meta name=\"twitter:creator\" content=\"@bati_journal\" \/>\n<meta name=\"twitter:site\" content=\"@bati_journal\" \/>\n<meta name=\"twitter:label1\" content=\"\u00c9crit par\" \/>\n\t<meta name=\"twitter:data1\" content=\"St\u00e9phane Miget\" \/>\n\t<meta name=\"twitter:label2\" content=\"Dur\u00e9e de lecture estim\u00e9e\" \/>\n\t<meta name=\"twitter:data2\" content=\"1 minute\" \/>\n<script type=\"application\/ld+json\" class=\"yoast-schema-graph\">{\"@context\":\"https:\\\/\\\/schema.org\",\"@graph\":[{\"@type\":\"Article\",\"@id\":\"https:\\\/\\\/batijournal.com\\\/index.php\\\/premiere-reunion-de-lalliance-mondiale-batiment\\\/92481\\\/#article\",\"isPartOf\":{\"@id\":\"https:\\\/\\\/batijournal.com\\\/index.php\\\/premiere-reunion-de-lalliance-mondiale-batiment\\\/92481\\\/\"},\"author\":{\"name\":\"St\u00e9phane Miget\",\"@id\":\"https:\\\/\\\/batijournal.com\\\/#\\\/schema\\\/person\\\/1dc96ec6957aa1ccb25ebe78bb19f100\"},\"headline\":\"Premi\u00e8re r\u00e9union de l\u2019Alliance mondiale pour le b\u00e2timent\",\"datePublished\":\"2016-04-21T08:31:01+00:00\",\"dateModified\":\"2019-07-15T10:20:14+00:00\",\"mainEntityOfPage\":{\"@id\":\"https:\\\/\\\/batijournal.com\\\/index.php\\\/premiere-reunion-de-lalliance-mondiale-batiment\\\/92481\\\/\"},\"wordCount\":165,\"image\":{\"@id\":\"https:\\\/\\\/batijournal.com\\\/index.php\\\/premiere-reunion-de-lalliance-mondiale-batiment\\\/92481\\\/#primaryimage\"},\"thumbnailUrl\":\"https:\\\/\\\/batijournal.com\\\/wp-content\\\/uploads\\\/2016\\\/04\\\/message-video-emmanuelle-cosse.png\",\"keywords\":[\"bepos\",\"renovation energetique\",\"transition \u00e9nerg\u00e9tique\"],\"articleSection\":[\"\u00c9nergie &amp; Environnement\"],\"inLanguage\":\"fr-FR\"},{\"@type\":\"WebPage\",\"@id\":\"https:\\\/\\\/batijournal.com\\\/index.php\\\/premiere-reunion-de-lalliance-mondiale-batiment\\\/92481\\\/\",\"url\":\"https:\\\/\\\/batijournal.com\\\/index.php\\\/premiere-reunion-de-lalliance-mondiale-batiment\\\/92481\\\/\",\"name\":\"Premi\u00e8re r\u00e9union de l\u2019Alliance mondiale pour le b\u00e2timent\",\"isPartOf\":{\"@id\":\"https:\\\/\\\/batijournal.com\\\/#website\"},\"primaryImageOfPage\":{\"@id\":\"https:\\\/\\\/batijournal.com\\\/index.php\\\/premiere-reunion-de-lalliance-mondiale-batiment\\\/92481\\\/#primaryimage\"},\"image\":{\"@id\":\"https:\\\/\\\/batijournal.com\\\/index.php\\\/premiere-reunion-de-lalliance-mondiale-batiment\\\/92481\\\/#primaryimage\"},\"thumbnailUrl\":\"https:\\\/\\\/batijournal.com\\\/wp-content\\\/uploads\\\/2016\\\/04\\\/message-video-emmanuelle-cosse.png\",\"datePublished\":\"2016-04-21T08:31:01+00:00\",\"dateModified\":\"2019-07-15T10:20:14+00:00\",\"author\":{\"@id\":\"https:\\\/\\\/batijournal.com\\\/#\\\/schema\\\/person\\\/1dc96ec6957aa1ccb25ebe78bb19f100\"},\"breadcrumb\":{\"@id\":\"https:\\\/\\\/batijournal.com\\\/index.php\\\/premiere-reunion-de-lalliance-mondiale-batiment\\\/92481\\\/#breadcrumb\"},\"inLanguage\":\"fr-FR\",\"potentialAction\":[{\"@type\":\"ReadAction\",\"target\":[\"https:\\\/\\\/batijournal.com\\\/index.php\\\/premiere-reunion-de-lalliance-mondiale-batiment\\\/92481\\\/\"]}]},{\"@type\":\"ImageObject\",\"inLanguage\":\"fr-FR\",\"@id\":\"https:\\\/\\\/batijournal.com\\\/index.php\\\/premiere-reunion-de-lalliance-mondiale-batiment\\\/92481\\\/#primaryimage\",\"url\":\"https:\\\/\\\/batijournal.com\\\/wp-content\\\/uploads\\\/2016\\\/04\\\/message-video-emmanuelle-cosse.png\",\"contentUrl\":\"https:\\\/\\\/batijournal.com\\\/wp-content\\\/uploads\\\/2016\\\/04\\\/message-video-emmanuelle-cosse.png\",\"width\":1423,\"height\":789,\"caption\":\"message-video-emmanuelle-cosse\"},{\"@type\":\"BreadcrumbList\",\"@id\":\"https:\\\/\\\/batijournal.com\\\/index.php\\\/premiere-reunion-de-lalliance-mondiale-batiment\\\/92481\\\/#breadcrumb\",\"itemListElement\":[{\"@type\":\"ListItem\",\"position\":1,\"name\":\"Accueil\",\"item\":\"https:\\\/\\\/batijournal.com\\\/\"},{\"@type\":\"ListItem\",\"position\":2,\"name\":\"Actualit\u00e9s\",\"item\":\"https:\\\/\\\/batijournal.com\\\/index.php\\\/category\\\/actualites\\\/\"},{\"@type\":\"ListItem\",\"position\":3,\"name\":\"\u00c9nergie &amp; Environnement\",\"item\":\"https:\\\/\\\/batijournal.com\\\/index.php\\\/category\\\/actualites\\\/energie-environnement\\\/\"},{\"@type\":\"ListItem\",\"position\":4,\"name\":\"Premi\u00e8re r\u00e9union de l\u2019Alliance mondiale pour le b\u00e2timent\"}]},{\"@type\":\"WebSite\",\"@id\":\"https:\\\/\\\/batijournal.com\\\/#website\",\"url\":\"https:\\\/\\\/batijournal.com\\\/\",\"name\":\"Batijournal\",\"description\":\"L&#039;actualit\u00e9 du b\u00e2timent\",\"potentialAction\":[{\"@type\":\"SearchAction\",\"target\":{\"@type\":\"EntryPoint\",\"urlTemplate\":\"https:\\\/\\\/batijournal.com\\\/?s={search_term_string}\"},\"query-input\":{\"@type\":\"PropertyValueSpecification\",\"valueRequired\":true,\"valueName\":\"search_term_string\"}}],\"inLanguage\":\"fr-FR\"},{\"@type\":\"Person\",\"@id\":\"https:\\\/\\\/batijournal.com\\\/#\\\/schema\\\/person\\\/1dc96ec6957aa1ccb25ebe78bb19f100\",\"name\":\"St\u00e9phane Miget\",\"image\":{\"@type\":\"ImageObject\",\"inLanguage\":\"fr-FR\",\"@id\":\"https:\\\/\\\/secure.gravatar.com\\\/avatar\\\/89915563d925342126b8ef0281b93d9d7fc337043e8df017f780908eb9644451?s=96&d=mm&r=g\",\"url\":\"https:\\\/\\\/secure.gravatar.com\\\/avatar\\\/89915563d925342126b8ef0281b93d9d7fc337043e8df017f780908eb9644451?s=96&d=mm&r=g\",\"contentUrl\":\"https:\\\/\\\/secure.gravatar.com\\\/avatar\\\/89915563d925342126b8ef0281b93d9d7fc337043e8df017f780908eb9644451?s=96&d=mm&r=g\",\"caption\":\"St\u00e9phane Miget\"},\"url\":\"https:\\\/\\\/batijournal.com\\\/index.php\\\/author\\\/stephane\\\/\"}]}<\/script>\n<!-- \/ Yoast SEO plugin. -->","yoast_head_json":{"title":"Premi\u00e8re r\u00e9union de l\u2019Alliance mondiale pour le b\u00e2timent","robots":{"index":"index","follow":"follow","max-snippet":"max-snippet:-1","max-image-preview":"max-image-preview:large","max-video-preview":"max-video-preview:-1"},"canonical":"https:\/\/batijournal.com\/index.php\/premiere-reunion-de-lalliance-mondiale-batiment\/92481\/","og_locale":"fr_FR","og_type":"article","og_title":"Premi\u00e8re r\u00e9union de l\u2019Alliance mondiale pour le b\u00e2timent","og_description":"L\u2019Alliance mondiale pour les b\u00e2timents et la construction qui rassemble vingt Etats et plus d\u2019une cinquantaine d\u2019acteurs a \u00e9t\u00e9 cr\u00e9\u00e9e lors de la COP21. A l\u2019occasion de la premi\u00e8re r\u00e9union, les 18 et 19 avril 2016, Emmanuelle Cosse a adress\u00e9 un message vid\u00e9o aux membres de cette coalition pour souligner l\u2019int\u00e9r\u00eat et l\u2019implication de la [&hellip;]","og_url":"https:\/\/batijournal.com\/index.php\/premiere-reunion-de-lalliance-mondiale-batiment\/92481\/","og_site_name":"Batijournal","article_published_time":"2016-04-21T08:31:01+00:00","article_modified_time":"2019-07-15T10:20:14+00:00","og_image":[{"width":1423,"height":789,"url":"https:\/\/batijournal.com\/wp-content\/uploads\/2016\/04\/message-video-emmanuelle-cosse.png","type":"image\/png"}],"author":"St\u00e9phane Miget","twitter_card":"summary_large_image","twitter_creator":"@bati_journal","twitter_site":"@bati_journal","twitter_misc":{"\u00c9crit par":"St\u00e9phane Miget","Dur\u00e9e de lecture estim\u00e9e":"1 minute"},"schema":{"@context":"https:\/\/schema.org","@graph":[{"@type":"Article","@id":"https:\/\/batijournal.com\/index.php\/premiere-reunion-de-lalliance-mondiale-batiment\/92481\/#article","isPartOf":{"@id":"https:\/\/batijournal.com\/index.php\/premiere-reunion-de-lalliance-mondiale-batiment\/92481\/"},"author":{"name":"St\u00e9phane Miget","@id":"https:\/\/batijournal.com\/#\/schema\/person\/1dc96ec6957aa1ccb25ebe78bb19f100"},"headline":"Premi\u00e8re r\u00e9union de l\u2019Alliance mondiale pour le b\u00e2timent","datePublished":"2016-04-21T08:31:01+00:00","dateModified":"2019-07-15T10:20:14+00:00","mainEntityOfPage":{"@id":"https:\/\/batijournal.com\/index.php\/premiere-reunion-de-lalliance-mondiale-batiment\/92481\/"},"wordCount":165,"image":{"@id":"https:\/\/batijournal.com\/index.php\/premiere-reunion-de-lalliance-mondiale-batiment\/92481\/#primaryimage"},"thumbnailUrl":"https:\/\/batijournal.com\/wp-content\/uploads\/2016\/04\/message-video-emmanuelle-cosse.png","keywords":["bepos","renovation energetique","transition \u00e9nerg\u00e9tique"],"articleSection":["\u00c9nergie &amp; Environnement"],"inLanguage":"fr-FR"},{"@type":"WebPage","@id":"https:\/\/batijournal.com\/index.php\/premiere-reunion-de-lalliance-mondiale-batiment\/92481\/","url":"https:\/\/batijournal.com\/index.php\/premiere-reunion-de-lalliance-mondiale-batiment\/92481\/","name":"Premi\u00e8re r\u00e9union de l\u2019Alliance mondiale pour le b\u00e2timent","isPartOf":{"@id":"https:\/\/batijournal.com\/#website"},"primaryImageOfPage":{"@id":"https:\/\/batijournal.com\/index.php\/premiere-reunion-de-lalliance-mondiale-batiment\/92481\/#primaryimage"},"image":{"@id":"https:\/\/batijournal.com\/index.php\/premiere-reunion-de-lalliance-mondiale-batiment\/92481\/#primaryimage"},"thumbnailUrl":"https:\/\/batijournal.com\/wp-content\/uploads\/2016\/04\/message-video-emmanuelle-cosse.png","datePublished":"2016-04-21T08:31:01+00:00","dateModified":"2019-07-15T10:20:14+00:00","author":{"@id":"https:\/\/batijournal.com\/#\/schema\/person\/1dc96ec6957aa1ccb25ebe78bb19f100"},"breadcrumb":{"@id":"https:\/\/batijournal.com\/index.php\/premiere-reunion-de-lalliance-mondiale-batiment\/92481\/#breadcrumb"},"inLanguage":"fr-FR","potentialAction":[{"@type":"ReadAction","target":["https:\/\/batijournal.com\/index.php\/premiere-reunion-de-lalliance-mondiale-batiment\/92481\/"]}]},{"@type":"ImageObject","inLanguage":"fr-FR","@id":"https:\/\/batijournal.com\/index.php\/premiere-reunion-de-lalliance-mondiale-batiment\/92481\/#primaryimage","url":"https:\/\/batijournal.com\/wp-content\/uploads\/2016\/04\/message-video-emmanuelle-cosse.png","contentUrl":"https:\/\/batijournal.com\/wp-content\/uploads\/2016\/04\/message-video-emmanuelle-cosse.png","width":1423,"height":789,"caption":"message-video-emmanuelle-cosse"},{"@type":"BreadcrumbList","@id":"https:\/\/batijournal.com\/index.php\/premiere-reunion-de-lalliance-mondiale-batiment\/92481\/#breadcrumb","itemListElement":[{"@type":"ListItem","position":1,"name":"Accueil","item":"https:\/\/batijournal.com\/"},{"@type":"ListItem","position":2,"name":"Actualit\u00e9s","item":"https:\/\/batijournal.com\/index.php\/category\/actualites\/"},{"@type":"ListItem","position":3,"name":"\u00c9nergie &amp; Environnement","item":"https:\/\/batijournal.com\/index.php\/category\/actualites\/energie-environnement\/"},{"@type":"ListItem","position":4,"name":"Premi\u00e8re r\u00e9union de l\u2019Alliance mondiale pour le b\u00e2timent"}]},{"@type":"WebSite","@id":"https:\/\/batijournal.com\/#website","url":"https:\/\/batijournal.com\/","name":"Batijournal","description":"L&#039;actualit\u00e9 du b\u00e2timent","potentialAction":[{"@type":"SearchAction","target":{"@type":"EntryPoint","urlTemplate":"https:\/\/batijournal.com\/?s={search_term_string}"},"query-input":{"@type":"PropertyValueSpecification","valueRequired":true,"valueName":"search_term_string"}}],"inLanguage":"fr-FR"},{"@type":"Person","@id":"https:\/\/batijournal.com\/#\/schema\/person\/1dc96ec6957aa1ccb25ebe78bb19f100","name":"St\u00e9phane Miget","image":{"@type":"ImageObject","inLanguage":"fr-FR","@id":"https:\/\/secure.gravatar.com\/avatar\/89915563d925342126b8ef0281b93d9d7fc337043e8df017f780908eb9644451?s=96&d=mm&r=g","url":"https:\/\/secure.gravatar.com\/avatar\/89915563d925342126b8ef0281b93d9d7fc337043e8df017f780908eb9644451?s=96&d=mm&r=g","contentUrl":"https:\/\/secure.gravatar.com\/avatar\/89915563d925342126b8ef0281b93d9d7fc337043e8df017f780908eb9644451?s=96&d=mm&r=g","caption":"St\u00e9phane Miget"},"url":"https:\/\/batijournal.com\/index.php\/author\/stephane\/"}]}},"_links":{"self":[{"href":"https:\/\/batijournal.com\/index.php\/wp-json\/wp\/v2\/posts\/92481","targetHints":{"allow":["GET"]}}],"collection":[{"href":"https:\/\/batijournal.com\/index.php\/wp-json\/wp\/v2\/posts"}],"about":[{"href":"https:\/\/batijournal.com\/index.php\/wp-json\/wp\/v2\/types\/post"}],"author":[{"embeddable":true,"href":"https:\/\/batijournal.com\/index.php\/wp-json\/wp\/v2\/users\/17"}],"replies":[{"embeddable":true,"href":"https:\/\/batijournal.com\/index.php\/wp-json\/wp\/v2\/comments?post=92481"}],"version-history":[{"count":0,"href":"https:\/\/batijournal.com\/index.php\/wp-json\/wp\/v2\/posts\/92481\/revisions"}],"wp:featuredmedia":[{"embeddable":true,"href":"https:\/\/batijournal.com\/index.php\/wp-json\/wp\/v2\/media\/92482"}],"wp:attachment":[{"href":"https:\/\/batijournal.com\/index.php\/wp-json\/wp\/v2\/media?parent=92481"}],"wp:term":[{"taxonomy":"category","embeddable":true,"href":"https:\/\/batijournal.com\/index.php\/wp-json\/wp\/v2\/categories?post=92481"},{"taxonomy":"post_tag","embeddable":true,"href":"https:\/\/batijournal.com\/index.php\/wp-json\/wp\/v2\/tags?post=92481"}],"curies":[{"name":"wp","href":"https:\/\/api.w.org\/{rel}","templated":true}]}}