{"id":92537,"date":"2016-04-27T08:41:50","date_gmt":"2016-04-27T06:41:50","guid":{"rendered":"http:\/\/batijournal.com\/?p=92537"},"modified":"2019-07-15T11:16:49","modified_gmt":"2019-07-15T09:16:49","slug":"villa-kerylos-joyau-architectural-patrimonial-bord-de-mediterranee","status":"publish","type":"post","link":"https:\/\/batijournal.com\/index.php\/villa-kerylos-joyau-architectural-patrimonial-bord-de-mediterranee\/92537\/","title":{"rendered":"La Villa K\u00e9rylos, joyau architectural et patrimonial au bord de la M\u00e9diterran\u00e9e"},"content":{"rendered":"<p><strong>Le Centre des monuments nationaux s\u2019est vu confier par l\u2019Institut de France l\u2019exploitation de la Villa K\u00e9rylos. Pendant 10 ans, cette derni\u00e8re b\u00e9n\u00e9ficiera de tous les savoir-faire du CMN, notamment en termes de conservation, de restauration, de m\u00e9diation&#8230; Le lancement officiel de cette d\u00e9l\u00e9gation de service public a lieu ce 12 avril 2016 en pr\u00e9sence de Monsieur Gabriel de Broglie, Chancelier de l\u2019Institut de France.<\/strong><\/p>\n<p><img loading=\"lazy\" decoding=\"async\" class=\"aligncenter size-full wp-image-92540\" src=\"https:\/\/batijournal.com\/wp-content\/uploads\/2016\/04\/La-Villa-Kerylos-3.png\" alt=\"La Villa Kerylos 3\" width=\"685\" height=\"457\" srcset=\"https:\/\/batijournal.com\/wp-content\/uploads\/2016\/04\/La-Villa-Kerylos-3.png 685w, https:\/\/batijournal.com\/wp-content\/uploads\/2016\/04\/La-Villa-Kerylos-3-150x100.png 150w, https:\/\/batijournal.com\/wp-content\/uploads\/2016\/04\/La-Villa-Kerylos-3-300x200.png 300w, https:\/\/batijournal.com\/wp-content\/uploads\/2016\/04\/La-Villa-Kerylos-3-600x400.png 600w\" sizes=\"(max-width: 685px) 100vw, 685px\" \/><\/p>\n<p>Admirablement situ\u00e9e au bord de la M\u00e9diterran\u00e9e sur le territoire de la commune de Beaulieu-sur-Mer (Alpes Maritimes), la Villa K\u00e9rylos a \u00e9t\u00e9 construite au tout d\u00e9but du XXe si\u00e8cle, de 1902 \u00e0 1908 par Emmanuel Pontremoli pour Th\u00e9odore Reinach sur le mod\u00e8le des maisons nobles du II\u00e8me si\u00e8cle av. J-C de l\u2019\u00cele de D\u00e9los en Gr\u00e8ce. \u0152uvre d\u2019art totale, l\u2019architecte en a imagin\u00e9 les moindres d\u00e9tails jusqu\u2019\u00e0 l\u2019argenterie avec une rare inventivit\u00e9 dans les variations qui rend chaque objet unique au sein d\u2019une harmonie d\u2019ensemble qui recr\u00e9e une demeure dans l\u2019esprit grec. Ce n\u2019est pas une reconstitution rigoureuse d\u2019une villa d\u00e9lienne mais une demeure dot\u00e9e \u2013 discr\u00e8tement \u2013 de tout le confort moderne et d\u2019inspiration antique \u00e9clectique qu\u2019a voulu cet architecte innovant. La statuaire est tr\u00e8s pr\u00e9sente dans l\u2019ensemble de la Villa. La galerie des antiques pr\u00e9sente des moulages grandeur nature des plus belles statues grecques. Les murs abritent de nombreuses fresques. L\u2019ensemble le plus remarquable est celui du p\u00e9ristyle : Apollon et Herm\u00e8s se disputant la lyre et la mort de Talos et la conqu\u00eate de la Toison d&rsquo;Or. Entourant la Villa, le jardin m\u00e9diterran\u00e9en offre un panorama splendide sur la presqu\u2019\u00eele de Saint-Jean-Cap-Ferrat. Il est plant\u00e9 d&rsquo;un choix harmonieux de v\u00e9g\u00e9tation m\u00e9diterran\u00e9enne : oliviers et vigne, grenadiers, caroubiers, acanthes et myrtes, lauriers-roses et iris, pins et cypr\u00e8s, auxquels s\u2019ajoutent palmiers et papyrus. La Villa est b\u00e2tie en front de mer et le sous-sol donne acc\u00e8s \u00e0 l\u2019ancien sentier marin des douaniers, \u00e0 pr\u00e9sent transform\u00e9 en galerie d\u2019art antique.<\/p>\n<p><img loading=\"lazy\" decoding=\"async\" class=\"aligncenter size-full wp-image-92538\" src=\"https:\/\/batijournal.com\/wp-content\/uploads\/2016\/04\/La-Villa-Kerylos.png\" alt=\"La Villa Kerylos\" width=\"932\" height=\"660\" srcset=\"https:\/\/batijournal.com\/wp-content\/uploads\/2016\/04\/La-Villa-Kerylos.png 932w, https:\/\/batijournal.com\/wp-content\/uploads\/2016\/04\/La-Villa-Kerylos-150x106.png 150w, https:\/\/batijournal.com\/wp-content\/uploads\/2016\/04\/La-Villa-Kerylos-300x212.png 300w, https:\/\/batijournal.com\/wp-content\/uploads\/2016\/04\/La-Villa-Kerylos-768x544.png 768w, https:\/\/batijournal.com\/wp-content\/uploads\/2016\/04\/La-Villa-Kerylos-600x425.png 600w\" sizes=\"(max-width: 932px) 100vw, 932px\" \/><\/p>\n<p>Le CMN envisage de proposer une nouvelle sc\u00e9nographie du monument afin de le rendre plus vivant. Des mesures sp\u00e9cifiques vont \u00eatre prises pour la conservation de l\u2019exceptionnel mobilier de style antique de la Villa, de ses collections ainsi que des jardins en terrasses donnant sur la mer. L\u2019offre de visite va \u00eatre enti\u00e8rement revue. L\u2019Institut de France et le Centre des monuments nationaux entendent donner un nouveau d\u00e9part \u00e0 un \u00e9l\u00e9ment singulier mais prestigieux du patrimoine national, pour en faire un lieu de r\u00e9f\u00e9rence, conform\u00e9ment \u00e0 leurs missions respectives.<br \/>\nPhotos : Colombe Clier \/ Centre des monuments nationaux<\/p>\n<p>&nbsp;<\/p>\n","protected":false},"excerpt":{"rendered":"<p>Le Centre des monuments nationaux s\u2019est vu confier par l\u2019Institut de France l\u2019exploitation de la Villa K\u00e9rylos. Pendant 10 ans, cette derni\u00e8re b\u00e9n\u00e9ficiera de tous les savoir-faire du CMN, notamment en termes de conservation, de restauration, de m\u00e9diation&#8230; Le lancement officiel de cette d\u00e9l\u00e9gation de service public a lieu ce 12 avril 2016 en pr\u00e9sence [&hellip;]<\/p>\n","protected":false},"author":17,"featured_media":92539,"comment_status":"closed","ping_status":"closed","sticky":false,"template":"","format":"standard","meta":{"_et_pb_use_builder":"","_et_pb_old_content":"","_et_gb_content_width":"","footnotes":""},"categories":[6340],"tags":[8113,6376],"class_list":["post-92537","post","type-post","status-publish","format-standard","has-post-thumbnail","hentry","category-architecture-conception","tag-centre-des-monuments-nationaux","tag-monument-historique"],"yoast_head":"<!-- This site is optimized with the Yoast SEO plugin v27.4 - https:\/\/yoast.com\/product\/yoast-seo-wordpress\/ -->\n<title>La Villa K\u00e9rylos, joyau architectural et patrimonial au bord de la M\u00e9diterran\u00e9e<\/title>\n<meta name=\"robots\" content=\"index, follow, max-snippet:-1, max-image-preview:large, max-video-preview:-1\" \/>\n<link rel=\"canonical\" href=\"https:\/\/batijournal.com\/index.php\/villa-kerylos-joyau-architectural-patrimonial-bord-de-mediterranee\/92537\/\" \/>\n<meta property=\"og:locale\" content=\"fr_FR\" \/>\n<meta property=\"og:type\" content=\"article\" \/>\n<meta property=\"og:title\" content=\"La Villa K\u00e9rylos, joyau architectural et patrimonial au bord de la M\u00e9diterran\u00e9e\" \/>\n<meta property=\"og:description\" content=\"Le Centre des monuments nationaux s\u2019est vu confier par l\u2019Institut de France l\u2019exploitation de la Villa K\u00e9rylos. Pendant 10 ans, cette derni\u00e8re b\u00e9n\u00e9ficiera de tous les savoir-faire du CMN, notamment en termes de conservation, de restauration, de m\u00e9diation&#8230; Le lancement officiel de cette d\u00e9l\u00e9gation de service public a lieu ce 12 avril 2016 en pr\u00e9sence [&hellip;]\" \/>\n<meta property=\"og:url\" content=\"https:\/\/batijournal.com\/index.php\/villa-kerylos-joyau-architectural-patrimonial-bord-de-mediterranee\/92537\/\" \/>\n<meta property=\"og:site_name\" content=\"Batijournal\" \/>\n<meta property=\"article:published_time\" content=\"2016-04-27T06:41:50+00:00\" \/>\n<meta property=\"article:modified_time\" content=\"2019-07-15T09:16:49+00:00\" \/>\n<meta property=\"og:image\" content=\"https:\/\/batijournal.com\/wp-content\/uploads\/2016\/04\/La-Villa-Kerylos-2.png\" \/>\n\t<meta property=\"og:image:width\" content=\"548\" \/>\n\t<meta property=\"og:image:height\" content=\"767\" \/>\n\t<meta property=\"og:image:type\" content=\"image\/png\" \/>\n<meta name=\"author\" content=\"St\u00e9phane Miget\" \/>\n<meta name=\"twitter:card\" content=\"summary_large_image\" \/>\n<meta name=\"twitter:creator\" content=\"@bati_journal\" \/>\n<meta name=\"twitter:site\" content=\"@bati_journal\" \/>\n<meta name=\"twitter:label1\" content=\"\u00c9crit par\" \/>\n\t<meta name=\"twitter:data1\" content=\"St\u00e9phane Miget\" \/>\n\t<meta name=\"twitter:label2\" content=\"Dur\u00e9e de lecture estim\u00e9e\" \/>\n\t<meta name=\"twitter:data2\" content=\"2 minutes\" \/>\n<script type=\"application\/ld+json\" class=\"yoast-schema-graph\">{\"@context\":\"https:\\\/\\\/schema.org\",\"@graph\":[{\"@type\":\"Article\",\"@id\":\"https:\\\/\\\/batijournal.com\\\/index.php\\\/villa-kerylos-joyau-architectural-patrimonial-bord-de-mediterranee\\\/92537\\\/#article\",\"isPartOf\":{\"@id\":\"https:\\\/\\\/batijournal.com\\\/index.php\\\/villa-kerylos-joyau-architectural-patrimonial-bord-de-mediterranee\\\/92537\\\/\"},\"author\":{\"name\":\"St\u00e9phane Miget\",\"@id\":\"https:\\\/\\\/batijournal.com\\\/#\\\/schema\\\/person\\\/1dc96ec6957aa1ccb25ebe78bb19f100\"},\"headline\":\"La Villa K\u00e9rylos, joyau architectural et patrimonial au bord de la M\u00e9diterran\u00e9e\",\"datePublished\":\"2016-04-27T06:41:50+00:00\",\"dateModified\":\"2019-07-15T09:16:49+00:00\",\"mainEntityOfPage\":{\"@id\":\"https:\\\/\\\/batijournal.com\\\/index.php\\\/villa-kerylos-joyau-architectural-patrimonial-bord-de-mediterranee\\\/92537\\\/\"},\"wordCount\":488,\"image\":{\"@id\":\"https:\\\/\\\/batijournal.com\\\/index.php\\\/villa-kerylos-joyau-architectural-patrimonial-bord-de-mediterranee\\\/92537\\\/#primaryimage\"},\"thumbnailUrl\":\"https:\\\/\\\/batijournal.com\\\/wp-content\\\/uploads\\\/2016\\\/04\\\/La-Villa-Kerylos-2.png\",\"keywords\":[\"centre des monuments nationaux\",\"monument historique\"],\"articleSection\":[\"Architecture &amp; Conception\"],\"inLanguage\":\"fr-FR\"},{\"@type\":\"WebPage\",\"@id\":\"https:\\\/\\\/batijournal.com\\\/index.php\\\/villa-kerylos-joyau-architectural-patrimonial-bord-de-mediterranee\\\/92537\\\/\",\"url\":\"https:\\\/\\\/batijournal.com\\\/index.php\\\/villa-kerylos-joyau-architectural-patrimonial-bord-de-mediterranee\\\/92537\\\/\",\"name\":\"La Villa K\u00e9rylos, joyau architectural et patrimonial au bord de la M\u00e9diterran\u00e9e\",\"isPartOf\":{\"@id\":\"https:\\\/\\\/batijournal.com\\\/#website\"},\"primaryImageOfPage\":{\"@id\":\"https:\\\/\\\/batijournal.com\\\/index.php\\\/villa-kerylos-joyau-architectural-patrimonial-bord-de-mediterranee\\\/92537\\\/#primaryimage\"},\"image\":{\"@id\":\"https:\\\/\\\/batijournal.com\\\/index.php\\\/villa-kerylos-joyau-architectural-patrimonial-bord-de-mediterranee\\\/92537\\\/#primaryimage\"},\"thumbnailUrl\":\"https:\\\/\\\/batijournal.com\\\/wp-content\\\/uploads\\\/2016\\\/04\\\/La-Villa-Kerylos-2.png\",\"datePublished\":\"2016-04-27T06:41:50+00:00\",\"dateModified\":\"2019-07-15T09:16:49+00:00\",\"author\":{\"@id\":\"https:\\\/\\\/batijournal.com\\\/#\\\/schema\\\/person\\\/1dc96ec6957aa1ccb25ebe78bb19f100\"},\"breadcrumb\":{\"@id\":\"https:\\\/\\\/batijournal.com\\\/index.php\\\/villa-kerylos-joyau-architectural-patrimonial-bord-de-mediterranee\\\/92537\\\/#breadcrumb\"},\"inLanguage\":\"fr-FR\",\"potentialAction\":[{\"@type\":\"ReadAction\",\"target\":[\"https:\\\/\\\/batijournal.com\\\/index.php\\\/villa-kerylos-joyau-architectural-patrimonial-bord-de-mediterranee\\\/92537\\\/\"]}]},{\"@type\":\"ImageObject\",\"inLanguage\":\"fr-FR\",\"@id\":\"https:\\\/\\\/batijournal.com\\\/index.php\\\/villa-kerylos-joyau-architectural-patrimonial-bord-de-mediterranee\\\/92537\\\/#primaryimage\",\"url\":\"https:\\\/\\\/batijournal.com\\\/wp-content\\\/uploads\\\/2016\\\/04\\\/La-Villa-Kerylos-2.png\",\"contentUrl\":\"https:\\\/\\\/batijournal.com\\\/wp-content\\\/uploads\\\/2016\\\/04\\\/La-Villa-Kerylos-2.png\",\"width\":548,\"height\":767,\"caption\":\"La Villa Kerylos 2\"},{\"@type\":\"BreadcrumbList\",\"@id\":\"https:\\\/\\\/batijournal.com\\\/index.php\\\/villa-kerylos-joyau-architectural-patrimonial-bord-de-mediterranee\\\/92537\\\/#breadcrumb\",\"itemListElement\":[{\"@type\":\"ListItem\",\"position\":1,\"name\":\"Accueil\",\"item\":\"https:\\\/\\\/batijournal.com\\\/\"},{\"@type\":\"ListItem\",\"position\":2,\"name\":\"Actualit\u00e9s\",\"item\":\"https:\\\/\\\/batijournal.com\\\/index.php\\\/category\\\/actualites\\\/\"},{\"@type\":\"ListItem\",\"position\":3,\"name\":\"Architecture &amp; Conception\",\"item\":\"https:\\\/\\\/batijournal.com\\\/index.php\\\/category\\\/actualites\\\/architecture-conception\\\/\"},{\"@type\":\"ListItem\",\"position\":4,\"name\":\"La Villa K\u00e9rylos, joyau architectural et patrimonial au bord de la M\u00e9diterran\u00e9e\"}]},{\"@type\":\"WebSite\",\"@id\":\"https:\\\/\\\/batijournal.com\\\/#website\",\"url\":\"https:\\\/\\\/batijournal.com\\\/\",\"name\":\"Batijournal\",\"description\":\"L&#039;actualit\u00e9 du b\u00e2timent\",\"potentialAction\":[{\"@type\":\"SearchAction\",\"target\":{\"@type\":\"EntryPoint\",\"urlTemplate\":\"https:\\\/\\\/batijournal.com\\\/?s={search_term_string}\"},\"query-input\":{\"@type\":\"PropertyValueSpecification\",\"valueRequired\":true,\"valueName\":\"search_term_string\"}}],\"inLanguage\":\"fr-FR\"},{\"@type\":\"Person\",\"@id\":\"https:\\\/\\\/batijournal.com\\\/#\\\/schema\\\/person\\\/1dc96ec6957aa1ccb25ebe78bb19f100\",\"name\":\"St\u00e9phane Miget\",\"image\":{\"@type\":\"ImageObject\",\"inLanguage\":\"fr-FR\",\"@id\":\"https:\\\/\\\/secure.gravatar.com\\\/avatar\\\/89915563d925342126b8ef0281b93d9d7fc337043e8df017f780908eb9644451?s=96&d=mm&r=g\",\"url\":\"https:\\\/\\\/secure.gravatar.com\\\/avatar\\\/89915563d925342126b8ef0281b93d9d7fc337043e8df017f780908eb9644451?s=96&d=mm&r=g\",\"contentUrl\":\"https:\\\/\\\/secure.gravatar.com\\\/avatar\\\/89915563d925342126b8ef0281b93d9d7fc337043e8df017f780908eb9644451?s=96&d=mm&r=g\",\"caption\":\"St\u00e9phane Miget\"},\"url\":\"https:\\\/\\\/batijournal.com\\\/index.php\\\/author\\\/stephane\\\/\"}]}<\/script>\n<!-- \/ Yoast SEO plugin. -->","yoast_head_json":{"title":"La Villa K\u00e9rylos, joyau architectural et patrimonial au bord de la M\u00e9diterran\u00e9e","robots":{"index":"index","follow":"follow","max-snippet":"max-snippet:-1","max-image-preview":"max-image-preview:large","max-video-preview":"max-video-preview:-1"},"canonical":"https:\/\/batijournal.com\/index.php\/villa-kerylos-joyau-architectural-patrimonial-bord-de-mediterranee\/92537\/","og_locale":"fr_FR","og_type":"article","og_title":"La Villa K\u00e9rylos, joyau architectural et patrimonial au bord de la M\u00e9diterran\u00e9e","og_description":"Le Centre des monuments nationaux s\u2019est vu confier par l\u2019Institut de France l\u2019exploitation de la Villa K\u00e9rylos. Pendant 10 ans, cette derni\u00e8re b\u00e9n\u00e9ficiera de tous les savoir-faire du CMN, notamment en termes de conservation, de restauration, de m\u00e9diation&#8230; Le lancement officiel de cette d\u00e9l\u00e9gation de service public a lieu ce 12 avril 2016 en pr\u00e9sence [&hellip;]","og_url":"https:\/\/batijournal.com\/index.php\/villa-kerylos-joyau-architectural-patrimonial-bord-de-mediterranee\/92537\/","og_site_name":"Batijournal","article_published_time":"2016-04-27T06:41:50+00:00","article_modified_time":"2019-07-15T09:16:49+00:00","og_image":[{"width":548,"height":767,"url":"https:\/\/batijournal.com\/wp-content\/uploads\/2016\/04\/La-Villa-Kerylos-2.png","type":"image\/png"}],"author":"St\u00e9phane Miget","twitter_card":"summary_large_image","twitter_creator":"@bati_journal","twitter_site":"@bati_journal","twitter_misc":{"\u00c9crit par":"St\u00e9phane Miget","Dur\u00e9e de lecture estim\u00e9e":"2 minutes"},"schema":{"@context":"https:\/\/schema.org","@graph":[{"@type":"Article","@id":"https:\/\/batijournal.com\/index.php\/villa-kerylos-joyau-architectural-patrimonial-bord-de-mediterranee\/92537\/#article","isPartOf":{"@id":"https:\/\/batijournal.com\/index.php\/villa-kerylos-joyau-architectural-patrimonial-bord-de-mediterranee\/92537\/"},"author":{"name":"St\u00e9phane Miget","@id":"https:\/\/batijournal.com\/#\/schema\/person\/1dc96ec6957aa1ccb25ebe78bb19f100"},"headline":"La Villa K\u00e9rylos, joyau architectural et patrimonial au bord de la M\u00e9diterran\u00e9e","datePublished":"2016-04-27T06:41:50+00:00","dateModified":"2019-07-15T09:16:49+00:00","mainEntityOfPage":{"@id":"https:\/\/batijournal.com\/index.php\/villa-kerylos-joyau-architectural-patrimonial-bord-de-mediterranee\/92537\/"},"wordCount":488,"image":{"@id":"https:\/\/batijournal.com\/index.php\/villa-kerylos-joyau-architectural-patrimonial-bord-de-mediterranee\/92537\/#primaryimage"},"thumbnailUrl":"https:\/\/batijournal.com\/wp-content\/uploads\/2016\/04\/La-Villa-Kerylos-2.png","keywords":["centre des monuments nationaux","monument historique"],"articleSection":["Architecture &amp; Conception"],"inLanguage":"fr-FR"},{"@type":"WebPage","@id":"https:\/\/batijournal.com\/index.php\/villa-kerylos-joyau-architectural-patrimonial-bord-de-mediterranee\/92537\/","url":"https:\/\/batijournal.com\/index.php\/villa-kerylos-joyau-architectural-patrimonial-bord-de-mediterranee\/92537\/","name":"La Villa K\u00e9rylos, joyau architectural et patrimonial au bord de la M\u00e9diterran\u00e9e","isPartOf":{"@id":"https:\/\/batijournal.com\/#website"},"primaryImageOfPage":{"@id":"https:\/\/batijournal.com\/index.php\/villa-kerylos-joyau-architectural-patrimonial-bord-de-mediterranee\/92537\/#primaryimage"},"image":{"@id":"https:\/\/batijournal.com\/index.php\/villa-kerylos-joyau-architectural-patrimonial-bord-de-mediterranee\/92537\/#primaryimage"},"thumbnailUrl":"https:\/\/batijournal.com\/wp-content\/uploads\/2016\/04\/La-Villa-Kerylos-2.png","datePublished":"2016-04-27T06:41:50+00:00","dateModified":"2019-07-15T09:16:49+00:00","author":{"@id":"https:\/\/batijournal.com\/#\/schema\/person\/1dc96ec6957aa1ccb25ebe78bb19f100"},"breadcrumb":{"@id":"https:\/\/batijournal.com\/index.php\/villa-kerylos-joyau-architectural-patrimonial-bord-de-mediterranee\/92537\/#breadcrumb"},"inLanguage":"fr-FR","potentialAction":[{"@type":"ReadAction","target":["https:\/\/batijournal.com\/index.php\/villa-kerylos-joyau-architectural-patrimonial-bord-de-mediterranee\/92537\/"]}]},{"@type":"ImageObject","inLanguage":"fr-FR","@id":"https:\/\/batijournal.com\/index.php\/villa-kerylos-joyau-architectural-patrimonial-bord-de-mediterranee\/92537\/#primaryimage","url":"https:\/\/batijournal.com\/wp-content\/uploads\/2016\/04\/La-Villa-Kerylos-2.png","contentUrl":"https:\/\/batijournal.com\/wp-content\/uploads\/2016\/04\/La-Villa-Kerylos-2.png","width":548,"height":767,"caption":"La Villa Kerylos 2"},{"@type":"BreadcrumbList","@id":"https:\/\/batijournal.com\/index.php\/villa-kerylos-joyau-architectural-patrimonial-bord-de-mediterranee\/92537\/#breadcrumb","itemListElement":[{"@type":"ListItem","position":1,"name":"Accueil","item":"https:\/\/batijournal.com\/"},{"@type":"ListItem","position":2,"name":"Actualit\u00e9s","item":"https:\/\/batijournal.com\/index.php\/category\/actualites\/"},{"@type":"ListItem","position":3,"name":"Architecture &amp; Conception","item":"https:\/\/batijournal.com\/index.php\/category\/actualites\/architecture-conception\/"},{"@type":"ListItem","position":4,"name":"La Villa K\u00e9rylos, joyau architectural et patrimonial au bord de la M\u00e9diterran\u00e9e"}]},{"@type":"WebSite","@id":"https:\/\/batijournal.com\/#website","url":"https:\/\/batijournal.com\/","name":"Batijournal","description":"L&#039;actualit\u00e9 du b\u00e2timent","potentialAction":[{"@type":"SearchAction","target":{"@type":"EntryPoint","urlTemplate":"https:\/\/batijournal.com\/?s={search_term_string}"},"query-input":{"@type":"PropertyValueSpecification","valueRequired":true,"valueName":"search_term_string"}}],"inLanguage":"fr-FR"},{"@type":"Person","@id":"https:\/\/batijournal.com\/#\/schema\/person\/1dc96ec6957aa1ccb25ebe78bb19f100","name":"St\u00e9phane Miget","image":{"@type":"ImageObject","inLanguage":"fr-FR","@id":"https:\/\/secure.gravatar.com\/avatar\/89915563d925342126b8ef0281b93d9d7fc337043e8df017f780908eb9644451?s=96&d=mm&r=g","url":"https:\/\/secure.gravatar.com\/avatar\/89915563d925342126b8ef0281b93d9d7fc337043e8df017f780908eb9644451?s=96&d=mm&r=g","contentUrl":"https:\/\/secure.gravatar.com\/avatar\/89915563d925342126b8ef0281b93d9d7fc337043e8df017f780908eb9644451?s=96&d=mm&r=g","caption":"St\u00e9phane Miget"},"url":"https:\/\/batijournal.com\/index.php\/author\/stephane\/"}]}},"_links":{"self":[{"href":"https:\/\/batijournal.com\/index.php\/wp-json\/wp\/v2\/posts\/92537","targetHints":{"allow":["GET"]}}],"collection":[{"href":"https:\/\/batijournal.com\/index.php\/wp-json\/wp\/v2\/posts"}],"about":[{"href":"https:\/\/batijournal.com\/index.php\/wp-json\/wp\/v2\/types\/post"}],"author":[{"embeddable":true,"href":"https:\/\/batijournal.com\/index.php\/wp-json\/wp\/v2\/users\/17"}],"replies":[{"embeddable":true,"href":"https:\/\/batijournal.com\/index.php\/wp-json\/wp\/v2\/comments?post=92537"}],"version-history":[{"count":0,"href":"https:\/\/batijournal.com\/index.php\/wp-json\/wp\/v2\/posts\/92537\/revisions"}],"wp:featuredmedia":[{"embeddable":true,"href":"https:\/\/batijournal.com\/index.php\/wp-json\/wp\/v2\/media\/92539"}],"wp:attachment":[{"href":"https:\/\/batijournal.com\/index.php\/wp-json\/wp\/v2\/media?parent=92537"}],"wp:term":[{"taxonomy":"category","embeddable":true,"href":"https:\/\/batijournal.com\/index.php\/wp-json\/wp\/v2\/categories?post=92537"},{"taxonomy":"post_tag","embeddable":true,"href":"https:\/\/batijournal.com\/index.php\/wp-json\/wp\/v2\/tags?post=92537"}],"curies":[{"name":"wp","href":"https:\/\/api.w.org\/{rel}","templated":true}]}}