{"id":92550,"date":"2016-04-27T09:25:45","date_gmt":"2016-04-27T07:25:45","guid":{"rendered":"http:\/\/batijournal.com\/?p=92550"},"modified":"2019-07-15T11:16:49","modified_gmt":"2019-07-15T09:16:49","slug":"linteret-visites-patrimoniales-progresse","status":"publish","type":"post","link":"https:\/\/batijournal.com\/index.php\/linteret-visites-patrimoniales-progresse\/92550\/","title":{"rendered":"L\u2019int\u00e9r\u00eat pour les visites patrimoniales progresse"},"content":{"rendered":"<p>Selon le rapport du Cr\u00e9doc concernant la gratuit\u00e9 de visite des monuments, plus de quatre Fran\u00e7ais sur dix (41%) indiquent avoir visit\u00e9 un monument religieux. 36% ont fait de m\u00eame pour des villes ou des pays d\u2019art et d\u2019histoire et 31% ont \u00e9t\u00e9 attir\u00e9s par la visite d\u2019un ch\u00e2teau, des fortifications ou d\u2019un palais. Un Fran\u00e7ais sur cinq s\u2019est int\u00e9ress\u00e9 \u00e0 la visite d\u2019un b\u00e2timent d\u2019architecture contemporaine. Au total, lorsque l\u2019on comptabilise l\u2019ensemble de la diversit\u00e9 patrimoniale en int\u00e9grant les visites de grottes pr\u00e9historiques et arch\u00e9ologiques (12%), de m\u00e9moriaux (11%), de maisons d\u2019hommes ou de femmes illustres (11%) et de sites industriels (11%) plus de six Fran\u00e7ais sur dix se sont rendus sur un lieu de patrimoine et de culture.<\/p>\n<div id=\"attachment_92551\" style=\"width: 970px\" class=\"wp-caption aligncenter\"><img loading=\"lazy\" decoding=\"async\" aria-describedby=\"caption-attachment-92551\" class=\"size-large wp-image-92551\" src=\"https:\/\/batijournal.com\/wp-content\/uploads\/2016\/04\/francais-visite-patrimoine-credoc-1024x582.png\" alt=\"En juin 2014, 41% des Fran\u00e7ais indiquent avoir visit\u00e9 un monument religieux au cours des 12 derniers mois, contre 37% en janvier 2012. Source : CREDOC, Enqu\u00eates \u00ab Conditions de vie et aspirations \u00bb.\" width=\"960\" height=\"546\" srcset=\"https:\/\/batijournal.com\/wp-content\/uploads\/2016\/04\/francais-visite-patrimoine-credoc-1024x582.png 1024w, https:\/\/batijournal.com\/wp-content\/uploads\/2016\/04\/francais-visite-patrimoine-credoc-150x85.png 150w, https:\/\/batijournal.com\/wp-content\/uploads\/2016\/04\/francais-visite-patrimoine-credoc-300x170.png 300w, https:\/\/batijournal.com\/wp-content\/uploads\/2016\/04\/francais-visite-patrimoine-credoc-768x436.png 768w, https:\/\/batijournal.com\/wp-content\/uploads\/2016\/04\/francais-visite-patrimoine-credoc-600x341.png 600w, https:\/\/batijournal.com\/wp-content\/uploads\/2016\/04\/francais-visite-patrimoine-credoc.png 1079w\" sizes=\"(max-width: 960px) 100vw, 960px\" \/><p id=\"caption-attachment-92551\" class=\"wp-caption-text\">En juin 2014, 41% des Fran\u00e7ais indiquent avoir visit\u00e9 un monument religieux au cours des 12 derniers mois, contre 37% en janvier 2012. Source : CREDOC, Enqu\u00eates \u00ab Conditions de vie et aspirations \u00bb.<\/p><\/div>\n","protected":false},"excerpt":{"rendered":"<p>Selon le rapport du Cr\u00e9doc concernant la gratuit\u00e9 de visite des monuments, plus de quatre Fran\u00e7ais sur dix (41%) indiquent avoir visit\u00e9 un monument religieux. 36% ont fait de m\u00eame pour des villes ou des pays d\u2019art et d\u2019histoire et 31% ont \u00e9t\u00e9 attir\u00e9s par la visite d\u2019un ch\u00e2teau, des fortifications ou d\u2019un palais. Un [&hellip;]<\/p>\n","protected":false},"author":17,"featured_media":92552,"comment_status":"closed","ping_status":"closed","sticky":false,"template":"","format":"standard","meta":{"_et_pb_use_builder":"","_et_pb_old_content":"","_et_gb_content_width":"","footnotes":""},"categories":[6340],"tags":[4474],"class_list":["post-92550","post","type-post","status-publish","format-standard","has-post-thumbnail","hentry","category-architecture-conception","tag-monuments-historiques"],"yoast_head":"<!-- This site is optimized with the Yoast SEO plugin v27.4 - https:\/\/yoast.com\/product\/yoast-seo-wordpress\/ -->\n<title>L\u2019int\u00e9r\u00eat pour les visites patrimoniales progresse<\/title>\n<meta name=\"robots\" content=\"index, follow, max-snippet:-1, max-image-preview:large, max-video-preview:-1\" \/>\n<link rel=\"canonical\" href=\"https:\/\/batijournal.com\/index.php\/linteret-visites-patrimoniales-progresse\/92550\/\" \/>\n<meta property=\"og:locale\" content=\"fr_FR\" \/>\n<meta property=\"og:type\" content=\"article\" \/>\n<meta property=\"og:title\" content=\"L\u2019int\u00e9r\u00eat pour les visites patrimoniales progresse\" \/>\n<meta property=\"og:description\" content=\"Selon le rapport du Cr\u00e9doc concernant la gratuit\u00e9 de visite des monuments, plus de quatre Fran\u00e7ais sur dix (41%) indiquent avoir visit\u00e9 un monument religieux. 36% ont fait de m\u00eame pour des villes ou des pays d\u2019art et d\u2019histoire et 31% ont \u00e9t\u00e9 attir\u00e9s par la visite d\u2019un ch\u00e2teau, des fortifications ou d\u2019un palais. Un [&hellip;]\" \/>\n<meta property=\"og:url\" content=\"https:\/\/batijournal.com\/index.php\/linteret-visites-patrimoniales-progresse\/92550\/\" \/>\n<meta property=\"og:site_name\" content=\"Batijournal\" \/>\n<meta property=\"article:published_time\" content=\"2016-04-27T07:25:45+00:00\" \/>\n<meta property=\"article:modified_time\" content=\"2019-07-15T09:16:49+00:00\" \/>\n<meta property=\"og:image\" content=\"https:\/\/batijournal.com\/wp-content\/uploads\/2016\/04\/serres-de-la-madone-menton.jpg\" \/>\n\t<meta property=\"og:image:width\" content=\"800\" \/>\n\t<meta property=\"og:image:height\" content=\"454\" \/>\n\t<meta property=\"og:image:type\" content=\"image\/jpeg\" \/>\n<meta name=\"author\" content=\"St\u00e9phane Miget\" \/>\n<meta name=\"twitter:card\" content=\"summary_large_image\" \/>\n<meta name=\"twitter:creator\" content=\"@bati_journal\" \/>\n<meta name=\"twitter:site\" content=\"@bati_journal\" \/>\n<meta name=\"twitter:label1\" content=\"\u00c9crit par\" \/>\n\t<meta name=\"twitter:data1\" content=\"St\u00e9phane Miget\" \/>\n\t<meta name=\"twitter:label2\" content=\"Dur\u00e9e de lecture estim\u00e9e\" \/>\n\t<meta name=\"twitter:data2\" content=\"1 minute\" \/>\n<script type=\"application\/ld+json\" class=\"yoast-schema-graph\">{\"@context\":\"https:\\\/\\\/schema.org\",\"@graph\":[{\"@type\":\"Article\",\"@id\":\"https:\\\/\\\/batijournal.com\\\/index.php\\\/linteret-visites-patrimoniales-progresse\\\/92550\\\/#article\",\"isPartOf\":{\"@id\":\"https:\\\/\\\/batijournal.com\\\/index.php\\\/linteret-visites-patrimoniales-progresse\\\/92550\\\/\"},\"author\":{\"name\":\"St\u00e9phane Miget\",\"@id\":\"https:\\\/\\\/batijournal.com\\\/#\\\/schema\\\/person\\\/1dc96ec6957aa1ccb25ebe78bb19f100\"},\"headline\":\"L\u2019int\u00e9r\u00eat pour les visites patrimoniales progresse\",\"datePublished\":\"2016-04-27T07:25:45+00:00\",\"dateModified\":\"2019-07-15T09:16:49+00:00\",\"mainEntityOfPage\":{\"@id\":\"https:\\\/\\\/batijournal.com\\\/index.php\\\/linteret-visites-patrimoniales-progresse\\\/92550\\\/\"},\"wordCount\":179,\"image\":{\"@id\":\"https:\\\/\\\/batijournal.com\\\/index.php\\\/linteret-visites-patrimoniales-progresse\\\/92550\\\/#primaryimage\"},\"thumbnailUrl\":\"https:\\\/\\\/batijournal.com\\\/wp-content\\\/uploads\\\/2016\\\/04\\\/serres-de-la-madone-menton.jpg\",\"keywords\":[\"monuments historiques\"],\"articleSection\":[\"Architecture &amp; Conception\"],\"inLanguage\":\"fr-FR\"},{\"@type\":\"WebPage\",\"@id\":\"https:\\\/\\\/batijournal.com\\\/index.php\\\/linteret-visites-patrimoniales-progresse\\\/92550\\\/\",\"url\":\"https:\\\/\\\/batijournal.com\\\/index.php\\\/linteret-visites-patrimoniales-progresse\\\/92550\\\/\",\"name\":\"L\u2019int\u00e9r\u00eat pour les visites patrimoniales progresse\",\"isPartOf\":{\"@id\":\"https:\\\/\\\/batijournal.com\\\/#website\"},\"primaryImageOfPage\":{\"@id\":\"https:\\\/\\\/batijournal.com\\\/index.php\\\/linteret-visites-patrimoniales-progresse\\\/92550\\\/#primaryimage\"},\"image\":{\"@id\":\"https:\\\/\\\/batijournal.com\\\/index.php\\\/linteret-visites-patrimoniales-progresse\\\/92550\\\/#primaryimage\"},\"thumbnailUrl\":\"https:\\\/\\\/batijournal.com\\\/wp-content\\\/uploads\\\/2016\\\/04\\\/serres-de-la-madone-menton.jpg\",\"datePublished\":\"2016-04-27T07:25:45+00:00\",\"dateModified\":\"2019-07-15T09:16:49+00:00\",\"author\":{\"@id\":\"https:\\\/\\\/batijournal.com\\\/#\\\/schema\\\/person\\\/1dc96ec6957aa1ccb25ebe78bb19f100\"},\"breadcrumb\":{\"@id\":\"https:\\\/\\\/batijournal.com\\\/index.php\\\/linteret-visites-patrimoniales-progresse\\\/92550\\\/#breadcrumb\"},\"inLanguage\":\"fr-FR\",\"potentialAction\":[{\"@type\":\"ReadAction\",\"target\":[\"https:\\\/\\\/batijournal.com\\\/index.php\\\/linteret-visites-patrimoniales-progresse\\\/92550\\\/\"]}]},{\"@type\":\"ImageObject\",\"inLanguage\":\"fr-FR\",\"@id\":\"https:\\\/\\\/batijournal.com\\\/index.php\\\/linteret-visites-patrimoniales-progresse\\\/92550\\\/#primaryimage\",\"url\":\"https:\\\/\\\/batijournal.com\\\/wp-content\\\/uploads\\\/2016\\\/04\\\/serres-de-la-madone-menton.jpg\",\"contentUrl\":\"https:\\\/\\\/batijournal.com\\\/wp-content\\\/uploads\\\/2016\\\/04\\\/serres-de-la-madone-menton.jpg\",\"width\":800,\"height\":454,\"caption\":\"serres-de-la-madone-menton\"},{\"@type\":\"BreadcrumbList\",\"@id\":\"https:\\\/\\\/batijournal.com\\\/index.php\\\/linteret-visites-patrimoniales-progresse\\\/92550\\\/#breadcrumb\",\"itemListElement\":[{\"@type\":\"ListItem\",\"position\":1,\"name\":\"Accueil\",\"item\":\"https:\\\/\\\/batijournal.com\\\/\"},{\"@type\":\"ListItem\",\"position\":2,\"name\":\"Actualit\u00e9s\",\"item\":\"https:\\\/\\\/batijournal.com\\\/index.php\\\/category\\\/actualites\\\/\"},{\"@type\":\"ListItem\",\"position\":3,\"name\":\"Architecture &amp; Conception\",\"item\":\"https:\\\/\\\/batijournal.com\\\/index.php\\\/category\\\/actualites\\\/architecture-conception\\\/\"},{\"@type\":\"ListItem\",\"position\":4,\"name\":\"L\u2019int\u00e9r\u00eat pour les visites patrimoniales progresse\"}]},{\"@type\":\"WebSite\",\"@id\":\"https:\\\/\\\/batijournal.com\\\/#website\",\"url\":\"https:\\\/\\\/batijournal.com\\\/\",\"name\":\"Batijournal\",\"description\":\"L&#039;actualit\u00e9 du b\u00e2timent\",\"potentialAction\":[{\"@type\":\"SearchAction\",\"target\":{\"@type\":\"EntryPoint\",\"urlTemplate\":\"https:\\\/\\\/batijournal.com\\\/?s={search_term_string}\"},\"query-input\":{\"@type\":\"PropertyValueSpecification\",\"valueRequired\":true,\"valueName\":\"search_term_string\"}}],\"inLanguage\":\"fr-FR\"},{\"@type\":\"Person\",\"@id\":\"https:\\\/\\\/batijournal.com\\\/#\\\/schema\\\/person\\\/1dc96ec6957aa1ccb25ebe78bb19f100\",\"name\":\"St\u00e9phane Miget\",\"image\":{\"@type\":\"ImageObject\",\"inLanguage\":\"fr-FR\",\"@id\":\"https:\\\/\\\/secure.gravatar.com\\\/avatar\\\/89915563d925342126b8ef0281b93d9d7fc337043e8df017f780908eb9644451?s=96&d=mm&r=g\",\"url\":\"https:\\\/\\\/secure.gravatar.com\\\/avatar\\\/89915563d925342126b8ef0281b93d9d7fc337043e8df017f780908eb9644451?s=96&d=mm&r=g\",\"contentUrl\":\"https:\\\/\\\/secure.gravatar.com\\\/avatar\\\/89915563d925342126b8ef0281b93d9d7fc337043e8df017f780908eb9644451?s=96&d=mm&r=g\",\"caption\":\"St\u00e9phane Miget\"},\"url\":\"https:\\\/\\\/batijournal.com\\\/index.php\\\/author\\\/stephane\\\/\"}]}<\/script>\n<!-- \/ Yoast SEO plugin. -->","yoast_head_json":{"title":"L\u2019int\u00e9r\u00eat pour les visites patrimoniales progresse","robots":{"index":"index","follow":"follow","max-snippet":"max-snippet:-1","max-image-preview":"max-image-preview:large","max-video-preview":"max-video-preview:-1"},"canonical":"https:\/\/batijournal.com\/index.php\/linteret-visites-patrimoniales-progresse\/92550\/","og_locale":"fr_FR","og_type":"article","og_title":"L\u2019int\u00e9r\u00eat pour les visites patrimoniales progresse","og_description":"Selon le rapport du Cr\u00e9doc concernant la gratuit\u00e9 de visite des monuments, plus de quatre Fran\u00e7ais sur dix (41%) indiquent avoir visit\u00e9 un monument religieux. 36% ont fait de m\u00eame pour des villes ou des pays d\u2019art et d\u2019histoire et 31% ont \u00e9t\u00e9 attir\u00e9s par la visite d\u2019un ch\u00e2teau, des fortifications ou d\u2019un palais. Un [&hellip;]","og_url":"https:\/\/batijournal.com\/index.php\/linteret-visites-patrimoniales-progresse\/92550\/","og_site_name":"Batijournal","article_published_time":"2016-04-27T07:25:45+00:00","article_modified_time":"2019-07-15T09:16:49+00:00","og_image":[{"width":800,"height":454,"url":"https:\/\/batijournal.com\/wp-content\/uploads\/2016\/04\/serres-de-la-madone-menton.jpg","type":"image\/jpeg"}],"author":"St\u00e9phane Miget","twitter_card":"summary_large_image","twitter_creator":"@bati_journal","twitter_site":"@bati_journal","twitter_misc":{"\u00c9crit par":"St\u00e9phane Miget","Dur\u00e9e de lecture estim\u00e9e":"1 minute"},"schema":{"@context":"https:\/\/schema.org","@graph":[{"@type":"Article","@id":"https:\/\/batijournal.com\/index.php\/linteret-visites-patrimoniales-progresse\/92550\/#article","isPartOf":{"@id":"https:\/\/batijournal.com\/index.php\/linteret-visites-patrimoniales-progresse\/92550\/"},"author":{"name":"St\u00e9phane Miget","@id":"https:\/\/batijournal.com\/#\/schema\/person\/1dc96ec6957aa1ccb25ebe78bb19f100"},"headline":"L\u2019int\u00e9r\u00eat pour les visites patrimoniales progresse","datePublished":"2016-04-27T07:25:45+00:00","dateModified":"2019-07-15T09:16:49+00:00","mainEntityOfPage":{"@id":"https:\/\/batijournal.com\/index.php\/linteret-visites-patrimoniales-progresse\/92550\/"},"wordCount":179,"image":{"@id":"https:\/\/batijournal.com\/index.php\/linteret-visites-patrimoniales-progresse\/92550\/#primaryimage"},"thumbnailUrl":"https:\/\/batijournal.com\/wp-content\/uploads\/2016\/04\/serres-de-la-madone-menton.jpg","keywords":["monuments historiques"],"articleSection":["Architecture &amp; Conception"],"inLanguage":"fr-FR"},{"@type":"WebPage","@id":"https:\/\/batijournal.com\/index.php\/linteret-visites-patrimoniales-progresse\/92550\/","url":"https:\/\/batijournal.com\/index.php\/linteret-visites-patrimoniales-progresse\/92550\/","name":"L\u2019int\u00e9r\u00eat pour les visites patrimoniales progresse","isPartOf":{"@id":"https:\/\/batijournal.com\/#website"},"primaryImageOfPage":{"@id":"https:\/\/batijournal.com\/index.php\/linteret-visites-patrimoniales-progresse\/92550\/#primaryimage"},"image":{"@id":"https:\/\/batijournal.com\/index.php\/linteret-visites-patrimoniales-progresse\/92550\/#primaryimage"},"thumbnailUrl":"https:\/\/batijournal.com\/wp-content\/uploads\/2016\/04\/serres-de-la-madone-menton.jpg","datePublished":"2016-04-27T07:25:45+00:00","dateModified":"2019-07-15T09:16:49+00:00","author":{"@id":"https:\/\/batijournal.com\/#\/schema\/person\/1dc96ec6957aa1ccb25ebe78bb19f100"},"breadcrumb":{"@id":"https:\/\/batijournal.com\/index.php\/linteret-visites-patrimoniales-progresse\/92550\/#breadcrumb"},"inLanguage":"fr-FR","potentialAction":[{"@type":"ReadAction","target":["https:\/\/batijournal.com\/index.php\/linteret-visites-patrimoniales-progresse\/92550\/"]}]},{"@type":"ImageObject","inLanguage":"fr-FR","@id":"https:\/\/batijournal.com\/index.php\/linteret-visites-patrimoniales-progresse\/92550\/#primaryimage","url":"https:\/\/batijournal.com\/wp-content\/uploads\/2016\/04\/serres-de-la-madone-menton.jpg","contentUrl":"https:\/\/batijournal.com\/wp-content\/uploads\/2016\/04\/serres-de-la-madone-menton.jpg","width":800,"height":454,"caption":"serres-de-la-madone-menton"},{"@type":"BreadcrumbList","@id":"https:\/\/batijournal.com\/index.php\/linteret-visites-patrimoniales-progresse\/92550\/#breadcrumb","itemListElement":[{"@type":"ListItem","position":1,"name":"Accueil","item":"https:\/\/batijournal.com\/"},{"@type":"ListItem","position":2,"name":"Actualit\u00e9s","item":"https:\/\/batijournal.com\/index.php\/category\/actualites\/"},{"@type":"ListItem","position":3,"name":"Architecture &amp; Conception","item":"https:\/\/batijournal.com\/index.php\/category\/actualites\/architecture-conception\/"},{"@type":"ListItem","position":4,"name":"L\u2019int\u00e9r\u00eat pour les visites patrimoniales progresse"}]},{"@type":"WebSite","@id":"https:\/\/batijournal.com\/#website","url":"https:\/\/batijournal.com\/","name":"Batijournal","description":"L&#039;actualit\u00e9 du b\u00e2timent","potentialAction":[{"@type":"SearchAction","target":{"@type":"EntryPoint","urlTemplate":"https:\/\/batijournal.com\/?s={search_term_string}"},"query-input":{"@type":"PropertyValueSpecification","valueRequired":true,"valueName":"search_term_string"}}],"inLanguage":"fr-FR"},{"@type":"Person","@id":"https:\/\/batijournal.com\/#\/schema\/person\/1dc96ec6957aa1ccb25ebe78bb19f100","name":"St\u00e9phane Miget","image":{"@type":"ImageObject","inLanguage":"fr-FR","@id":"https:\/\/secure.gravatar.com\/avatar\/89915563d925342126b8ef0281b93d9d7fc337043e8df017f780908eb9644451?s=96&d=mm&r=g","url":"https:\/\/secure.gravatar.com\/avatar\/89915563d925342126b8ef0281b93d9d7fc337043e8df017f780908eb9644451?s=96&d=mm&r=g","contentUrl":"https:\/\/secure.gravatar.com\/avatar\/89915563d925342126b8ef0281b93d9d7fc337043e8df017f780908eb9644451?s=96&d=mm&r=g","caption":"St\u00e9phane Miget"},"url":"https:\/\/batijournal.com\/index.php\/author\/stephane\/"}]}},"_links":{"self":[{"href":"https:\/\/batijournal.com\/index.php\/wp-json\/wp\/v2\/posts\/92550","targetHints":{"allow":["GET"]}}],"collection":[{"href":"https:\/\/batijournal.com\/index.php\/wp-json\/wp\/v2\/posts"}],"about":[{"href":"https:\/\/batijournal.com\/index.php\/wp-json\/wp\/v2\/types\/post"}],"author":[{"embeddable":true,"href":"https:\/\/batijournal.com\/index.php\/wp-json\/wp\/v2\/users\/17"}],"replies":[{"embeddable":true,"href":"https:\/\/batijournal.com\/index.php\/wp-json\/wp\/v2\/comments?post=92550"}],"version-history":[{"count":0,"href":"https:\/\/batijournal.com\/index.php\/wp-json\/wp\/v2\/posts\/92550\/revisions"}],"wp:featuredmedia":[{"embeddable":true,"href":"https:\/\/batijournal.com\/index.php\/wp-json\/wp\/v2\/media\/92552"}],"wp:attachment":[{"href":"https:\/\/batijournal.com\/index.php\/wp-json\/wp\/v2\/media?parent=92550"}],"wp:term":[{"taxonomy":"category","embeddable":true,"href":"https:\/\/batijournal.com\/index.php\/wp-json\/wp\/v2\/categories?post=92550"},{"taxonomy":"post_tag","embeddable":true,"href":"https:\/\/batijournal.com\/index.php\/wp-json\/wp\/v2\/tags?post=92550"}],"curies":[{"name":"wp","href":"https:\/\/api.w.org\/{rel}","templated":true}]}}