{"id":92721,"date":"2016-05-03T10:55:30","date_gmt":"2016-05-03T08:55:30","guid":{"rendered":"http:\/\/batijournal.com\/?p=92721"},"modified":"2019-07-15T12:13:27","modified_gmt":"2019-07-15T10:13:27","slug":"fiersartisans-campagne-porter-regard-neuf-valoriser-lartisanat","status":"publish","type":"post","link":"https:\/\/batijournal.com\/index.php\/fiersartisans-campagne-porter-regard-neuf-valoriser-lartisanat\/92721\/","title":{"rendered":"#FiersArtisans : une campagne pour porter un regard neuf et valoriser l\u2019artisanat"},"content":{"rendered":"<p><strong>La CGPME (Conf\u00e9d\u00e9ration G\u00e9n\u00e9rale des PME), le CNPA (Conseil National des Professions de l\u2019Automobile), la FEP (F\u00e9d\u00e9ration des Entreprises de Propret\u00e9), la FFB et Artisans de notre Avenir pr\u00e9sentent la campagne de communication \u00ab\u00a0Fiers d\u2019\u00eatre artisans\u00a0\u00bb. Elle fait suite au lancement le 10 f\u00e9vrier dernier de la campagne \u00e9lectorale aux Chambres de M\u00e9tiers et de l\u2019Artisanat (CMA).<\/strong><\/p>\n<p>Cette campagne a pour objectif de porter un regard neuf sur l\u2019artisanat et de valoriser le travail r\u00e9alis\u00e9 par les chefs d\u2019entreprise. La communication \u00ab\u00a0Fiers d\u2019\u00eatre artisans\u00a0\u00bb, r\u00e9solument positive, met en lumi\u00e8re la capacit\u00e9 des artisans \u00e0 se battre sur tous les fronts et \u00e0 faire face aux difficult\u00e9s du quotidien, tout en assurant un lien social local, la formation des jeunes et la pr\u00e9servation d\u2019une r\u00e9elle qualit\u00e9 de services et de prestations.<\/p>\n<p>Cette campagne sera suivie de propositions concr\u00e8tes pour un artisanat plus fort, dans le cadre des \u00e9lections aux CMA qui se d\u00e9rouleront du 30\u00a0septembre au 14 octobre 2016.<\/p>\n<p><a href=\"http:\/\/www.fiersdetreartisans.fr\" target=\"_blank\" rel=\"noopener noreferrer\">www.fiersdetreartisans.fr<\/a><\/p>\n","protected":false},"excerpt":{"rendered":"<p>La CGPME (Conf\u00e9d\u00e9ration G\u00e9n\u00e9rale des PME), le CNPA (Conseil National des Professions de l\u2019Automobile), la FEP (F\u00e9d\u00e9ration des Entreprises de Propret\u00e9), la FFB et Artisans de notre Avenir pr\u00e9sentent la campagne de communication \u00ab\u00a0Fiers d\u2019\u00eatre artisans\u00a0\u00bb. Elle fait suite au lancement le 10 f\u00e9vrier dernier de la campagne \u00e9lectorale aux Chambres de M\u00e9tiers et de [&hellip;]<\/p>\n","protected":false},"author":17,"featured_media":92722,"comment_status":"closed","ping_status":"closed","sticky":false,"template":"","format":"standard","meta":{"_et_pb_use_builder":"","_et_pb_old_content":"","_et_gb_content_width":"","footnotes":""},"categories":[6345],"tags":[],"class_list":["post-92721","post","type-post","status-publish","format-standard","has-post-thumbnail","hentry","category-economie-marches"],"yoast_head":"<!-- This site is optimized with the Yoast SEO plugin v27.4 - https:\/\/yoast.com\/product\/yoast-seo-wordpress\/ -->\n<title>#FiersArtisans : une campagne pour porter un regard neuf et valoriser l\u2019artisanat<\/title>\n<meta name=\"robots\" content=\"index, follow, max-snippet:-1, max-image-preview:large, max-video-preview:-1\" \/>\n<link rel=\"canonical\" href=\"https:\/\/batijournal.com\/index.php\/fiersartisans-campagne-porter-regard-neuf-valoriser-lartisanat\/92721\/\" \/>\n<meta property=\"og:locale\" content=\"fr_FR\" \/>\n<meta property=\"og:type\" content=\"article\" \/>\n<meta property=\"og:title\" content=\"#FiersArtisans : une campagne pour porter un regard neuf et valoriser l\u2019artisanat\" \/>\n<meta property=\"og:description\" content=\"La CGPME (Conf\u00e9d\u00e9ration G\u00e9n\u00e9rale des PME), le CNPA (Conseil National des Professions de l\u2019Automobile), la FEP (F\u00e9d\u00e9ration des Entreprises de Propret\u00e9), la FFB et Artisans de notre Avenir pr\u00e9sentent la campagne de communication \u00ab\u00a0Fiers d\u2019\u00eatre artisans\u00a0\u00bb. Elle fait suite au lancement le 10 f\u00e9vrier dernier de la campagne \u00e9lectorale aux Chambres de M\u00e9tiers et de [&hellip;]\" \/>\n<meta property=\"og:url\" content=\"https:\/\/batijournal.com\/index.php\/fiersartisans-campagne-porter-regard-neuf-valoriser-lartisanat\/92721\/\" \/>\n<meta property=\"og:site_name\" content=\"Batijournal\" \/>\n<meta property=\"article:published_time\" content=\"2016-05-03T08:55:30+00:00\" \/>\n<meta property=\"article:modified_time\" content=\"2019-07-15T10:13:27+00:00\" \/>\n<meta property=\"og:image\" content=\"https:\/\/batijournal.com\/wp-content\/uploads\/2016\/05\/fierartisan.jpg\" \/>\n\t<meta property=\"og:image:width\" content=\"628\" \/>\n\t<meta property=\"og:image:height\" content=\"442\" \/>\n\t<meta property=\"og:image:type\" content=\"image\/jpeg\" \/>\n<meta name=\"author\" content=\"St\u00e9phane Miget\" \/>\n<meta name=\"twitter:card\" content=\"summary_large_image\" \/>\n<meta name=\"twitter:creator\" content=\"@bati_journal\" \/>\n<meta name=\"twitter:site\" content=\"@bati_journal\" \/>\n<meta name=\"twitter:label1\" content=\"\u00c9crit par\" \/>\n\t<meta name=\"twitter:data1\" content=\"St\u00e9phane Miget\" \/>\n\t<meta name=\"twitter:label2\" content=\"Dur\u00e9e de lecture estim\u00e9e\" \/>\n\t<meta name=\"twitter:data2\" content=\"1 minute\" \/>\n<script type=\"application\/ld+json\" class=\"yoast-schema-graph\">{\"@context\":\"https:\\\/\\\/schema.org\",\"@graph\":[{\"@type\":\"Article\",\"@id\":\"https:\\\/\\\/batijournal.com\\\/index.php\\\/fiersartisans-campagne-porter-regard-neuf-valoriser-lartisanat\\\/92721\\\/#article\",\"isPartOf\":{\"@id\":\"https:\\\/\\\/batijournal.com\\\/index.php\\\/fiersartisans-campagne-porter-regard-neuf-valoriser-lartisanat\\\/92721\\\/\"},\"author\":{\"name\":\"St\u00e9phane Miget\",\"@id\":\"https:\\\/\\\/batijournal.com\\\/#\\\/schema\\\/person\\\/1dc96ec6957aa1ccb25ebe78bb19f100\"},\"headline\":\"#FiersArtisans : une campagne pour porter un regard neuf et valoriser l\u2019artisanat\",\"datePublished\":\"2016-05-03T08:55:30+00:00\",\"dateModified\":\"2019-07-15T10:13:27+00:00\",\"mainEntityOfPage\":{\"@id\":\"https:\\\/\\\/batijournal.com\\\/index.php\\\/fiersartisans-campagne-porter-regard-neuf-valoriser-lartisanat\\\/92721\\\/\"},\"wordCount\":192,\"image\":{\"@id\":\"https:\\\/\\\/batijournal.com\\\/index.php\\\/fiersartisans-campagne-porter-regard-neuf-valoriser-lartisanat\\\/92721\\\/#primaryimage\"},\"thumbnailUrl\":\"https:\\\/\\\/batijournal.com\\\/wp-content\\\/uploads\\\/2016\\\/05\\\/fierartisan.jpg\",\"articleSection\":[\"\u00c9conomie &amp; March\u00e9s\"],\"inLanguage\":\"fr-FR\"},{\"@type\":\"WebPage\",\"@id\":\"https:\\\/\\\/batijournal.com\\\/index.php\\\/fiersartisans-campagne-porter-regard-neuf-valoriser-lartisanat\\\/92721\\\/\",\"url\":\"https:\\\/\\\/batijournal.com\\\/index.php\\\/fiersartisans-campagne-porter-regard-neuf-valoriser-lartisanat\\\/92721\\\/\",\"name\":\"#FiersArtisans : une campagne pour porter un regard neuf et valoriser l\u2019artisanat\",\"isPartOf\":{\"@id\":\"https:\\\/\\\/batijournal.com\\\/#website\"},\"primaryImageOfPage\":{\"@id\":\"https:\\\/\\\/batijournal.com\\\/index.php\\\/fiersartisans-campagne-porter-regard-neuf-valoriser-lartisanat\\\/92721\\\/#primaryimage\"},\"image\":{\"@id\":\"https:\\\/\\\/batijournal.com\\\/index.php\\\/fiersartisans-campagne-porter-regard-neuf-valoriser-lartisanat\\\/92721\\\/#primaryimage\"},\"thumbnailUrl\":\"https:\\\/\\\/batijournal.com\\\/wp-content\\\/uploads\\\/2016\\\/05\\\/fierartisan.jpg\",\"datePublished\":\"2016-05-03T08:55:30+00:00\",\"dateModified\":\"2019-07-15T10:13:27+00:00\",\"author\":{\"@id\":\"https:\\\/\\\/batijournal.com\\\/#\\\/schema\\\/person\\\/1dc96ec6957aa1ccb25ebe78bb19f100\"},\"breadcrumb\":{\"@id\":\"https:\\\/\\\/batijournal.com\\\/index.php\\\/fiersartisans-campagne-porter-regard-neuf-valoriser-lartisanat\\\/92721\\\/#breadcrumb\"},\"inLanguage\":\"fr-FR\",\"potentialAction\":[{\"@type\":\"ReadAction\",\"target\":[\"https:\\\/\\\/batijournal.com\\\/index.php\\\/fiersartisans-campagne-porter-regard-neuf-valoriser-lartisanat\\\/92721\\\/\"]}]},{\"@type\":\"ImageObject\",\"inLanguage\":\"fr-FR\",\"@id\":\"https:\\\/\\\/batijournal.com\\\/index.php\\\/fiersartisans-campagne-porter-regard-neuf-valoriser-lartisanat\\\/92721\\\/#primaryimage\",\"url\":\"https:\\\/\\\/batijournal.com\\\/wp-content\\\/uploads\\\/2016\\\/05\\\/fierartisan.jpg\",\"contentUrl\":\"https:\\\/\\\/batijournal.com\\\/wp-content\\\/uploads\\\/2016\\\/05\\\/fierartisan.jpg\",\"width\":628,\"height\":442,\"caption\":\"fierartisan\"},{\"@type\":\"BreadcrumbList\",\"@id\":\"https:\\\/\\\/batijournal.com\\\/index.php\\\/fiersartisans-campagne-porter-regard-neuf-valoriser-lartisanat\\\/92721\\\/#breadcrumb\",\"itemListElement\":[{\"@type\":\"ListItem\",\"position\":1,\"name\":\"Accueil\",\"item\":\"https:\\\/\\\/batijournal.com\\\/\"},{\"@type\":\"ListItem\",\"position\":2,\"name\":\"Actualit\u00e9s\",\"item\":\"https:\\\/\\\/batijournal.com\\\/index.php\\\/category\\\/actualites\\\/\"},{\"@type\":\"ListItem\",\"position\":3,\"name\":\"\u00c9conomie &amp; March\u00e9s\",\"item\":\"https:\\\/\\\/batijournal.com\\\/index.php\\\/category\\\/actualites\\\/economie-marches\\\/\"},{\"@type\":\"ListItem\",\"position\":4,\"name\":\"#FiersArtisans : une campagne pour porter un regard neuf et valoriser l\u2019artisanat\"}]},{\"@type\":\"WebSite\",\"@id\":\"https:\\\/\\\/batijournal.com\\\/#website\",\"url\":\"https:\\\/\\\/batijournal.com\\\/\",\"name\":\"Batijournal\",\"description\":\"L&#039;actualit\u00e9 du b\u00e2timent\",\"potentialAction\":[{\"@type\":\"SearchAction\",\"target\":{\"@type\":\"EntryPoint\",\"urlTemplate\":\"https:\\\/\\\/batijournal.com\\\/?s={search_term_string}\"},\"query-input\":{\"@type\":\"PropertyValueSpecification\",\"valueRequired\":true,\"valueName\":\"search_term_string\"}}],\"inLanguage\":\"fr-FR\"},{\"@type\":\"Person\",\"@id\":\"https:\\\/\\\/batijournal.com\\\/#\\\/schema\\\/person\\\/1dc96ec6957aa1ccb25ebe78bb19f100\",\"name\":\"St\u00e9phane Miget\",\"image\":{\"@type\":\"ImageObject\",\"inLanguage\":\"fr-FR\",\"@id\":\"https:\\\/\\\/secure.gravatar.com\\\/avatar\\\/89915563d925342126b8ef0281b93d9d7fc337043e8df017f780908eb9644451?s=96&d=mm&r=g\",\"url\":\"https:\\\/\\\/secure.gravatar.com\\\/avatar\\\/89915563d925342126b8ef0281b93d9d7fc337043e8df017f780908eb9644451?s=96&d=mm&r=g\",\"contentUrl\":\"https:\\\/\\\/secure.gravatar.com\\\/avatar\\\/89915563d925342126b8ef0281b93d9d7fc337043e8df017f780908eb9644451?s=96&d=mm&r=g\",\"caption\":\"St\u00e9phane Miget\"},\"url\":\"https:\\\/\\\/batijournal.com\\\/index.php\\\/author\\\/stephane\\\/\"}]}<\/script>\n<!-- \/ Yoast SEO plugin. -->","yoast_head_json":{"title":"#FiersArtisans : une campagne pour porter un regard neuf et valoriser l\u2019artisanat","robots":{"index":"index","follow":"follow","max-snippet":"max-snippet:-1","max-image-preview":"max-image-preview:large","max-video-preview":"max-video-preview:-1"},"canonical":"https:\/\/batijournal.com\/index.php\/fiersartisans-campagne-porter-regard-neuf-valoriser-lartisanat\/92721\/","og_locale":"fr_FR","og_type":"article","og_title":"#FiersArtisans : une campagne pour porter un regard neuf et valoriser l\u2019artisanat","og_description":"La CGPME (Conf\u00e9d\u00e9ration G\u00e9n\u00e9rale des PME), le CNPA (Conseil National des Professions de l\u2019Automobile), la FEP (F\u00e9d\u00e9ration des Entreprises de Propret\u00e9), la FFB et Artisans de notre Avenir pr\u00e9sentent la campagne de communication \u00ab\u00a0Fiers d\u2019\u00eatre artisans\u00a0\u00bb. Elle fait suite au lancement le 10 f\u00e9vrier dernier de la campagne \u00e9lectorale aux Chambres de M\u00e9tiers et de [&hellip;]","og_url":"https:\/\/batijournal.com\/index.php\/fiersartisans-campagne-porter-regard-neuf-valoriser-lartisanat\/92721\/","og_site_name":"Batijournal","article_published_time":"2016-05-03T08:55:30+00:00","article_modified_time":"2019-07-15T10:13:27+00:00","og_image":[{"width":628,"height":442,"url":"https:\/\/batijournal.com\/wp-content\/uploads\/2016\/05\/fierartisan.jpg","type":"image\/jpeg"}],"author":"St\u00e9phane Miget","twitter_card":"summary_large_image","twitter_creator":"@bati_journal","twitter_site":"@bati_journal","twitter_misc":{"\u00c9crit par":"St\u00e9phane Miget","Dur\u00e9e de lecture estim\u00e9e":"1 minute"},"schema":{"@context":"https:\/\/schema.org","@graph":[{"@type":"Article","@id":"https:\/\/batijournal.com\/index.php\/fiersartisans-campagne-porter-regard-neuf-valoriser-lartisanat\/92721\/#article","isPartOf":{"@id":"https:\/\/batijournal.com\/index.php\/fiersartisans-campagne-porter-regard-neuf-valoriser-lartisanat\/92721\/"},"author":{"name":"St\u00e9phane Miget","@id":"https:\/\/batijournal.com\/#\/schema\/person\/1dc96ec6957aa1ccb25ebe78bb19f100"},"headline":"#FiersArtisans : une campagne pour porter un regard neuf et valoriser l\u2019artisanat","datePublished":"2016-05-03T08:55:30+00:00","dateModified":"2019-07-15T10:13:27+00:00","mainEntityOfPage":{"@id":"https:\/\/batijournal.com\/index.php\/fiersartisans-campagne-porter-regard-neuf-valoriser-lartisanat\/92721\/"},"wordCount":192,"image":{"@id":"https:\/\/batijournal.com\/index.php\/fiersartisans-campagne-porter-regard-neuf-valoriser-lartisanat\/92721\/#primaryimage"},"thumbnailUrl":"https:\/\/batijournal.com\/wp-content\/uploads\/2016\/05\/fierartisan.jpg","articleSection":["\u00c9conomie &amp; March\u00e9s"],"inLanguage":"fr-FR"},{"@type":"WebPage","@id":"https:\/\/batijournal.com\/index.php\/fiersartisans-campagne-porter-regard-neuf-valoriser-lartisanat\/92721\/","url":"https:\/\/batijournal.com\/index.php\/fiersartisans-campagne-porter-regard-neuf-valoriser-lartisanat\/92721\/","name":"#FiersArtisans : une campagne pour porter un regard neuf et valoriser l\u2019artisanat","isPartOf":{"@id":"https:\/\/batijournal.com\/#website"},"primaryImageOfPage":{"@id":"https:\/\/batijournal.com\/index.php\/fiersartisans-campagne-porter-regard-neuf-valoriser-lartisanat\/92721\/#primaryimage"},"image":{"@id":"https:\/\/batijournal.com\/index.php\/fiersartisans-campagne-porter-regard-neuf-valoriser-lartisanat\/92721\/#primaryimage"},"thumbnailUrl":"https:\/\/batijournal.com\/wp-content\/uploads\/2016\/05\/fierartisan.jpg","datePublished":"2016-05-03T08:55:30+00:00","dateModified":"2019-07-15T10:13:27+00:00","author":{"@id":"https:\/\/batijournal.com\/#\/schema\/person\/1dc96ec6957aa1ccb25ebe78bb19f100"},"breadcrumb":{"@id":"https:\/\/batijournal.com\/index.php\/fiersartisans-campagne-porter-regard-neuf-valoriser-lartisanat\/92721\/#breadcrumb"},"inLanguage":"fr-FR","potentialAction":[{"@type":"ReadAction","target":["https:\/\/batijournal.com\/index.php\/fiersartisans-campagne-porter-regard-neuf-valoriser-lartisanat\/92721\/"]}]},{"@type":"ImageObject","inLanguage":"fr-FR","@id":"https:\/\/batijournal.com\/index.php\/fiersartisans-campagne-porter-regard-neuf-valoriser-lartisanat\/92721\/#primaryimage","url":"https:\/\/batijournal.com\/wp-content\/uploads\/2016\/05\/fierartisan.jpg","contentUrl":"https:\/\/batijournal.com\/wp-content\/uploads\/2016\/05\/fierartisan.jpg","width":628,"height":442,"caption":"fierartisan"},{"@type":"BreadcrumbList","@id":"https:\/\/batijournal.com\/index.php\/fiersartisans-campagne-porter-regard-neuf-valoriser-lartisanat\/92721\/#breadcrumb","itemListElement":[{"@type":"ListItem","position":1,"name":"Accueil","item":"https:\/\/batijournal.com\/"},{"@type":"ListItem","position":2,"name":"Actualit\u00e9s","item":"https:\/\/batijournal.com\/index.php\/category\/actualites\/"},{"@type":"ListItem","position":3,"name":"\u00c9conomie &amp; March\u00e9s","item":"https:\/\/batijournal.com\/index.php\/category\/actualites\/economie-marches\/"},{"@type":"ListItem","position":4,"name":"#FiersArtisans : une campagne pour porter un regard neuf et valoriser l\u2019artisanat"}]},{"@type":"WebSite","@id":"https:\/\/batijournal.com\/#website","url":"https:\/\/batijournal.com\/","name":"Batijournal","description":"L&#039;actualit\u00e9 du b\u00e2timent","potentialAction":[{"@type":"SearchAction","target":{"@type":"EntryPoint","urlTemplate":"https:\/\/batijournal.com\/?s={search_term_string}"},"query-input":{"@type":"PropertyValueSpecification","valueRequired":true,"valueName":"search_term_string"}}],"inLanguage":"fr-FR"},{"@type":"Person","@id":"https:\/\/batijournal.com\/#\/schema\/person\/1dc96ec6957aa1ccb25ebe78bb19f100","name":"St\u00e9phane Miget","image":{"@type":"ImageObject","inLanguage":"fr-FR","@id":"https:\/\/secure.gravatar.com\/avatar\/89915563d925342126b8ef0281b93d9d7fc337043e8df017f780908eb9644451?s=96&d=mm&r=g","url":"https:\/\/secure.gravatar.com\/avatar\/89915563d925342126b8ef0281b93d9d7fc337043e8df017f780908eb9644451?s=96&d=mm&r=g","contentUrl":"https:\/\/secure.gravatar.com\/avatar\/89915563d925342126b8ef0281b93d9d7fc337043e8df017f780908eb9644451?s=96&d=mm&r=g","caption":"St\u00e9phane Miget"},"url":"https:\/\/batijournal.com\/index.php\/author\/stephane\/"}]}},"_links":{"self":[{"href":"https:\/\/batijournal.com\/index.php\/wp-json\/wp\/v2\/posts\/92721","targetHints":{"allow":["GET"]}}],"collection":[{"href":"https:\/\/batijournal.com\/index.php\/wp-json\/wp\/v2\/posts"}],"about":[{"href":"https:\/\/batijournal.com\/index.php\/wp-json\/wp\/v2\/types\/post"}],"author":[{"embeddable":true,"href":"https:\/\/batijournal.com\/index.php\/wp-json\/wp\/v2\/users\/17"}],"replies":[{"embeddable":true,"href":"https:\/\/batijournal.com\/index.php\/wp-json\/wp\/v2\/comments?post=92721"}],"version-history":[{"count":0,"href":"https:\/\/batijournal.com\/index.php\/wp-json\/wp\/v2\/posts\/92721\/revisions"}],"wp:featuredmedia":[{"embeddable":true,"href":"https:\/\/batijournal.com\/index.php\/wp-json\/wp\/v2\/media\/92722"}],"wp:attachment":[{"href":"https:\/\/batijournal.com\/index.php\/wp-json\/wp\/v2\/media?parent=92721"}],"wp:term":[{"taxonomy":"category","embeddable":true,"href":"https:\/\/batijournal.com\/index.php\/wp-json\/wp\/v2\/categories?post=92721"},{"taxonomy":"post_tag","embeddable":true,"href":"https:\/\/batijournal.com\/index.php\/wp-json\/wp\/v2\/tags?post=92721"}],"curies":[{"name":"wp","href":"https:\/\/api.w.org\/{rel}","templated":true}]}}