{"id":92734,"date":"2016-05-04T08:36:45","date_gmt":"2016-05-04T06:36:45","guid":{"rendered":"http:\/\/batijournal.com\/?p=92734"},"modified":"2019-07-15T11:16:48","modified_gmt":"2019-07-15T09:16:48","slug":"vestiges-de-parcelle-de-lan-iv-ne-seront-etre-conserves","status":"publish","type":"post","link":"https:\/\/batijournal.com\/index.php\/vestiges-de-parcelle-de-lan-iv-ne-seront-etre-conserves\/92734\/","title":{"rendered":"Les vestiges de la parcelle de l&rsquo;an IV ne seront peut-\u00eatre pas conserv\u00e9s"},"content":{"rendered":"<p><strong>L&rsquo;Institut de France a lanc\u00e9 en 2015 au coeur du 6e arrondissement de Paris la construction d&rsquo;un auditorium sur la parcelle dite de l&rsquo;an IV. Elle longe le mur d&rsquo;enceinte de Philippe Auguste. Le diagnostic arch\u00e9ologique men\u00e9 en 2011 avait laiss\u00e9 esp\u00e9rer la possibilit\u00e9 d&rsquo;int\u00e9grer et de valoriser le parement ext\u00e9rieur de l&rsquo;enceinte, dont le relev\u00e9 \u00e9tait parfaitement connu. Les fouilles compl\u00e8tes ont mis au jour une enceinte fortement remani\u00e9e et d\u00e9grad\u00e9e qui pourrait davantage conduire \u00e0 une \u00e9vocation de ces vestiges anciens dans le cadre du projet architectural.<\/strong><\/p>\n<p>L&rsquo;Institut de France, l&rsquo;Oppic (Op\u00e9rateur du patrimoine et des projets immobiliers de la culture), ma\u00eetre d&rsquo;ouvrage d\u00e9l\u00e9gu\u00e9 de l&rsquo;op\u00e9ration, et l&rsquo;architecte, Marc Barani, ont \u00e9t\u00e9 particuli\u00e8rement attentifs aux r\u00e9sultats de ces fouilles men\u00e9es par l&rsquo;Inrap. Elles ont permis de mettre au jour une partie tr\u00e8s remani\u00e9e et d\u00e9grad\u00e9e durant trois si\u00e8cles de l&rsquo;enceinte de Philippe Auguste dans laquelle Mansart a encastr\u00e9 au XVIIe si\u00e8cle les fondations de l&rsquo;H\u00f4tel mitoyen de Laverdy, un \u00e9gout construit par Louis Le Vau lors de l&rsquo;\u00e9dification \u00e0 la fin du XVIIe si\u00e8cle du Coll\u00e8ge des Quatre-Nations, futur Palais de l&rsquo;Institut et la base d&rsquo;une des tours de guet situ\u00e9e sous le niveau inf\u00e9rieur du futur auditorium, entre la porte de Nesle et la porte de Buci.<\/p>\n<p>La DRAC a notifi\u00e9 l&rsquo;ach\u00e8vement des fouilles le 28 janvier 2016. L&rsquo;\u00e9tat d\u00e9grad\u00e9 des vestiges d&rsquo;une part, la n\u00e9cessit\u00e9 r\u00e9glementaire de se conformer au plan de pr\u00e9vention des risques d&rsquo;inondation de la Seine (PPRI) pour assurer l&rsquo;\u00e9tanch\u00e9it\u00e9 du futur ouvrage, d&rsquo;autre part, doivent d\u00e9sormais \u00eatre int\u00e9gr\u00e9s pour la suite du projet architectural.<br \/>\nLes \u00e9changes avec les autorit\u00e9s comp\u00e9tentes en mati\u00e8re de contr\u00f4le scientifique et technique de la DRAC \u00cele-de-France auront lieu dans les prochaines semaines, \u00e9tant entendu que si le mauvais \u00e9tat de l&rsquo;enceinte ne justifie pas une restauration, l&rsquo;architecte Marc Barani travaillera aux modalit\u00e9s susceptibles d&rsquo;illustrer l&rsquo;histoire des lieux et \u00e0 bien faire comprendre la nature des vestiges qui se trouvaient \u00e0 cet emplacement.<br \/>\nPhoto : le parement ext\u00e9rieur de l&rsquo;enceinte de Philippe Auguste et la base de la tour &#8211;\u00a0Institut de France<br \/>\nSource :\u00a0Institut de France<\/p>\n","protected":false},"excerpt":{"rendered":"<p>L&rsquo;Institut de France a lanc\u00e9 en 2015 au coeur du 6e arrondissement de Paris la construction d&rsquo;un auditorium sur la parcelle dite de l&rsquo;an IV. Elle longe le mur d&rsquo;enceinte de Philippe Auguste. Le diagnostic arch\u00e9ologique men\u00e9 en 2011 avait laiss\u00e9 esp\u00e9rer la possibilit\u00e9 d&rsquo;int\u00e9grer et de valoriser le parement ext\u00e9rieur de l&rsquo;enceinte, dont le [&hellip;]<\/p>\n","protected":false},"author":17,"featured_media":92735,"comment_status":"closed","ping_status":"closed","sticky":false,"template":"","format":"standard","meta":{"_et_pb_use_builder":"","_et_pb_old_content":"","_et_gb_content_width":"","footnotes":""},"categories":[6340],"tags":[6454],"class_list":["post-92734","post","type-post","status-publish","format-standard","has-post-thumbnail","hentry","category-architecture-conception","tag-inrap"],"yoast_head":"<!-- This site is optimized with the Yoast SEO plugin v27.4 - https:\/\/yoast.com\/product\/yoast-seo-wordpress\/ -->\n<title>Les vestiges de la parcelle de l&#039;an IV ne seront peut-\u00eatre pas conserv\u00e9s<\/title>\n<meta name=\"robots\" content=\"index, follow, max-snippet:-1, max-image-preview:large, max-video-preview:-1\" \/>\n<link rel=\"canonical\" href=\"https:\/\/batijournal.com\/index.php\/vestiges-de-parcelle-de-lan-iv-ne-seront-etre-conserves\/92734\/\" \/>\n<meta property=\"og:locale\" content=\"fr_FR\" \/>\n<meta property=\"og:type\" content=\"article\" \/>\n<meta property=\"og:title\" content=\"Les vestiges de la parcelle de l&#039;an IV ne seront peut-\u00eatre pas conserv\u00e9s\" \/>\n<meta property=\"og:description\" content=\"L&rsquo;Institut de France a lanc\u00e9 en 2015 au coeur du 6e arrondissement de Paris la construction d&rsquo;un auditorium sur la parcelle dite de l&rsquo;an IV. Elle longe le mur d&rsquo;enceinte de Philippe Auguste. Le diagnostic arch\u00e9ologique men\u00e9 en 2011 avait laiss\u00e9 esp\u00e9rer la possibilit\u00e9 d&rsquo;int\u00e9grer et de valoriser le parement ext\u00e9rieur de l&rsquo;enceinte, dont le [&hellip;]\" \/>\n<meta property=\"og:url\" content=\"https:\/\/batijournal.com\/index.php\/vestiges-de-parcelle-de-lan-iv-ne-seront-etre-conserves\/92734\/\" \/>\n<meta property=\"og:site_name\" content=\"Batijournal\" \/>\n<meta property=\"article:published_time\" content=\"2016-05-04T06:36:45+00:00\" \/>\n<meta property=\"article:modified_time\" content=\"2019-07-15T09:16:48+00:00\" \/>\n<meta property=\"og:image\" content=\"https:\/\/batijournal.com\/wp-content\/uploads\/2016\/05\/photo_fouilles_800_600.jpg\" \/>\n\t<meta property=\"og:image:width\" content=\"800\" \/>\n\t<meta property=\"og:image:height\" content=\"600\" \/>\n\t<meta property=\"og:image:type\" content=\"image\/jpeg\" \/>\n<meta name=\"author\" content=\"St\u00e9phane Miget\" \/>\n<meta name=\"twitter:card\" content=\"summary_large_image\" \/>\n<meta name=\"twitter:creator\" content=\"@bati_journal\" \/>\n<meta name=\"twitter:site\" content=\"@bati_journal\" \/>\n<meta name=\"twitter:label1\" content=\"\u00c9crit par\" \/>\n\t<meta name=\"twitter:data1\" content=\"St\u00e9phane Miget\" \/>\n\t<meta name=\"twitter:label2\" content=\"Dur\u00e9e de lecture estim\u00e9e\" \/>\n\t<meta name=\"twitter:data2\" content=\"2 minutes\" \/>\n<script type=\"application\/ld+json\" class=\"yoast-schema-graph\">{\"@context\":\"https:\\\/\\\/schema.org\",\"@graph\":[{\"@type\":\"Article\",\"@id\":\"https:\\\/\\\/batijournal.com\\\/index.php\\\/vestiges-de-parcelle-de-lan-iv-ne-seront-etre-conserves\\\/92734\\\/#article\",\"isPartOf\":{\"@id\":\"https:\\\/\\\/batijournal.com\\\/index.php\\\/vestiges-de-parcelle-de-lan-iv-ne-seront-etre-conserves\\\/92734\\\/\"},\"author\":{\"name\":\"St\u00e9phane Miget\",\"@id\":\"https:\\\/\\\/batijournal.com\\\/#\\\/schema\\\/person\\\/1dc96ec6957aa1ccb25ebe78bb19f100\"},\"headline\":\"Les vestiges de la parcelle de l&rsquo;an IV ne seront peut-\u00eatre pas conserv\u00e9s\",\"datePublished\":\"2016-05-04T06:36:45+00:00\",\"dateModified\":\"2019-07-15T09:16:48+00:00\",\"mainEntityOfPage\":{\"@id\":\"https:\\\/\\\/batijournal.com\\\/index.php\\\/vestiges-de-parcelle-de-lan-iv-ne-seront-etre-conserves\\\/92734\\\/\"},\"wordCount\":426,\"image\":{\"@id\":\"https:\\\/\\\/batijournal.com\\\/index.php\\\/vestiges-de-parcelle-de-lan-iv-ne-seront-etre-conserves\\\/92734\\\/#primaryimage\"},\"thumbnailUrl\":\"https:\\\/\\\/batijournal.com\\\/wp-content\\\/uploads\\\/2016\\\/05\\\/photo_fouilles_800_600.jpg\",\"keywords\":[\"inrap\"],\"articleSection\":[\"Architecture &amp; Conception\"],\"inLanguage\":\"fr-FR\"},{\"@type\":\"WebPage\",\"@id\":\"https:\\\/\\\/batijournal.com\\\/index.php\\\/vestiges-de-parcelle-de-lan-iv-ne-seront-etre-conserves\\\/92734\\\/\",\"url\":\"https:\\\/\\\/batijournal.com\\\/index.php\\\/vestiges-de-parcelle-de-lan-iv-ne-seront-etre-conserves\\\/92734\\\/\",\"name\":\"Les vestiges de la parcelle de l'an IV ne seront peut-\u00eatre pas conserv\u00e9s\",\"isPartOf\":{\"@id\":\"https:\\\/\\\/batijournal.com\\\/#website\"},\"primaryImageOfPage\":{\"@id\":\"https:\\\/\\\/batijournal.com\\\/index.php\\\/vestiges-de-parcelle-de-lan-iv-ne-seront-etre-conserves\\\/92734\\\/#primaryimage\"},\"image\":{\"@id\":\"https:\\\/\\\/batijournal.com\\\/index.php\\\/vestiges-de-parcelle-de-lan-iv-ne-seront-etre-conserves\\\/92734\\\/#primaryimage\"},\"thumbnailUrl\":\"https:\\\/\\\/batijournal.com\\\/wp-content\\\/uploads\\\/2016\\\/05\\\/photo_fouilles_800_600.jpg\",\"datePublished\":\"2016-05-04T06:36:45+00:00\",\"dateModified\":\"2019-07-15T09:16:48+00:00\",\"author\":{\"@id\":\"https:\\\/\\\/batijournal.com\\\/#\\\/schema\\\/person\\\/1dc96ec6957aa1ccb25ebe78bb19f100\"},\"breadcrumb\":{\"@id\":\"https:\\\/\\\/batijournal.com\\\/index.php\\\/vestiges-de-parcelle-de-lan-iv-ne-seront-etre-conserves\\\/92734\\\/#breadcrumb\"},\"inLanguage\":\"fr-FR\",\"potentialAction\":[{\"@type\":\"ReadAction\",\"target\":[\"https:\\\/\\\/batijournal.com\\\/index.php\\\/vestiges-de-parcelle-de-lan-iv-ne-seront-etre-conserves\\\/92734\\\/\"]}]},{\"@type\":\"ImageObject\",\"inLanguage\":\"fr-FR\",\"@id\":\"https:\\\/\\\/batijournal.com\\\/index.php\\\/vestiges-de-parcelle-de-lan-iv-ne-seront-etre-conserves\\\/92734\\\/#primaryimage\",\"url\":\"https:\\\/\\\/batijournal.com\\\/wp-content\\\/uploads\\\/2016\\\/05\\\/photo_fouilles_800_600.jpg\",\"contentUrl\":\"https:\\\/\\\/batijournal.com\\\/wp-content\\\/uploads\\\/2016\\\/05\\\/photo_fouilles_800_600.jpg\",\"width\":800,\"height\":600,\"caption\":\"parcelle de l'an iv\"},{\"@type\":\"BreadcrumbList\",\"@id\":\"https:\\\/\\\/batijournal.com\\\/index.php\\\/vestiges-de-parcelle-de-lan-iv-ne-seront-etre-conserves\\\/92734\\\/#breadcrumb\",\"itemListElement\":[{\"@type\":\"ListItem\",\"position\":1,\"name\":\"Accueil\",\"item\":\"https:\\\/\\\/batijournal.com\\\/\"},{\"@type\":\"ListItem\",\"position\":2,\"name\":\"Actualit\u00e9s\",\"item\":\"https:\\\/\\\/batijournal.com\\\/index.php\\\/category\\\/actualites\\\/\"},{\"@type\":\"ListItem\",\"position\":3,\"name\":\"Architecture &amp; Conception\",\"item\":\"https:\\\/\\\/batijournal.com\\\/index.php\\\/category\\\/actualites\\\/architecture-conception\\\/\"},{\"@type\":\"ListItem\",\"position\":4,\"name\":\"Les vestiges de la parcelle de l&rsquo;an IV ne seront peut-\u00eatre pas conserv\u00e9s\"}]},{\"@type\":\"WebSite\",\"@id\":\"https:\\\/\\\/batijournal.com\\\/#website\",\"url\":\"https:\\\/\\\/batijournal.com\\\/\",\"name\":\"Batijournal\",\"description\":\"L&#039;actualit\u00e9 du b\u00e2timent\",\"potentialAction\":[{\"@type\":\"SearchAction\",\"target\":{\"@type\":\"EntryPoint\",\"urlTemplate\":\"https:\\\/\\\/batijournal.com\\\/?s={search_term_string}\"},\"query-input\":{\"@type\":\"PropertyValueSpecification\",\"valueRequired\":true,\"valueName\":\"search_term_string\"}}],\"inLanguage\":\"fr-FR\"},{\"@type\":\"Person\",\"@id\":\"https:\\\/\\\/batijournal.com\\\/#\\\/schema\\\/person\\\/1dc96ec6957aa1ccb25ebe78bb19f100\",\"name\":\"St\u00e9phane Miget\",\"image\":{\"@type\":\"ImageObject\",\"inLanguage\":\"fr-FR\",\"@id\":\"https:\\\/\\\/secure.gravatar.com\\\/avatar\\\/89915563d925342126b8ef0281b93d9d7fc337043e8df017f780908eb9644451?s=96&d=mm&r=g\",\"url\":\"https:\\\/\\\/secure.gravatar.com\\\/avatar\\\/89915563d925342126b8ef0281b93d9d7fc337043e8df017f780908eb9644451?s=96&d=mm&r=g\",\"contentUrl\":\"https:\\\/\\\/secure.gravatar.com\\\/avatar\\\/89915563d925342126b8ef0281b93d9d7fc337043e8df017f780908eb9644451?s=96&d=mm&r=g\",\"caption\":\"St\u00e9phane Miget\"},\"url\":\"https:\\\/\\\/batijournal.com\\\/index.php\\\/author\\\/stephane\\\/\"}]}<\/script>\n<!-- \/ Yoast SEO plugin. -->","yoast_head_json":{"title":"Les vestiges de la parcelle de l'an IV ne seront peut-\u00eatre pas conserv\u00e9s","robots":{"index":"index","follow":"follow","max-snippet":"max-snippet:-1","max-image-preview":"max-image-preview:large","max-video-preview":"max-video-preview:-1"},"canonical":"https:\/\/batijournal.com\/index.php\/vestiges-de-parcelle-de-lan-iv-ne-seront-etre-conserves\/92734\/","og_locale":"fr_FR","og_type":"article","og_title":"Les vestiges de la parcelle de l'an IV ne seront peut-\u00eatre pas conserv\u00e9s","og_description":"L&rsquo;Institut de France a lanc\u00e9 en 2015 au coeur du 6e arrondissement de Paris la construction d&rsquo;un auditorium sur la parcelle dite de l&rsquo;an IV. Elle longe le mur d&rsquo;enceinte de Philippe Auguste. Le diagnostic arch\u00e9ologique men\u00e9 en 2011 avait laiss\u00e9 esp\u00e9rer la possibilit\u00e9 d&rsquo;int\u00e9grer et de valoriser le parement ext\u00e9rieur de l&rsquo;enceinte, dont le [&hellip;]","og_url":"https:\/\/batijournal.com\/index.php\/vestiges-de-parcelle-de-lan-iv-ne-seront-etre-conserves\/92734\/","og_site_name":"Batijournal","article_published_time":"2016-05-04T06:36:45+00:00","article_modified_time":"2019-07-15T09:16:48+00:00","og_image":[{"width":800,"height":600,"url":"https:\/\/batijournal.com\/wp-content\/uploads\/2016\/05\/photo_fouilles_800_600.jpg","type":"image\/jpeg"}],"author":"St\u00e9phane Miget","twitter_card":"summary_large_image","twitter_creator":"@bati_journal","twitter_site":"@bati_journal","twitter_misc":{"\u00c9crit par":"St\u00e9phane Miget","Dur\u00e9e de lecture estim\u00e9e":"2 minutes"},"schema":{"@context":"https:\/\/schema.org","@graph":[{"@type":"Article","@id":"https:\/\/batijournal.com\/index.php\/vestiges-de-parcelle-de-lan-iv-ne-seront-etre-conserves\/92734\/#article","isPartOf":{"@id":"https:\/\/batijournal.com\/index.php\/vestiges-de-parcelle-de-lan-iv-ne-seront-etre-conserves\/92734\/"},"author":{"name":"St\u00e9phane Miget","@id":"https:\/\/batijournal.com\/#\/schema\/person\/1dc96ec6957aa1ccb25ebe78bb19f100"},"headline":"Les vestiges de la parcelle de l&rsquo;an IV ne seront peut-\u00eatre pas conserv\u00e9s","datePublished":"2016-05-04T06:36:45+00:00","dateModified":"2019-07-15T09:16:48+00:00","mainEntityOfPage":{"@id":"https:\/\/batijournal.com\/index.php\/vestiges-de-parcelle-de-lan-iv-ne-seront-etre-conserves\/92734\/"},"wordCount":426,"image":{"@id":"https:\/\/batijournal.com\/index.php\/vestiges-de-parcelle-de-lan-iv-ne-seront-etre-conserves\/92734\/#primaryimage"},"thumbnailUrl":"https:\/\/batijournal.com\/wp-content\/uploads\/2016\/05\/photo_fouilles_800_600.jpg","keywords":["inrap"],"articleSection":["Architecture &amp; Conception"],"inLanguage":"fr-FR"},{"@type":"WebPage","@id":"https:\/\/batijournal.com\/index.php\/vestiges-de-parcelle-de-lan-iv-ne-seront-etre-conserves\/92734\/","url":"https:\/\/batijournal.com\/index.php\/vestiges-de-parcelle-de-lan-iv-ne-seront-etre-conserves\/92734\/","name":"Les vestiges de la parcelle de l'an IV ne seront peut-\u00eatre pas conserv\u00e9s","isPartOf":{"@id":"https:\/\/batijournal.com\/#website"},"primaryImageOfPage":{"@id":"https:\/\/batijournal.com\/index.php\/vestiges-de-parcelle-de-lan-iv-ne-seront-etre-conserves\/92734\/#primaryimage"},"image":{"@id":"https:\/\/batijournal.com\/index.php\/vestiges-de-parcelle-de-lan-iv-ne-seront-etre-conserves\/92734\/#primaryimage"},"thumbnailUrl":"https:\/\/batijournal.com\/wp-content\/uploads\/2016\/05\/photo_fouilles_800_600.jpg","datePublished":"2016-05-04T06:36:45+00:00","dateModified":"2019-07-15T09:16:48+00:00","author":{"@id":"https:\/\/batijournal.com\/#\/schema\/person\/1dc96ec6957aa1ccb25ebe78bb19f100"},"breadcrumb":{"@id":"https:\/\/batijournal.com\/index.php\/vestiges-de-parcelle-de-lan-iv-ne-seront-etre-conserves\/92734\/#breadcrumb"},"inLanguage":"fr-FR","potentialAction":[{"@type":"ReadAction","target":["https:\/\/batijournal.com\/index.php\/vestiges-de-parcelle-de-lan-iv-ne-seront-etre-conserves\/92734\/"]}]},{"@type":"ImageObject","inLanguage":"fr-FR","@id":"https:\/\/batijournal.com\/index.php\/vestiges-de-parcelle-de-lan-iv-ne-seront-etre-conserves\/92734\/#primaryimage","url":"https:\/\/batijournal.com\/wp-content\/uploads\/2016\/05\/photo_fouilles_800_600.jpg","contentUrl":"https:\/\/batijournal.com\/wp-content\/uploads\/2016\/05\/photo_fouilles_800_600.jpg","width":800,"height":600,"caption":"parcelle de l'an iv"},{"@type":"BreadcrumbList","@id":"https:\/\/batijournal.com\/index.php\/vestiges-de-parcelle-de-lan-iv-ne-seront-etre-conserves\/92734\/#breadcrumb","itemListElement":[{"@type":"ListItem","position":1,"name":"Accueil","item":"https:\/\/batijournal.com\/"},{"@type":"ListItem","position":2,"name":"Actualit\u00e9s","item":"https:\/\/batijournal.com\/index.php\/category\/actualites\/"},{"@type":"ListItem","position":3,"name":"Architecture &amp; Conception","item":"https:\/\/batijournal.com\/index.php\/category\/actualites\/architecture-conception\/"},{"@type":"ListItem","position":4,"name":"Les vestiges de la parcelle de l&rsquo;an IV ne seront peut-\u00eatre pas conserv\u00e9s"}]},{"@type":"WebSite","@id":"https:\/\/batijournal.com\/#website","url":"https:\/\/batijournal.com\/","name":"Batijournal","description":"L&#039;actualit\u00e9 du b\u00e2timent","potentialAction":[{"@type":"SearchAction","target":{"@type":"EntryPoint","urlTemplate":"https:\/\/batijournal.com\/?s={search_term_string}"},"query-input":{"@type":"PropertyValueSpecification","valueRequired":true,"valueName":"search_term_string"}}],"inLanguage":"fr-FR"},{"@type":"Person","@id":"https:\/\/batijournal.com\/#\/schema\/person\/1dc96ec6957aa1ccb25ebe78bb19f100","name":"St\u00e9phane Miget","image":{"@type":"ImageObject","inLanguage":"fr-FR","@id":"https:\/\/secure.gravatar.com\/avatar\/89915563d925342126b8ef0281b93d9d7fc337043e8df017f780908eb9644451?s=96&d=mm&r=g","url":"https:\/\/secure.gravatar.com\/avatar\/89915563d925342126b8ef0281b93d9d7fc337043e8df017f780908eb9644451?s=96&d=mm&r=g","contentUrl":"https:\/\/secure.gravatar.com\/avatar\/89915563d925342126b8ef0281b93d9d7fc337043e8df017f780908eb9644451?s=96&d=mm&r=g","caption":"St\u00e9phane Miget"},"url":"https:\/\/batijournal.com\/index.php\/author\/stephane\/"}]}},"_links":{"self":[{"href":"https:\/\/batijournal.com\/index.php\/wp-json\/wp\/v2\/posts\/92734","targetHints":{"allow":["GET"]}}],"collection":[{"href":"https:\/\/batijournal.com\/index.php\/wp-json\/wp\/v2\/posts"}],"about":[{"href":"https:\/\/batijournal.com\/index.php\/wp-json\/wp\/v2\/types\/post"}],"author":[{"embeddable":true,"href":"https:\/\/batijournal.com\/index.php\/wp-json\/wp\/v2\/users\/17"}],"replies":[{"embeddable":true,"href":"https:\/\/batijournal.com\/index.php\/wp-json\/wp\/v2\/comments?post=92734"}],"version-history":[{"count":0,"href":"https:\/\/batijournal.com\/index.php\/wp-json\/wp\/v2\/posts\/92734\/revisions"}],"wp:featuredmedia":[{"embeddable":true,"href":"https:\/\/batijournal.com\/index.php\/wp-json\/wp\/v2\/media\/92735"}],"wp:attachment":[{"href":"https:\/\/batijournal.com\/index.php\/wp-json\/wp\/v2\/media?parent=92734"}],"wp:term":[{"taxonomy":"category","embeddable":true,"href":"https:\/\/batijournal.com\/index.php\/wp-json\/wp\/v2\/categories?post=92734"},{"taxonomy":"post_tag","embeddable":true,"href":"https:\/\/batijournal.com\/index.php\/wp-json\/wp\/v2\/tags?post=92734"}],"curies":[{"name":"wp","href":"https:\/\/api.w.org\/{rel}","templated":true}]}}