{"id":92737,"date":"2016-05-04T09:16:35","date_gmt":"2016-05-04T07:16:35","guid":{"rendered":"http:\/\/batijournal.com\/?p=92737"},"modified":"2019-07-15T11:16:48","modified_gmt":"2019-07-15T09:16:48","slug":"restructuration-de-bibliotheque-humaniste-de-selestat","status":"publish","type":"post","link":"https:\/\/batijournal.com\/index.php\/restructuration-de-bibliotheque-humaniste-de-selestat\/92737\/","title":{"rendered":"Restructuration de la Biblioth\u00e8que Humaniste de S\u00e9lestat"},"content":{"rendered":"<p>S\u00e9lestat a \u00e9t\u00e9 l\u2019un des foyers de l\u2019humanisme rh\u00e9nan aux XVe et XVIe si\u00e8cles. La Biblioth\u00e8que Humaniste reste le t\u00e9moin de cet \u00e2ge d\u2019or dans l\u2019histoire culturelle du Rhin Sup\u00e9rieur. L\u2019ancienne Halle aux Bl\u00e9s, construite en 1840, abrite depuis 1889 ce joyau de la ville, constitu\u00e9 de la biblioth\u00e8que de l\u2019\u00e9cole latine de S\u00e9lestat, berceau de l\u2019humanisme rh\u00e9nan et de la biblioth\u00e8que personnelle de Beatus Rhenanus, grand humaniste s\u00e9lestadien, anobli par l\u2019empereur Charles Quint et ami d\u2019Erasme de Rotterdam, qui l\u00e9gua sa biblioth\u00e8que \u00e0 la ville de S\u00e9lestat en 1547. Cette derni\u00e8re a \u00e9t\u00e9 inscrite au registre de la M\u00e9moire du Monde de l\u2019UNESCO le 26 mai 2011. La Biblioth\u00e8que Humaniste conserve 450 manuscrits, 550 incunables et 2 500 imprim\u00e9s du XVIe si\u00e8cle. Y sont conserv\u00e9s de nombreux livres ayant servi de mod\u00e8les d\u2019impression \u00e0 de grandes publications de textes anciens, devenus r\u00e9f\u00e9rences dans l\u2019Europe enti\u00e8re.<\/p>\n<p>Le b\u00e2timent actuel ne permet plus de conserver dans de bonnes conditions cet ensemble de renomm\u00e9e internationale et d\u2019accueillir convenablement les publics, lecteurs comme visiteurs. La Ville de S\u00e9lestat a onc d\u00e9cid\u00e9 d&rsquo;investir dans un chantier de restructuration de sa Biblioth\u00e8que Humaniste. Le projet architectural a \u00e9t\u00e9 imagin\u00e9 par Rudy Ricciotti. Il aspire \u00e0 renforcer l\u2019enracinement de ce pr\u00e9cieux \u00e9quipement patrimonial dans le tissu des rues et places du centre-ville. La qualit\u00e9 architecturale de l\u2019extension, habill\u00e9e de gr\u00e8s rose et marqu\u00e9e par une s\u00e9rie de piliers jouant sur des effets de transparence et de lumi\u00e8re constitue un bel \u00e9quilibre entre h\u00e9ritage et modernit\u00e9. Le complet r\u00e9am\u00e9nagement int\u00e9rieur permettra de r\u00e9v\u00e9ler des espaces amples et de valoriser l\u2019aspect monumental de l\u2019\u00e9difice. La nouvelle distribution<br \/>\ndes espaces offrira, outre une souplesse d\u2019utilisation, une ind\u00e9niable qualit\u00e9 fonctionnelle garante de la s\u00e9curit\u00e9 des collections, tout en offrant un r\u00e9el confort d\u2019accueil et de visite \u00e0 l\u2019attention de tous les publics. Les travaux, men\u00e9s par l\u2019entreprise Demathieu Bard, ont d\u00e9marr\u00e9 le lundi 4 janvier 2016 et s\u2019\u00e9chelonneront sur une dur\u00e9e approximative de 2 ans. La mus\u00e9ographie a \u00e9t\u00e9 confi\u00e9e \u00e0 l\u2019atelier \u00e0 Kiko. Pendant la dur\u00e9e des travaux, l\u2019\u00e9quipe de la Biblioth\u00e8que Humaniste pr\u00e9pare activement la r\u00e9ouverture en menant de front le projet mus\u00e9ographique et la pr\u00e9paration des collections d\u2019ouvrages et d\u2019\u0153uvres d\u2019art \u00e0 leur int\u00e9gration dans les nouvelles r\u00e9serves.<br \/>\n<a href=\"http:\/\/www.selestat.fr\/focus\/suivez-le-chantier.html\" target=\"_blank\" rel=\"noopener noreferrer\">www.selestat.fr\/focus\/suivez-le-chantier.html<\/a><\/p>\n","protected":false},"excerpt":{"rendered":"<p>S\u00e9lestat a \u00e9t\u00e9 l\u2019un des foyers de l\u2019humanisme rh\u00e9nan aux XVe et XVIe si\u00e8cles. La Biblioth\u00e8que Humaniste reste le t\u00e9moin de cet \u00e2ge d\u2019or dans l\u2019histoire culturelle du Rhin Sup\u00e9rieur. L\u2019ancienne Halle aux Bl\u00e9s, construite en 1840, abrite depuis 1889 ce joyau de la ville, constitu\u00e9 de la biblioth\u00e8que de l\u2019\u00e9cole latine de S\u00e9lestat, berceau [&hellip;]<\/p>\n","protected":false},"author":17,"featured_media":92738,"comment_status":"closed","ping_status":"closed","sticky":false,"template":"","format":"standard","meta":{"_et_pb_use_builder":"","_et_pb_old_content":"","_et_gb_content_width":"","footnotes":""},"categories":[6340],"tags":[11042],"class_list":["post-92737","post","type-post","status-publish","format-standard","has-post-thumbnail","hentry","category-architecture-conception","tag-patrimoine"],"yoast_head":"<!-- This site is optimized with the Yoast SEO plugin v27.4 - https:\/\/yoast.com\/product\/yoast-seo-wordpress\/ -->\n<title>Restructuration de la Biblioth\u00e8que Humaniste de S\u00e9lestat<\/title>\n<meta name=\"robots\" content=\"index, follow, max-snippet:-1, max-image-preview:large, max-video-preview:-1\" \/>\n<link rel=\"canonical\" href=\"https:\/\/batijournal.com\/index.php\/restructuration-de-bibliotheque-humaniste-de-selestat\/92737\/\" \/>\n<meta property=\"og:locale\" content=\"fr_FR\" \/>\n<meta property=\"og:type\" content=\"article\" \/>\n<meta property=\"og:title\" content=\"Restructuration de la Biblioth\u00e8que Humaniste de S\u00e9lestat\" \/>\n<meta property=\"og:description\" content=\"S\u00e9lestat a \u00e9t\u00e9 l\u2019un des foyers de l\u2019humanisme rh\u00e9nan aux XVe et XVIe si\u00e8cles. La Biblioth\u00e8que Humaniste reste le t\u00e9moin de cet \u00e2ge d\u2019or dans l\u2019histoire culturelle du Rhin Sup\u00e9rieur. L\u2019ancienne Halle aux Bl\u00e9s, construite en 1840, abrite depuis 1889 ce joyau de la ville, constitu\u00e9 de la biblioth\u00e8que de l\u2019\u00e9cole latine de S\u00e9lestat, berceau [&hellip;]\" \/>\n<meta property=\"og:url\" content=\"https:\/\/batijournal.com\/index.php\/restructuration-de-bibliotheque-humaniste-de-selestat\/92737\/\" \/>\n<meta property=\"og:site_name\" content=\"Batijournal\" \/>\n<meta property=\"article:published_time\" content=\"2016-05-04T07:16:35+00:00\" \/>\n<meta property=\"article:modified_time\" content=\"2019-07-15T09:16:48+00:00\" \/>\n<meta property=\"og:image\" content=\"https:\/\/batijournal.com\/wp-content\/uploads\/2016\/05\/Restructuration-de-la-Bibliotheque-Humaniste-de-Selestat.png\" \/>\n\t<meta property=\"og:image:width\" content=\"1057\" \/>\n\t<meta property=\"og:image:height\" content=\"349\" \/>\n\t<meta property=\"og:image:type\" content=\"image\/png\" \/>\n<meta name=\"author\" content=\"St\u00e9phane Miget\" \/>\n<meta name=\"twitter:card\" content=\"summary_large_image\" \/>\n<meta name=\"twitter:creator\" content=\"@bati_journal\" \/>\n<meta name=\"twitter:site\" content=\"@bati_journal\" \/>\n<meta name=\"twitter:label1\" content=\"\u00c9crit par\" \/>\n\t<meta name=\"twitter:data1\" content=\"St\u00e9phane Miget\" \/>\n\t<meta name=\"twitter:label2\" content=\"Dur\u00e9e de lecture estim\u00e9e\" \/>\n\t<meta name=\"twitter:data2\" content=\"2 minutes\" \/>\n<script type=\"application\/ld+json\" class=\"yoast-schema-graph\">{\"@context\":\"https:\\\/\\\/schema.org\",\"@graph\":[{\"@type\":\"Article\",\"@id\":\"https:\\\/\\\/batijournal.com\\\/index.php\\\/restructuration-de-bibliotheque-humaniste-de-selestat\\\/92737\\\/#article\",\"isPartOf\":{\"@id\":\"https:\\\/\\\/batijournal.com\\\/index.php\\\/restructuration-de-bibliotheque-humaniste-de-selestat\\\/92737\\\/\"},\"author\":{\"name\":\"St\u00e9phane Miget\",\"@id\":\"https:\\\/\\\/batijournal.com\\\/#\\\/schema\\\/person\\\/1dc96ec6957aa1ccb25ebe78bb19f100\"},\"headline\":\"Restructuration de la Biblioth\u00e8que Humaniste de S\u00e9lestat\",\"datePublished\":\"2016-05-04T07:16:35+00:00\",\"dateModified\":\"2019-07-15T09:16:48+00:00\",\"mainEntityOfPage\":{\"@id\":\"https:\\\/\\\/batijournal.com\\\/index.php\\\/restructuration-de-bibliotheque-humaniste-de-selestat\\\/92737\\\/\"},\"wordCount\":453,\"image\":{\"@id\":\"https:\\\/\\\/batijournal.com\\\/index.php\\\/restructuration-de-bibliotheque-humaniste-de-selestat\\\/92737\\\/#primaryimage\"},\"thumbnailUrl\":\"https:\\\/\\\/batijournal.com\\\/wp-content\\\/uploads\\\/2016\\\/05\\\/Restructuration-de-la-Bibliotheque-Humaniste-de-Selestat.png\",\"keywords\":[\"patrimoine\"],\"articleSection\":[\"Architecture &amp; Conception\"],\"inLanguage\":\"fr-FR\"},{\"@type\":\"WebPage\",\"@id\":\"https:\\\/\\\/batijournal.com\\\/index.php\\\/restructuration-de-bibliotheque-humaniste-de-selestat\\\/92737\\\/\",\"url\":\"https:\\\/\\\/batijournal.com\\\/index.php\\\/restructuration-de-bibliotheque-humaniste-de-selestat\\\/92737\\\/\",\"name\":\"Restructuration de la Biblioth\u00e8que Humaniste de S\u00e9lestat\",\"isPartOf\":{\"@id\":\"https:\\\/\\\/batijournal.com\\\/#website\"},\"primaryImageOfPage\":{\"@id\":\"https:\\\/\\\/batijournal.com\\\/index.php\\\/restructuration-de-bibliotheque-humaniste-de-selestat\\\/92737\\\/#primaryimage\"},\"image\":{\"@id\":\"https:\\\/\\\/batijournal.com\\\/index.php\\\/restructuration-de-bibliotheque-humaniste-de-selestat\\\/92737\\\/#primaryimage\"},\"thumbnailUrl\":\"https:\\\/\\\/batijournal.com\\\/wp-content\\\/uploads\\\/2016\\\/05\\\/Restructuration-de-la-Bibliotheque-Humaniste-de-Selestat.png\",\"datePublished\":\"2016-05-04T07:16:35+00:00\",\"dateModified\":\"2019-07-15T09:16:48+00:00\",\"author\":{\"@id\":\"https:\\\/\\\/batijournal.com\\\/#\\\/schema\\\/person\\\/1dc96ec6957aa1ccb25ebe78bb19f100\"},\"breadcrumb\":{\"@id\":\"https:\\\/\\\/batijournal.com\\\/index.php\\\/restructuration-de-bibliotheque-humaniste-de-selestat\\\/92737\\\/#breadcrumb\"},\"inLanguage\":\"fr-FR\",\"potentialAction\":[{\"@type\":\"ReadAction\",\"target\":[\"https:\\\/\\\/batijournal.com\\\/index.php\\\/restructuration-de-bibliotheque-humaniste-de-selestat\\\/92737\\\/\"]}]},{\"@type\":\"ImageObject\",\"inLanguage\":\"fr-FR\",\"@id\":\"https:\\\/\\\/batijournal.com\\\/index.php\\\/restructuration-de-bibliotheque-humaniste-de-selestat\\\/92737\\\/#primaryimage\",\"url\":\"https:\\\/\\\/batijournal.com\\\/wp-content\\\/uploads\\\/2016\\\/05\\\/Restructuration-de-la-Bibliotheque-Humaniste-de-Selestat.png\",\"contentUrl\":\"https:\\\/\\\/batijournal.com\\\/wp-content\\\/uploads\\\/2016\\\/05\\\/Restructuration-de-la-Bibliotheque-Humaniste-de-Selestat.png\",\"width\":1057,\"height\":349,\"caption\":\"Restructuration de la Bibliotheque Humaniste de Selestat\"},{\"@type\":\"BreadcrumbList\",\"@id\":\"https:\\\/\\\/batijournal.com\\\/index.php\\\/restructuration-de-bibliotheque-humaniste-de-selestat\\\/92737\\\/#breadcrumb\",\"itemListElement\":[{\"@type\":\"ListItem\",\"position\":1,\"name\":\"Accueil\",\"item\":\"https:\\\/\\\/batijournal.com\\\/\"},{\"@type\":\"ListItem\",\"position\":2,\"name\":\"Actualit\u00e9s\",\"item\":\"https:\\\/\\\/batijournal.com\\\/index.php\\\/category\\\/actualites\\\/\"},{\"@type\":\"ListItem\",\"position\":3,\"name\":\"Architecture &amp; Conception\",\"item\":\"https:\\\/\\\/batijournal.com\\\/index.php\\\/category\\\/actualites\\\/architecture-conception\\\/\"},{\"@type\":\"ListItem\",\"position\":4,\"name\":\"Restructuration de la Biblioth\u00e8que Humaniste de S\u00e9lestat\"}]},{\"@type\":\"WebSite\",\"@id\":\"https:\\\/\\\/batijournal.com\\\/#website\",\"url\":\"https:\\\/\\\/batijournal.com\\\/\",\"name\":\"Batijournal\",\"description\":\"L&#039;actualit\u00e9 du b\u00e2timent\",\"potentialAction\":[{\"@type\":\"SearchAction\",\"target\":{\"@type\":\"EntryPoint\",\"urlTemplate\":\"https:\\\/\\\/batijournal.com\\\/?s={search_term_string}\"},\"query-input\":{\"@type\":\"PropertyValueSpecification\",\"valueRequired\":true,\"valueName\":\"search_term_string\"}}],\"inLanguage\":\"fr-FR\"},{\"@type\":\"Person\",\"@id\":\"https:\\\/\\\/batijournal.com\\\/#\\\/schema\\\/person\\\/1dc96ec6957aa1ccb25ebe78bb19f100\",\"name\":\"St\u00e9phane Miget\",\"image\":{\"@type\":\"ImageObject\",\"inLanguage\":\"fr-FR\",\"@id\":\"https:\\\/\\\/secure.gravatar.com\\\/avatar\\\/89915563d925342126b8ef0281b93d9d7fc337043e8df017f780908eb9644451?s=96&d=mm&r=g\",\"url\":\"https:\\\/\\\/secure.gravatar.com\\\/avatar\\\/89915563d925342126b8ef0281b93d9d7fc337043e8df017f780908eb9644451?s=96&d=mm&r=g\",\"contentUrl\":\"https:\\\/\\\/secure.gravatar.com\\\/avatar\\\/89915563d925342126b8ef0281b93d9d7fc337043e8df017f780908eb9644451?s=96&d=mm&r=g\",\"caption\":\"St\u00e9phane Miget\"},\"url\":\"https:\\\/\\\/batijournal.com\\\/index.php\\\/author\\\/stephane\\\/\"}]}<\/script>\n<!-- \/ Yoast SEO plugin. -->","yoast_head_json":{"title":"Restructuration de la Biblioth\u00e8que Humaniste de S\u00e9lestat","robots":{"index":"index","follow":"follow","max-snippet":"max-snippet:-1","max-image-preview":"max-image-preview:large","max-video-preview":"max-video-preview:-1"},"canonical":"https:\/\/batijournal.com\/index.php\/restructuration-de-bibliotheque-humaniste-de-selestat\/92737\/","og_locale":"fr_FR","og_type":"article","og_title":"Restructuration de la Biblioth\u00e8que Humaniste de S\u00e9lestat","og_description":"S\u00e9lestat a \u00e9t\u00e9 l\u2019un des foyers de l\u2019humanisme rh\u00e9nan aux XVe et XVIe si\u00e8cles. La Biblioth\u00e8que Humaniste reste le t\u00e9moin de cet \u00e2ge d\u2019or dans l\u2019histoire culturelle du Rhin Sup\u00e9rieur. L\u2019ancienne Halle aux Bl\u00e9s, construite en 1840, abrite depuis 1889 ce joyau de la ville, constitu\u00e9 de la biblioth\u00e8que de l\u2019\u00e9cole latine de S\u00e9lestat, berceau [&hellip;]","og_url":"https:\/\/batijournal.com\/index.php\/restructuration-de-bibliotheque-humaniste-de-selestat\/92737\/","og_site_name":"Batijournal","article_published_time":"2016-05-04T07:16:35+00:00","article_modified_time":"2019-07-15T09:16:48+00:00","og_image":[{"width":1057,"height":349,"url":"https:\/\/batijournal.com\/wp-content\/uploads\/2016\/05\/Restructuration-de-la-Bibliotheque-Humaniste-de-Selestat.png","type":"image\/png"}],"author":"St\u00e9phane Miget","twitter_card":"summary_large_image","twitter_creator":"@bati_journal","twitter_site":"@bati_journal","twitter_misc":{"\u00c9crit par":"St\u00e9phane Miget","Dur\u00e9e de lecture estim\u00e9e":"2 minutes"},"schema":{"@context":"https:\/\/schema.org","@graph":[{"@type":"Article","@id":"https:\/\/batijournal.com\/index.php\/restructuration-de-bibliotheque-humaniste-de-selestat\/92737\/#article","isPartOf":{"@id":"https:\/\/batijournal.com\/index.php\/restructuration-de-bibliotheque-humaniste-de-selestat\/92737\/"},"author":{"name":"St\u00e9phane Miget","@id":"https:\/\/batijournal.com\/#\/schema\/person\/1dc96ec6957aa1ccb25ebe78bb19f100"},"headline":"Restructuration de la Biblioth\u00e8que Humaniste de S\u00e9lestat","datePublished":"2016-05-04T07:16:35+00:00","dateModified":"2019-07-15T09:16:48+00:00","mainEntityOfPage":{"@id":"https:\/\/batijournal.com\/index.php\/restructuration-de-bibliotheque-humaniste-de-selestat\/92737\/"},"wordCount":453,"image":{"@id":"https:\/\/batijournal.com\/index.php\/restructuration-de-bibliotheque-humaniste-de-selestat\/92737\/#primaryimage"},"thumbnailUrl":"https:\/\/batijournal.com\/wp-content\/uploads\/2016\/05\/Restructuration-de-la-Bibliotheque-Humaniste-de-Selestat.png","keywords":["patrimoine"],"articleSection":["Architecture &amp; Conception"],"inLanguage":"fr-FR"},{"@type":"WebPage","@id":"https:\/\/batijournal.com\/index.php\/restructuration-de-bibliotheque-humaniste-de-selestat\/92737\/","url":"https:\/\/batijournal.com\/index.php\/restructuration-de-bibliotheque-humaniste-de-selestat\/92737\/","name":"Restructuration de la Biblioth\u00e8que Humaniste de S\u00e9lestat","isPartOf":{"@id":"https:\/\/batijournal.com\/#website"},"primaryImageOfPage":{"@id":"https:\/\/batijournal.com\/index.php\/restructuration-de-bibliotheque-humaniste-de-selestat\/92737\/#primaryimage"},"image":{"@id":"https:\/\/batijournal.com\/index.php\/restructuration-de-bibliotheque-humaniste-de-selestat\/92737\/#primaryimage"},"thumbnailUrl":"https:\/\/batijournal.com\/wp-content\/uploads\/2016\/05\/Restructuration-de-la-Bibliotheque-Humaniste-de-Selestat.png","datePublished":"2016-05-04T07:16:35+00:00","dateModified":"2019-07-15T09:16:48+00:00","author":{"@id":"https:\/\/batijournal.com\/#\/schema\/person\/1dc96ec6957aa1ccb25ebe78bb19f100"},"breadcrumb":{"@id":"https:\/\/batijournal.com\/index.php\/restructuration-de-bibliotheque-humaniste-de-selestat\/92737\/#breadcrumb"},"inLanguage":"fr-FR","potentialAction":[{"@type":"ReadAction","target":["https:\/\/batijournal.com\/index.php\/restructuration-de-bibliotheque-humaniste-de-selestat\/92737\/"]}]},{"@type":"ImageObject","inLanguage":"fr-FR","@id":"https:\/\/batijournal.com\/index.php\/restructuration-de-bibliotheque-humaniste-de-selestat\/92737\/#primaryimage","url":"https:\/\/batijournal.com\/wp-content\/uploads\/2016\/05\/Restructuration-de-la-Bibliotheque-Humaniste-de-Selestat.png","contentUrl":"https:\/\/batijournal.com\/wp-content\/uploads\/2016\/05\/Restructuration-de-la-Bibliotheque-Humaniste-de-Selestat.png","width":1057,"height":349,"caption":"Restructuration de la Bibliotheque Humaniste de Selestat"},{"@type":"BreadcrumbList","@id":"https:\/\/batijournal.com\/index.php\/restructuration-de-bibliotheque-humaniste-de-selestat\/92737\/#breadcrumb","itemListElement":[{"@type":"ListItem","position":1,"name":"Accueil","item":"https:\/\/batijournal.com\/"},{"@type":"ListItem","position":2,"name":"Actualit\u00e9s","item":"https:\/\/batijournal.com\/index.php\/category\/actualites\/"},{"@type":"ListItem","position":3,"name":"Architecture &amp; Conception","item":"https:\/\/batijournal.com\/index.php\/category\/actualites\/architecture-conception\/"},{"@type":"ListItem","position":4,"name":"Restructuration de la Biblioth\u00e8que Humaniste de S\u00e9lestat"}]},{"@type":"WebSite","@id":"https:\/\/batijournal.com\/#website","url":"https:\/\/batijournal.com\/","name":"Batijournal","description":"L&#039;actualit\u00e9 du b\u00e2timent","potentialAction":[{"@type":"SearchAction","target":{"@type":"EntryPoint","urlTemplate":"https:\/\/batijournal.com\/?s={search_term_string}"},"query-input":{"@type":"PropertyValueSpecification","valueRequired":true,"valueName":"search_term_string"}}],"inLanguage":"fr-FR"},{"@type":"Person","@id":"https:\/\/batijournal.com\/#\/schema\/person\/1dc96ec6957aa1ccb25ebe78bb19f100","name":"St\u00e9phane Miget","image":{"@type":"ImageObject","inLanguage":"fr-FR","@id":"https:\/\/secure.gravatar.com\/avatar\/89915563d925342126b8ef0281b93d9d7fc337043e8df017f780908eb9644451?s=96&d=mm&r=g","url":"https:\/\/secure.gravatar.com\/avatar\/89915563d925342126b8ef0281b93d9d7fc337043e8df017f780908eb9644451?s=96&d=mm&r=g","contentUrl":"https:\/\/secure.gravatar.com\/avatar\/89915563d925342126b8ef0281b93d9d7fc337043e8df017f780908eb9644451?s=96&d=mm&r=g","caption":"St\u00e9phane Miget"},"url":"https:\/\/batijournal.com\/index.php\/author\/stephane\/"}]}},"_links":{"self":[{"href":"https:\/\/batijournal.com\/index.php\/wp-json\/wp\/v2\/posts\/92737","targetHints":{"allow":["GET"]}}],"collection":[{"href":"https:\/\/batijournal.com\/index.php\/wp-json\/wp\/v2\/posts"}],"about":[{"href":"https:\/\/batijournal.com\/index.php\/wp-json\/wp\/v2\/types\/post"}],"author":[{"embeddable":true,"href":"https:\/\/batijournal.com\/index.php\/wp-json\/wp\/v2\/users\/17"}],"replies":[{"embeddable":true,"href":"https:\/\/batijournal.com\/index.php\/wp-json\/wp\/v2\/comments?post=92737"}],"version-history":[{"count":0,"href":"https:\/\/batijournal.com\/index.php\/wp-json\/wp\/v2\/posts\/92737\/revisions"}],"wp:featuredmedia":[{"embeddable":true,"href":"https:\/\/batijournal.com\/index.php\/wp-json\/wp\/v2\/media\/92738"}],"wp:attachment":[{"href":"https:\/\/batijournal.com\/index.php\/wp-json\/wp\/v2\/media?parent=92737"}],"wp:term":[{"taxonomy":"category","embeddable":true,"href":"https:\/\/batijournal.com\/index.php\/wp-json\/wp\/v2\/categories?post=92737"},{"taxonomy":"post_tag","embeddable":true,"href":"https:\/\/batijournal.com\/index.php\/wp-json\/wp\/v2\/tags?post=92737"}],"curies":[{"name":"wp","href":"https:\/\/api.w.org\/{rel}","templated":true}]}}