{"id":92762,"date":"2016-05-11T10:50:28","date_gmt":"2016-05-11T08:50:28","guid":{"rendered":"http:\/\/batijournal.com\/?p=92762"},"modified":"2019-07-15T11:16:47","modified_gmt":"2019-07-15T09:16:47","slug":"bourse-de-commerce-de-paris-sera-consacree-a-collection-pinault","status":"publish","type":"post","link":"https:\/\/batijournal.com\/index.php\/bourse-de-commerce-de-paris-sera-consacree-a-collection-pinault\/92762\/","title":{"rendered":"La Bourse de Commerce de Paris sera consacr\u00e9e \u00e0 la collection Pinault"},"content":{"rendered":"<p>La Bourse de Commerce est un b\u00e2timent historique parisien prestigieux associant la premi\u00e8re colonne isol\u00e9e de Paris \u00e9difi\u00e9e au XVI\u00e8me si\u00e8cle, les vestiges d\u2019une Halle au bl\u00e9 circulaire dispos\u00e9e au centre de l\u2019un des plus importants projets de lotissement parisien du XVIII\u00e8me si\u00e8cle, couverte de la premi\u00e8re coupole en fer et fonte de grande port\u00e9e du d\u00e9but du XIX\u00e8me si\u00e8cle. Cet ensemble ayant \u00e9t\u00e9 recompos\u00e9 en 1889 pour y implanter la Bourse de Commerce. Le caract\u00e8re exceptionnel de cette histoire de l\u2019innovation architecturale, parcourant plus de quatre si\u00e8cles, a justifi\u00e9 tr\u00e8s t\u00f4t la mise en place de protections monuments historiques affirmant avec force la tr\u00e8s grande qualit\u00e9 patrimoniale de l\u2019ensemble. L\u2019architecte japonais Tadao Ando a \u00e9t\u00e9 choisi par Fran\u00e7ois Pinault pour concevoir la conversion du b\u00e2timent de la Bourse de Commerce en mus\u00e9e. (Pierre-Antoine Gatier, Architecte en chef des monuments historiques)<\/p>\n<p><strong>Le projet culturel de Fran\u00e7ois Pinault s\u2019oriente autour de plusieurs axes<\/strong><\/p>\n<p>L\u2019activit\u00e9 mus\u00e9ale d\u2019abord qui se d\u00e9ploie aujourd\u2019hui sur deux sites d\u2019exception \u00e0 Venise : le Palazzo Grassi, acquis en 2005 et inaugur\u00e9 en 2006, Punta della Dogana ouverte en 2009. Ces espaces ont \u00e9t\u00e9 restaur\u00e9s et am\u00e9nag\u00e9s par l\u2019architecte japonais. Les \u0153uvres de Pinault Collection font l\u2019objet d\u2019accrochages r\u00e9guli\u00e8rement renouvel\u00e9s \u00e0 Palazzo Grassi et \u00e0 Punta della Dogana. Toutes les expositions donnent lieu \u00e0 l\u2019implication active des artistes invit\u00e9s \u00e0 cr\u00e9er des \u0153uvres in situ ou \u00e0 r\u00e9aliser des commandes sp\u00e9cifiques. Elles b\u00e9n\u00e9ficient \u00e9galement, au Teatrino, ouvert en 2013 r\u00e9alis\u00e9 par Tadao Ando, de la mise en \u0153uvre d\u2019un important programme culturel et p\u00e9dagogique dans le cadre de partenariats nou\u00e9s avec les institutions et les universit\u00e9s v\u00e9nitiennes, italiennes et internationales. Au-del\u00e0 de Venise, les \u0153uvres de la collection font r\u00e9guli\u00e8rement l\u2019objet d\u2019expositions \u00e0 travers le monde. Elles ont ainsi \u00e9t\u00e9 pr\u00e9sent\u00e9es \u00e0 Paris, Moscou, Monaco, S\u00e9oul, Lille, Dinard, Colmar, Dunkerque&#8230; et \u00e0 l\u2019automne 2016 \u00e0 Essen, au Folkwang Museum. Sollicit\u00e9e en France et \u00e0 l\u2019international par des institutions publiques et priv\u00e9es, Pinault Collection m\u00e8ne \u00e9galement une politique soutenue de pr\u00eats de ses \u0153uvres.<br \/>\nParall\u00e8lement, Pinault Collection est \u00e0 l\u2019origine d\u2019initiatives visant d\u2019une part le soutien aux artistes contemporains et d\u2019autre part la promotion de l\u2019histoire de l\u2019art moderne et contemporain. Fran\u00e7ois Pinault s\u2019est ainsi associ\u00e9 \u00e0 la Ville de Lens et \u00e0 la r\u00e9gion Nord-Pas de Calais pour cr\u00e9er une r\u00e9sidence d\u2019artistes dans l\u2019ancienne cit\u00e9 mini\u00e8re. Cette r\u00e9sidence, un presbyt\u00e8re d\u00e9saffect\u00e9, r\u00e9am\u00e9nag\u00e9e par l\u2019agence Nem-Lucie Niney et Thibault Marca, a \u00e9t\u00e9 inaugur\u00e9e en d\u00e9cembre 2015.<br \/>\nEn hommage \u00e0 son ami l\u2019historien Pierre Daix, disparu en 2014, Fran\u00e7ois Pinault a cr\u00e9\u00e9 le Prix Pierre Daix qui distingue chaque ann\u00e9e un ouvrage d\u2019histoire de l\u2019art moderne ou contemporain. En 2015, pour la premi\u00e8re \u00e9dition, ce sont Marie-Anne Lescourret et Yve-Alain Bois qui ont \u00e9t\u00e9 prim\u00e9s pour leur ouvrage respectif \u00ab Aby Warburg ou la tentation du regard \u00bb et le premier tome du catalogue raisonn\u00e9 d\u2019Elsworth Kelly.<\/p>\n<p>Photo : Xenophon75 &#8211; Wikim\u00e9dia<\/p>\n","protected":false},"excerpt":{"rendered":"<p>La Bourse de Commerce est un b\u00e2timent historique parisien prestigieux associant la premi\u00e8re colonne isol\u00e9e de Paris \u00e9difi\u00e9e au XVI\u00e8me si\u00e8cle, les vestiges d\u2019une Halle au bl\u00e9 circulaire dispos\u00e9e au centre de l\u2019un des plus importants projets de lotissement parisien du XVIII\u00e8me si\u00e8cle, couverte de la premi\u00e8re coupole en fer et fonte de grande port\u00e9e [&hellip;]<\/p>\n","protected":false},"author":17,"featured_media":92763,"comment_status":"closed","ping_status":"closed","sticky":false,"template":"","format":"standard","meta":{"_et_pb_use_builder":"","_et_pb_old_content":"","_et_gb_content_width":"","footnotes":""},"categories":[6340],"tags":[6376,3640],"class_list":["post-92762","post","type-post","status-publish","format-standard","has-post-thumbnail","hentry","category-architecture-conception","tag-monument-historique","tag-musee"],"yoast_head":"<!-- This site is optimized with the Yoast SEO plugin v27.4 - https:\/\/yoast.com\/product\/yoast-seo-wordpress\/ -->\n<title>La Bourse de Commerce de Paris sera consacr\u00e9e \u00e0 la collection Pinault<\/title>\n<meta name=\"robots\" content=\"index, follow, max-snippet:-1, max-image-preview:large, max-video-preview:-1\" \/>\n<link rel=\"canonical\" href=\"https:\/\/batijournal.com\/index.php\/bourse-de-commerce-de-paris-sera-consacree-a-collection-pinault\/92762\/\" \/>\n<meta property=\"og:locale\" content=\"fr_FR\" \/>\n<meta property=\"og:type\" content=\"article\" \/>\n<meta property=\"og:title\" content=\"La Bourse de Commerce de Paris sera consacr\u00e9e \u00e0 la collection Pinault\" \/>\n<meta property=\"og:description\" content=\"La Bourse de Commerce est un b\u00e2timent historique parisien prestigieux associant la premi\u00e8re colonne isol\u00e9e de Paris \u00e9difi\u00e9e au XVI\u00e8me si\u00e8cle, les vestiges d\u2019une Halle au bl\u00e9 circulaire dispos\u00e9e au centre de l\u2019un des plus importants projets de lotissement parisien du XVIII\u00e8me si\u00e8cle, couverte de la premi\u00e8re coupole en fer et fonte de grande port\u00e9e [&hellip;]\" \/>\n<meta property=\"og:url\" content=\"https:\/\/batijournal.com\/index.php\/bourse-de-commerce-de-paris-sera-consacree-a-collection-pinault\/92762\/\" \/>\n<meta property=\"og:site_name\" content=\"Batijournal\" \/>\n<meta property=\"article:published_time\" content=\"2016-05-11T08:50:28+00:00\" \/>\n<meta property=\"article:modified_time\" content=\"2019-07-15T09:16:47+00:00\" \/>\n<meta property=\"og:image\" content=\"https:\/\/batijournal.com\/wp-content\/uploads\/2016\/05\/Bourse_de_Commerce_de_Paris.jpg\" \/>\n\t<meta property=\"og:image:width\" content=\"800\" \/>\n\t<meta property=\"og:image:height\" content=\"450\" \/>\n\t<meta property=\"og:image:type\" content=\"image\/jpeg\" \/>\n<meta name=\"author\" content=\"St\u00e9phane Miget\" \/>\n<meta name=\"twitter:card\" content=\"summary_large_image\" \/>\n<meta name=\"twitter:creator\" content=\"@bati_journal\" \/>\n<meta name=\"twitter:site\" content=\"@bati_journal\" \/>\n<meta name=\"twitter:label1\" content=\"\u00c9crit par\" \/>\n\t<meta name=\"twitter:data1\" content=\"St\u00e9phane Miget\" \/>\n\t<meta name=\"twitter:label2\" content=\"Dur\u00e9e de lecture estim\u00e9e\" \/>\n\t<meta name=\"twitter:data2\" content=\"3 minutes\" \/>\n<script type=\"application\/ld+json\" class=\"yoast-schema-graph\">{\"@context\":\"https:\\\/\\\/schema.org\",\"@graph\":[{\"@type\":\"Article\",\"@id\":\"https:\\\/\\\/batijournal.com\\\/index.php\\\/bourse-de-commerce-de-paris-sera-consacree-a-collection-pinault\\\/92762\\\/#article\",\"isPartOf\":{\"@id\":\"https:\\\/\\\/batijournal.com\\\/index.php\\\/bourse-de-commerce-de-paris-sera-consacree-a-collection-pinault\\\/92762\\\/\"},\"author\":{\"name\":\"St\u00e9phane Miget\",\"@id\":\"https:\\\/\\\/batijournal.com\\\/#\\\/schema\\\/person\\\/1dc96ec6957aa1ccb25ebe78bb19f100\"},\"headline\":\"La Bourse de Commerce de Paris sera consacr\u00e9e \u00e0 la collection Pinault\",\"datePublished\":\"2016-05-11T08:50:28+00:00\",\"dateModified\":\"2019-07-15T09:16:47+00:00\",\"mainEntityOfPage\":{\"@id\":\"https:\\\/\\\/batijournal.com\\\/index.php\\\/bourse-de-commerce-de-paris-sera-consacree-a-collection-pinault\\\/92762\\\/\"},\"wordCount\":569,\"image\":{\"@id\":\"https:\\\/\\\/batijournal.com\\\/index.php\\\/bourse-de-commerce-de-paris-sera-consacree-a-collection-pinault\\\/92762\\\/#primaryimage\"},\"thumbnailUrl\":\"https:\\\/\\\/batijournal.com\\\/wp-content\\\/uploads\\\/2016\\\/05\\\/Bourse_de_Commerce_de_Paris.jpg\",\"keywords\":[\"monument historique\",\"mus\u00e9e\"],\"articleSection\":[\"Architecture &amp; Conception\"],\"inLanguage\":\"fr-FR\"},{\"@type\":\"WebPage\",\"@id\":\"https:\\\/\\\/batijournal.com\\\/index.php\\\/bourse-de-commerce-de-paris-sera-consacree-a-collection-pinault\\\/92762\\\/\",\"url\":\"https:\\\/\\\/batijournal.com\\\/index.php\\\/bourse-de-commerce-de-paris-sera-consacree-a-collection-pinault\\\/92762\\\/\",\"name\":\"La Bourse de Commerce de Paris sera consacr\u00e9e \u00e0 la collection Pinault\",\"isPartOf\":{\"@id\":\"https:\\\/\\\/batijournal.com\\\/#website\"},\"primaryImageOfPage\":{\"@id\":\"https:\\\/\\\/batijournal.com\\\/index.php\\\/bourse-de-commerce-de-paris-sera-consacree-a-collection-pinault\\\/92762\\\/#primaryimage\"},\"image\":{\"@id\":\"https:\\\/\\\/batijournal.com\\\/index.php\\\/bourse-de-commerce-de-paris-sera-consacree-a-collection-pinault\\\/92762\\\/#primaryimage\"},\"thumbnailUrl\":\"https:\\\/\\\/batijournal.com\\\/wp-content\\\/uploads\\\/2016\\\/05\\\/Bourse_de_Commerce_de_Paris.jpg\",\"datePublished\":\"2016-05-11T08:50:28+00:00\",\"dateModified\":\"2019-07-15T09:16:47+00:00\",\"author\":{\"@id\":\"https:\\\/\\\/batijournal.com\\\/#\\\/schema\\\/person\\\/1dc96ec6957aa1ccb25ebe78bb19f100\"},\"breadcrumb\":{\"@id\":\"https:\\\/\\\/batijournal.com\\\/index.php\\\/bourse-de-commerce-de-paris-sera-consacree-a-collection-pinault\\\/92762\\\/#breadcrumb\"},\"inLanguage\":\"fr-FR\",\"potentialAction\":[{\"@type\":\"ReadAction\",\"target\":[\"https:\\\/\\\/batijournal.com\\\/index.php\\\/bourse-de-commerce-de-paris-sera-consacree-a-collection-pinault\\\/92762\\\/\"]}]},{\"@type\":\"ImageObject\",\"inLanguage\":\"fr-FR\",\"@id\":\"https:\\\/\\\/batijournal.com\\\/index.php\\\/bourse-de-commerce-de-paris-sera-consacree-a-collection-pinault\\\/92762\\\/#primaryimage\",\"url\":\"https:\\\/\\\/batijournal.com\\\/wp-content\\\/uploads\\\/2016\\\/05\\\/Bourse_de_Commerce_de_Paris.jpg\",\"contentUrl\":\"https:\\\/\\\/batijournal.com\\\/wp-content\\\/uploads\\\/2016\\\/05\\\/Bourse_de_Commerce_de_Paris.jpg\",\"width\":800,\"height\":450,\"caption\":\"Bourse de commerce de Paris\"},{\"@type\":\"BreadcrumbList\",\"@id\":\"https:\\\/\\\/batijournal.com\\\/index.php\\\/bourse-de-commerce-de-paris-sera-consacree-a-collection-pinault\\\/92762\\\/#breadcrumb\",\"itemListElement\":[{\"@type\":\"ListItem\",\"position\":1,\"name\":\"Accueil\",\"item\":\"https:\\\/\\\/batijournal.com\\\/\"},{\"@type\":\"ListItem\",\"position\":2,\"name\":\"Actualit\u00e9s\",\"item\":\"https:\\\/\\\/batijournal.com\\\/index.php\\\/category\\\/actualites\\\/\"},{\"@type\":\"ListItem\",\"position\":3,\"name\":\"Architecture &amp; Conception\",\"item\":\"https:\\\/\\\/batijournal.com\\\/index.php\\\/category\\\/actualites\\\/architecture-conception\\\/\"},{\"@type\":\"ListItem\",\"position\":4,\"name\":\"La Bourse de Commerce de Paris sera consacr\u00e9e \u00e0 la collection Pinault\"}]},{\"@type\":\"WebSite\",\"@id\":\"https:\\\/\\\/batijournal.com\\\/#website\",\"url\":\"https:\\\/\\\/batijournal.com\\\/\",\"name\":\"Batijournal\",\"description\":\"L&#039;actualit\u00e9 du b\u00e2timent\",\"potentialAction\":[{\"@type\":\"SearchAction\",\"target\":{\"@type\":\"EntryPoint\",\"urlTemplate\":\"https:\\\/\\\/batijournal.com\\\/?s={search_term_string}\"},\"query-input\":{\"@type\":\"PropertyValueSpecification\",\"valueRequired\":true,\"valueName\":\"search_term_string\"}}],\"inLanguage\":\"fr-FR\"},{\"@type\":\"Person\",\"@id\":\"https:\\\/\\\/batijournal.com\\\/#\\\/schema\\\/person\\\/1dc96ec6957aa1ccb25ebe78bb19f100\",\"name\":\"St\u00e9phane Miget\",\"image\":{\"@type\":\"ImageObject\",\"inLanguage\":\"fr-FR\",\"@id\":\"https:\\\/\\\/secure.gravatar.com\\\/avatar\\\/89915563d925342126b8ef0281b93d9d7fc337043e8df017f780908eb9644451?s=96&d=mm&r=g\",\"url\":\"https:\\\/\\\/secure.gravatar.com\\\/avatar\\\/89915563d925342126b8ef0281b93d9d7fc337043e8df017f780908eb9644451?s=96&d=mm&r=g\",\"contentUrl\":\"https:\\\/\\\/secure.gravatar.com\\\/avatar\\\/89915563d925342126b8ef0281b93d9d7fc337043e8df017f780908eb9644451?s=96&d=mm&r=g\",\"caption\":\"St\u00e9phane Miget\"},\"url\":\"https:\\\/\\\/batijournal.com\\\/index.php\\\/author\\\/stephane\\\/\"}]}<\/script>\n<!-- \/ Yoast SEO plugin. -->","yoast_head_json":{"title":"La Bourse de Commerce de Paris sera consacr\u00e9e \u00e0 la collection Pinault","robots":{"index":"index","follow":"follow","max-snippet":"max-snippet:-1","max-image-preview":"max-image-preview:large","max-video-preview":"max-video-preview:-1"},"canonical":"https:\/\/batijournal.com\/index.php\/bourse-de-commerce-de-paris-sera-consacree-a-collection-pinault\/92762\/","og_locale":"fr_FR","og_type":"article","og_title":"La Bourse de Commerce de Paris sera consacr\u00e9e \u00e0 la collection Pinault","og_description":"La Bourse de Commerce est un b\u00e2timent historique parisien prestigieux associant la premi\u00e8re colonne isol\u00e9e de Paris \u00e9difi\u00e9e au XVI\u00e8me si\u00e8cle, les vestiges d\u2019une Halle au bl\u00e9 circulaire dispos\u00e9e au centre de l\u2019un des plus importants projets de lotissement parisien du XVIII\u00e8me si\u00e8cle, couverte de la premi\u00e8re coupole en fer et fonte de grande port\u00e9e [&hellip;]","og_url":"https:\/\/batijournal.com\/index.php\/bourse-de-commerce-de-paris-sera-consacree-a-collection-pinault\/92762\/","og_site_name":"Batijournal","article_published_time":"2016-05-11T08:50:28+00:00","article_modified_time":"2019-07-15T09:16:47+00:00","og_image":[{"width":800,"height":450,"url":"https:\/\/batijournal.com\/wp-content\/uploads\/2016\/05\/Bourse_de_Commerce_de_Paris.jpg","type":"image\/jpeg"}],"author":"St\u00e9phane Miget","twitter_card":"summary_large_image","twitter_creator":"@bati_journal","twitter_site":"@bati_journal","twitter_misc":{"\u00c9crit par":"St\u00e9phane Miget","Dur\u00e9e de lecture estim\u00e9e":"3 minutes"},"schema":{"@context":"https:\/\/schema.org","@graph":[{"@type":"Article","@id":"https:\/\/batijournal.com\/index.php\/bourse-de-commerce-de-paris-sera-consacree-a-collection-pinault\/92762\/#article","isPartOf":{"@id":"https:\/\/batijournal.com\/index.php\/bourse-de-commerce-de-paris-sera-consacree-a-collection-pinault\/92762\/"},"author":{"name":"St\u00e9phane Miget","@id":"https:\/\/batijournal.com\/#\/schema\/person\/1dc96ec6957aa1ccb25ebe78bb19f100"},"headline":"La Bourse de Commerce de Paris sera consacr\u00e9e \u00e0 la collection Pinault","datePublished":"2016-05-11T08:50:28+00:00","dateModified":"2019-07-15T09:16:47+00:00","mainEntityOfPage":{"@id":"https:\/\/batijournal.com\/index.php\/bourse-de-commerce-de-paris-sera-consacree-a-collection-pinault\/92762\/"},"wordCount":569,"image":{"@id":"https:\/\/batijournal.com\/index.php\/bourse-de-commerce-de-paris-sera-consacree-a-collection-pinault\/92762\/#primaryimage"},"thumbnailUrl":"https:\/\/batijournal.com\/wp-content\/uploads\/2016\/05\/Bourse_de_Commerce_de_Paris.jpg","keywords":["monument historique","mus\u00e9e"],"articleSection":["Architecture &amp; Conception"],"inLanguage":"fr-FR"},{"@type":"WebPage","@id":"https:\/\/batijournal.com\/index.php\/bourse-de-commerce-de-paris-sera-consacree-a-collection-pinault\/92762\/","url":"https:\/\/batijournal.com\/index.php\/bourse-de-commerce-de-paris-sera-consacree-a-collection-pinault\/92762\/","name":"La Bourse de Commerce de Paris sera consacr\u00e9e \u00e0 la collection Pinault","isPartOf":{"@id":"https:\/\/batijournal.com\/#website"},"primaryImageOfPage":{"@id":"https:\/\/batijournal.com\/index.php\/bourse-de-commerce-de-paris-sera-consacree-a-collection-pinault\/92762\/#primaryimage"},"image":{"@id":"https:\/\/batijournal.com\/index.php\/bourse-de-commerce-de-paris-sera-consacree-a-collection-pinault\/92762\/#primaryimage"},"thumbnailUrl":"https:\/\/batijournal.com\/wp-content\/uploads\/2016\/05\/Bourse_de_Commerce_de_Paris.jpg","datePublished":"2016-05-11T08:50:28+00:00","dateModified":"2019-07-15T09:16:47+00:00","author":{"@id":"https:\/\/batijournal.com\/#\/schema\/person\/1dc96ec6957aa1ccb25ebe78bb19f100"},"breadcrumb":{"@id":"https:\/\/batijournal.com\/index.php\/bourse-de-commerce-de-paris-sera-consacree-a-collection-pinault\/92762\/#breadcrumb"},"inLanguage":"fr-FR","potentialAction":[{"@type":"ReadAction","target":["https:\/\/batijournal.com\/index.php\/bourse-de-commerce-de-paris-sera-consacree-a-collection-pinault\/92762\/"]}]},{"@type":"ImageObject","inLanguage":"fr-FR","@id":"https:\/\/batijournal.com\/index.php\/bourse-de-commerce-de-paris-sera-consacree-a-collection-pinault\/92762\/#primaryimage","url":"https:\/\/batijournal.com\/wp-content\/uploads\/2016\/05\/Bourse_de_Commerce_de_Paris.jpg","contentUrl":"https:\/\/batijournal.com\/wp-content\/uploads\/2016\/05\/Bourse_de_Commerce_de_Paris.jpg","width":800,"height":450,"caption":"Bourse de commerce de Paris"},{"@type":"BreadcrumbList","@id":"https:\/\/batijournal.com\/index.php\/bourse-de-commerce-de-paris-sera-consacree-a-collection-pinault\/92762\/#breadcrumb","itemListElement":[{"@type":"ListItem","position":1,"name":"Accueil","item":"https:\/\/batijournal.com\/"},{"@type":"ListItem","position":2,"name":"Actualit\u00e9s","item":"https:\/\/batijournal.com\/index.php\/category\/actualites\/"},{"@type":"ListItem","position":3,"name":"Architecture &amp; Conception","item":"https:\/\/batijournal.com\/index.php\/category\/actualites\/architecture-conception\/"},{"@type":"ListItem","position":4,"name":"La Bourse de Commerce de Paris sera consacr\u00e9e \u00e0 la collection Pinault"}]},{"@type":"WebSite","@id":"https:\/\/batijournal.com\/#website","url":"https:\/\/batijournal.com\/","name":"Batijournal","description":"L&#039;actualit\u00e9 du b\u00e2timent","potentialAction":[{"@type":"SearchAction","target":{"@type":"EntryPoint","urlTemplate":"https:\/\/batijournal.com\/?s={search_term_string}"},"query-input":{"@type":"PropertyValueSpecification","valueRequired":true,"valueName":"search_term_string"}}],"inLanguage":"fr-FR"},{"@type":"Person","@id":"https:\/\/batijournal.com\/#\/schema\/person\/1dc96ec6957aa1ccb25ebe78bb19f100","name":"St\u00e9phane Miget","image":{"@type":"ImageObject","inLanguage":"fr-FR","@id":"https:\/\/secure.gravatar.com\/avatar\/89915563d925342126b8ef0281b93d9d7fc337043e8df017f780908eb9644451?s=96&d=mm&r=g","url":"https:\/\/secure.gravatar.com\/avatar\/89915563d925342126b8ef0281b93d9d7fc337043e8df017f780908eb9644451?s=96&d=mm&r=g","contentUrl":"https:\/\/secure.gravatar.com\/avatar\/89915563d925342126b8ef0281b93d9d7fc337043e8df017f780908eb9644451?s=96&d=mm&r=g","caption":"St\u00e9phane Miget"},"url":"https:\/\/batijournal.com\/index.php\/author\/stephane\/"}]}},"_links":{"self":[{"href":"https:\/\/batijournal.com\/index.php\/wp-json\/wp\/v2\/posts\/92762","targetHints":{"allow":["GET"]}}],"collection":[{"href":"https:\/\/batijournal.com\/index.php\/wp-json\/wp\/v2\/posts"}],"about":[{"href":"https:\/\/batijournal.com\/index.php\/wp-json\/wp\/v2\/types\/post"}],"author":[{"embeddable":true,"href":"https:\/\/batijournal.com\/index.php\/wp-json\/wp\/v2\/users\/17"}],"replies":[{"embeddable":true,"href":"https:\/\/batijournal.com\/index.php\/wp-json\/wp\/v2\/comments?post=92762"}],"version-history":[{"count":0,"href":"https:\/\/batijournal.com\/index.php\/wp-json\/wp\/v2\/posts\/92762\/revisions"}],"wp:featuredmedia":[{"embeddable":true,"href":"https:\/\/batijournal.com\/index.php\/wp-json\/wp\/v2\/media\/92763"}],"wp:attachment":[{"href":"https:\/\/batijournal.com\/index.php\/wp-json\/wp\/v2\/media?parent=92762"}],"wp:term":[{"taxonomy":"category","embeddable":true,"href":"https:\/\/batijournal.com\/index.php\/wp-json\/wp\/v2\/categories?post=92762"},{"taxonomy":"post_tag","embeddable":true,"href":"https:\/\/batijournal.com\/index.php\/wp-json\/wp\/v2\/tags?post=92762"}],"curies":[{"name":"wp","href":"https:\/\/api.w.org\/{rel}","templated":true}]}}