{"id":92775,"date":"2016-05-12T08:29:51","date_gmt":"2016-05-12T06:29:51","guid":{"rendered":"http:\/\/batijournal.com\/?p=92775"},"modified":"2019-07-15T11:16:47","modified_gmt":"2019-07-15T09:16:47","slug":"apres-18-mois-de-travaux-maison-de-colette-souvre-public","status":"publish","type":"post","link":"https:\/\/batijournal.com\/index.php\/apres-18-mois-de-travaux-maison-de-colette-souvre-public\/92775\/","title":{"rendered":"Apr\u00e8s 18 mois de travaux, la maison de Colette s&rsquo;ouvre au public"},"content":{"rendered":"<p>La maison natale de l\u2019\u00e9crivaine, rachet\u00e9e en 2011 par l\u2019Association \u00ab La Maison de Colette \u00bb, sera inaugur\u00e9e officiellement le samedi 21 mai 2016, apr\u00e8s 18 mois de travaux et 5 ans apr\u00e8s le d\u00e9but de la mobilisation men\u00e9e pour la racheter et la r\u00e9habiliter. Ce sera d\u00e9sormais un lieu de culture, ouvert \u00e0 tous, tout au long de l\u2019ann\u00e9e. Le chantier a \u00e9t\u00e9 men\u00e9 par Pascal Prunet, architecte en chef des monuments historiques, et par Fran\u00e7oise Phiquepal, architecte-paysagiste, avec le souci de retrouver fid\u00e8lement les espaces, en r\u00e9utilisant des mat\u00e9riaux et des techniques de l\u2019\u00e9poque. Jacques Grange, passionn\u00e9 de Colette dont il habite l\u2019ancien appartement au Palais Royal, en a supervis\u00e9 l\u2019am\u00e9nagement. Mieux qu\u2019une simple maison d\u2019\u00e9crivain, la maison natale de Colette est la gen\u00e8se de sa cr\u00e9ation litt\u00e9raire. Sa r\u00e9habilitation et son am\u00e9nagement permettent au grand public, et notamment aux plus jeunes, de d\u00e9couvrir ou red\u00e9couvrir la vie et l\u2019\u0153uvre de celle qui, toute sa vie, resta fid\u00e8le \u00e0 un pays, la Puisaye, et \u00e0 une r\u00e9gion, la Bourgogne.<\/p>\n<p>Accueillis dans la cour de la maison, les visiteurs sont conduits dans le jardin \u00ab d\u2019en face \u00bb qui offre le premier point de vue sur la maison, son perron boiteux, sa grille de fer forg\u00e9. Comme la jeune Colette \u00e0 son retour de l\u2019\u00e9cole, ils d\u00e9couvrent la salle \u00e0 manger, le salon avec sa table de jeu et son piano o\u00f9 tous les enfants se relaient, la chambre des parents o\u00f9 la pr\u00e9sence de Sido est encore palpable, la chambre de Colette enfant, son froid carrelage rouge et sa natte de roseaux tress\u00e9s. \u00c0 l\u2019\u00e9tage on d\u00e9couvre dans le bureau du Capitaine, revues et livres partout diss\u00e9min\u00e9s, et la chambre de Juliette, avant de redescendre vers la cuisine humer les nourritures dont le sucre et le sel coulent encore entre les mots de l\u2019\u00e9crivain. Enfin, la terrasse dall\u00e9e, recouverte de glycine et de bignonier, entra\u00eene le visiteur vers le jardin, v\u00e9ritable c\u0153ur de la maison o\u00f9 se d\u00e9ploient l\u2019amour et la connaissance universelle que la m\u00e8re l\u00e8guera \u00e0 l\u2019enfant : rosiers et iris de toutes sortes, pens\u00e9es et lauriers, arbres fruitiers, le chaud potager et la m\u00eame glycine deux fois centenaire qui arrache la grille au fond du jardin.<\/p>\n<p><a href=\"http:\/\/maisondecolette.fr\" target=\"_blank\" rel=\"noopener noreferrer\">maisondecolette.fr<\/a><\/p>\n","protected":false},"excerpt":{"rendered":"<p>La maison natale de l\u2019\u00e9crivaine, rachet\u00e9e en 2011 par l\u2019Association \u00ab La Maison de Colette \u00bb, sera inaugur\u00e9e officiellement le samedi 21 mai 2016, apr\u00e8s 18 mois de travaux et 5 ans apr\u00e8s le d\u00e9but de la mobilisation men\u00e9e pour la racheter et la r\u00e9habiliter. Ce sera d\u00e9sormais un lieu de culture, ouvert \u00e0 tous, [&hellip;]<\/p>\n","protected":false},"author":17,"featured_media":92776,"comment_status":"closed","ping_status":"closed","sticky":false,"template":"","format":"standard","meta":{"_et_pb_use_builder":"","_et_pb_old_content":"","_et_gb_content_width":"","footnotes":""},"categories":[6340],"tags":[8393,1308],"class_list":["post-92775","post","type-post","status-publish","format-standard","has-post-thumbnail","hentry","category-architecture-conception","tag-les-maisons-des-illustres","tag-restauration"],"yoast_head":"<!-- This site is optimized with the Yoast SEO plugin v27.4 - https:\/\/yoast.com\/product\/yoast-seo-wordpress\/ -->\n<title>Apr\u00e8s 18 mois de travaux, la maison de Colette s&#039;ouvre au public<\/title>\n<meta name=\"robots\" content=\"index, follow, max-snippet:-1, max-image-preview:large, max-video-preview:-1\" \/>\n<link rel=\"canonical\" href=\"https:\/\/batijournal.com\/index.php\/apres-18-mois-de-travaux-maison-de-colette-souvre-public\/92775\/\" \/>\n<meta property=\"og:locale\" content=\"fr_FR\" \/>\n<meta property=\"og:type\" content=\"article\" \/>\n<meta property=\"og:title\" content=\"Apr\u00e8s 18 mois de travaux, la maison de Colette s&#039;ouvre au public\" \/>\n<meta property=\"og:description\" content=\"La maison natale de l\u2019\u00e9crivaine, rachet\u00e9e en 2011 par l\u2019Association \u00ab La Maison de Colette \u00bb, sera inaugur\u00e9e officiellement le samedi 21 mai 2016, apr\u00e8s 18 mois de travaux et 5 ans apr\u00e8s le d\u00e9but de la mobilisation men\u00e9e pour la racheter et la r\u00e9habiliter. Ce sera d\u00e9sormais un lieu de culture, ouvert \u00e0 tous, [&hellip;]\" \/>\n<meta property=\"og:url\" content=\"https:\/\/batijournal.com\/index.php\/apres-18-mois-de-travaux-maison-de-colette-souvre-public\/92775\/\" \/>\n<meta property=\"og:site_name\" content=\"Batijournal\" \/>\n<meta property=\"article:published_time\" content=\"2016-05-12T06:29:51+00:00\" \/>\n<meta property=\"article:modified_time\" content=\"2019-07-15T09:16:47+00:00\" \/>\n<meta property=\"og:image\" content=\"https:\/\/batijournal.com\/wp-content\/uploads\/2016\/05\/maison-de-colette.png\" \/>\n\t<meta property=\"og:image:width\" content=\"1149\" \/>\n\t<meta property=\"og:image:height\" content=\"771\" \/>\n\t<meta property=\"og:image:type\" content=\"image\/png\" \/>\n<meta name=\"author\" content=\"St\u00e9phane Miget\" \/>\n<meta name=\"twitter:card\" content=\"summary_large_image\" \/>\n<meta name=\"twitter:creator\" content=\"@bati_journal\" \/>\n<meta name=\"twitter:site\" content=\"@bati_journal\" \/>\n<meta name=\"twitter:label1\" content=\"\u00c9crit par\" \/>\n\t<meta name=\"twitter:data1\" content=\"St\u00e9phane Miget\" \/>\n\t<meta name=\"twitter:label2\" content=\"Dur\u00e9e de lecture estim\u00e9e\" \/>\n\t<meta name=\"twitter:data2\" content=\"2 minutes\" \/>\n<script type=\"application\/ld+json\" class=\"yoast-schema-graph\">{\"@context\":\"https:\\\/\\\/schema.org\",\"@graph\":[{\"@type\":\"Article\",\"@id\":\"https:\\\/\\\/batijournal.com\\\/index.php\\\/apres-18-mois-de-travaux-maison-de-colette-souvre-public\\\/92775\\\/#article\",\"isPartOf\":{\"@id\":\"https:\\\/\\\/batijournal.com\\\/index.php\\\/apres-18-mois-de-travaux-maison-de-colette-souvre-public\\\/92775\\\/\"},\"author\":{\"name\":\"St\u00e9phane Miget\",\"@id\":\"https:\\\/\\\/batijournal.com\\\/#\\\/schema\\\/person\\\/1dc96ec6957aa1ccb25ebe78bb19f100\"},\"headline\":\"Apr\u00e8s 18 mois de travaux, la maison de Colette s&rsquo;ouvre au public\",\"datePublished\":\"2016-05-12T06:29:51+00:00\",\"dateModified\":\"2019-07-15T09:16:47+00:00\",\"mainEntityOfPage\":{\"@id\":\"https:\\\/\\\/batijournal.com\\\/index.php\\\/apres-18-mois-de-travaux-maison-de-colette-souvre-public\\\/92775\\\/\"},\"wordCount\":422,\"image\":{\"@id\":\"https:\\\/\\\/batijournal.com\\\/index.php\\\/apres-18-mois-de-travaux-maison-de-colette-souvre-public\\\/92775\\\/#primaryimage\"},\"thumbnailUrl\":\"https:\\\/\\\/batijournal.com\\\/wp-content\\\/uploads\\\/2016\\\/05\\\/maison-de-colette.png\",\"keywords\":[\"les maisons des illustres\",\"restauration\"],\"articleSection\":[\"Architecture &amp; Conception\"],\"inLanguage\":\"fr-FR\"},{\"@type\":\"WebPage\",\"@id\":\"https:\\\/\\\/batijournal.com\\\/index.php\\\/apres-18-mois-de-travaux-maison-de-colette-souvre-public\\\/92775\\\/\",\"url\":\"https:\\\/\\\/batijournal.com\\\/index.php\\\/apres-18-mois-de-travaux-maison-de-colette-souvre-public\\\/92775\\\/\",\"name\":\"Apr\u00e8s 18 mois de travaux, la maison de Colette s'ouvre au public\",\"isPartOf\":{\"@id\":\"https:\\\/\\\/batijournal.com\\\/#website\"},\"primaryImageOfPage\":{\"@id\":\"https:\\\/\\\/batijournal.com\\\/index.php\\\/apres-18-mois-de-travaux-maison-de-colette-souvre-public\\\/92775\\\/#primaryimage\"},\"image\":{\"@id\":\"https:\\\/\\\/batijournal.com\\\/index.php\\\/apres-18-mois-de-travaux-maison-de-colette-souvre-public\\\/92775\\\/#primaryimage\"},\"thumbnailUrl\":\"https:\\\/\\\/batijournal.com\\\/wp-content\\\/uploads\\\/2016\\\/05\\\/maison-de-colette.png\",\"datePublished\":\"2016-05-12T06:29:51+00:00\",\"dateModified\":\"2019-07-15T09:16:47+00:00\",\"author\":{\"@id\":\"https:\\\/\\\/batijournal.com\\\/#\\\/schema\\\/person\\\/1dc96ec6957aa1ccb25ebe78bb19f100\"},\"breadcrumb\":{\"@id\":\"https:\\\/\\\/batijournal.com\\\/index.php\\\/apres-18-mois-de-travaux-maison-de-colette-souvre-public\\\/92775\\\/#breadcrumb\"},\"inLanguage\":\"fr-FR\",\"potentialAction\":[{\"@type\":\"ReadAction\",\"target\":[\"https:\\\/\\\/batijournal.com\\\/index.php\\\/apres-18-mois-de-travaux-maison-de-colette-souvre-public\\\/92775\\\/\"]}]},{\"@type\":\"ImageObject\",\"inLanguage\":\"fr-FR\",\"@id\":\"https:\\\/\\\/batijournal.com\\\/index.php\\\/apres-18-mois-de-travaux-maison-de-colette-souvre-public\\\/92775\\\/#primaryimage\",\"url\":\"https:\\\/\\\/batijournal.com\\\/wp-content\\\/uploads\\\/2016\\\/05\\\/maison-de-colette.png\",\"contentUrl\":\"https:\\\/\\\/batijournal.com\\\/wp-content\\\/uploads\\\/2016\\\/05\\\/maison-de-colette.png\",\"width\":1149,\"height\":771},{\"@type\":\"BreadcrumbList\",\"@id\":\"https:\\\/\\\/batijournal.com\\\/index.php\\\/apres-18-mois-de-travaux-maison-de-colette-souvre-public\\\/92775\\\/#breadcrumb\",\"itemListElement\":[{\"@type\":\"ListItem\",\"position\":1,\"name\":\"Accueil\",\"item\":\"https:\\\/\\\/batijournal.com\\\/\"},{\"@type\":\"ListItem\",\"position\":2,\"name\":\"Actualit\u00e9s\",\"item\":\"https:\\\/\\\/batijournal.com\\\/index.php\\\/category\\\/actualites\\\/\"},{\"@type\":\"ListItem\",\"position\":3,\"name\":\"Architecture &amp; Conception\",\"item\":\"https:\\\/\\\/batijournal.com\\\/index.php\\\/category\\\/actualites\\\/architecture-conception\\\/\"},{\"@type\":\"ListItem\",\"position\":4,\"name\":\"Apr\u00e8s 18 mois de travaux, la maison de Colette s&rsquo;ouvre au public\"}]},{\"@type\":\"WebSite\",\"@id\":\"https:\\\/\\\/batijournal.com\\\/#website\",\"url\":\"https:\\\/\\\/batijournal.com\\\/\",\"name\":\"Batijournal\",\"description\":\"L&#039;actualit\u00e9 du b\u00e2timent\",\"potentialAction\":[{\"@type\":\"SearchAction\",\"target\":{\"@type\":\"EntryPoint\",\"urlTemplate\":\"https:\\\/\\\/batijournal.com\\\/?s={search_term_string}\"},\"query-input\":{\"@type\":\"PropertyValueSpecification\",\"valueRequired\":true,\"valueName\":\"search_term_string\"}}],\"inLanguage\":\"fr-FR\"},{\"@type\":\"Person\",\"@id\":\"https:\\\/\\\/batijournal.com\\\/#\\\/schema\\\/person\\\/1dc96ec6957aa1ccb25ebe78bb19f100\",\"name\":\"St\u00e9phane Miget\",\"image\":{\"@type\":\"ImageObject\",\"inLanguage\":\"fr-FR\",\"@id\":\"https:\\\/\\\/secure.gravatar.com\\\/avatar\\\/89915563d925342126b8ef0281b93d9d7fc337043e8df017f780908eb9644451?s=96&d=mm&r=g\",\"url\":\"https:\\\/\\\/secure.gravatar.com\\\/avatar\\\/89915563d925342126b8ef0281b93d9d7fc337043e8df017f780908eb9644451?s=96&d=mm&r=g\",\"contentUrl\":\"https:\\\/\\\/secure.gravatar.com\\\/avatar\\\/89915563d925342126b8ef0281b93d9d7fc337043e8df017f780908eb9644451?s=96&d=mm&r=g\",\"caption\":\"St\u00e9phane Miget\"},\"url\":\"https:\\\/\\\/batijournal.com\\\/index.php\\\/author\\\/stephane\\\/\"}]}<\/script>\n<!-- \/ Yoast SEO plugin. -->","yoast_head_json":{"title":"Apr\u00e8s 18 mois de travaux, la maison de Colette s'ouvre au public","robots":{"index":"index","follow":"follow","max-snippet":"max-snippet:-1","max-image-preview":"max-image-preview:large","max-video-preview":"max-video-preview:-1"},"canonical":"https:\/\/batijournal.com\/index.php\/apres-18-mois-de-travaux-maison-de-colette-souvre-public\/92775\/","og_locale":"fr_FR","og_type":"article","og_title":"Apr\u00e8s 18 mois de travaux, la maison de Colette s'ouvre au public","og_description":"La maison natale de l\u2019\u00e9crivaine, rachet\u00e9e en 2011 par l\u2019Association \u00ab La Maison de Colette \u00bb, sera inaugur\u00e9e officiellement le samedi 21 mai 2016, apr\u00e8s 18 mois de travaux et 5 ans apr\u00e8s le d\u00e9but de la mobilisation men\u00e9e pour la racheter et la r\u00e9habiliter. Ce sera d\u00e9sormais un lieu de culture, ouvert \u00e0 tous, [&hellip;]","og_url":"https:\/\/batijournal.com\/index.php\/apres-18-mois-de-travaux-maison-de-colette-souvre-public\/92775\/","og_site_name":"Batijournal","article_published_time":"2016-05-12T06:29:51+00:00","article_modified_time":"2019-07-15T09:16:47+00:00","og_image":[{"width":1149,"height":771,"url":"https:\/\/batijournal.com\/wp-content\/uploads\/2016\/05\/maison-de-colette.png","type":"image\/png"}],"author":"St\u00e9phane Miget","twitter_card":"summary_large_image","twitter_creator":"@bati_journal","twitter_site":"@bati_journal","twitter_misc":{"\u00c9crit par":"St\u00e9phane Miget","Dur\u00e9e de lecture estim\u00e9e":"2 minutes"},"schema":{"@context":"https:\/\/schema.org","@graph":[{"@type":"Article","@id":"https:\/\/batijournal.com\/index.php\/apres-18-mois-de-travaux-maison-de-colette-souvre-public\/92775\/#article","isPartOf":{"@id":"https:\/\/batijournal.com\/index.php\/apres-18-mois-de-travaux-maison-de-colette-souvre-public\/92775\/"},"author":{"name":"St\u00e9phane Miget","@id":"https:\/\/batijournal.com\/#\/schema\/person\/1dc96ec6957aa1ccb25ebe78bb19f100"},"headline":"Apr\u00e8s 18 mois de travaux, la maison de Colette s&rsquo;ouvre au public","datePublished":"2016-05-12T06:29:51+00:00","dateModified":"2019-07-15T09:16:47+00:00","mainEntityOfPage":{"@id":"https:\/\/batijournal.com\/index.php\/apres-18-mois-de-travaux-maison-de-colette-souvre-public\/92775\/"},"wordCount":422,"image":{"@id":"https:\/\/batijournal.com\/index.php\/apres-18-mois-de-travaux-maison-de-colette-souvre-public\/92775\/#primaryimage"},"thumbnailUrl":"https:\/\/batijournal.com\/wp-content\/uploads\/2016\/05\/maison-de-colette.png","keywords":["les maisons des illustres","restauration"],"articleSection":["Architecture &amp; Conception"],"inLanguage":"fr-FR"},{"@type":"WebPage","@id":"https:\/\/batijournal.com\/index.php\/apres-18-mois-de-travaux-maison-de-colette-souvre-public\/92775\/","url":"https:\/\/batijournal.com\/index.php\/apres-18-mois-de-travaux-maison-de-colette-souvre-public\/92775\/","name":"Apr\u00e8s 18 mois de travaux, la maison de Colette s'ouvre au public","isPartOf":{"@id":"https:\/\/batijournal.com\/#website"},"primaryImageOfPage":{"@id":"https:\/\/batijournal.com\/index.php\/apres-18-mois-de-travaux-maison-de-colette-souvre-public\/92775\/#primaryimage"},"image":{"@id":"https:\/\/batijournal.com\/index.php\/apres-18-mois-de-travaux-maison-de-colette-souvre-public\/92775\/#primaryimage"},"thumbnailUrl":"https:\/\/batijournal.com\/wp-content\/uploads\/2016\/05\/maison-de-colette.png","datePublished":"2016-05-12T06:29:51+00:00","dateModified":"2019-07-15T09:16:47+00:00","author":{"@id":"https:\/\/batijournal.com\/#\/schema\/person\/1dc96ec6957aa1ccb25ebe78bb19f100"},"breadcrumb":{"@id":"https:\/\/batijournal.com\/index.php\/apres-18-mois-de-travaux-maison-de-colette-souvre-public\/92775\/#breadcrumb"},"inLanguage":"fr-FR","potentialAction":[{"@type":"ReadAction","target":["https:\/\/batijournal.com\/index.php\/apres-18-mois-de-travaux-maison-de-colette-souvre-public\/92775\/"]}]},{"@type":"ImageObject","inLanguage":"fr-FR","@id":"https:\/\/batijournal.com\/index.php\/apres-18-mois-de-travaux-maison-de-colette-souvre-public\/92775\/#primaryimage","url":"https:\/\/batijournal.com\/wp-content\/uploads\/2016\/05\/maison-de-colette.png","contentUrl":"https:\/\/batijournal.com\/wp-content\/uploads\/2016\/05\/maison-de-colette.png","width":1149,"height":771},{"@type":"BreadcrumbList","@id":"https:\/\/batijournal.com\/index.php\/apres-18-mois-de-travaux-maison-de-colette-souvre-public\/92775\/#breadcrumb","itemListElement":[{"@type":"ListItem","position":1,"name":"Accueil","item":"https:\/\/batijournal.com\/"},{"@type":"ListItem","position":2,"name":"Actualit\u00e9s","item":"https:\/\/batijournal.com\/index.php\/category\/actualites\/"},{"@type":"ListItem","position":3,"name":"Architecture &amp; Conception","item":"https:\/\/batijournal.com\/index.php\/category\/actualites\/architecture-conception\/"},{"@type":"ListItem","position":4,"name":"Apr\u00e8s 18 mois de travaux, la maison de Colette s&rsquo;ouvre au public"}]},{"@type":"WebSite","@id":"https:\/\/batijournal.com\/#website","url":"https:\/\/batijournal.com\/","name":"Batijournal","description":"L&#039;actualit\u00e9 du b\u00e2timent","potentialAction":[{"@type":"SearchAction","target":{"@type":"EntryPoint","urlTemplate":"https:\/\/batijournal.com\/?s={search_term_string}"},"query-input":{"@type":"PropertyValueSpecification","valueRequired":true,"valueName":"search_term_string"}}],"inLanguage":"fr-FR"},{"@type":"Person","@id":"https:\/\/batijournal.com\/#\/schema\/person\/1dc96ec6957aa1ccb25ebe78bb19f100","name":"St\u00e9phane Miget","image":{"@type":"ImageObject","inLanguage":"fr-FR","@id":"https:\/\/secure.gravatar.com\/avatar\/89915563d925342126b8ef0281b93d9d7fc337043e8df017f780908eb9644451?s=96&d=mm&r=g","url":"https:\/\/secure.gravatar.com\/avatar\/89915563d925342126b8ef0281b93d9d7fc337043e8df017f780908eb9644451?s=96&d=mm&r=g","contentUrl":"https:\/\/secure.gravatar.com\/avatar\/89915563d925342126b8ef0281b93d9d7fc337043e8df017f780908eb9644451?s=96&d=mm&r=g","caption":"St\u00e9phane Miget"},"url":"https:\/\/batijournal.com\/index.php\/author\/stephane\/"}]}},"_links":{"self":[{"href":"https:\/\/batijournal.com\/index.php\/wp-json\/wp\/v2\/posts\/92775","targetHints":{"allow":["GET"]}}],"collection":[{"href":"https:\/\/batijournal.com\/index.php\/wp-json\/wp\/v2\/posts"}],"about":[{"href":"https:\/\/batijournal.com\/index.php\/wp-json\/wp\/v2\/types\/post"}],"author":[{"embeddable":true,"href":"https:\/\/batijournal.com\/index.php\/wp-json\/wp\/v2\/users\/17"}],"replies":[{"embeddable":true,"href":"https:\/\/batijournal.com\/index.php\/wp-json\/wp\/v2\/comments?post=92775"}],"version-history":[{"count":0,"href":"https:\/\/batijournal.com\/index.php\/wp-json\/wp\/v2\/posts\/92775\/revisions"}],"wp:featuredmedia":[{"embeddable":true,"href":"https:\/\/batijournal.com\/index.php\/wp-json\/wp\/v2\/media\/92776"}],"wp:attachment":[{"href":"https:\/\/batijournal.com\/index.php\/wp-json\/wp\/v2\/media?parent=92775"}],"wp:term":[{"taxonomy":"category","embeddable":true,"href":"https:\/\/batijournal.com\/index.php\/wp-json\/wp\/v2\/categories?post=92775"},{"taxonomy":"post_tag","embeddable":true,"href":"https:\/\/batijournal.com\/index.php\/wp-json\/wp\/v2\/tags?post=92775"}],"curies":[{"name":"wp","href":"https:\/\/api.w.org\/{rel}","templated":true}]}}