{"id":92791,"date":"2016-05-17T09:21:20","date_gmt":"2016-05-17T07:21:20","guid":{"rendered":"http:\/\/batijournal.com\/?p=92791"},"modified":"2019-07-15T11:27:54","modified_gmt":"2019-07-15T09:27:54","slug":"premiere-levee-de-charpente-de-jonction-terminaux-sud-ouest-de-laeroport-paris-orly","status":"publish","type":"post","link":"https:\/\/batijournal.com\/index.php\/premiere-levee-de-charpente-de-jonction-terminaux-sud-ouest-de-laeroport-paris-orly\/92791\/","title":{"rendered":"Premi\u00e8re lev\u00e9e de charpente de la jonction des terminaux Sud et Ouest de l&rsquo;a\u00e9roport Paris-Orly"},"content":{"rendered":"<p><strong>L\u2019a\u00e9roport Paris-Orly \u00e9volue pour mieux r\u00e9pondre \u00e0 la demande des clients passagers et compagnies a\u00e9riennes. La jonction des terminaux Sud et Ouest r\u00e9pond aux promesses de \u00ab fluidification du parcours passager \u00bb tout en assurant une s\u00e9curit\u00e9 optimale. En visite sur le chantier du futur b\u00e2timent de 80 000 m2, le Premier Ministre Manuel Valls a r\u00e9alis\u00e9 un geste architectural spectaculaire : la premi\u00e8re lev\u00e9e de charpente.<\/strong><\/p>\n<p>Si certains travaux pr\u00e9paratoires \u00e0 la jonction des terminaux Sud et Ouest ont \u00e9t\u00e9 engag\u00e9s en avril 2015, le Groupe ADP a sign\u00e9 le 29 juillet 2015 avec VINCI Construction France un contrat \u00abtous corps d\u2019\u00c9tat\u00bb pour la construction de ce b\u00e2timent. Ce chantier est aussi l\u2019occasion pour l\u2019ing\u00e9nierie du Groupe ADP de recourir \u00e0 des innovations technologiques comme la mod\u00e9lisation 3D des donn\u00e9es du b\u00e2timent (BIM), qui permet d\u2019optimiser la conception, la r\u00e9alisation et la future maintenance.<\/p>\n<p>Une hauteur de plafond cons\u00e9quente, des volumes g\u00e9n\u00e9reux, un choix de mat\u00e9riaux nobles comme le marbre, les parois de verre et de bois promettent un \u00e9difice d\u2019un standing exceptionnel, \u00e0 l\u2019instar des plus beaux a\u00e9roports du monde. Faisant la part belle \u00e0 la lumi\u00e8re naturelle gr\u00e2ce \u00e0 sa fa\u00e7ade de 250 m\u00e8tres toute en transparence, ce b\u00e2timent int\u00e9grera toutes les fonctionnalit\u00e9s li\u00e9es aux parcours \u00ab d\u00e9parts-arriv\u00e9es \u00bb des passagers : enregistrement, contr\u00f4les de s\u00fbret\u00e9, passage aux fronti\u00e8res (Schengen et International), embarquement et d\u00e9barquement, correspondance, syst\u00e8me de traitement bagages, commerces et services.<\/p>\n<p><img loading=\"lazy\" decoding=\"async\" class=\"aligncenter size-large wp-image-92793\" src=\"https:\/\/batijournal.com\/wp-content\/uploads\/2016\/05\/jonction-des-terminaux-Sud-et-Ouest-de-laeroport-Paris-Orly-2-1024x534.png\" alt=\"jonction des terminaux Sud et Ouest de l'aeroport Paris-Orly 2\" width=\"960\" height=\"501\" srcset=\"https:\/\/batijournal.com\/wp-content\/uploads\/2016\/05\/jonction-des-terminaux-Sud-et-Ouest-de-laeroport-Paris-Orly-2-1024x534.png 1024w, https:\/\/batijournal.com\/wp-content\/uploads\/2016\/05\/jonction-des-terminaux-Sud-et-Ouest-de-laeroport-Paris-Orly-2-150x78.png 150w, https:\/\/batijournal.com\/wp-content\/uploads\/2016\/05\/jonction-des-terminaux-Sud-et-Ouest-de-laeroport-Paris-Orly-2-300x157.png 300w, https:\/\/batijournal.com\/wp-content\/uploads\/2016\/05\/jonction-des-terminaux-Sud-et-Ouest-de-laeroport-Paris-Orly-2-768x401.png 768w, https:\/\/batijournal.com\/wp-content\/uploads\/2016\/05\/jonction-des-terminaux-Sud-et-Ouest-de-laeroport-Paris-Orly-2-600x313.png 600w, https:\/\/batijournal.com\/wp-content\/uploads\/2016\/05\/jonction-des-terminaux-Sud-et-Ouest-de-laeroport-Paris-Orly-2.png 1368w\" sizes=\"(max-width: 960px) 100vw, 960px\" \/><\/p>\n<p>Le b\u00e2timent de jonction permettra d\u2019accueillir 3,5 millions de passagers suppl\u00e9mentaires par an, tout en respectant la l\u00e9gislation qui plafonne \u00e0 250 000 cr\u00e9neaux par an le nombre de d\u00e9collages et d\u2019atterrissages sur l\u2019a\u00e9roport Paris-Orly. Financ\u00e9 par le Groupe ADP, l\u2019investissement total s\u2019\u00e9l\u00e8ve \u00e0 385 millions d\u2019euros.<\/p>\n<p>Visuels : ADP<\/p>\n","protected":false},"excerpt":{"rendered":"<p>L\u2019a\u00e9roport Paris-Orly \u00e9volue pour mieux r\u00e9pondre \u00e0 la demande des clients passagers et compagnies a\u00e9riennes. La jonction des terminaux Sud et Ouest r\u00e9pond aux promesses de \u00ab fluidification du parcours passager \u00bb tout en assurant une s\u00e9curit\u00e9 optimale. En visite sur le chantier du futur b\u00e2timent de 80 000 m2, le Premier Ministre Manuel Valls [&hellip;]<\/p>\n","protected":false},"author":17,"featured_media":92792,"comment_status":"closed","ping_status":"closed","sticky":false,"template":"","format":"standard","meta":{"_et_pb_use_builder":"","_et_pb_old_content":"","_et_gb_content_width":"","footnotes":""},"categories":[6340,10775],"tags":[5841,1150,1834,8874],"class_list":["post-92791","post","type-post","status-publish","format-standard","has-post-thumbnail","hentry","category-architecture-conception","category-actualites-5facades","tag-bim","tag-chantier","tag-vinci","tag-vinci-construction"],"yoast_head":"<!-- This site is optimized with the Yoast SEO plugin v27.4 - https:\/\/yoast.com\/product\/yoast-seo-wordpress\/ -->\n<title>Premi\u00e8re lev\u00e9e de charpente de la jonction des terminaux Sud et Ouest de l&#039;a\u00e9roport Paris-Orly<\/title>\n<meta name=\"robots\" content=\"index, follow, max-snippet:-1, max-image-preview:large, max-video-preview:-1\" \/>\n<link rel=\"canonical\" href=\"https:\/\/batijournal.com\/index.php\/premiere-levee-de-charpente-de-jonction-terminaux-sud-ouest-de-laeroport-paris-orly\/92791\/\" \/>\n<meta property=\"og:locale\" content=\"fr_FR\" \/>\n<meta property=\"og:type\" content=\"article\" \/>\n<meta property=\"og:title\" content=\"Premi\u00e8re lev\u00e9e de charpente de la jonction des terminaux Sud et Ouest de l&#039;a\u00e9roport Paris-Orly\" \/>\n<meta property=\"og:description\" content=\"L\u2019a\u00e9roport Paris-Orly \u00e9volue pour mieux r\u00e9pondre \u00e0 la demande des clients passagers et compagnies a\u00e9riennes. La jonction des terminaux Sud et Ouest r\u00e9pond aux promesses de \u00ab fluidification du parcours passager \u00bb tout en assurant une s\u00e9curit\u00e9 optimale. En visite sur le chantier du futur b\u00e2timent de 80 000 m2, le Premier Ministre Manuel Valls [&hellip;]\" \/>\n<meta property=\"og:url\" content=\"https:\/\/batijournal.com\/index.php\/premiere-levee-de-charpente-de-jonction-terminaux-sud-ouest-de-laeroport-paris-orly\/92791\/\" \/>\n<meta property=\"og:site_name\" content=\"Batijournal\" \/>\n<meta property=\"article:published_time\" content=\"2016-05-17T07:21:20+00:00\" \/>\n<meta property=\"article:modified_time\" content=\"2019-07-15T09:27:54+00:00\" \/>\n<meta property=\"og:image\" content=\"https:\/\/batijournal.com\/wp-content\/uploads\/2016\/05\/jonction-des-terminaux-Sud-et-Ouest-de-laeroport-Paris-Orly.png\" \/>\n\t<meta property=\"og:image:width\" content=\"1113\" \/>\n\t<meta property=\"og:image:height\" content=\"492\" \/>\n\t<meta property=\"og:image:type\" content=\"image\/png\" \/>\n<meta name=\"author\" content=\"St\u00e9phane Miget\" \/>\n<meta name=\"twitter:card\" content=\"summary_large_image\" \/>\n<meta name=\"twitter:creator\" content=\"@bati_journal\" \/>\n<meta name=\"twitter:site\" content=\"@bati_journal\" \/>\n<meta name=\"twitter:label1\" content=\"\u00c9crit par\" \/>\n\t<meta name=\"twitter:data1\" content=\"St\u00e9phane Miget\" \/>\n\t<meta name=\"twitter:label2\" content=\"Dur\u00e9e de lecture estim\u00e9e\" \/>\n\t<meta name=\"twitter:data2\" content=\"2 minutes\" \/>\n<script type=\"application\/ld+json\" class=\"yoast-schema-graph\">{\"@context\":\"https:\\\/\\\/schema.org\",\"@graph\":[{\"@type\":\"Article\",\"@id\":\"https:\\\/\\\/batijournal.com\\\/index.php\\\/premiere-levee-de-charpente-de-jonction-terminaux-sud-ouest-de-laeroport-paris-orly\\\/92791\\\/#article\",\"isPartOf\":{\"@id\":\"https:\\\/\\\/batijournal.com\\\/index.php\\\/premiere-levee-de-charpente-de-jonction-terminaux-sud-ouest-de-laeroport-paris-orly\\\/92791\\\/\"},\"author\":{\"name\":\"St\u00e9phane Miget\",\"@id\":\"https:\\\/\\\/batijournal.com\\\/#\\\/schema\\\/person\\\/1dc96ec6957aa1ccb25ebe78bb19f100\"},\"headline\":\"Premi\u00e8re lev\u00e9e de charpente de la jonction des terminaux Sud et Ouest de l&rsquo;a\u00e9roport Paris-Orly\",\"datePublished\":\"2016-05-17T07:21:20+00:00\",\"dateModified\":\"2019-07-15T09:27:54+00:00\",\"mainEntityOfPage\":{\"@id\":\"https:\\\/\\\/batijournal.com\\\/index.php\\\/premiere-levee-de-charpente-de-jonction-terminaux-sud-ouest-de-laeroport-paris-orly\\\/92791\\\/\"},\"wordCount\":337,\"image\":{\"@id\":\"https:\\\/\\\/batijournal.com\\\/index.php\\\/premiere-levee-de-charpente-de-jonction-terminaux-sud-ouest-de-laeroport-paris-orly\\\/92791\\\/#primaryimage\"},\"thumbnailUrl\":\"https:\\\/\\\/batijournal.com\\\/wp-content\\\/uploads\\\/2016\\\/05\\\/jonction-des-terminaux-Sud-et-Ouest-de-laeroport-Paris-Orly.png\",\"keywords\":[\"BIM\",\"chantier\",\"vinci\",\"vinci construction\"],\"articleSection\":[\"Architecture &amp; Conception\",\"zz_Actualit\u00e9s - 5fa\u00e7ades\"],\"inLanguage\":\"fr-FR\"},{\"@type\":\"WebPage\",\"@id\":\"https:\\\/\\\/batijournal.com\\\/index.php\\\/premiere-levee-de-charpente-de-jonction-terminaux-sud-ouest-de-laeroport-paris-orly\\\/92791\\\/\",\"url\":\"https:\\\/\\\/batijournal.com\\\/index.php\\\/premiere-levee-de-charpente-de-jonction-terminaux-sud-ouest-de-laeroport-paris-orly\\\/92791\\\/\",\"name\":\"Premi\u00e8re lev\u00e9e de charpente de la jonction des terminaux Sud et Ouest de l'a\u00e9roport Paris-Orly\",\"isPartOf\":{\"@id\":\"https:\\\/\\\/batijournal.com\\\/#website\"},\"primaryImageOfPage\":{\"@id\":\"https:\\\/\\\/batijournal.com\\\/index.php\\\/premiere-levee-de-charpente-de-jonction-terminaux-sud-ouest-de-laeroport-paris-orly\\\/92791\\\/#primaryimage\"},\"image\":{\"@id\":\"https:\\\/\\\/batijournal.com\\\/index.php\\\/premiere-levee-de-charpente-de-jonction-terminaux-sud-ouest-de-laeroport-paris-orly\\\/92791\\\/#primaryimage\"},\"thumbnailUrl\":\"https:\\\/\\\/batijournal.com\\\/wp-content\\\/uploads\\\/2016\\\/05\\\/jonction-des-terminaux-Sud-et-Ouest-de-laeroport-Paris-Orly.png\",\"datePublished\":\"2016-05-17T07:21:20+00:00\",\"dateModified\":\"2019-07-15T09:27:54+00:00\",\"author\":{\"@id\":\"https:\\\/\\\/batijournal.com\\\/#\\\/schema\\\/person\\\/1dc96ec6957aa1ccb25ebe78bb19f100\"},\"breadcrumb\":{\"@id\":\"https:\\\/\\\/batijournal.com\\\/index.php\\\/premiere-levee-de-charpente-de-jonction-terminaux-sud-ouest-de-laeroport-paris-orly\\\/92791\\\/#breadcrumb\"},\"inLanguage\":\"fr-FR\",\"potentialAction\":[{\"@type\":\"ReadAction\",\"target\":[\"https:\\\/\\\/batijournal.com\\\/index.php\\\/premiere-levee-de-charpente-de-jonction-terminaux-sud-ouest-de-laeroport-paris-orly\\\/92791\\\/\"]}]},{\"@type\":\"ImageObject\",\"inLanguage\":\"fr-FR\",\"@id\":\"https:\\\/\\\/batijournal.com\\\/index.php\\\/premiere-levee-de-charpente-de-jonction-terminaux-sud-ouest-de-laeroport-paris-orly\\\/92791\\\/#primaryimage\",\"url\":\"https:\\\/\\\/batijournal.com\\\/wp-content\\\/uploads\\\/2016\\\/05\\\/jonction-des-terminaux-Sud-et-Ouest-de-laeroport-Paris-Orly.png\",\"contentUrl\":\"https:\\\/\\\/batijournal.com\\\/wp-content\\\/uploads\\\/2016\\\/05\\\/jonction-des-terminaux-Sud-et-Ouest-de-laeroport-Paris-Orly.png\",\"width\":1113,\"height\":492},{\"@type\":\"BreadcrumbList\",\"@id\":\"https:\\\/\\\/batijournal.com\\\/index.php\\\/premiere-levee-de-charpente-de-jonction-terminaux-sud-ouest-de-laeroport-paris-orly\\\/92791\\\/#breadcrumb\",\"itemListElement\":[{\"@type\":\"ListItem\",\"position\":1,\"name\":\"Accueil\",\"item\":\"https:\\\/\\\/batijournal.com\\\/\"},{\"@type\":\"ListItem\",\"position\":2,\"name\":\"Actualit\u00e9s\",\"item\":\"https:\\\/\\\/batijournal.com\\\/index.php\\\/category\\\/actualites\\\/\"},{\"@type\":\"ListItem\",\"position\":3,\"name\":\"Architecture &amp; Conception\",\"item\":\"https:\\\/\\\/batijournal.com\\\/index.php\\\/category\\\/actualites\\\/architecture-conception\\\/\"},{\"@type\":\"ListItem\",\"position\":4,\"name\":\"Premi\u00e8re lev\u00e9e de charpente de la jonction des terminaux Sud et Ouest de l&rsquo;a\u00e9roport Paris-Orly\"}]},{\"@type\":\"WebSite\",\"@id\":\"https:\\\/\\\/batijournal.com\\\/#website\",\"url\":\"https:\\\/\\\/batijournal.com\\\/\",\"name\":\"Batijournal\",\"description\":\"L&#039;actualit\u00e9 du b\u00e2timent\",\"potentialAction\":[{\"@type\":\"SearchAction\",\"target\":{\"@type\":\"EntryPoint\",\"urlTemplate\":\"https:\\\/\\\/batijournal.com\\\/?s={search_term_string}\"},\"query-input\":{\"@type\":\"PropertyValueSpecification\",\"valueRequired\":true,\"valueName\":\"search_term_string\"}}],\"inLanguage\":\"fr-FR\"},{\"@type\":\"Person\",\"@id\":\"https:\\\/\\\/batijournal.com\\\/#\\\/schema\\\/person\\\/1dc96ec6957aa1ccb25ebe78bb19f100\",\"name\":\"St\u00e9phane Miget\",\"image\":{\"@type\":\"ImageObject\",\"inLanguage\":\"fr-FR\",\"@id\":\"https:\\\/\\\/secure.gravatar.com\\\/avatar\\\/89915563d925342126b8ef0281b93d9d7fc337043e8df017f780908eb9644451?s=96&d=mm&r=g\",\"url\":\"https:\\\/\\\/secure.gravatar.com\\\/avatar\\\/89915563d925342126b8ef0281b93d9d7fc337043e8df017f780908eb9644451?s=96&d=mm&r=g\",\"contentUrl\":\"https:\\\/\\\/secure.gravatar.com\\\/avatar\\\/89915563d925342126b8ef0281b93d9d7fc337043e8df017f780908eb9644451?s=96&d=mm&r=g\",\"caption\":\"St\u00e9phane Miget\"},\"url\":\"https:\\\/\\\/batijournal.com\\\/index.php\\\/author\\\/stephane\\\/\"}]}<\/script>\n<!-- \/ Yoast SEO plugin. -->","yoast_head_json":{"title":"Premi\u00e8re lev\u00e9e de charpente de la jonction des terminaux Sud et Ouest de l'a\u00e9roport Paris-Orly","robots":{"index":"index","follow":"follow","max-snippet":"max-snippet:-1","max-image-preview":"max-image-preview:large","max-video-preview":"max-video-preview:-1"},"canonical":"https:\/\/batijournal.com\/index.php\/premiere-levee-de-charpente-de-jonction-terminaux-sud-ouest-de-laeroport-paris-orly\/92791\/","og_locale":"fr_FR","og_type":"article","og_title":"Premi\u00e8re lev\u00e9e de charpente de la jonction des terminaux Sud et Ouest de l'a\u00e9roport Paris-Orly","og_description":"L\u2019a\u00e9roport Paris-Orly \u00e9volue pour mieux r\u00e9pondre \u00e0 la demande des clients passagers et compagnies a\u00e9riennes. La jonction des terminaux Sud et Ouest r\u00e9pond aux promesses de \u00ab fluidification du parcours passager \u00bb tout en assurant une s\u00e9curit\u00e9 optimale. En visite sur le chantier du futur b\u00e2timent de 80 000 m2, le Premier Ministre Manuel Valls [&hellip;]","og_url":"https:\/\/batijournal.com\/index.php\/premiere-levee-de-charpente-de-jonction-terminaux-sud-ouest-de-laeroport-paris-orly\/92791\/","og_site_name":"Batijournal","article_published_time":"2016-05-17T07:21:20+00:00","article_modified_time":"2019-07-15T09:27:54+00:00","og_image":[{"width":1113,"height":492,"url":"https:\/\/batijournal.com\/wp-content\/uploads\/2016\/05\/jonction-des-terminaux-Sud-et-Ouest-de-laeroport-Paris-Orly.png","type":"image\/png"}],"author":"St\u00e9phane Miget","twitter_card":"summary_large_image","twitter_creator":"@bati_journal","twitter_site":"@bati_journal","twitter_misc":{"\u00c9crit par":"St\u00e9phane Miget","Dur\u00e9e de lecture estim\u00e9e":"2 minutes"},"schema":{"@context":"https:\/\/schema.org","@graph":[{"@type":"Article","@id":"https:\/\/batijournal.com\/index.php\/premiere-levee-de-charpente-de-jonction-terminaux-sud-ouest-de-laeroport-paris-orly\/92791\/#article","isPartOf":{"@id":"https:\/\/batijournal.com\/index.php\/premiere-levee-de-charpente-de-jonction-terminaux-sud-ouest-de-laeroport-paris-orly\/92791\/"},"author":{"name":"St\u00e9phane Miget","@id":"https:\/\/batijournal.com\/#\/schema\/person\/1dc96ec6957aa1ccb25ebe78bb19f100"},"headline":"Premi\u00e8re lev\u00e9e de charpente de la jonction des terminaux Sud et Ouest de l&rsquo;a\u00e9roport Paris-Orly","datePublished":"2016-05-17T07:21:20+00:00","dateModified":"2019-07-15T09:27:54+00:00","mainEntityOfPage":{"@id":"https:\/\/batijournal.com\/index.php\/premiere-levee-de-charpente-de-jonction-terminaux-sud-ouest-de-laeroport-paris-orly\/92791\/"},"wordCount":337,"image":{"@id":"https:\/\/batijournal.com\/index.php\/premiere-levee-de-charpente-de-jonction-terminaux-sud-ouest-de-laeroport-paris-orly\/92791\/#primaryimage"},"thumbnailUrl":"https:\/\/batijournal.com\/wp-content\/uploads\/2016\/05\/jonction-des-terminaux-Sud-et-Ouest-de-laeroport-Paris-Orly.png","keywords":["BIM","chantier","vinci","vinci construction"],"articleSection":["Architecture &amp; Conception","zz_Actualit\u00e9s - 5fa\u00e7ades"],"inLanguage":"fr-FR"},{"@type":"WebPage","@id":"https:\/\/batijournal.com\/index.php\/premiere-levee-de-charpente-de-jonction-terminaux-sud-ouest-de-laeroport-paris-orly\/92791\/","url":"https:\/\/batijournal.com\/index.php\/premiere-levee-de-charpente-de-jonction-terminaux-sud-ouest-de-laeroport-paris-orly\/92791\/","name":"Premi\u00e8re lev\u00e9e de charpente de la jonction des terminaux Sud et Ouest de l'a\u00e9roport Paris-Orly","isPartOf":{"@id":"https:\/\/batijournal.com\/#website"},"primaryImageOfPage":{"@id":"https:\/\/batijournal.com\/index.php\/premiere-levee-de-charpente-de-jonction-terminaux-sud-ouest-de-laeroport-paris-orly\/92791\/#primaryimage"},"image":{"@id":"https:\/\/batijournal.com\/index.php\/premiere-levee-de-charpente-de-jonction-terminaux-sud-ouest-de-laeroport-paris-orly\/92791\/#primaryimage"},"thumbnailUrl":"https:\/\/batijournal.com\/wp-content\/uploads\/2016\/05\/jonction-des-terminaux-Sud-et-Ouest-de-laeroport-Paris-Orly.png","datePublished":"2016-05-17T07:21:20+00:00","dateModified":"2019-07-15T09:27:54+00:00","author":{"@id":"https:\/\/batijournal.com\/#\/schema\/person\/1dc96ec6957aa1ccb25ebe78bb19f100"},"breadcrumb":{"@id":"https:\/\/batijournal.com\/index.php\/premiere-levee-de-charpente-de-jonction-terminaux-sud-ouest-de-laeroport-paris-orly\/92791\/#breadcrumb"},"inLanguage":"fr-FR","potentialAction":[{"@type":"ReadAction","target":["https:\/\/batijournal.com\/index.php\/premiere-levee-de-charpente-de-jonction-terminaux-sud-ouest-de-laeroport-paris-orly\/92791\/"]}]},{"@type":"ImageObject","inLanguage":"fr-FR","@id":"https:\/\/batijournal.com\/index.php\/premiere-levee-de-charpente-de-jonction-terminaux-sud-ouest-de-laeroport-paris-orly\/92791\/#primaryimage","url":"https:\/\/batijournal.com\/wp-content\/uploads\/2016\/05\/jonction-des-terminaux-Sud-et-Ouest-de-laeroport-Paris-Orly.png","contentUrl":"https:\/\/batijournal.com\/wp-content\/uploads\/2016\/05\/jonction-des-terminaux-Sud-et-Ouest-de-laeroport-Paris-Orly.png","width":1113,"height":492},{"@type":"BreadcrumbList","@id":"https:\/\/batijournal.com\/index.php\/premiere-levee-de-charpente-de-jonction-terminaux-sud-ouest-de-laeroport-paris-orly\/92791\/#breadcrumb","itemListElement":[{"@type":"ListItem","position":1,"name":"Accueil","item":"https:\/\/batijournal.com\/"},{"@type":"ListItem","position":2,"name":"Actualit\u00e9s","item":"https:\/\/batijournal.com\/index.php\/category\/actualites\/"},{"@type":"ListItem","position":3,"name":"Architecture &amp; Conception","item":"https:\/\/batijournal.com\/index.php\/category\/actualites\/architecture-conception\/"},{"@type":"ListItem","position":4,"name":"Premi\u00e8re lev\u00e9e de charpente de la jonction des terminaux Sud et Ouest de l&rsquo;a\u00e9roport Paris-Orly"}]},{"@type":"WebSite","@id":"https:\/\/batijournal.com\/#website","url":"https:\/\/batijournal.com\/","name":"Batijournal","description":"L&#039;actualit\u00e9 du b\u00e2timent","potentialAction":[{"@type":"SearchAction","target":{"@type":"EntryPoint","urlTemplate":"https:\/\/batijournal.com\/?s={search_term_string}"},"query-input":{"@type":"PropertyValueSpecification","valueRequired":true,"valueName":"search_term_string"}}],"inLanguage":"fr-FR"},{"@type":"Person","@id":"https:\/\/batijournal.com\/#\/schema\/person\/1dc96ec6957aa1ccb25ebe78bb19f100","name":"St\u00e9phane Miget","image":{"@type":"ImageObject","inLanguage":"fr-FR","@id":"https:\/\/secure.gravatar.com\/avatar\/89915563d925342126b8ef0281b93d9d7fc337043e8df017f780908eb9644451?s=96&d=mm&r=g","url":"https:\/\/secure.gravatar.com\/avatar\/89915563d925342126b8ef0281b93d9d7fc337043e8df017f780908eb9644451?s=96&d=mm&r=g","contentUrl":"https:\/\/secure.gravatar.com\/avatar\/89915563d925342126b8ef0281b93d9d7fc337043e8df017f780908eb9644451?s=96&d=mm&r=g","caption":"St\u00e9phane Miget"},"url":"https:\/\/batijournal.com\/index.php\/author\/stephane\/"}]}},"_links":{"self":[{"href":"https:\/\/batijournal.com\/index.php\/wp-json\/wp\/v2\/posts\/92791","targetHints":{"allow":["GET"]}}],"collection":[{"href":"https:\/\/batijournal.com\/index.php\/wp-json\/wp\/v2\/posts"}],"about":[{"href":"https:\/\/batijournal.com\/index.php\/wp-json\/wp\/v2\/types\/post"}],"author":[{"embeddable":true,"href":"https:\/\/batijournal.com\/index.php\/wp-json\/wp\/v2\/users\/17"}],"replies":[{"embeddable":true,"href":"https:\/\/batijournal.com\/index.php\/wp-json\/wp\/v2\/comments?post=92791"}],"version-history":[{"count":0,"href":"https:\/\/batijournal.com\/index.php\/wp-json\/wp\/v2\/posts\/92791\/revisions"}],"wp:featuredmedia":[{"embeddable":true,"href":"https:\/\/batijournal.com\/index.php\/wp-json\/wp\/v2\/media\/92792"}],"wp:attachment":[{"href":"https:\/\/batijournal.com\/index.php\/wp-json\/wp\/v2\/media?parent=92791"}],"wp:term":[{"taxonomy":"category","embeddable":true,"href":"https:\/\/batijournal.com\/index.php\/wp-json\/wp\/v2\/categories?post=92791"},{"taxonomy":"post_tag","embeddable":true,"href":"https:\/\/batijournal.com\/index.php\/wp-json\/wp\/v2\/tags?post=92791"}],"curies":[{"name":"wp","href":"https:\/\/api.w.org\/{rel}","templated":true}]}}