{"id":92801,"date":"2016-05-17T20:07:37","date_gmt":"2016-05-17T18:07:37","guid":{"rendered":"http:\/\/batijournal.com\/?p=92801"},"modified":"2019-07-15T12:13:26","modified_gmt":"2019-07-15T10:13:26","slug":"mobilisation-organisations-professionnelles-contre-sites-illicites-dechets-btp","status":"publish","type":"post","link":"https:\/\/batijournal.com\/index.php\/mobilisation-organisations-professionnelles-contre-sites-illicites-dechets-btp\/92801\/","title":{"rendered":"Mobilisation des organisations professionnelles contre les d\u00e9charges sauvages de d\u00e9chets du BTP"},"content":{"rendered":"<p>Chaque ann\u00e9e, 49 Mt de d\u00e9chets inertes issus du BTP disparaissent des circuits en France, hors tous champs de contr\u00f4le et tra\u00e7abilit\u00e9. Face au fort d\u00e9veloppement de ces sites illicites, d\u00e9p\u00f4ts sauvages et autres plateformes non autoris\u00e9es, quatre grandes organisations professionnelles se mobilisent pour la premi\u00e8re fois ensemble et \u00e9largissent \u00e0 cette occasion le p\u00e9rim\u00e8tre d\u2019action aux carri\u00e8res, centrales \u00e0 b\u00e9ton, installations de stockage de d\u00e9chets inertes et aux plateformes de transit, tri, pr\u00e9paration au recyclage de d\u00e9chets inertes. Le renforcement des mesures de lutte contre les d\u00e9charges illicites, v\u00e9ritable fl\u00e9au \u00e9cologique, s\u2019inscrit dans la volont\u00e9 des organisations professionnelles de ne pas laisser ternir leur image et de valoriser les acteurs de la fili\u00e8re comme des experts l\u00e9gitimes dans le domaine de l\u2019environnement et de l\u2019am\u00e9nagement du territoire. La pr\u00e9servation de l\u2019environnement est devenue indissociable du traitement des d\u00e9chets et passe par un maillage du territoire s\u2019articulant sur des installations de qualit\u00e9 et respectueuses de la l\u00e9gislation.<\/p>\n<p>Albert Zamuner, Pr\u00e9sident de l\u2019UNED (Union Nationale des Exploitants du D\u00e9chet), Nathana\u00ebl Cornet\u2013Philippe, Pr\u00e9sident du SNED (Syndicat National des Entreprises de D\u00e9molition), Jean-Louis Chemin, Pr\u00e9sident du SNEFID ( Syndicat National des Entrepreneurs de la Fili\u00e8re D\u00e9chet) et Gilles Nantet , Pr\u00e9sident du SR BTP (Syndicat des Recycleurs du BTP) ont sign\u00e9 la convention de partenariat visant \u00e0 \u00e9tablir en commun des r\u00e8gles d\u2019information et, le cas \u00e9ch\u00e9ant, des actions de lutte. Initi\u00e9 en 2014 par l\u2019UNED, un dispositif de veille s\u2019appuyant sur les structures r\u00e9gionales de l\u2019UNICEM, permet d\u00e9j\u00e0 de remonter des informations du terrain. La convention quadripartite reprend ce dispositif avec un pilotage assur\u00e9 par l\u2019UNED et la cr\u00e9ation d\u2019un groupe de suivi compos\u00e9 de repr\u00e9sentants des quatre signataires. Forces de proposition aupr\u00e8s des institutions comp\u00e9tentes, les signataires de la convention souhaitent aussi alerter sur certains disfonctionnements comme le manque de contr\u00f4les, des sanctions insuffisantes et une r\u00e9glementation \u00e0 multiples interpr\u00e9tations int\u00e9grant le code l\u2019Urbanisme l\u00e0 o\u00f9 tout devrait \u00eatre en lien avec le code de l\u2019Environnement.<\/p>\n","protected":false},"excerpt":{"rendered":"<p>Chaque ann\u00e9e, 49 Mt de d\u00e9chets inertes issus du BTP disparaissent des circuits en France, hors tous champs de contr\u00f4le et tra\u00e7abilit\u00e9. Face au fort d\u00e9veloppement de ces sites illicites, d\u00e9p\u00f4ts sauvages et autres plateformes non autoris\u00e9es, quatre grandes organisations professionnelles se mobilisent pour la premi\u00e8re fois ensemble et \u00e9largissent \u00e0 cette occasion le p\u00e9rim\u00e8tre [&hellip;]<\/p>\n","protected":false},"author":17,"featured_media":92803,"comment_status":"closed","ping_status":"closed","sticky":false,"template":"","format":"standard","meta":{"_et_pb_use_builder":"","_et_pb_old_content":"","_et_gb_content_width":"","footnotes":""},"categories":[6340,6345,10775],"tags":[3414,1211],"class_list":["post-92801","post","type-post","status-publish","format-standard","has-post-thumbnail","hentry","category-architecture-conception","category-economie-marches","category-actualites-5facades","tag-dechet","tag-dechets"],"yoast_head":"<!-- This site is optimized with the Yoast SEO plugin v27.4 - https:\/\/yoast.com\/product\/yoast-seo-wordpress\/ -->\n<title>Mobilisation des organisations professionnelles contre les d\u00e9charges sauvages de d\u00e9chets du BTP<\/title>\n<meta name=\"robots\" content=\"index, follow, max-snippet:-1, max-image-preview:large, max-video-preview:-1\" \/>\n<link rel=\"canonical\" href=\"https:\/\/batijournal.com\/index.php\/mobilisation-organisations-professionnelles-contre-sites-illicites-dechets-btp\/92801\/\" \/>\n<meta property=\"og:locale\" content=\"fr_FR\" \/>\n<meta property=\"og:type\" content=\"article\" \/>\n<meta property=\"og:title\" content=\"Mobilisation des organisations professionnelles contre les d\u00e9charges sauvages de d\u00e9chets du BTP\" \/>\n<meta property=\"og:description\" content=\"Chaque ann\u00e9e, 49 Mt de d\u00e9chets inertes issus du BTP disparaissent des circuits en France, hors tous champs de contr\u00f4le et tra\u00e7abilit\u00e9. Face au fort d\u00e9veloppement de ces sites illicites, d\u00e9p\u00f4ts sauvages et autres plateformes non autoris\u00e9es, quatre grandes organisations professionnelles se mobilisent pour la premi\u00e8re fois ensemble et \u00e9largissent \u00e0 cette occasion le p\u00e9rim\u00e8tre [&hellip;]\" \/>\n<meta property=\"og:url\" content=\"https:\/\/batijournal.com\/index.php\/mobilisation-organisations-professionnelles-contre-sites-illicites-dechets-btp\/92801\/\" \/>\n<meta property=\"og:site_name\" content=\"Batijournal\" \/>\n<meta property=\"article:published_time\" content=\"2016-05-17T18:07:37+00:00\" \/>\n<meta property=\"article:modified_time\" content=\"2019-07-15T10:13:26+00:00\" \/>\n<meta property=\"og:image\" content=\"https:\/\/batijournal.com\/wp-content\/uploads\/2016\/05\/dechets-inertes.jpg\" \/>\n\t<meta property=\"og:image:width\" content=\"1000\" \/>\n\t<meta property=\"og:image:height\" content=\"627\" \/>\n\t<meta property=\"og:image:type\" content=\"image\/jpeg\" \/>\n<meta name=\"author\" content=\"St\u00e9phane Miget\" \/>\n<meta name=\"twitter:card\" content=\"summary_large_image\" \/>\n<meta name=\"twitter:creator\" content=\"@bati_journal\" \/>\n<meta name=\"twitter:site\" content=\"@bati_journal\" \/>\n<meta name=\"twitter:label1\" content=\"\u00c9crit par\" \/>\n\t<meta name=\"twitter:data1\" content=\"St\u00e9phane Miget\" \/>\n\t<meta name=\"twitter:label2\" content=\"Dur\u00e9e de lecture estim\u00e9e\" \/>\n\t<meta name=\"twitter:data2\" content=\"2 minutes\" \/>\n<script type=\"application\/ld+json\" class=\"yoast-schema-graph\">{\"@context\":\"https:\\\/\\\/schema.org\",\"@graph\":[{\"@type\":\"Article\",\"@id\":\"https:\\\/\\\/batijournal.com\\\/index.php\\\/mobilisation-organisations-professionnelles-contre-sites-illicites-dechets-btp\\\/92801\\\/#article\",\"isPartOf\":{\"@id\":\"https:\\\/\\\/batijournal.com\\\/index.php\\\/mobilisation-organisations-professionnelles-contre-sites-illicites-dechets-btp\\\/92801\\\/\"},\"author\":{\"name\":\"St\u00e9phane Miget\",\"@id\":\"https:\\\/\\\/batijournal.com\\\/#\\\/schema\\\/person\\\/1dc96ec6957aa1ccb25ebe78bb19f100\"},\"headline\":\"Mobilisation des organisations professionnelles contre les d\u00e9charges sauvages de d\u00e9chets du BTP\",\"datePublished\":\"2016-05-17T18:07:37+00:00\",\"dateModified\":\"2019-07-15T10:13:26+00:00\",\"mainEntityOfPage\":{\"@id\":\"https:\\\/\\\/batijournal.com\\\/index.php\\\/mobilisation-organisations-professionnelles-contre-sites-illicites-dechets-btp\\\/92801\\\/\"},\"wordCount\":393,\"image\":{\"@id\":\"https:\\\/\\\/batijournal.com\\\/index.php\\\/mobilisation-organisations-professionnelles-contre-sites-illicites-dechets-btp\\\/92801\\\/#primaryimage\"},\"thumbnailUrl\":\"https:\\\/\\\/batijournal.com\\\/wp-content\\\/uploads\\\/2016\\\/05\\\/dechets-inertes.jpg\",\"keywords\":[\"d\u00e9chet\",\"d\u00e9chets\"],\"articleSection\":[\"Architecture &amp; Conception\",\"\u00c9conomie &amp; March\u00e9s\",\"zz_Actualit\u00e9s - 5fa\u00e7ades\"],\"inLanguage\":\"fr-FR\"},{\"@type\":\"WebPage\",\"@id\":\"https:\\\/\\\/batijournal.com\\\/index.php\\\/mobilisation-organisations-professionnelles-contre-sites-illicites-dechets-btp\\\/92801\\\/\",\"url\":\"https:\\\/\\\/batijournal.com\\\/index.php\\\/mobilisation-organisations-professionnelles-contre-sites-illicites-dechets-btp\\\/92801\\\/\",\"name\":\"Mobilisation des organisations professionnelles contre les d\u00e9charges sauvages de d\u00e9chets du BTP\",\"isPartOf\":{\"@id\":\"https:\\\/\\\/batijournal.com\\\/#website\"},\"primaryImageOfPage\":{\"@id\":\"https:\\\/\\\/batijournal.com\\\/index.php\\\/mobilisation-organisations-professionnelles-contre-sites-illicites-dechets-btp\\\/92801\\\/#primaryimage\"},\"image\":{\"@id\":\"https:\\\/\\\/batijournal.com\\\/index.php\\\/mobilisation-organisations-professionnelles-contre-sites-illicites-dechets-btp\\\/92801\\\/#primaryimage\"},\"thumbnailUrl\":\"https:\\\/\\\/batijournal.com\\\/wp-content\\\/uploads\\\/2016\\\/05\\\/dechets-inertes.jpg\",\"datePublished\":\"2016-05-17T18:07:37+00:00\",\"dateModified\":\"2019-07-15T10:13:26+00:00\",\"author\":{\"@id\":\"https:\\\/\\\/batijournal.com\\\/#\\\/schema\\\/person\\\/1dc96ec6957aa1ccb25ebe78bb19f100\"},\"breadcrumb\":{\"@id\":\"https:\\\/\\\/batijournal.com\\\/index.php\\\/mobilisation-organisations-professionnelles-contre-sites-illicites-dechets-btp\\\/92801\\\/#breadcrumb\"},\"inLanguage\":\"fr-FR\",\"potentialAction\":[{\"@type\":\"ReadAction\",\"target\":[\"https:\\\/\\\/batijournal.com\\\/index.php\\\/mobilisation-organisations-professionnelles-contre-sites-illicites-dechets-btp\\\/92801\\\/\"]}]},{\"@type\":\"ImageObject\",\"inLanguage\":\"fr-FR\",\"@id\":\"https:\\\/\\\/batijournal.com\\\/index.php\\\/mobilisation-organisations-professionnelles-contre-sites-illicites-dechets-btp\\\/92801\\\/#primaryimage\",\"url\":\"https:\\\/\\\/batijournal.com\\\/wp-content\\\/uploads\\\/2016\\\/05\\\/dechets-inertes.jpg\",\"contentUrl\":\"https:\\\/\\\/batijournal.com\\\/wp-content\\\/uploads\\\/2016\\\/05\\\/dechets-inertes.jpg\",\"width\":1000,\"height\":627},{\"@type\":\"BreadcrumbList\",\"@id\":\"https:\\\/\\\/batijournal.com\\\/index.php\\\/mobilisation-organisations-professionnelles-contre-sites-illicites-dechets-btp\\\/92801\\\/#breadcrumb\",\"itemListElement\":[{\"@type\":\"ListItem\",\"position\":1,\"name\":\"Accueil\",\"item\":\"https:\\\/\\\/batijournal.com\\\/\"},{\"@type\":\"ListItem\",\"position\":2,\"name\":\"Actualit\u00e9s\",\"item\":\"https:\\\/\\\/batijournal.com\\\/index.php\\\/category\\\/actualites\\\/\"},{\"@type\":\"ListItem\",\"position\":3,\"name\":\"Architecture &amp; Conception\",\"item\":\"https:\\\/\\\/batijournal.com\\\/index.php\\\/category\\\/actualites\\\/architecture-conception\\\/\"},{\"@type\":\"ListItem\",\"position\":4,\"name\":\"Mobilisation des organisations professionnelles contre les d\u00e9charges sauvages de d\u00e9chets du BTP\"}]},{\"@type\":\"WebSite\",\"@id\":\"https:\\\/\\\/batijournal.com\\\/#website\",\"url\":\"https:\\\/\\\/batijournal.com\\\/\",\"name\":\"Batijournal\",\"description\":\"L&#039;actualit\u00e9 du b\u00e2timent\",\"potentialAction\":[{\"@type\":\"SearchAction\",\"target\":{\"@type\":\"EntryPoint\",\"urlTemplate\":\"https:\\\/\\\/batijournal.com\\\/?s={search_term_string}\"},\"query-input\":{\"@type\":\"PropertyValueSpecification\",\"valueRequired\":true,\"valueName\":\"search_term_string\"}}],\"inLanguage\":\"fr-FR\"},{\"@type\":\"Person\",\"@id\":\"https:\\\/\\\/batijournal.com\\\/#\\\/schema\\\/person\\\/1dc96ec6957aa1ccb25ebe78bb19f100\",\"name\":\"St\u00e9phane Miget\",\"image\":{\"@type\":\"ImageObject\",\"inLanguage\":\"fr-FR\",\"@id\":\"https:\\\/\\\/secure.gravatar.com\\\/avatar\\\/89915563d925342126b8ef0281b93d9d7fc337043e8df017f780908eb9644451?s=96&d=mm&r=g\",\"url\":\"https:\\\/\\\/secure.gravatar.com\\\/avatar\\\/89915563d925342126b8ef0281b93d9d7fc337043e8df017f780908eb9644451?s=96&d=mm&r=g\",\"contentUrl\":\"https:\\\/\\\/secure.gravatar.com\\\/avatar\\\/89915563d925342126b8ef0281b93d9d7fc337043e8df017f780908eb9644451?s=96&d=mm&r=g\",\"caption\":\"St\u00e9phane Miget\"},\"url\":\"https:\\\/\\\/batijournal.com\\\/index.php\\\/author\\\/stephane\\\/\"}]}<\/script>\n<!-- \/ Yoast SEO plugin. -->","yoast_head_json":{"title":"Mobilisation des organisations professionnelles contre les d\u00e9charges sauvages de d\u00e9chets du BTP","robots":{"index":"index","follow":"follow","max-snippet":"max-snippet:-1","max-image-preview":"max-image-preview:large","max-video-preview":"max-video-preview:-1"},"canonical":"https:\/\/batijournal.com\/index.php\/mobilisation-organisations-professionnelles-contre-sites-illicites-dechets-btp\/92801\/","og_locale":"fr_FR","og_type":"article","og_title":"Mobilisation des organisations professionnelles contre les d\u00e9charges sauvages de d\u00e9chets du BTP","og_description":"Chaque ann\u00e9e, 49 Mt de d\u00e9chets inertes issus du BTP disparaissent des circuits en France, hors tous champs de contr\u00f4le et tra\u00e7abilit\u00e9. Face au fort d\u00e9veloppement de ces sites illicites, d\u00e9p\u00f4ts sauvages et autres plateformes non autoris\u00e9es, quatre grandes organisations professionnelles se mobilisent pour la premi\u00e8re fois ensemble et \u00e9largissent \u00e0 cette occasion le p\u00e9rim\u00e8tre [&hellip;]","og_url":"https:\/\/batijournal.com\/index.php\/mobilisation-organisations-professionnelles-contre-sites-illicites-dechets-btp\/92801\/","og_site_name":"Batijournal","article_published_time":"2016-05-17T18:07:37+00:00","article_modified_time":"2019-07-15T10:13:26+00:00","og_image":[{"width":1000,"height":627,"url":"https:\/\/batijournal.com\/wp-content\/uploads\/2016\/05\/dechets-inertes.jpg","type":"image\/jpeg"}],"author":"St\u00e9phane Miget","twitter_card":"summary_large_image","twitter_creator":"@bati_journal","twitter_site":"@bati_journal","twitter_misc":{"\u00c9crit par":"St\u00e9phane Miget","Dur\u00e9e de lecture estim\u00e9e":"2 minutes"},"schema":{"@context":"https:\/\/schema.org","@graph":[{"@type":"Article","@id":"https:\/\/batijournal.com\/index.php\/mobilisation-organisations-professionnelles-contre-sites-illicites-dechets-btp\/92801\/#article","isPartOf":{"@id":"https:\/\/batijournal.com\/index.php\/mobilisation-organisations-professionnelles-contre-sites-illicites-dechets-btp\/92801\/"},"author":{"name":"St\u00e9phane Miget","@id":"https:\/\/batijournal.com\/#\/schema\/person\/1dc96ec6957aa1ccb25ebe78bb19f100"},"headline":"Mobilisation des organisations professionnelles contre les d\u00e9charges sauvages de d\u00e9chets du BTP","datePublished":"2016-05-17T18:07:37+00:00","dateModified":"2019-07-15T10:13:26+00:00","mainEntityOfPage":{"@id":"https:\/\/batijournal.com\/index.php\/mobilisation-organisations-professionnelles-contre-sites-illicites-dechets-btp\/92801\/"},"wordCount":393,"image":{"@id":"https:\/\/batijournal.com\/index.php\/mobilisation-organisations-professionnelles-contre-sites-illicites-dechets-btp\/92801\/#primaryimage"},"thumbnailUrl":"https:\/\/batijournal.com\/wp-content\/uploads\/2016\/05\/dechets-inertes.jpg","keywords":["d\u00e9chet","d\u00e9chets"],"articleSection":["Architecture &amp; Conception","\u00c9conomie &amp; March\u00e9s","zz_Actualit\u00e9s - 5fa\u00e7ades"],"inLanguage":"fr-FR"},{"@type":"WebPage","@id":"https:\/\/batijournal.com\/index.php\/mobilisation-organisations-professionnelles-contre-sites-illicites-dechets-btp\/92801\/","url":"https:\/\/batijournal.com\/index.php\/mobilisation-organisations-professionnelles-contre-sites-illicites-dechets-btp\/92801\/","name":"Mobilisation des organisations professionnelles contre les d\u00e9charges sauvages de d\u00e9chets du BTP","isPartOf":{"@id":"https:\/\/batijournal.com\/#website"},"primaryImageOfPage":{"@id":"https:\/\/batijournal.com\/index.php\/mobilisation-organisations-professionnelles-contre-sites-illicites-dechets-btp\/92801\/#primaryimage"},"image":{"@id":"https:\/\/batijournal.com\/index.php\/mobilisation-organisations-professionnelles-contre-sites-illicites-dechets-btp\/92801\/#primaryimage"},"thumbnailUrl":"https:\/\/batijournal.com\/wp-content\/uploads\/2016\/05\/dechets-inertes.jpg","datePublished":"2016-05-17T18:07:37+00:00","dateModified":"2019-07-15T10:13:26+00:00","author":{"@id":"https:\/\/batijournal.com\/#\/schema\/person\/1dc96ec6957aa1ccb25ebe78bb19f100"},"breadcrumb":{"@id":"https:\/\/batijournal.com\/index.php\/mobilisation-organisations-professionnelles-contre-sites-illicites-dechets-btp\/92801\/#breadcrumb"},"inLanguage":"fr-FR","potentialAction":[{"@type":"ReadAction","target":["https:\/\/batijournal.com\/index.php\/mobilisation-organisations-professionnelles-contre-sites-illicites-dechets-btp\/92801\/"]}]},{"@type":"ImageObject","inLanguage":"fr-FR","@id":"https:\/\/batijournal.com\/index.php\/mobilisation-organisations-professionnelles-contre-sites-illicites-dechets-btp\/92801\/#primaryimage","url":"https:\/\/batijournal.com\/wp-content\/uploads\/2016\/05\/dechets-inertes.jpg","contentUrl":"https:\/\/batijournal.com\/wp-content\/uploads\/2016\/05\/dechets-inertes.jpg","width":1000,"height":627},{"@type":"BreadcrumbList","@id":"https:\/\/batijournal.com\/index.php\/mobilisation-organisations-professionnelles-contre-sites-illicites-dechets-btp\/92801\/#breadcrumb","itemListElement":[{"@type":"ListItem","position":1,"name":"Accueil","item":"https:\/\/batijournal.com\/"},{"@type":"ListItem","position":2,"name":"Actualit\u00e9s","item":"https:\/\/batijournal.com\/index.php\/category\/actualites\/"},{"@type":"ListItem","position":3,"name":"Architecture &amp; Conception","item":"https:\/\/batijournal.com\/index.php\/category\/actualites\/architecture-conception\/"},{"@type":"ListItem","position":4,"name":"Mobilisation des organisations professionnelles contre les d\u00e9charges sauvages de d\u00e9chets du BTP"}]},{"@type":"WebSite","@id":"https:\/\/batijournal.com\/#website","url":"https:\/\/batijournal.com\/","name":"Batijournal","description":"L&#039;actualit\u00e9 du b\u00e2timent","potentialAction":[{"@type":"SearchAction","target":{"@type":"EntryPoint","urlTemplate":"https:\/\/batijournal.com\/?s={search_term_string}"},"query-input":{"@type":"PropertyValueSpecification","valueRequired":true,"valueName":"search_term_string"}}],"inLanguage":"fr-FR"},{"@type":"Person","@id":"https:\/\/batijournal.com\/#\/schema\/person\/1dc96ec6957aa1ccb25ebe78bb19f100","name":"St\u00e9phane Miget","image":{"@type":"ImageObject","inLanguage":"fr-FR","@id":"https:\/\/secure.gravatar.com\/avatar\/89915563d925342126b8ef0281b93d9d7fc337043e8df017f780908eb9644451?s=96&d=mm&r=g","url":"https:\/\/secure.gravatar.com\/avatar\/89915563d925342126b8ef0281b93d9d7fc337043e8df017f780908eb9644451?s=96&d=mm&r=g","contentUrl":"https:\/\/secure.gravatar.com\/avatar\/89915563d925342126b8ef0281b93d9d7fc337043e8df017f780908eb9644451?s=96&d=mm&r=g","caption":"St\u00e9phane Miget"},"url":"https:\/\/batijournal.com\/index.php\/author\/stephane\/"}]}},"_links":{"self":[{"href":"https:\/\/batijournal.com\/index.php\/wp-json\/wp\/v2\/posts\/92801","targetHints":{"allow":["GET"]}}],"collection":[{"href":"https:\/\/batijournal.com\/index.php\/wp-json\/wp\/v2\/posts"}],"about":[{"href":"https:\/\/batijournal.com\/index.php\/wp-json\/wp\/v2\/types\/post"}],"author":[{"embeddable":true,"href":"https:\/\/batijournal.com\/index.php\/wp-json\/wp\/v2\/users\/17"}],"replies":[{"embeddable":true,"href":"https:\/\/batijournal.com\/index.php\/wp-json\/wp\/v2\/comments?post=92801"}],"version-history":[{"count":0,"href":"https:\/\/batijournal.com\/index.php\/wp-json\/wp\/v2\/posts\/92801\/revisions"}],"wp:featuredmedia":[{"embeddable":true,"href":"https:\/\/batijournal.com\/index.php\/wp-json\/wp\/v2\/media\/92803"}],"wp:attachment":[{"href":"https:\/\/batijournal.com\/index.php\/wp-json\/wp\/v2\/media?parent=92801"}],"wp:term":[{"taxonomy":"category","embeddable":true,"href":"https:\/\/batijournal.com\/index.php\/wp-json\/wp\/v2\/categories?post=92801"},{"taxonomy":"post_tag","embeddable":true,"href":"https:\/\/batijournal.com\/index.php\/wp-json\/wp\/v2\/tags?post=92801"}],"curies":[{"name":"wp","href":"https:\/\/api.w.org\/{rel}","templated":true}]}}