{"id":92827,"date":"2016-05-19T15:30:29","date_gmt":"2016-05-19T13:30:29","guid":{"rendered":"http:\/\/batijournal.com\/?p=92827"},"modified":"2019-07-15T12:11:10","modified_gmt":"2019-07-15T10:11:10","slug":"immeubles-bois-de-grande-hauteur-interessent-de-plus-plus-amenageurs-publics","status":"publish","type":"post","link":"https:\/\/batijournal.com\/index.php\/immeubles-bois-de-grande-hauteur-interessent-de-plus-plus-amenageurs-publics\/92827\/","title":{"rendered":"Les immeubles bois de grande hauteur int\u00e9ressent de plus en plus les am\u00e9nageurs publics"},"content":{"rendered":"<p>Nicolas Ferrand, Directeur g\u00e9n\u00e9ral des \u00e9tablissements publics d\u2019am\u00e9nagement de Marne-la-Vall\u00e9e, EPAMARNE \/ EPAFRANCE, a annonc\u00e9 l\u2019adh\u00e9sion d\u2019EPAMARNE \u00e0 ADIVbois, l\u2019Association pour le D\u00e9veloppement des Immeubles \u00e0 Vivre Bois. Cette adh\u00e9sion fait d\u2019EPAMARNE le premier am\u00e9nageur public \u00e0 rejoindre les rangs d\u2019ADIVbois, association fermement soutenue par les minist\u00e8res de l\u2019Economie, de l\u2019Agriculture, du D\u00e9veloppement Durable et du Logement. Elle s\u2019inscrit dans la continuit\u00e9 de la d\u00e9marche avant-gardiste initi\u00e9e par l\u2019\u00e9tablissement depuis de nombreuses ann\u00e9es en mati\u00e8re de construction bois, avec aujourd\u2019hui le d\u00e9veloppement de ces immeubles \u00ab Nouvelle G\u00e9n\u00e9ration \u00bb, qui concilient hauteur, \u00e9cologie et \u00e9conomie. Gr\u00e2ce au partenariat avec le FCBA et au soutien d\u2019ADIVbois, les EPA poursuivront leurs efforts sur la construction bois, en \u00e9troite collaboration avec les collectivit\u00e9s, avec pour objectif qu\u2019\u00e0 compter de 2017, un tiers de leurs r\u00e9alisations soit en structure bois. D\u00e8s 2016, plus de 650 logements seront ainsi lanc\u00e9s en bois.<\/p>\n","protected":false},"excerpt":{"rendered":"<p>Nicolas Ferrand, Directeur g\u00e9n\u00e9ral des \u00e9tablissements publics d\u2019am\u00e9nagement de Marne-la-Vall\u00e9e, EPAMARNE \/ EPAFRANCE, a annonc\u00e9 l\u2019adh\u00e9sion d\u2019EPAMARNE \u00e0 ADIVbois, l\u2019Association pour le D\u00e9veloppement des Immeubles \u00e0 Vivre Bois. Cette adh\u00e9sion fait d\u2019EPAMARNE le premier am\u00e9nageur public \u00e0 rejoindre les rangs d\u2019ADIVbois, association fermement soutenue par les minist\u00e8res de l\u2019Economie, de l\u2019Agriculture, du D\u00e9veloppement Durable et [&hellip;]<\/p>\n","protected":false},"author":17,"featured_media":92828,"comment_status":"closed","ping_status":"closed","sticky":false,"template":"","format":"standard","meta":{"_et_pb_use_builder":"","_et_pb_old_content":"","_et_gb_content_width":"","footnotes":""},"categories":[10530,6340],"tags":[],"class_list":["post-92827","post","type-post","status-publish","format-standard","has-post-thumbnail","hentry","category-actualites","category-architecture-conception"],"yoast_head":"<!-- This site is optimized with the Yoast SEO plugin v27.4 - https:\/\/yoast.com\/product\/yoast-seo-wordpress\/ -->\n<title>Les immeubles bois de grande hauteur int\u00e9ressent de plus en plus les am\u00e9nageurs publics<\/title>\n<meta name=\"robots\" content=\"index, follow, max-snippet:-1, max-image-preview:large, max-video-preview:-1\" \/>\n<link rel=\"canonical\" href=\"https:\/\/batijournal.com\/index.php\/immeubles-bois-de-grande-hauteur-interessent-de-plus-plus-amenageurs-publics\/92827\/\" \/>\n<meta property=\"og:locale\" content=\"fr_FR\" \/>\n<meta property=\"og:type\" content=\"article\" \/>\n<meta property=\"og:title\" content=\"Les immeubles bois de grande hauteur int\u00e9ressent de plus en plus les am\u00e9nageurs publics\" \/>\n<meta property=\"og:description\" content=\"Nicolas Ferrand, Directeur g\u00e9n\u00e9ral des \u00e9tablissements publics d\u2019am\u00e9nagement de Marne-la-Vall\u00e9e, EPAMARNE \/ EPAFRANCE, a annonc\u00e9 l\u2019adh\u00e9sion d\u2019EPAMARNE \u00e0 ADIVbois, l\u2019Association pour le D\u00e9veloppement des Immeubles \u00e0 Vivre Bois. Cette adh\u00e9sion fait d\u2019EPAMARNE le premier am\u00e9nageur public \u00e0 rejoindre les rangs d\u2019ADIVbois, association fermement soutenue par les minist\u00e8res de l\u2019Economie, de l\u2019Agriculture, du D\u00e9veloppement Durable et [&hellip;]\" \/>\n<meta property=\"og:url\" content=\"https:\/\/batijournal.com\/index.php\/immeubles-bois-de-grande-hauteur-interessent-de-plus-plus-amenageurs-publics\/92827\/\" \/>\n<meta property=\"og:site_name\" content=\"Batijournal\" \/>\n<meta property=\"article:published_time\" content=\"2016-05-19T13:30:29+00:00\" \/>\n<meta property=\"article:modified_time\" content=\"2019-07-15T10:11:10+00:00\" \/>\n<meta property=\"og:image\" content=\"https:\/\/batijournal.com\/wp-content\/uploads\/2016\/05\/adivbois.jpg\" \/>\n\t<meta property=\"og:image:width\" content=\"680\" \/>\n\t<meta property=\"og:image:height\" content=\"282\" \/>\n\t<meta property=\"og:image:type\" content=\"image\/jpeg\" \/>\n<meta name=\"author\" content=\"St\u00e9phane Miget\" \/>\n<meta name=\"twitter:card\" content=\"summary_large_image\" \/>\n<meta name=\"twitter:creator\" content=\"@bati_journal\" \/>\n<meta name=\"twitter:site\" content=\"@bati_journal\" \/>\n<meta name=\"twitter:label1\" content=\"\u00c9crit par\" \/>\n\t<meta name=\"twitter:data1\" content=\"St\u00e9phane Miget\" \/>\n\t<meta name=\"twitter:label2\" content=\"Dur\u00e9e de lecture estim\u00e9e\" \/>\n\t<meta name=\"twitter:data2\" content=\"1 minute\" \/>\n<script type=\"application\/ld+json\" class=\"yoast-schema-graph\">{\"@context\":\"https:\\\/\\\/schema.org\",\"@graph\":[{\"@type\":\"Article\",\"@id\":\"https:\\\/\\\/batijournal.com\\\/index.php\\\/immeubles-bois-de-grande-hauteur-interessent-de-plus-plus-amenageurs-publics\\\/92827\\\/#article\",\"isPartOf\":{\"@id\":\"https:\\\/\\\/batijournal.com\\\/index.php\\\/immeubles-bois-de-grande-hauteur-interessent-de-plus-plus-amenageurs-publics\\\/92827\\\/\"},\"author\":{\"name\":\"St\u00e9phane Miget\",\"@id\":\"https:\\\/\\\/batijournal.com\\\/#\\\/schema\\\/person\\\/1dc96ec6957aa1ccb25ebe78bb19f100\"},\"headline\":\"Les immeubles bois de grande hauteur int\u00e9ressent de plus en plus les am\u00e9nageurs publics\",\"datePublished\":\"2016-05-19T13:30:29+00:00\",\"dateModified\":\"2019-07-15T10:11:10+00:00\",\"mainEntityOfPage\":{\"@id\":\"https:\\\/\\\/batijournal.com\\\/index.php\\\/immeubles-bois-de-grande-hauteur-interessent-de-plus-plus-amenageurs-publics\\\/92827\\\/\"},\"wordCount\":188,\"image\":{\"@id\":\"https:\\\/\\\/batijournal.com\\\/index.php\\\/immeubles-bois-de-grande-hauteur-interessent-de-plus-plus-amenageurs-publics\\\/92827\\\/#primaryimage\"},\"thumbnailUrl\":\"https:\\\/\\\/batijournal.com\\\/wp-content\\\/uploads\\\/2016\\\/05\\\/adivbois.jpg\",\"articleSection\":[\"Actualit\u00e9s\",\"Architecture &amp; Conception\"],\"inLanguage\":\"fr-FR\"},{\"@type\":\"WebPage\",\"@id\":\"https:\\\/\\\/batijournal.com\\\/index.php\\\/immeubles-bois-de-grande-hauteur-interessent-de-plus-plus-amenageurs-publics\\\/92827\\\/\",\"url\":\"https:\\\/\\\/batijournal.com\\\/index.php\\\/immeubles-bois-de-grande-hauteur-interessent-de-plus-plus-amenageurs-publics\\\/92827\\\/\",\"name\":\"Les immeubles bois de grande hauteur int\u00e9ressent de plus en plus les am\u00e9nageurs publics\",\"isPartOf\":{\"@id\":\"https:\\\/\\\/batijournal.com\\\/#website\"},\"primaryImageOfPage\":{\"@id\":\"https:\\\/\\\/batijournal.com\\\/index.php\\\/immeubles-bois-de-grande-hauteur-interessent-de-plus-plus-amenageurs-publics\\\/92827\\\/#primaryimage\"},\"image\":{\"@id\":\"https:\\\/\\\/batijournal.com\\\/index.php\\\/immeubles-bois-de-grande-hauteur-interessent-de-plus-plus-amenageurs-publics\\\/92827\\\/#primaryimage\"},\"thumbnailUrl\":\"https:\\\/\\\/batijournal.com\\\/wp-content\\\/uploads\\\/2016\\\/05\\\/adivbois.jpg\",\"datePublished\":\"2016-05-19T13:30:29+00:00\",\"dateModified\":\"2019-07-15T10:11:10+00:00\",\"author\":{\"@id\":\"https:\\\/\\\/batijournal.com\\\/#\\\/schema\\\/person\\\/1dc96ec6957aa1ccb25ebe78bb19f100\"},\"breadcrumb\":{\"@id\":\"https:\\\/\\\/batijournal.com\\\/index.php\\\/immeubles-bois-de-grande-hauteur-interessent-de-plus-plus-amenageurs-publics\\\/92827\\\/#breadcrumb\"},\"inLanguage\":\"fr-FR\",\"potentialAction\":[{\"@type\":\"ReadAction\",\"target\":[\"https:\\\/\\\/batijournal.com\\\/index.php\\\/immeubles-bois-de-grande-hauteur-interessent-de-plus-plus-amenageurs-publics\\\/92827\\\/\"]}]},{\"@type\":\"ImageObject\",\"inLanguage\":\"fr-FR\",\"@id\":\"https:\\\/\\\/batijournal.com\\\/index.php\\\/immeubles-bois-de-grande-hauteur-interessent-de-plus-plus-amenageurs-publics\\\/92827\\\/#primaryimage\",\"url\":\"https:\\\/\\\/batijournal.com\\\/wp-content\\\/uploads\\\/2016\\\/05\\\/adivbois.jpg\",\"contentUrl\":\"https:\\\/\\\/batijournal.com\\\/wp-content\\\/uploads\\\/2016\\\/05\\\/adivbois.jpg\",\"width\":680,\"height\":282},{\"@type\":\"BreadcrumbList\",\"@id\":\"https:\\\/\\\/batijournal.com\\\/index.php\\\/immeubles-bois-de-grande-hauteur-interessent-de-plus-plus-amenageurs-publics\\\/92827\\\/#breadcrumb\",\"itemListElement\":[{\"@type\":\"ListItem\",\"position\":1,\"name\":\"Accueil\",\"item\":\"https:\\\/\\\/batijournal.com\\\/\"},{\"@type\":\"ListItem\",\"position\":2,\"name\":\"Actualit\u00e9s\",\"item\":\"https:\\\/\\\/batijournal.com\\\/index.php\\\/category\\\/actualites\\\/\"},{\"@type\":\"ListItem\",\"position\":3,\"name\":\"Les immeubles bois de grande hauteur int\u00e9ressent de plus en plus les am\u00e9nageurs publics\"}]},{\"@type\":\"WebSite\",\"@id\":\"https:\\\/\\\/batijournal.com\\\/#website\",\"url\":\"https:\\\/\\\/batijournal.com\\\/\",\"name\":\"Batijournal\",\"description\":\"L&#039;actualit\u00e9 du b\u00e2timent\",\"potentialAction\":[{\"@type\":\"SearchAction\",\"target\":{\"@type\":\"EntryPoint\",\"urlTemplate\":\"https:\\\/\\\/batijournal.com\\\/?s={search_term_string}\"},\"query-input\":{\"@type\":\"PropertyValueSpecification\",\"valueRequired\":true,\"valueName\":\"search_term_string\"}}],\"inLanguage\":\"fr-FR\"},{\"@type\":\"Person\",\"@id\":\"https:\\\/\\\/batijournal.com\\\/#\\\/schema\\\/person\\\/1dc96ec6957aa1ccb25ebe78bb19f100\",\"name\":\"St\u00e9phane Miget\",\"image\":{\"@type\":\"ImageObject\",\"inLanguage\":\"fr-FR\",\"@id\":\"https:\\\/\\\/secure.gravatar.com\\\/avatar\\\/89915563d925342126b8ef0281b93d9d7fc337043e8df017f780908eb9644451?s=96&d=mm&r=g\",\"url\":\"https:\\\/\\\/secure.gravatar.com\\\/avatar\\\/89915563d925342126b8ef0281b93d9d7fc337043e8df017f780908eb9644451?s=96&d=mm&r=g\",\"contentUrl\":\"https:\\\/\\\/secure.gravatar.com\\\/avatar\\\/89915563d925342126b8ef0281b93d9d7fc337043e8df017f780908eb9644451?s=96&d=mm&r=g\",\"caption\":\"St\u00e9phane Miget\"},\"url\":\"https:\\\/\\\/batijournal.com\\\/index.php\\\/author\\\/stephane\\\/\"}]}<\/script>\n<!-- \/ Yoast SEO plugin. -->","yoast_head_json":{"title":"Les immeubles bois de grande hauteur int\u00e9ressent de plus en plus les am\u00e9nageurs publics","robots":{"index":"index","follow":"follow","max-snippet":"max-snippet:-1","max-image-preview":"max-image-preview:large","max-video-preview":"max-video-preview:-1"},"canonical":"https:\/\/batijournal.com\/index.php\/immeubles-bois-de-grande-hauteur-interessent-de-plus-plus-amenageurs-publics\/92827\/","og_locale":"fr_FR","og_type":"article","og_title":"Les immeubles bois de grande hauteur int\u00e9ressent de plus en plus les am\u00e9nageurs publics","og_description":"Nicolas Ferrand, Directeur g\u00e9n\u00e9ral des \u00e9tablissements publics d\u2019am\u00e9nagement de Marne-la-Vall\u00e9e, EPAMARNE \/ EPAFRANCE, a annonc\u00e9 l\u2019adh\u00e9sion d\u2019EPAMARNE \u00e0 ADIVbois, l\u2019Association pour le D\u00e9veloppement des Immeubles \u00e0 Vivre Bois. Cette adh\u00e9sion fait d\u2019EPAMARNE le premier am\u00e9nageur public \u00e0 rejoindre les rangs d\u2019ADIVbois, association fermement soutenue par les minist\u00e8res de l\u2019Economie, de l\u2019Agriculture, du D\u00e9veloppement Durable et [&hellip;]","og_url":"https:\/\/batijournal.com\/index.php\/immeubles-bois-de-grande-hauteur-interessent-de-plus-plus-amenageurs-publics\/92827\/","og_site_name":"Batijournal","article_published_time":"2016-05-19T13:30:29+00:00","article_modified_time":"2019-07-15T10:11:10+00:00","og_image":[{"width":680,"height":282,"url":"https:\/\/batijournal.com\/wp-content\/uploads\/2016\/05\/adivbois.jpg","type":"image\/jpeg"}],"author":"St\u00e9phane Miget","twitter_card":"summary_large_image","twitter_creator":"@bati_journal","twitter_site":"@bati_journal","twitter_misc":{"\u00c9crit par":"St\u00e9phane Miget","Dur\u00e9e de lecture estim\u00e9e":"1 minute"},"schema":{"@context":"https:\/\/schema.org","@graph":[{"@type":"Article","@id":"https:\/\/batijournal.com\/index.php\/immeubles-bois-de-grande-hauteur-interessent-de-plus-plus-amenageurs-publics\/92827\/#article","isPartOf":{"@id":"https:\/\/batijournal.com\/index.php\/immeubles-bois-de-grande-hauteur-interessent-de-plus-plus-amenageurs-publics\/92827\/"},"author":{"name":"St\u00e9phane Miget","@id":"https:\/\/batijournal.com\/#\/schema\/person\/1dc96ec6957aa1ccb25ebe78bb19f100"},"headline":"Les immeubles bois de grande hauteur int\u00e9ressent de plus en plus les am\u00e9nageurs publics","datePublished":"2016-05-19T13:30:29+00:00","dateModified":"2019-07-15T10:11:10+00:00","mainEntityOfPage":{"@id":"https:\/\/batijournal.com\/index.php\/immeubles-bois-de-grande-hauteur-interessent-de-plus-plus-amenageurs-publics\/92827\/"},"wordCount":188,"image":{"@id":"https:\/\/batijournal.com\/index.php\/immeubles-bois-de-grande-hauteur-interessent-de-plus-plus-amenageurs-publics\/92827\/#primaryimage"},"thumbnailUrl":"https:\/\/batijournal.com\/wp-content\/uploads\/2016\/05\/adivbois.jpg","articleSection":["Actualit\u00e9s","Architecture &amp; Conception"],"inLanguage":"fr-FR"},{"@type":"WebPage","@id":"https:\/\/batijournal.com\/index.php\/immeubles-bois-de-grande-hauteur-interessent-de-plus-plus-amenageurs-publics\/92827\/","url":"https:\/\/batijournal.com\/index.php\/immeubles-bois-de-grande-hauteur-interessent-de-plus-plus-amenageurs-publics\/92827\/","name":"Les immeubles bois de grande hauteur int\u00e9ressent de plus en plus les am\u00e9nageurs publics","isPartOf":{"@id":"https:\/\/batijournal.com\/#website"},"primaryImageOfPage":{"@id":"https:\/\/batijournal.com\/index.php\/immeubles-bois-de-grande-hauteur-interessent-de-plus-plus-amenageurs-publics\/92827\/#primaryimage"},"image":{"@id":"https:\/\/batijournal.com\/index.php\/immeubles-bois-de-grande-hauteur-interessent-de-plus-plus-amenageurs-publics\/92827\/#primaryimage"},"thumbnailUrl":"https:\/\/batijournal.com\/wp-content\/uploads\/2016\/05\/adivbois.jpg","datePublished":"2016-05-19T13:30:29+00:00","dateModified":"2019-07-15T10:11:10+00:00","author":{"@id":"https:\/\/batijournal.com\/#\/schema\/person\/1dc96ec6957aa1ccb25ebe78bb19f100"},"breadcrumb":{"@id":"https:\/\/batijournal.com\/index.php\/immeubles-bois-de-grande-hauteur-interessent-de-plus-plus-amenageurs-publics\/92827\/#breadcrumb"},"inLanguage":"fr-FR","potentialAction":[{"@type":"ReadAction","target":["https:\/\/batijournal.com\/index.php\/immeubles-bois-de-grande-hauteur-interessent-de-plus-plus-amenageurs-publics\/92827\/"]}]},{"@type":"ImageObject","inLanguage":"fr-FR","@id":"https:\/\/batijournal.com\/index.php\/immeubles-bois-de-grande-hauteur-interessent-de-plus-plus-amenageurs-publics\/92827\/#primaryimage","url":"https:\/\/batijournal.com\/wp-content\/uploads\/2016\/05\/adivbois.jpg","contentUrl":"https:\/\/batijournal.com\/wp-content\/uploads\/2016\/05\/adivbois.jpg","width":680,"height":282},{"@type":"BreadcrumbList","@id":"https:\/\/batijournal.com\/index.php\/immeubles-bois-de-grande-hauteur-interessent-de-plus-plus-amenageurs-publics\/92827\/#breadcrumb","itemListElement":[{"@type":"ListItem","position":1,"name":"Accueil","item":"https:\/\/batijournal.com\/"},{"@type":"ListItem","position":2,"name":"Actualit\u00e9s","item":"https:\/\/batijournal.com\/index.php\/category\/actualites\/"},{"@type":"ListItem","position":3,"name":"Les immeubles bois de grande hauteur int\u00e9ressent de plus en plus les am\u00e9nageurs publics"}]},{"@type":"WebSite","@id":"https:\/\/batijournal.com\/#website","url":"https:\/\/batijournal.com\/","name":"Batijournal","description":"L&#039;actualit\u00e9 du b\u00e2timent","potentialAction":[{"@type":"SearchAction","target":{"@type":"EntryPoint","urlTemplate":"https:\/\/batijournal.com\/?s={search_term_string}"},"query-input":{"@type":"PropertyValueSpecification","valueRequired":true,"valueName":"search_term_string"}}],"inLanguage":"fr-FR"},{"@type":"Person","@id":"https:\/\/batijournal.com\/#\/schema\/person\/1dc96ec6957aa1ccb25ebe78bb19f100","name":"St\u00e9phane Miget","image":{"@type":"ImageObject","inLanguage":"fr-FR","@id":"https:\/\/secure.gravatar.com\/avatar\/89915563d925342126b8ef0281b93d9d7fc337043e8df017f780908eb9644451?s=96&d=mm&r=g","url":"https:\/\/secure.gravatar.com\/avatar\/89915563d925342126b8ef0281b93d9d7fc337043e8df017f780908eb9644451?s=96&d=mm&r=g","contentUrl":"https:\/\/secure.gravatar.com\/avatar\/89915563d925342126b8ef0281b93d9d7fc337043e8df017f780908eb9644451?s=96&d=mm&r=g","caption":"St\u00e9phane Miget"},"url":"https:\/\/batijournal.com\/index.php\/author\/stephane\/"}]}},"_links":{"self":[{"href":"https:\/\/batijournal.com\/index.php\/wp-json\/wp\/v2\/posts\/92827","targetHints":{"allow":["GET"]}}],"collection":[{"href":"https:\/\/batijournal.com\/index.php\/wp-json\/wp\/v2\/posts"}],"about":[{"href":"https:\/\/batijournal.com\/index.php\/wp-json\/wp\/v2\/types\/post"}],"author":[{"embeddable":true,"href":"https:\/\/batijournal.com\/index.php\/wp-json\/wp\/v2\/users\/17"}],"replies":[{"embeddable":true,"href":"https:\/\/batijournal.com\/index.php\/wp-json\/wp\/v2\/comments?post=92827"}],"version-history":[{"count":0,"href":"https:\/\/batijournal.com\/index.php\/wp-json\/wp\/v2\/posts\/92827\/revisions"}],"wp:featuredmedia":[{"embeddable":true,"href":"https:\/\/batijournal.com\/index.php\/wp-json\/wp\/v2\/media\/92828"}],"wp:attachment":[{"href":"https:\/\/batijournal.com\/index.php\/wp-json\/wp\/v2\/media?parent=92827"}],"wp:term":[{"taxonomy":"category","embeddable":true,"href":"https:\/\/batijournal.com\/index.php\/wp-json\/wp\/v2\/categories?post=92827"},{"taxonomy":"post_tag","embeddable":true,"href":"https:\/\/batijournal.com\/index.php\/wp-json\/wp\/v2\/tags?post=92827"}],"curies":[{"name":"wp","href":"https:\/\/api.w.org\/{rel}","templated":true}]}}