{"id":92840,"date":"2016-05-24T07:10:58","date_gmt":"2016-05-24T05:10:58","guid":{"rendered":"http:\/\/batijournal.com\/?p=92840"},"modified":"2019-07-15T11:16:46","modified_gmt":"2019-07-15T09:16:46","slug":"26-27-mai-patrimoines-diversite-a-arles","status":"publish","type":"post","link":"https:\/\/batijournal.com\/index.php\/26-27-mai-patrimoines-diversite-a-arles\/92840\/","title":{"rendered":"26 et 27 mai : les patrimoines dans leur diversit\u00e9 \u00e0 Arles"},"content":{"rendered":"<p>Le SIPPA &#8211; Salon International des Professionnels des Patrimoines \u00e0 Arles s&rsquo;adresse \u00e0 l&rsquo;ensemble des professionnels de TOUS les patrimoines : qu&rsquo;il soit b\u00e2ti ou mobilier, naturel, culturel ou immat\u00e9riel. Durant deux jours, des sujets techniques pr\u00e9cis, mais aussi des enjeux plus g\u00e9n\u00e9raux, en r\u00e9ponse aux probl\u00e9matiques actuelles des diff\u00e9rences m\u00e9tiers, seront abord\u00e9s. \u00ab Mati\u00e8re et Immati\u00e8re \u00bb : ce regard crois\u00e9 sur le patrimoine d&rsquo;aujourd&rsquo;hui servira de fil rouge \u00e0 la seconde \u00e9dition. La mati\u00e8re o\u00f9 la reconnaissance des mat\u00e9riaux naturels, la recherche de pierres de substitution pour la restauration des \u00e9difices, la construction architecturale organique, la probl\u00e9matique de la r\u00e9novation du b\u00e2ti ancien en lien avec la transition \u00e9nerg\u00e9tique&#8230; L&rsquo;immati\u00e8re comme un lien entre le patrimoine culturel et l&rsquo;immat\u00e9riel : la mus\u00e9ographie et le num\u00e9rique, l&rsquo;arch\u00e9ologie des m\u00e9dias, le design de service&#8230;<\/p>\n<p>2\u00e8me Salon International des Professionnels des Patrimoines \u00e0 Arles<br \/>\nDu 26 au 27 mai 2016. Palais des Congr\u00e8s d&rsquo;Arles.<br \/>\nAvenue 1ere Division de France libre 13200 Arles.<br \/>\n26 mai : 10h-18h, soir\u00e9e 18h-21h<br \/>\n27 mai : 10h-17h<\/p>\n<p>Salon : visite gratuite &#8211; Accr\u00e9ditation en ligne.<br \/>\nPack 1 journ\u00e9e 80 \u20ac HT &#8211; Pack 2 journ\u00e9es 140 \u20ac HT<br \/>\nUn pack comprend : l&rsquo;acc\u00e8s aux conf\u00e9rences et aux ateliers, \u00e0 la soir\u00e9e French Tech du jeudi, aux rendez-vous d&rsquo;affaires (pour 1 ou 2 journ\u00e9es), le sac et le carnet SIPPA.<\/p>\n<p><a href=\"http:\/\/www.sippa.eu\" target=\"_blank\" rel=\"noopener noreferrer\">www.sippa.eu<\/a><\/p>\n<p>&nbsp;<\/p>\n","protected":false},"excerpt":{"rendered":"<p>Le SIPPA &#8211; Salon International des Professionnels des Patrimoines \u00e0 Arles s&rsquo;adresse \u00e0 l&rsquo;ensemble des professionnels de TOUS les patrimoines : qu&rsquo;il soit b\u00e2ti ou mobilier, naturel, culturel ou immat\u00e9riel. Durant deux jours, des sujets techniques pr\u00e9cis, mais aussi des enjeux plus g\u00e9n\u00e9raux, en r\u00e9ponse aux probl\u00e9matiques actuelles des diff\u00e9rences m\u00e9tiers, seront abord\u00e9s. \u00ab Mati\u00e8re [&hellip;]<\/p>\n","protected":false},"author":17,"featured_media":92841,"comment_status":"closed","ping_status":"closed","sticky":false,"template":"","format":"standard","meta":{"_et_pb_use_builder":"","_et_pb_old_content":"","_et_gb_content_width":"","footnotes":""},"categories":[6340],"tags":[11042,386],"class_list":["post-92840","post","type-post","status-publish","format-standard","has-post-thumbnail","hentry","category-architecture-conception","tag-patrimoine","tag-salon"],"yoast_head":"<!-- This site is optimized with the Yoast SEO plugin v27.4 - https:\/\/yoast.com\/product\/yoast-seo-wordpress\/ -->\n<title>26 et 27 mai : les patrimoines dans leur diversit\u00e9 \u00e0 Arles<\/title>\n<meta name=\"robots\" content=\"index, follow, max-snippet:-1, max-image-preview:large, max-video-preview:-1\" \/>\n<link rel=\"canonical\" href=\"https:\/\/batijournal.com\/index.php\/26-27-mai-patrimoines-diversite-a-arles\/92840\/\" \/>\n<meta property=\"og:locale\" content=\"fr_FR\" \/>\n<meta property=\"og:type\" content=\"article\" \/>\n<meta property=\"og:title\" content=\"26 et 27 mai : les patrimoines dans leur diversit\u00e9 \u00e0 Arles\" \/>\n<meta property=\"og:description\" content=\"Le SIPPA &#8211; Salon International des Professionnels des Patrimoines \u00e0 Arles s&rsquo;adresse \u00e0 l&rsquo;ensemble des professionnels de TOUS les patrimoines : qu&rsquo;il soit b\u00e2ti ou mobilier, naturel, culturel ou immat\u00e9riel. Durant deux jours, des sujets techniques pr\u00e9cis, mais aussi des enjeux plus g\u00e9n\u00e9raux, en r\u00e9ponse aux probl\u00e9matiques actuelles des diff\u00e9rences m\u00e9tiers, seront abord\u00e9s. \u00ab Mati\u00e8re [&hellip;]\" \/>\n<meta property=\"og:url\" content=\"https:\/\/batijournal.com\/index.php\/26-27-mai-patrimoines-diversite-a-arles\/92840\/\" \/>\n<meta property=\"og:site_name\" content=\"Batijournal\" \/>\n<meta property=\"article:published_time\" content=\"2016-05-24T05:10:58+00:00\" \/>\n<meta property=\"article:modified_time\" content=\"2019-07-15T09:16:46+00:00\" \/>\n<meta property=\"og:image\" content=\"https:\/\/batijournal.com\/wp-content\/uploads\/2016\/05\/dossierdepresse.sippa_.v2.001.jpeg\" \/>\n\t<meta property=\"og:image:width\" content=\"496\" \/>\n\t<meta property=\"og:image:height\" content=\"187\" \/>\n\t<meta property=\"og:image:type\" content=\"image\/jpeg\" \/>\n<meta name=\"author\" content=\"St\u00e9phane Miget\" \/>\n<meta name=\"twitter:card\" content=\"summary_large_image\" \/>\n<meta name=\"twitter:creator\" content=\"@bati_journal\" \/>\n<meta name=\"twitter:site\" content=\"@bati_journal\" \/>\n<meta name=\"twitter:label1\" content=\"\u00c9crit par\" \/>\n\t<meta name=\"twitter:data1\" content=\"St\u00e9phane Miget\" \/>\n\t<meta name=\"twitter:label2\" content=\"Dur\u00e9e de lecture estim\u00e9e\" \/>\n\t<meta name=\"twitter:data2\" content=\"1 minute\" \/>\n<script type=\"application\/ld+json\" class=\"yoast-schema-graph\">{\"@context\":\"https:\\\/\\\/schema.org\",\"@graph\":[{\"@type\":\"Article\",\"@id\":\"https:\\\/\\\/batijournal.com\\\/index.php\\\/26-27-mai-patrimoines-diversite-a-arles\\\/92840\\\/#article\",\"isPartOf\":{\"@id\":\"https:\\\/\\\/batijournal.com\\\/index.php\\\/26-27-mai-patrimoines-diversite-a-arles\\\/92840\\\/\"},\"author\":{\"name\":\"St\u00e9phane Miget\",\"@id\":\"https:\\\/\\\/batijournal.com\\\/#\\\/schema\\\/person\\\/1dc96ec6957aa1ccb25ebe78bb19f100\"},\"headline\":\"26 et 27 mai : les patrimoines dans leur diversit\u00e9 \u00e0 Arles\",\"datePublished\":\"2016-05-24T05:10:58+00:00\",\"dateModified\":\"2019-07-15T09:16:46+00:00\",\"mainEntityOfPage\":{\"@id\":\"https:\\\/\\\/batijournal.com\\\/index.php\\\/26-27-mai-patrimoines-diversite-a-arles\\\/92840\\\/\"},\"wordCount\":254,\"image\":{\"@id\":\"https:\\\/\\\/batijournal.com\\\/index.php\\\/26-27-mai-patrimoines-diversite-a-arles\\\/92840\\\/#primaryimage\"},\"thumbnailUrl\":\"https:\\\/\\\/batijournal.com\\\/wp-content\\\/uploads\\\/2016\\\/05\\\/dossierdepresse.sippa_.v2.001.jpeg\",\"keywords\":[\"patrimoine\",\"salon\"],\"articleSection\":[\"Architecture &amp; Conception\"],\"inLanguage\":\"fr-FR\"},{\"@type\":\"WebPage\",\"@id\":\"https:\\\/\\\/batijournal.com\\\/index.php\\\/26-27-mai-patrimoines-diversite-a-arles\\\/92840\\\/\",\"url\":\"https:\\\/\\\/batijournal.com\\\/index.php\\\/26-27-mai-patrimoines-diversite-a-arles\\\/92840\\\/\",\"name\":\"26 et 27 mai : les patrimoines dans leur diversit\u00e9 \u00e0 Arles\",\"isPartOf\":{\"@id\":\"https:\\\/\\\/batijournal.com\\\/#website\"},\"primaryImageOfPage\":{\"@id\":\"https:\\\/\\\/batijournal.com\\\/index.php\\\/26-27-mai-patrimoines-diversite-a-arles\\\/92840\\\/#primaryimage\"},\"image\":{\"@id\":\"https:\\\/\\\/batijournal.com\\\/index.php\\\/26-27-mai-patrimoines-diversite-a-arles\\\/92840\\\/#primaryimage\"},\"thumbnailUrl\":\"https:\\\/\\\/batijournal.com\\\/wp-content\\\/uploads\\\/2016\\\/05\\\/dossierdepresse.sippa_.v2.001.jpeg\",\"datePublished\":\"2016-05-24T05:10:58+00:00\",\"dateModified\":\"2019-07-15T09:16:46+00:00\",\"author\":{\"@id\":\"https:\\\/\\\/batijournal.com\\\/#\\\/schema\\\/person\\\/1dc96ec6957aa1ccb25ebe78bb19f100\"},\"breadcrumb\":{\"@id\":\"https:\\\/\\\/batijournal.com\\\/index.php\\\/26-27-mai-patrimoines-diversite-a-arles\\\/92840\\\/#breadcrumb\"},\"inLanguage\":\"fr-FR\",\"potentialAction\":[{\"@type\":\"ReadAction\",\"target\":[\"https:\\\/\\\/batijournal.com\\\/index.php\\\/26-27-mai-patrimoines-diversite-a-arles\\\/92840\\\/\"]}]},{\"@type\":\"ImageObject\",\"inLanguage\":\"fr-FR\",\"@id\":\"https:\\\/\\\/batijournal.com\\\/index.php\\\/26-27-mai-patrimoines-diversite-a-arles\\\/92840\\\/#primaryimage\",\"url\":\"https:\\\/\\\/batijournal.com\\\/wp-content\\\/uploads\\\/2016\\\/05\\\/dossierdepresse.sippa_.v2.001.jpeg\",\"contentUrl\":\"https:\\\/\\\/batijournal.com\\\/wp-content\\\/uploads\\\/2016\\\/05\\\/dossierdepresse.sippa_.v2.001.jpeg\",\"width\":496,\"height\":187},{\"@type\":\"BreadcrumbList\",\"@id\":\"https:\\\/\\\/batijournal.com\\\/index.php\\\/26-27-mai-patrimoines-diversite-a-arles\\\/92840\\\/#breadcrumb\",\"itemListElement\":[{\"@type\":\"ListItem\",\"position\":1,\"name\":\"Accueil\",\"item\":\"https:\\\/\\\/batijournal.com\\\/\"},{\"@type\":\"ListItem\",\"position\":2,\"name\":\"Actualit\u00e9s\",\"item\":\"https:\\\/\\\/batijournal.com\\\/index.php\\\/category\\\/actualites\\\/\"},{\"@type\":\"ListItem\",\"position\":3,\"name\":\"Architecture &amp; Conception\",\"item\":\"https:\\\/\\\/batijournal.com\\\/index.php\\\/category\\\/actualites\\\/architecture-conception\\\/\"},{\"@type\":\"ListItem\",\"position\":4,\"name\":\"26 et 27 mai : les patrimoines dans leur diversit\u00e9 \u00e0 Arles\"}]},{\"@type\":\"WebSite\",\"@id\":\"https:\\\/\\\/batijournal.com\\\/#website\",\"url\":\"https:\\\/\\\/batijournal.com\\\/\",\"name\":\"Batijournal\",\"description\":\"L&#039;actualit\u00e9 du b\u00e2timent\",\"potentialAction\":[{\"@type\":\"SearchAction\",\"target\":{\"@type\":\"EntryPoint\",\"urlTemplate\":\"https:\\\/\\\/batijournal.com\\\/?s={search_term_string}\"},\"query-input\":{\"@type\":\"PropertyValueSpecification\",\"valueRequired\":true,\"valueName\":\"search_term_string\"}}],\"inLanguage\":\"fr-FR\"},{\"@type\":\"Person\",\"@id\":\"https:\\\/\\\/batijournal.com\\\/#\\\/schema\\\/person\\\/1dc96ec6957aa1ccb25ebe78bb19f100\",\"name\":\"St\u00e9phane Miget\",\"image\":{\"@type\":\"ImageObject\",\"inLanguage\":\"fr-FR\",\"@id\":\"https:\\\/\\\/secure.gravatar.com\\\/avatar\\\/89915563d925342126b8ef0281b93d9d7fc337043e8df017f780908eb9644451?s=96&d=mm&r=g\",\"url\":\"https:\\\/\\\/secure.gravatar.com\\\/avatar\\\/89915563d925342126b8ef0281b93d9d7fc337043e8df017f780908eb9644451?s=96&d=mm&r=g\",\"contentUrl\":\"https:\\\/\\\/secure.gravatar.com\\\/avatar\\\/89915563d925342126b8ef0281b93d9d7fc337043e8df017f780908eb9644451?s=96&d=mm&r=g\",\"caption\":\"St\u00e9phane Miget\"},\"url\":\"https:\\\/\\\/batijournal.com\\\/index.php\\\/author\\\/stephane\\\/\"}]}<\/script>\n<!-- \/ Yoast SEO plugin. -->","yoast_head_json":{"title":"26 et 27 mai : les patrimoines dans leur diversit\u00e9 \u00e0 Arles","robots":{"index":"index","follow":"follow","max-snippet":"max-snippet:-1","max-image-preview":"max-image-preview:large","max-video-preview":"max-video-preview:-1"},"canonical":"https:\/\/batijournal.com\/index.php\/26-27-mai-patrimoines-diversite-a-arles\/92840\/","og_locale":"fr_FR","og_type":"article","og_title":"26 et 27 mai : les patrimoines dans leur diversit\u00e9 \u00e0 Arles","og_description":"Le SIPPA &#8211; Salon International des Professionnels des Patrimoines \u00e0 Arles s&rsquo;adresse \u00e0 l&rsquo;ensemble des professionnels de TOUS les patrimoines : qu&rsquo;il soit b\u00e2ti ou mobilier, naturel, culturel ou immat\u00e9riel. Durant deux jours, des sujets techniques pr\u00e9cis, mais aussi des enjeux plus g\u00e9n\u00e9raux, en r\u00e9ponse aux probl\u00e9matiques actuelles des diff\u00e9rences m\u00e9tiers, seront abord\u00e9s. \u00ab Mati\u00e8re [&hellip;]","og_url":"https:\/\/batijournal.com\/index.php\/26-27-mai-patrimoines-diversite-a-arles\/92840\/","og_site_name":"Batijournal","article_published_time":"2016-05-24T05:10:58+00:00","article_modified_time":"2019-07-15T09:16:46+00:00","og_image":[{"width":496,"height":187,"url":"https:\/\/batijournal.com\/wp-content\/uploads\/2016\/05\/dossierdepresse.sippa_.v2.001.jpeg","type":"image\/jpeg"}],"author":"St\u00e9phane Miget","twitter_card":"summary_large_image","twitter_creator":"@bati_journal","twitter_site":"@bati_journal","twitter_misc":{"\u00c9crit par":"St\u00e9phane Miget","Dur\u00e9e de lecture estim\u00e9e":"1 minute"},"schema":{"@context":"https:\/\/schema.org","@graph":[{"@type":"Article","@id":"https:\/\/batijournal.com\/index.php\/26-27-mai-patrimoines-diversite-a-arles\/92840\/#article","isPartOf":{"@id":"https:\/\/batijournal.com\/index.php\/26-27-mai-patrimoines-diversite-a-arles\/92840\/"},"author":{"name":"St\u00e9phane Miget","@id":"https:\/\/batijournal.com\/#\/schema\/person\/1dc96ec6957aa1ccb25ebe78bb19f100"},"headline":"26 et 27 mai : les patrimoines dans leur diversit\u00e9 \u00e0 Arles","datePublished":"2016-05-24T05:10:58+00:00","dateModified":"2019-07-15T09:16:46+00:00","mainEntityOfPage":{"@id":"https:\/\/batijournal.com\/index.php\/26-27-mai-patrimoines-diversite-a-arles\/92840\/"},"wordCount":254,"image":{"@id":"https:\/\/batijournal.com\/index.php\/26-27-mai-patrimoines-diversite-a-arles\/92840\/#primaryimage"},"thumbnailUrl":"https:\/\/batijournal.com\/wp-content\/uploads\/2016\/05\/dossierdepresse.sippa_.v2.001.jpeg","keywords":["patrimoine","salon"],"articleSection":["Architecture &amp; Conception"],"inLanguage":"fr-FR"},{"@type":"WebPage","@id":"https:\/\/batijournal.com\/index.php\/26-27-mai-patrimoines-diversite-a-arles\/92840\/","url":"https:\/\/batijournal.com\/index.php\/26-27-mai-patrimoines-diversite-a-arles\/92840\/","name":"26 et 27 mai : les patrimoines dans leur diversit\u00e9 \u00e0 Arles","isPartOf":{"@id":"https:\/\/batijournal.com\/#website"},"primaryImageOfPage":{"@id":"https:\/\/batijournal.com\/index.php\/26-27-mai-patrimoines-diversite-a-arles\/92840\/#primaryimage"},"image":{"@id":"https:\/\/batijournal.com\/index.php\/26-27-mai-patrimoines-diversite-a-arles\/92840\/#primaryimage"},"thumbnailUrl":"https:\/\/batijournal.com\/wp-content\/uploads\/2016\/05\/dossierdepresse.sippa_.v2.001.jpeg","datePublished":"2016-05-24T05:10:58+00:00","dateModified":"2019-07-15T09:16:46+00:00","author":{"@id":"https:\/\/batijournal.com\/#\/schema\/person\/1dc96ec6957aa1ccb25ebe78bb19f100"},"breadcrumb":{"@id":"https:\/\/batijournal.com\/index.php\/26-27-mai-patrimoines-diversite-a-arles\/92840\/#breadcrumb"},"inLanguage":"fr-FR","potentialAction":[{"@type":"ReadAction","target":["https:\/\/batijournal.com\/index.php\/26-27-mai-patrimoines-diversite-a-arles\/92840\/"]}]},{"@type":"ImageObject","inLanguage":"fr-FR","@id":"https:\/\/batijournal.com\/index.php\/26-27-mai-patrimoines-diversite-a-arles\/92840\/#primaryimage","url":"https:\/\/batijournal.com\/wp-content\/uploads\/2016\/05\/dossierdepresse.sippa_.v2.001.jpeg","contentUrl":"https:\/\/batijournal.com\/wp-content\/uploads\/2016\/05\/dossierdepresse.sippa_.v2.001.jpeg","width":496,"height":187},{"@type":"BreadcrumbList","@id":"https:\/\/batijournal.com\/index.php\/26-27-mai-patrimoines-diversite-a-arles\/92840\/#breadcrumb","itemListElement":[{"@type":"ListItem","position":1,"name":"Accueil","item":"https:\/\/batijournal.com\/"},{"@type":"ListItem","position":2,"name":"Actualit\u00e9s","item":"https:\/\/batijournal.com\/index.php\/category\/actualites\/"},{"@type":"ListItem","position":3,"name":"Architecture &amp; Conception","item":"https:\/\/batijournal.com\/index.php\/category\/actualites\/architecture-conception\/"},{"@type":"ListItem","position":4,"name":"26 et 27 mai : les patrimoines dans leur diversit\u00e9 \u00e0 Arles"}]},{"@type":"WebSite","@id":"https:\/\/batijournal.com\/#website","url":"https:\/\/batijournal.com\/","name":"Batijournal","description":"L&#039;actualit\u00e9 du b\u00e2timent","potentialAction":[{"@type":"SearchAction","target":{"@type":"EntryPoint","urlTemplate":"https:\/\/batijournal.com\/?s={search_term_string}"},"query-input":{"@type":"PropertyValueSpecification","valueRequired":true,"valueName":"search_term_string"}}],"inLanguage":"fr-FR"},{"@type":"Person","@id":"https:\/\/batijournal.com\/#\/schema\/person\/1dc96ec6957aa1ccb25ebe78bb19f100","name":"St\u00e9phane Miget","image":{"@type":"ImageObject","inLanguage":"fr-FR","@id":"https:\/\/secure.gravatar.com\/avatar\/89915563d925342126b8ef0281b93d9d7fc337043e8df017f780908eb9644451?s=96&d=mm&r=g","url":"https:\/\/secure.gravatar.com\/avatar\/89915563d925342126b8ef0281b93d9d7fc337043e8df017f780908eb9644451?s=96&d=mm&r=g","contentUrl":"https:\/\/secure.gravatar.com\/avatar\/89915563d925342126b8ef0281b93d9d7fc337043e8df017f780908eb9644451?s=96&d=mm&r=g","caption":"St\u00e9phane Miget"},"url":"https:\/\/batijournal.com\/index.php\/author\/stephane\/"}]}},"_links":{"self":[{"href":"https:\/\/batijournal.com\/index.php\/wp-json\/wp\/v2\/posts\/92840","targetHints":{"allow":["GET"]}}],"collection":[{"href":"https:\/\/batijournal.com\/index.php\/wp-json\/wp\/v2\/posts"}],"about":[{"href":"https:\/\/batijournal.com\/index.php\/wp-json\/wp\/v2\/types\/post"}],"author":[{"embeddable":true,"href":"https:\/\/batijournal.com\/index.php\/wp-json\/wp\/v2\/users\/17"}],"replies":[{"embeddable":true,"href":"https:\/\/batijournal.com\/index.php\/wp-json\/wp\/v2\/comments?post=92840"}],"version-history":[{"count":0,"href":"https:\/\/batijournal.com\/index.php\/wp-json\/wp\/v2\/posts\/92840\/revisions"}],"wp:featuredmedia":[{"embeddable":true,"href":"https:\/\/batijournal.com\/index.php\/wp-json\/wp\/v2\/media\/92841"}],"wp:attachment":[{"href":"https:\/\/batijournal.com\/index.php\/wp-json\/wp\/v2\/media?parent=92840"}],"wp:term":[{"taxonomy":"category","embeddable":true,"href":"https:\/\/batijournal.com\/index.php\/wp-json\/wp\/v2\/categories?post=92840"},{"taxonomy":"post_tag","embeddable":true,"href":"https:\/\/batijournal.com\/index.php\/wp-json\/wp\/v2\/tags?post=92840"}],"curies":[{"name":"wp","href":"https:\/\/api.w.org\/{rel}","templated":true}]}}