{"id":92852,"date":"2016-05-25T07:32:16","date_gmt":"2016-05-25T05:32:16","guid":{"rendered":"http:\/\/batijournal.com\/?p=92852"},"modified":"2019-07-15T11:16:46","modified_gmt":"2019-07-15T09:16:46","slug":"centre-monuments-nationaux-euro","status":"publish","type":"post","link":"https:\/\/batijournal.com\/index.php\/centre-monuments-nationaux-euro\/92852\/","title":{"rendered":"Le Centre des monuments nationaux fait son Euro"},"content":{"rendered":"<p>D\u00e9j\u00e0 partenaire du Tour de France, du Marathon de Paris, du semi-Marathon de Paris et du Run\u2019in Reims, le Centre des monuments nationaux profite de l\u2019Euro 2016 pour partager son attachement au sport en l\u2019associant au patrimoine avec originalit\u00e9. Il a d\u00e9cid\u00e9 d\u2019installer 22 baby-foot \u00e0 partir du 1er juin 2016 dans 14 monuments pour une rencontre entre le patrimoine et le sport dans le cadre de son op\u00e9ration de m\u00e9c\u00e9nat participatif \u00ab Marquez pour le patrimoine ! \u00bb. L\u2019occasion pour les visiteurs de retrouver dans les monuments l\u2019atmosph\u00e8re ludique et le go\u00fbt du jeu propre aux comp\u00e9titions sportives. Les ch\u00e2teaux d&rsquo;Azay-le-Rideau, d\u2019Angers, de Cadillac, de la Motte-Tilly, de Pierrefonds, de Vincennes, d\u2019If, le ch\u00e2teau et les remparts de la cit\u00e9 de Carcassonne, la forteresse de Salses, le palais du Tau, le troph\u00e9e d\u2019Auguste \u00e0 La Turbie, l\u2019abbaye de Cluny ou encore les villas Cavrois et Savoye sont autant de monuments prochainement dot\u00e9s de baby- foot Bonzini et sp\u00e9cialement habill\u00e9s aux couleurs de l\u2019op\u00e9ration.<\/p>\n","protected":false},"excerpt":{"rendered":"<p>D\u00e9j\u00e0 partenaire du Tour de France, du Marathon de Paris, du semi-Marathon de Paris et du Run\u2019in Reims, le Centre des monuments nationaux profite de l\u2019Euro 2016 pour partager son attachement au sport en l\u2019associant au patrimoine avec originalit\u00e9. Il a d\u00e9cid\u00e9 d\u2019installer 22 baby-foot \u00e0 partir du 1er juin 2016 dans 14 monuments pour [&hellip;]<\/p>\n","protected":false},"author":17,"featured_media":92853,"comment_status":"closed","ping_status":"closed","sticky":false,"template":"","format":"standard","meta":{"_et_pb_use_builder":"","_et_pb_old_content":"","_et_gb_content_width":"","footnotes":""},"categories":[6340],"tags":[8113],"class_list":["post-92852","post","type-post","status-publish","format-standard","has-post-thumbnail","hentry","category-architecture-conception","tag-centre-des-monuments-nationaux"],"yoast_head":"<!-- This site is optimized with the Yoast SEO plugin v27.4 - https:\/\/yoast.com\/product\/yoast-seo-wordpress\/ -->\n<title>Le Centre des monuments nationaux fait son Euro<\/title>\n<meta name=\"robots\" content=\"index, follow, max-snippet:-1, max-image-preview:large, max-video-preview:-1\" \/>\n<link rel=\"canonical\" href=\"https:\/\/batijournal.com\/index.php\/centre-monuments-nationaux-euro\/92852\/\" \/>\n<meta property=\"og:locale\" content=\"fr_FR\" \/>\n<meta property=\"og:type\" content=\"article\" \/>\n<meta property=\"og:title\" content=\"Le Centre des monuments nationaux fait son Euro\" \/>\n<meta property=\"og:description\" content=\"D\u00e9j\u00e0 partenaire du Tour de France, du Marathon de Paris, du semi-Marathon de Paris et du Run\u2019in Reims, le Centre des monuments nationaux profite de l\u2019Euro 2016 pour partager son attachement au sport en l\u2019associant au patrimoine avec originalit\u00e9. Il a d\u00e9cid\u00e9 d\u2019installer 22 baby-foot \u00e0 partir du 1er juin 2016 dans 14 monuments pour [&hellip;]\" \/>\n<meta property=\"og:url\" content=\"https:\/\/batijournal.com\/index.php\/centre-monuments-nationaux-euro\/92852\/\" \/>\n<meta property=\"og:site_name\" content=\"Batijournal\" \/>\n<meta property=\"article:published_time\" content=\"2016-05-25T05:32:16+00:00\" \/>\n<meta property=\"article:modified_time\" content=\"2019-07-15T09:16:46+00:00\" \/>\n<meta property=\"og:image\" content=\"https:\/\/batijournal.com\/wp-content\/uploads\/2016\/05\/marquez-pour-le-patrimoine.png\" \/>\n\t<meta property=\"og:image:width\" content=\"553\" \/>\n\t<meta property=\"og:image:height\" content=\"768\" \/>\n\t<meta property=\"og:image:type\" content=\"image\/png\" \/>\n<meta name=\"author\" content=\"St\u00e9phane Miget\" \/>\n<meta name=\"twitter:card\" content=\"summary_large_image\" \/>\n<meta name=\"twitter:creator\" content=\"@bati_journal\" \/>\n<meta name=\"twitter:site\" content=\"@bati_journal\" \/>\n<meta name=\"twitter:label1\" content=\"\u00c9crit par\" \/>\n\t<meta name=\"twitter:data1\" content=\"St\u00e9phane Miget\" \/>\n\t<meta name=\"twitter:label2\" content=\"Dur\u00e9e de lecture estim\u00e9e\" \/>\n\t<meta name=\"twitter:data2\" content=\"1 minute\" \/>\n<script type=\"application\/ld+json\" class=\"yoast-schema-graph\">{\"@context\":\"https:\\\/\\\/schema.org\",\"@graph\":[{\"@type\":\"Article\",\"@id\":\"https:\\\/\\\/batijournal.com\\\/index.php\\\/centre-monuments-nationaux-euro\\\/92852\\\/#article\",\"isPartOf\":{\"@id\":\"https:\\\/\\\/batijournal.com\\\/index.php\\\/centre-monuments-nationaux-euro\\\/92852\\\/\"},\"author\":{\"name\":\"St\u00e9phane Miget\",\"@id\":\"https:\\\/\\\/batijournal.com\\\/#\\\/schema\\\/person\\\/1dc96ec6957aa1ccb25ebe78bb19f100\"},\"headline\":\"Le Centre des monuments nationaux fait son Euro\",\"datePublished\":\"2016-05-25T05:32:16+00:00\",\"dateModified\":\"2019-07-15T09:16:46+00:00\",\"mainEntityOfPage\":{\"@id\":\"https:\\\/\\\/batijournal.com\\\/index.php\\\/centre-monuments-nationaux-euro\\\/92852\\\/\"},\"wordCount\":190,\"image\":{\"@id\":\"https:\\\/\\\/batijournal.com\\\/index.php\\\/centre-monuments-nationaux-euro\\\/92852\\\/#primaryimage\"},\"thumbnailUrl\":\"https:\\\/\\\/batijournal.com\\\/wp-content\\\/uploads\\\/2016\\\/05\\\/marquez-pour-le-patrimoine.png\",\"keywords\":[\"centre des monuments nationaux\"],\"articleSection\":[\"Architecture &amp; Conception\"],\"inLanguage\":\"fr-FR\"},{\"@type\":\"WebPage\",\"@id\":\"https:\\\/\\\/batijournal.com\\\/index.php\\\/centre-monuments-nationaux-euro\\\/92852\\\/\",\"url\":\"https:\\\/\\\/batijournal.com\\\/index.php\\\/centre-monuments-nationaux-euro\\\/92852\\\/\",\"name\":\"Le Centre des monuments nationaux fait son Euro\",\"isPartOf\":{\"@id\":\"https:\\\/\\\/batijournal.com\\\/#website\"},\"primaryImageOfPage\":{\"@id\":\"https:\\\/\\\/batijournal.com\\\/index.php\\\/centre-monuments-nationaux-euro\\\/92852\\\/#primaryimage\"},\"image\":{\"@id\":\"https:\\\/\\\/batijournal.com\\\/index.php\\\/centre-monuments-nationaux-euro\\\/92852\\\/#primaryimage\"},\"thumbnailUrl\":\"https:\\\/\\\/batijournal.com\\\/wp-content\\\/uploads\\\/2016\\\/05\\\/marquez-pour-le-patrimoine.png\",\"datePublished\":\"2016-05-25T05:32:16+00:00\",\"dateModified\":\"2019-07-15T09:16:46+00:00\",\"author\":{\"@id\":\"https:\\\/\\\/batijournal.com\\\/#\\\/schema\\\/person\\\/1dc96ec6957aa1ccb25ebe78bb19f100\"},\"breadcrumb\":{\"@id\":\"https:\\\/\\\/batijournal.com\\\/index.php\\\/centre-monuments-nationaux-euro\\\/92852\\\/#breadcrumb\"},\"inLanguage\":\"fr-FR\",\"potentialAction\":[{\"@type\":\"ReadAction\",\"target\":[\"https:\\\/\\\/batijournal.com\\\/index.php\\\/centre-monuments-nationaux-euro\\\/92852\\\/\"]}]},{\"@type\":\"ImageObject\",\"inLanguage\":\"fr-FR\",\"@id\":\"https:\\\/\\\/batijournal.com\\\/index.php\\\/centre-monuments-nationaux-euro\\\/92852\\\/#primaryimage\",\"url\":\"https:\\\/\\\/batijournal.com\\\/wp-content\\\/uploads\\\/2016\\\/05\\\/marquez-pour-le-patrimoine.png\",\"contentUrl\":\"https:\\\/\\\/batijournal.com\\\/wp-content\\\/uploads\\\/2016\\\/05\\\/marquez-pour-le-patrimoine.png\",\"width\":553,\"height\":768},{\"@type\":\"BreadcrumbList\",\"@id\":\"https:\\\/\\\/batijournal.com\\\/index.php\\\/centre-monuments-nationaux-euro\\\/92852\\\/#breadcrumb\",\"itemListElement\":[{\"@type\":\"ListItem\",\"position\":1,\"name\":\"Accueil\",\"item\":\"https:\\\/\\\/batijournal.com\\\/\"},{\"@type\":\"ListItem\",\"position\":2,\"name\":\"Actualit\u00e9s\",\"item\":\"https:\\\/\\\/batijournal.com\\\/index.php\\\/category\\\/actualites\\\/\"},{\"@type\":\"ListItem\",\"position\":3,\"name\":\"Architecture &amp; Conception\",\"item\":\"https:\\\/\\\/batijournal.com\\\/index.php\\\/category\\\/actualites\\\/architecture-conception\\\/\"},{\"@type\":\"ListItem\",\"position\":4,\"name\":\"Le Centre des monuments nationaux fait son Euro\"}]},{\"@type\":\"WebSite\",\"@id\":\"https:\\\/\\\/batijournal.com\\\/#website\",\"url\":\"https:\\\/\\\/batijournal.com\\\/\",\"name\":\"Batijournal\",\"description\":\"L&#039;actualit\u00e9 du b\u00e2timent\",\"potentialAction\":[{\"@type\":\"SearchAction\",\"target\":{\"@type\":\"EntryPoint\",\"urlTemplate\":\"https:\\\/\\\/batijournal.com\\\/?s={search_term_string}\"},\"query-input\":{\"@type\":\"PropertyValueSpecification\",\"valueRequired\":true,\"valueName\":\"search_term_string\"}}],\"inLanguage\":\"fr-FR\"},{\"@type\":\"Person\",\"@id\":\"https:\\\/\\\/batijournal.com\\\/#\\\/schema\\\/person\\\/1dc96ec6957aa1ccb25ebe78bb19f100\",\"name\":\"St\u00e9phane Miget\",\"image\":{\"@type\":\"ImageObject\",\"inLanguage\":\"fr-FR\",\"@id\":\"https:\\\/\\\/secure.gravatar.com\\\/avatar\\\/89915563d925342126b8ef0281b93d9d7fc337043e8df017f780908eb9644451?s=96&d=mm&r=g\",\"url\":\"https:\\\/\\\/secure.gravatar.com\\\/avatar\\\/89915563d925342126b8ef0281b93d9d7fc337043e8df017f780908eb9644451?s=96&d=mm&r=g\",\"contentUrl\":\"https:\\\/\\\/secure.gravatar.com\\\/avatar\\\/89915563d925342126b8ef0281b93d9d7fc337043e8df017f780908eb9644451?s=96&d=mm&r=g\",\"caption\":\"St\u00e9phane Miget\"},\"url\":\"https:\\\/\\\/batijournal.com\\\/index.php\\\/author\\\/stephane\\\/\"}]}<\/script>\n<!-- \/ Yoast SEO plugin. -->","yoast_head_json":{"title":"Le Centre des monuments nationaux fait son Euro","robots":{"index":"index","follow":"follow","max-snippet":"max-snippet:-1","max-image-preview":"max-image-preview:large","max-video-preview":"max-video-preview:-1"},"canonical":"https:\/\/batijournal.com\/index.php\/centre-monuments-nationaux-euro\/92852\/","og_locale":"fr_FR","og_type":"article","og_title":"Le Centre des monuments nationaux fait son Euro","og_description":"D\u00e9j\u00e0 partenaire du Tour de France, du Marathon de Paris, du semi-Marathon de Paris et du Run\u2019in Reims, le Centre des monuments nationaux profite de l\u2019Euro 2016 pour partager son attachement au sport en l\u2019associant au patrimoine avec originalit\u00e9. Il a d\u00e9cid\u00e9 d\u2019installer 22 baby-foot \u00e0 partir du 1er juin 2016 dans 14 monuments pour [&hellip;]","og_url":"https:\/\/batijournal.com\/index.php\/centre-monuments-nationaux-euro\/92852\/","og_site_name":"Batijournal","article_published_time":"2016-05-25T05:32:16+00:00","article_modified_time":"2019-07-15T09:16:46+00:00","og_image":[{"width":553,"height":768,"url":"https:\/\/batijournal.com\/wp-content\/uploads\/2016\/05\/marquez-pour-le-patrimoine.png","type":"image\/png"}],"author":"St\u00e9phane Miget","twitter_card":"summary_large_image","twitter_creator":"@bati_journal","twitter_site":"@bati_journal","twitter_misc":{"\u00c9crit par":"St\u00e9phane Miget","Dur\u00e9e de lecture estim\u00e9e":"1 minute"},"schema":{"@context":"https:\/\/schema.org","@graph":[{"@type":"Article","@id":"https:\/\/batijournal.com\/index.php\/centre-monuments-nationaux-euro\/92852\/#article","isPartOf":{"@id":"https:\/\/batijournal.com\/index.php\/centre-monuments-nationaux-euro\/92852\/"},"author":{"name":"St\u00e9phane Miget","@id":"https:\/\/batijournal.com\/#\/schema\/person\/1dc96ec6957aa1ccb25ebe78bb19f100"},"headline":"Le Centre des monuments nationaux fait son Euro","datePublished":"2016-05-25T05:32:16+00:00","dateModified":"2019-07-15T09:16:46+00:00","mainEntityOfPage":{"@id":"https:\/\/batijournal.com\/index.php\/centre-monuments-nationaux-euro\/92852\/"},"wordCount":190,"image":{"@id":"https:\/\/batijournal.com\/index.php\/centre-monuments-nationaux-euro\/92852\/#primaryimage"},"thumbnailUrl":"https:\/\/batijournal.com\/wp-content\/uploads\/2016\/05\/marquez-pour-le-patrimoine.png","keywords":["centre des monuments nationaux"],"articleSection":["Architecture &amp; Conception"],"inLanguage":"fr-FR"},{"@type":"WebPage","@id":"https:\/\/batijournal.com\/index.php\/centre-monuments-nationaux-euro\/92852\/","url":"https:\/\/batijournal.com\/index.php\/centre-monuments-nationaux-euro\/92852\/","name":"Le Centre des monuments nationaux fait son Euro","isPartOf":{"@id":"https:\/\/batijournal.com\/#website"},"primaryImageOfPage":{"@id":"https:\/\/batijournal.com\/index.php\/centre-monuments-nationaux-euro\/92852\/#primaryimage"},"image":{"@id":"https:\/\/batijournal.com\/index.php\/centre-monuments-nationaux-euro\/92852\/#primaryimage"},"thumbnailUrl":"https:\/\/batijournal.com\/wp-content\/uploads\/2016\/05\/marquez-pour-le-patrimoine.png","datePublished":"2016-05-25T05:32:16+00:00","dateModified":"2019-07-15T09:16:46+00:00","author":{"@id":"https:\/\/batijournal.com\/#\/schema\/person\/1dc96ec6957aa1ccb25ebe78bb19f100"},"breadcrumb":{"@id":"https:\/\/batijournal.com\/index.php\/centre-monuments-nationaux-euro\/92852\/#breadcrumb"},"inLanguage":"fr-FR","potentialAction":[{"@type":"ReadAction","target":["https:\/\/batijournal.com\/index.php\/centre-monuments-nationaux-euro\/92852\/"]}]},{"@type":"ImageObject","inLanguage":"fr-FR","@id":"https:\/\/batijournal.com\/index.php\/centre-monuments-nationaux-euro\/92852\/#primaryimage","url":"https:\/\/batijournal.com\/wp-content\/uploads\/2016\/05\/marquez-pour-le-patrimoine.png","contentUrl":"https:\/\/batijournal.com\/wp-content\/uploads\/2016\/05\/marquez-pour-le-patrimoine.png","width":553,"height":768},{"@type":"BreadcrumbList","@id":"https:\/\/batijournal.com\/index.php\/centre-monuments-nationaux-euro\/92852\/#breadcrumb","itemListElement":[{"@type":"ListItem","position":1,"name":"Accueil","item":"https:\/\/batijournal.com\/"},{"@type":"ListItem","position":2,"name":"Actualit\u00e9s","item":"https:\/\/batijournal.com\/index.php\/category\/actualites\/"},{"@type":"ListItem","position":3,"name":"Architecture &amp; Conception","item":"https:\/\/batijournal.com\/index.php\/category\/actualites\/architecture-conception\/"},{"@type":"ListItem","position":4,"name":"Le Centre des monuments nationaux fait son Euro"}]},{"@type":"WebSite","@id":"https:\/\/batijournal.com\/#website","url":"https:\/\/batijournal.com\/","name":"Batijournal","description":"L&#039;actualit\u00e9 du b\u00e2timent","potentialAction":[{"@type":"SearchAction","target":{"@type":"EntryPoint","urlTemplate":"https:\/\/batijournal.com\/?s={search_term_string}"},"query-input":{"@type":"PropertyValueSpecification","valueRequired":true,"valueName":"search_term_string"}}],"inLanguage":"fr-FR"},{"@type":"Person","@id":"https:\/\/batijournal.com\/#\/schema\/person\/1dc96ec6957aa1ccb25ebe78bb19f100","name":"St\u00e9phane Miget","image":{"@type":"ImageObject","inLanguage":"fr-FR","@id":"https:\/\/secure.gravatar.com\/avatar\/89915563d925342126b8ef0281b93d9d7fc337043e8df017f780908eb9644451?s=96&d=mm&r=g","url":"https:\/\/secure.gravatar.com\/avatar\/89915563d925342126b8ef0281b93d9d7fc337043e8df017f780908eb9644451?s=96&d=mm&r=g","contentUrl":"https:\/\/secure.gravatar.com\/avatar\/89915563d925342126b8ef0281b93d9d7fc337043e8df017f780908eb9644451?s=96&d=mm&r=g","caption":"St\u00e9phane Miget"},"url":"https:\/\/batijournal.com\/index.php\/author\/stephane\/"}]}},"_links":{"self":[{"href":"https:\/\/batijournal.com\/index.php\/wp-json\/wp\/v2\/posts\/92852","targetHints":{"allow":["GET"]}}],"collection":[{"href":"https:\/\/batijournal.com\/index.php\/wp-json\/wp\/v2\/posts"}],"about":[{"href":"https:\/\/batijournal.com\/index.php\/wp-json\/wp\/v2\/types\/post"}],"author":[{"embeddable":true,"href":"https:\/\/batijournal.com\/index.php\/wp-json\/wp\/v2\/users\/17"}],"replies":[{"embeddable":true,"href":"https:\/\/batijournal.com\/index.php\/wp-json\/wp\/v2\/comments?post=92852"}],"version-history":[{"count":0,"href":"https:\/\/batijournal.com\/index.php\/wp-json\/wp\/v2\/posts\/92852\/revisions"}],"wp:featuredmedia":[{"embeddable":true,"href":"https:\/\/batijournal.com\/index.php\/wp-json\/wp\/v2\/media\/92853"}],"wp:attachment":[{"href":"https:\/\/batijournal.com\/index.php\/wp-json\/wp\/v2\/media?parent=92852"}],"wp:term":[{"taxonomy":"category","embeddable":true,"href":"https:\/\/batijournal.com\/index.php\/wp-json\/wp\/v2\/categories?post=92852"},{"taxonomy":"post_tag","embeddable":true,"href":"https:\/\/batijournal.com\/index.php\/wp-json\/wp\/v2\/tags?post=92852"}],"curies":[{"name":"wp","href":"https:\/\/api.w.org\/{rel}","templated":true}]}}