{"id":92868,"date":"2016-05-27T06:55:00","date_gmt":"2016-05-27T04:55:00","guid":{"rendered":"http:\/\/batijournal.com\/?p=92868"},"modified":"2019-07-15T12:08:50","modified_gmt":"2019-07-15T10:08:50","slug":"ministere-annonce-plui","status":"publish","type":"post","link":"https:\/\/batijournal.com\/index.php\/ministere-annonce-plui\/92868\/","title":{"rendered":"Le minist\u00e8re annonce des PLUi"},"content":{"rendered":"<p>La loi ALUR (24 mars 2014) rend les communaut\u00e9s de communes et les communaut\u00e9s d\u2019agglom\u00e9ration comp\u00e9tentes de droit en mati\u00e8re de PLU dans un d\u00e9lai de 3 ans. Le PLUi est un document d\u2019urbanisme \u00e0 l\u2019\u00e9chelle d\u2019un groupement de communes (EPCI) qui \u00e9tudie le fonctionnement et les enjeux du territoire, construit un projet de d\u00e9veloppement respectueux de l\u2019environnement, et le formalise dans des r\u00e8gles d\u2019utilisation du sol. \u00c0 compter du 27 mars 2017, les EPCI sont comp\u00e9tents pour \u00e9laborer un PLUi.<\/p>\n<p>Mardi 24 mai, 273 intercommunalit\u00e9s ont re\u00e7u le soutien de l\u2019Etat pour s\u2019engager dans une d\u00e9marche de PLUi. Toutes ont \u00e9t\u00e9 laur\u00e9ates de l\u2019appel \u00e0 projets PLUi lanc\u00e9 par le minist\u00e8re du logement et se partageront une enveloppe de 2 millions d\u2019euros. Elles rejoignent le club des 504 pr\u00e9c\u00e9dents laur\u00e9ats. Ces 273 nouvelles intercommunalit\u00e9s regroupent quelques 5 500 communes. Majoritairement situ\u00e9es en zone rurale, mais aussi en zone urbaine ou p\u00e9riurbaine, ces communaut\u00e9s aux profils diversifi\u00e9s t\u00e9moignent de la pertinence de l\u2019outil PLUi.<\/p>\n<p>Photo : Damien Valente \/ MLHD<\/p>\n","protected":false},"excerpt":{"rendered":"<p>La loi ALUR (24 mars 2014) rend les communaut\u00e9s de communes et les communaut\u00e9s d\u2019agglom\u00e9ration comp\u00e9tentes de droit en mati\u00e8re de PLU dans un d\u00e9lai de 3 ans. Le PLUi est un document d\u2019urbanisme \u00e0 l\u2019\u00e9chelle d\u2019un groupement de communes (EPCI) qui \u00e9tudie le fonctionnement et les enjeux du territoire, construit un projet de d\u00e9veloppement [&hellip;]<\/p>\n","protected":false},"author":17,"featured_media":92869,"comment_status":"closed","ping_status":"closed","sticky":false,"template":"","format":"standard","meta":{"_et_pb_use_builder":"","_et_pb_old_content":"","_et_gb_content_width":"","footnotes":""},"categories":[10530,6345],"tags":[1281,11504,1154],"class_list":["post-92868","post","type-post","status-publish","format-standard","has-post-thumbnail","hentry","category-actualites","category-economie-marches","tag-plu","tag-plui","tag-urbanisme"],"yoast_head":"<!-- This site is optimized with the Yoast SEO plugin v27.4 - https:\/\/yoast.com\/product\/yoast-seo-wordpress\/ -->\n<title>Le minist\u00e8re annonce des PLUi<\/title>\n<meta name=\"robots\" content=\"index, follow, max-snippet:-1, max-image-preview:large, max-video-preview:-1\" \/>\n<link rel=\"canonical\" href=\"https:\/\/batijournal.com\/index.php\/ministere-annonce-plui\/92868\/\" \/>\n<meta property=\"og:locale\" content=\"fr_FR\" \/>\n<meta property=\"og:type\" content=\"article\" \/>\n<meta property=\"og:title\" content=\"Le minist\u00e8re annonce des PLUi\" \/>\n<meta property=\"og:description\" content=\"La loi ALUR (24 mars 2014) rend les communaut\u00e9s de communes et les communaut\u00e9s d\u2019agglom\u00e9ration comp\u00e9tentes de droit en mati\u00e8re de PLU dans un d\u00e9lai de 3 ans. Le PLUi est un document d\u2019urbanisme \u00e0 l\u2019\u00e9chelle d\u2019un groupement de communes (EPCI) qui \u00e9tudie le fonctionnement et les enjeux du territoire, construit un projet de d\u00e9veloppement [&hellip;]\" \/>\n<meta property=\"og:url\" content=\"https:\/\/batijournal.com\/index.php\/ministere-annonce-plui\/92868\/\" \/>\n<meta property=\"og:site_name\" content=\"Batijournal\" \/>\n<meta property=\"article:published_time\" content=\"2016-05-27T04:55:00+00:00\" \/>\n<meta property=\"article:modified_time\" content=\"2019-07-15T10:08:50+00:00\" \/>\n<meta property=\"og:image\" content=\"https:\/\/batijournal.com\/wp-content\/uploads\/2016\/05\/arton3044.png\" \/>\n\t<meta property=\"og:image:width\" content=\"738\" \/>\n\t<meta property=\"og:image:height\" content=\"490\" \/>\n\t<meta property=\"og:image:type\" content=\"image\/png\" \/>\n<meta name=\"author\" content=\"St\u00e9phane Miget\" \/>\n<meta name=\"twitter:card\" content=\"summary_large_image\" \/>\n<meta name=\"twitter:creator\" content=\"@bati_journal\" \/>\n<meta name=\"twitter:site\" content=\"@bati_journal\" \/>\n<meta name=\"twitter:label1\" content=\"\u00c9crit par\" \/>\n\t<meta name=\"twitter:data1\" content=\"St\u00e9phane Miget\" \/>\n\t<meta name=\"twitter:label2\" content=\"Dur\u00e9e de lecture estim\u00e9e\" \/>\n\t<meta name=\"twitter:data2\" content=\"1 minute\" \/>\n<script type=\"application\/ld+json\" class=\"yoast-schema-graph\">{\"@context\":\"https:\\\/\\\/schema.org\",\"@graph\":[{\"@type\":\"Article\",\"@id\":\"https:\\\/\\\/batijournal.com\\\/index.php\\\/ministere-annonce-plui\\\/92868\\\/#article\",\"isPartOf\":{\"@id\":\"https:\\\/\\\/batijournal.com\\\/index.php\\\/ministere-annonce-plui\\\/92868\\\/\"},\"author\":{\"name\":\"St\u00e9phane Miget\",\"@id\":\"https:\\\/\\\/batijournal.com\\\/#\\\/schema\\\/person\\\/1dc96ec6957aa1ccb25ebe78bb19f100\"},\"headline\":\"Le minist\u00e8re annonce des PLUi\",\"datePublished\":\"2016-05-27T04:55:00+00:00\",\"dateModified\":\"2019-07-15T10:08:50+00:00\",\"mainEntityOfPage\":{\"@id\":\"https:\\\/\\\/batijournal.com\\\/index.php\\\/ministere-annonce-plui\\\/92868\\\/\"},\"wordCount\":193,\"image\":{\"@id\":\"https:\\\/\\\/batijournal.com\\\/index.php\\\/ministere-annonce-plui\\\/92868\\\/#primaryimage\"},\"thumbnailUrl\":\"https:\\\/\\\/batijournal.com\\\/wp-content\\\/uploads\\\/2016\\\/05\\\/arton3044.png\",\"keywords\":[\"plu\",\"PLUi\",\"urbanisme\"],\"articleSection\":[\"Actualit\u00e9s\",\"\u00c9conomie &amp; March\u00e9s\"],\"inLanguage\":\"fr-FR\"},{\"@type\":\"WebPage\",\"@id\":\"https:\\\/\\\/batijournal.com\\\/index.php\\\/ministere-annonce-plui\\\/92868\\\/\",\"url\":\"https:\\\/\\\/batijournal.com\\\/index.php\\\/ministere-annonce-plui\\\/92868\\\/\",\"name\":\"Le minist\u00e8re annonce des PLUi\",\"isPartOf\":{\"@id\":\"https:\\\/\\\/batijournal.com\\\/#website\"},\"primaryImageOfPage\":{\"@id\":\"https:\\\/\\\/batijournal.com\\\/index.php\\\/ministere-annonce-plui\\\/92868\\\/#primaryimage\"},\"image\":{\"@id\":\"https:\\\/\\\/batijournal.com\\\/index.php\\\/ministere-annonce-plui\\\/92868\\\/#primaryimage\"},\"thumbnailUrl\":\"https:\\\/\\\/batijournal.com\\\/wp-content\\\/uploads\\\/2016\\\/05\\\/arton3044.png\",\"datePublished\":\"2016-05-27T04:55:00+00:00\",\"dateModified\":\"2019-07-15T10:08:50+00:00\",\"author\":{\"@id\":\"https:\\\/\\\/batijournal.com\\\/#\\\/schema\\\/person\\\/1dc96ec6957aa1ccb25ebe78bb19f100\"},\"breadcrumb\":{\"@id\":\"https:\\\/\\\/batijournal.com\\\/index.php\\\/ministere-annonce-plui\\\/92868\\\/#breadcrumb\"},\"inLanguage\":\"fr-FR\",\"potentialAction\":[{\"@type\":\"ReadAction\",\"target\":[\"https:\\\/\\\/batijournal.com\\\/index.php\\\/ministere-annonce-plui\\\/92868\\\/\"]}]},{\"@type\":\"ImageObject\",\"inLanguage\":\"fr-FR\",\"@id\":\"https:\\\/\\\/batijournal.com\\\/index.php\\\/ministere-annonce-plui\\\/92868\\\/#primaryimage\",\"url\":\"https:\\\/\\\/batijournal.com\\\/wp-content\\\/uploads\\\/2016\\\/05\\\/arton3044.png\",\"contentUrl\":\"https:\\\/\\\/batijournal.com\\\/wp-content\\\/uploads\\\/2016\\\/05\\\/arton3044.png\",\"width\":738,\"height\":490},{\"@type\":\"BreadcrumbList\",\"@id\":\"https:\\\/\\\/batijournal.com\\\/index.php\\\/ministere-annonce-plui\\\/92868\\\/#breadcrumb\",\"itemListElement\":[{\"@type\":\"ListItem\",\"position\":1,\"name\":\"Accueil\",\"item\":\"https:\\\/\\\/batijournal.com\\\/\"},{\"@type\":\"ListItem\",\"position\":2,\"name\":\"Actualit\u00e9s\",\"item\":\"https:\\\/\\\/batijournal.com\\\/index.php\\\/category\\\/actualites\\\/\"},{\"@type\":\"ListItem\",\"position\":3,\"name\":\"Le minist\u00e8re annonce des PLUi\"}]},{\"@type\":\"WebSite\",\"@id\":\"https:\\\/\\\/batijournal.com\\\/#website\",\"url\":\"https:\\\/\\\/batijournal.com\\\/\",\"name\":\"Batijournal\",\"description\":\"L&#039;actualit\u00e9 du b\u00e2timent\",\"potentialAction\":[{\"@type\":\"SearchAction\",\"target\":{\"@type\":\"EntryPoint\",\"urlTemplate\":\"https:\\\/\\\/batijournal.com\\\/?s={search_term_string}\"},\"query-input\":{\"@type\":\"PropertyValueSpecification\",\"valueRequired\":true,\"valueName\":\"search_term_string\"}}],\"inLanguage\":\"fr-FR\"},{\"@type\":\"Person\",\"@id\":\"https:\\\/\\\/batijournal.com\\\/#\\\/schema\\\/person\\\/1dc96ec6957aa1ccb25ebe78bb19f100\",\"name\":\"St\u00e9phane Miget\",\"image\":{\"@type\":\"ImageObject\",\"inLanguage\":\"fr-FR\",\"@id\":\"https:\\\/\\\/secure.gravatar.com\\\/avatar\\\/89915563d925342126b8ef0281b93d9d7fc337043e8df017f780908eb9644451?s=96&d=mm&r=g\",\"url\":\"https:\\\/\\\/secure.gravatar.com\\\/avatar\\\/89915563d925342126b8ef0281b93d9d7fc337043e8df017f780908eb9644451?s=96&d=mm&r=g\",\"contentUrl\":\"https:\\\/\\\/secure.gravatar.com\\\/avatar\\\/89915563d925342126b8ef0281b93d9d7fc337043e8df017f780908eb9644451?s=96&d=mm&r=g\",\"caption\":\"St\u00e9phane Miget\"},\"url\":\"https:\\\/\\\/batijournal.com\\\/index.php\\\/author\\\/stephane\\\/\"}]}<\/script>\n<!-- \/ Yoast SEO plugin. -->","yoast_head_json":{"title":"Le minist\u00e8re annonce des PLUi","robots":{"index":"index","follow":"follow","max-snippet":"max-snippet:-1","max-image-preview":"max-image-preview:large","max-video-preview":"max-video-preview:-1"},"canonical":"https:\/\/batijournal.com\/index.php\/ministere-annonce-plui\/92868\/","og_locale":"fr_FR","og_type":"article","og_title":"Le minist\u00e8re annonce des PLUi","og_description":"La loi ALUR (24 mars 2014) rend les communaut\u00e9s de communes et les communaut\u00e9s d\u2019agglom\u00e9ration comp\u00e9tentes de droit en mati\u00e8re de PLU dans un d\u00e9lai de 3 ans. Le PLUi est un document d\u2019urbanisme \u00e0 l\u2019\u00e9chelle d\u2019un groupement de communes (EPCI) qui \u00e9tudie le fonctionnement et les enjeux du territoire, construit un projet de d\u00e9veloppement [&hellip;]","og_url":"https:\/\/batijournal.com\/index.php\/ministere-annonce-plui\/92868\/","og_site_name":"Batijournal","article_published_time":"2016-05-27T04:55:00+00:00","article_modified_time":"2019-07-15T10:08:50+00:00","og_image":[{"width":738,"height":490,"url":"https:\/\/batijournal.com\/wp-content\/uploads\/2016\/05\/arton3044.png","type":"image\/png"}],"author":"St\u00e9phane Miget","twitter_card":"summary_large_image","twitter_creator":"@bati_journal","twitter_site":"@bati_journal","twitter_misc":{"\u00c9crit par":"St\u00e9phane Miget","Dur\u00e9e de lecture estim\u00e9e":"1 minute"},"schema":{"@context":"https:\/\/schema.org","@graph":[{"@type":"Article","@id":"https:\/\/batijournal.com\/index.php\/ministere-annonce-plui\/92868\/#article","isPartOf":{"@id":"https:\/\/batijournal.com\/index.php\/ministere-annonce-plui\/92868\/"},"author":{"name":"St\u00e9phane Miget","@id":"https:\/\/batijournal.com\/#\/schema\/person\/1dc96ec6957aa1ccb25ebe78bb19f100"},"headline":"Le minist\u00e8re annonce des PLUi","datePublished":"2016-05-27T04:55:00+00:00","dateModified":"2019-07-15T10:08:50+00:00","mainEntityOfPage":{"@id":"https:\/\/batijournal.com\/index.php\/ministere-annonce-plui\/92868\/"},"wordCount":193,"image":{"@id":"https:\/\/batijournal.com\/index.php\/ministere-annonce-plui\/92868\/#primaryimage"},"thumbnailUrl":"https:\/\/batijournal.com\/wp-content\/uploads\/2016\/05\/arton3044.png","keywords":["plu","PLUi","urbanisme"],"articleSection":["Actualit\u00e9s","\u00c9conomie &amp; March\u00e9s"],"inLanguage":"fr-FR"},{"@type":"WebPage","@id":"https:\/\/batijournal.com\/index.php\/ministere-annonce-plui\/92868\/","url":"https:\/\/batijournal.com\/index.php\/ministere-annonce-plui\/92868\/","name":"Le minist\u00e8re annonce des PLUi","isPartOf":{"@id":"https:\/\/batijournal.com\/#website"},"primaryImageOfPage":{"@id":"https:\/\/batijournal.com\/index.php\/ministere-annonce-plui\/92868\/#primaryimage"},"image":{"@id":"https:\/\/batijournal.com\/index.php\/ministere-annonce-plui\/92868\/#primaryimage"},"thumbnailUrl":"https:\/\/batijournal.com\/wp-content\/uploads\/2016\/05\/arton3044.png","datePublished":"2016-05-27T04:55:00+00:00","dateModified":"2019-07-15T10:08:50+00:00","author":{"@id":"https:\/\/batijournal.com\/#\/schema\/person\/1dc96ec6957aa1ccb25ebe78bb19f100"},"breadcrumb":{"@id":"https:\/\/batijournal.com\/index.php\/ministere-annonce-plui\/92868\/#breadcrumb"},"inLanguage":"fr-FR","potentialAction":[{"@type":"ReadAction","target":["https:\/\/batijournal.com\/index.php\/ministere-annonce-plui\/92868\/"]}]},{"@type":"ImageObject","inLanguage":"fr-FR","@id":"https:\/\/batijournal.com\/index.php\/ministere-annonce-plui\/92868\/#primaryimage","url":"https:\/\/batijournal.com\/wp-content\/uploads\/2016\/05\/arton3044.png","contentUrl":"https:\/\/batijournal.com\/wp-content\/uploads\/2016\/05\/arton3044.png","width":738,"height":490},{"@type":"BreadcrumbList","@id":"https:\/\/batijournal.com\/index.php\/ministere-annonce-plui\/92868\/#breadcrumb","itemListElement":[{"@type":"ListItem","position":1,"name":"Accueil","item":"https:\/\/batijournal.com\/"},{"@type":"ListItem","position":2,"name":"Actualit\u00e9s","item":"https:\/\/batijournal.com\/index.php\/category\/actualites\/"},{"@type":"ListItem","position":3,"name":"Le minist\u00e8re annonce des PLUi"}]},{"@type":"WebSite","@id":"https:\/\/batijournal.com\/#website","url":"https:\/\/batijournal.com\/","name":"Batijournal","description":"L&#039;actualit\u00e9 du b\u00e2timent","potentialAction":[{"@type":"SearchAction","target":{"@type":"EntryPoint","urlTemplate":"https:\/\/batijournal.com\/?s={search_term_string}"},"query-input":{"@type":"PropertyValueSpecification","valueRequired":true,"valueName":"search_term_string"}}],"inLanguage":"fr-FR"},{"@type":"Person","@id":"https:\/\/batijournal.com\/#\/schema\/person\/1dc96ec6957aa1ccb25ebe78bb19f100","name":"St\u00e9phane Miget","image":{"@type":"ImageObject","inLanguage":"fr-FR","@id":"https:\/\/secure.gravatar.com\/avatar\/89915563d925342126b8ef0281b93d9d7fc337043e8df017f780908eb9644451?s=96&d=mm&r=g","url":"https:\/\/secure.gravatar.com\/avatar\/89915563d925342126b8ef0281b93d9d7fc337043e8df017f780908eb9644451?s=96&d=mm&r=g","contentUrl":"https:\/\/secure.gravatar.com\/avatar\/89915563d925342126b8ef0281b93d9d7fc337043e8df017f780908eb9644451?s=96&d=mm&r=g","caption":"St\u00e9phane Miget"},"url":"https:\/\/batijournal.com\/index.php\/author\/stephane\/"}]}},"_links":{"self":[{"href":"https:\/\/batijournal.com\/index.php\/wp-json\/wp\/v2\/posts\/92868","targetHints":{"allow":["GET"]}}],"collection":[{"href":"https:\/\/batijournal.com\/index.php\/wp-json\/wp\/v2\/posts"}],"about":[{"href":"https:\/\/batijournal.com\/index.php\/wp-json\/wp\/v2\/types\/post"}],"author":[{"embeddable":true,"href":"https:\/\/batijournal.com\/index.php\/wp-json\/wp\/v2\/users\/17"}],"replies":[{"embeddable":true,"href":"https:\/\/batijournal.com\/index.php\/wp-json\/wp\/v2\/comments?post=92868"}],"version-history":[{"count":0,"href":"https:\/\/batijournal.com\/index.php\/wp-json\/wp\/v2\/posts\/92868\/revisions"}],"wp:featuredmedia":[{"embeddable":true,"href":"https:\/\/batijournal.com\/index.php\/wp-json\/wp\/v2\/media\/92869"}],"wp:attachment":[{"href":"https:\/\/batijournal.com\/index.php\/wp-json\/wp\/v2\/media?parent=92868"}],"wp:term":[{"taxonomy":"category","embeddable":true,"href":"https:\/\/batijournal.com\/index.php\/wp-json\/wp\/v2\/categories?post=92868"},{"taxonomy":"post_tag","embeddable":true,"href":"https:\/\/batijournal.com\/index.php\/wp-json\/wp\/v2\/tags?post=92868"}],"curies":[{"name":"wp","href":"https:\/\/api.w.org\/{rel}","templated":true}]}}