{"id":92873,"date":"2016-05-27T12:23:16","date_gmt":"2016-05-27T10:23:16","guid":{"rendered":"http:\/\/batijournal.com\/?p=92873"},"modified":"2019-07-15T12:04:01","modified_gmt":"2019-07-15T10:04:01","slug":"6-ministres-peau-dartisans-formation","status":"publish","type":"post","link":"https:\/\/batijournal.com\/index.php\/6-ministres-peau-dartisans-formation\/92873\/","title":{"rendered":"6 ministres dans la peau d&rsquo;artisans sans formation"},"content":{"rendered":"<p>L\u2019UPA, organisation repr\u00e9sentative des entreprises de l\u2019artisanat et du commerce de proximit\u00e9, a d\u00e9cid\u00e9 de prendre au mot le gouvernement et de montrer l\u2019absurdit\u00e9 de l\u2019article 43 du projet de loi Sapin 2 qui envisage de supprimer l\u2019obligation de d\u00e9tenir une qualification professionnelle pour exercer de nombreux m\u00e9tiers de l\u2019artisanat. La mobilisation s\u2019appuie sur le slogan \u00ab Avec #LoiSapin2, imaginez l\u2019artisanat de demain \u00bb, un site (<a href=\"http:\/\/www.maboxloisapin.fr\" target=\"_blank\" rel=\"noopener noreferrer\">www.maboxloisapin.fr<\/a>) et \u00e0 l&rsquo;envoi \u00e0 six ministres d&rsquo;un kit personnalis\u00e9 \u00ab Ma Box Loi Sapin \u00bb. Manuel Valls en pl\u00e2trier, Michel Sapin en boulanger, Emmanuel Macron en esth\u00e9ticien, Myriam El Khomri en m\u00e9canicienne, Najat Vallaud Belkacem en bouch\u00e8re et S\u00e9gol\u00e8ne Royal en \u00e9lectricienne : avec \u00ab Ma Box Loi Sapin \u00bb, qui comprend une fiche m\u00e9tier et des outils en plastique pour s\u2019improviser artisan sans passer par la case \u00ab qualification \u00bb. Au-del\u00e0 de la caricature, les enjeux sont cruciaux pour l\u2019avenir de l\u2019\u00e9conomie de proximit\u00e9 et de la soci\u00e9t\u00e9 fran\u00e7aise. Avec le projet de loi Sapin 2, \u00e0 quoi ressemblerait l\u2019artisanat de demain ? Quelle garantie aurait-on en laissant sa voiture \u00e0 un garagiste non qualifi\u00e9 ? Comment s\u2019assurer de la qualit\u00e9 d\u2019un r\u00e9seau \u00e9lectrique pos\u00e9 par un \u00e9lectricien auto-proclam\u00e9 ? Quelle confiance accorder \u00e0 un(e) esth\u00e9ticien(ne) improvis\u00e9(e) ou \u00e0 un pl\u00e2trier sans dipl\u00f4me ?<\/p>\n<p><img loading=\"lazy\" decoding=\"async\" class=\"aligncenter size-full wp-image-92881\" src=\"https:\/\/batijournal.com\/wp-content\/uploads\/2016\/05\/Box-Valls-platrier-ouverte.jpg\" alt=\"Box-Valls-platrier-ouverte\" width=\"1000\" height=\"667\" srcset=\"https:\/\/batijournal.com\/wp-content\/uploads\/2016\/05\/Box-Valls-platrier-ouverte.jpg 1000w, https:\/\/batijournal.com\/wp-content\/uploads\/2016\/05\/Box-Valls-platrier-ouverte-150x100.jpg 150w, https:\/\/batijournal.com\/wp-content\/uploads\/2016\/05\/Box-Valls-platrier-ouverte-300x200.jpg 300w, https:\/\/batijournal.com\/wp-content\/uploads\/2016\/05\/Box-Valls-platrier-ouverte-768x512.jpg 768w, https:\/\/batijournal.com\/wp-content\/uploads\/2016\/05\/Box-Valls-platrier-ouverte-600x400.jpg 600w\" sizes=\"(max-width: 1000px) 100vw, 1000px\" \/><\/p>\n","protected":false},"excerpt":{"rendered":"<p>L\u2019UPA, organisation repr\u00e9sentative des entreprises de l\u2019artisanat et du commerce de proximit\u00e9, a d\u00e9cid\u00e9 de prendre au mot le gouvernement et de montrer l\u2019absurdit\u00e9 de l\u2019article 43 du projet de loi Sapin 2 qui envisage de supprimer l\u2019obligation de d\u00e9tenir une qualification professionnelle pour exercer de nombreux m\u00e9tiers de l\u2019artisanat. La mobilisation s\u2019appuie sur le [&hellip;]<\/p>\n","protected":false},"author":17,"featured_media":92874,"comment_status":"closed","ping_status":"closed","sticky":false,"template":"","format":"standard","meta":{"_et_pb_use_builder":"","_et_pb_old_content":"","_et_gb_content_width":"","footnotes":""},"categories":[10530,6345],"tags":[],"class_list":["post-92873","post","type-post","status-publish","format-standard","has-post-thumbnail","hentry","category-actualites","category-economie-marches"],"yoast_head":"<!-- This site is optimized with the Yoast SEO plugin v27.4 - https:\/\/yoast.com\/product\/yoast-seo-wordpress\/ -->\n<title>6 ministres dans la peau d&#039;artisans sans formation<\/title>\n<meta name=\"robots\" content=\"index, follow, max-snippet:-1, max-image-preview:large, max-video-preview:-1\" \/>\n<link rel=\"canonical\" href=\"https:\/\/batijournal.com\/index.php\/6-ministres-peau-dartisans-formation\/92873\/\" \/>\n<meta property=\"og:locale\" content=\"fr_FR\" \/>\n<meta property=\"og:type\" content=\"article\" \/>\n<meta property=\"og:title\" content=\"6 ministres dans la peau d&#039;artisans sans formation\" \/>\n<meta property=\"og:description\" content=\"L\u2019UPA, organisation repr\u00e9sentative des entreprises de l\u2019artisanat et du commerce de proximit\u00e9, a d\u00e9cid\u00e9 de prendre au mot le gouvernement et de montrer l\u2019absurdit\u00e9 de l\u2019article 43 du projet de loi Sapin 2 qui envisage de supprimer l\u2019obligation de d\u00e9tenir une qualification professionnelle pour exercer de nombreux m\u00e9tiers de l\u2019artisanat. La mobilisation s\u2019appuie sur le [&hellip;]\" \/>\n<meta property=\"og:url\" content=\"https:\/\/batijournal.com\/index.php\/6-ministres-peau-dartisans-formation\/92873\/\" \/>\n<meta property=\"og:site_name\" content=\"Batijournal\" \/>\n<meta property=\"article:published_time\" content=\"2016-05-27T10:23:16+00:00\" \/>\n<meta property=\"article:modified_time\" content=\"2019-07-15T10:04:01+00:00\" \/>\n<meta property=\"og:image\" content=\"https:\/\/batijournal.com\/wp-content\/uploads\/2016\/05\/ma-box-loi-sapin-upa-artisans-sans-formation.jpg\" \/>\n\t<meta property=\"og:image:width\" content=\"545\" \/>\n\t<meta property=\"og:image:height\" content=\"197\" \/>\n\t<meta property=\"og:image:type\" content=\"image\/jpeg\" \/>\n<meta name=\"author\" content=\"St\u00e9phane Miget\" \/>\n<meta name=\"twitter:card\" content=\"summary_large_image\" \/>\n<meta name=\"twitter:creator\" content=\"@bati_journal\" \/>\n<meta name=\"twitter:site\" content=\"@bati_journal\" \/>\n<meta name=\"twitter:label1\" content=\"\u00c9crit par\" \/>\n\t<meta name=\"twitter:data1\" content=\"St\u00e9phane Miget\" \/>\n\t<meta name=\"twitter:label2\" content=\"Dur\u00e9e de lecture estim\u00e9e\" \/>\n\t<meta name=\"twitter:data2\" content=\"1 minute\" \/>\n<script type=\"application\/ld+json\" class=\"yoast-schema-graph\">{\"@context\":\"https:\\\/\\\/schema.org\",\"@graph\":[{\"@type\":\"Article\",\"@id\":\"https:\\\/\\\/batijournal.com\\\/index.php\\\/6-ministres-peau-dartisans-formation\\\/92873\\\/#article\",\"isPartOf\":{\"@id\":\"https:\\\/\\\/batijournal.com\\\/index.php\\\/6-ministres-peau-dartisans-formation\\\/92873\\\/\"},\"author\":{\"name\":\"St\u00e9phane Miget\",\"@id\":\"https:\\\/\\\/batijournal.com\\\/#\\\/schema\\\/person\\\/1dc96ec6957aa1ccb25ebe78bb19f100\"},\"headline\":\"6 ministres dans la peau d&rsquo;artisans sans formation\",\"datePublished\":\"2016-05-27T10:23:16+00:00\",\"dateModified\":\"2019-07-15T10:04:01+00:00\",\"mainEntityOfPage\":{\"@id\":\"https:\\\/\\\/batijournal.com\\\/index.php\\\/6-ministres-peau-dartisans-formation\\\/92873\\\/\"},\"wordCount\":236,\"image\":{\"@id\":\"https:\\\/\\\/batijournal.com\\\/index.php\\\/6-ministres-peau-dartisans-formation\\\/92873\\\/#primaryimage\"},\"thumbnailUrl\":\"https:\\\/\\\/batijournal.com\\\/wp-content\\\/uploads\\\/2016\\\/05\\\/ma-box-loi-sapin-upa-artisans-sans-formation.jpg\",\"articleSection\":[\"Actualit\u00e9s\",\"\u00c9conomie &amp; March\u00e9s\"],\"inLanguage\":\"fr-FR\"},{\"@type\":\"WebPage\",\"@id\":\"https:\\\/\\\/batijournal.com\\\/index.php\\\/6-ministres-peau-dartisans-formation\\\/92873\\\/\",\"url\":\"https:\\\/\\\/batijournal.com\\\/index.php\\\/6-ministres-peau-dartisans-formation\\\/92873\\\/\",\"name\":\"6 ministres dans la peau d'artisans sans formation\",\"isPartOf\":{\"@id\":\"https:\\\/\\\/batijournal.com\\\/#website\"},\"primaryImageOfPage\":{\"@id\":\"https:\\\/\\\/batijournal.com\\\/index.php\\\/6-ministres-peau-dartisans-formation\\\/92873\\\/#primaryimage\"},\"image\":{\"@id\":\"https:\\\/\\\/batijournal.com\\\/index.php\\\/6-ministres-peau-dartisans-formation\\\/92873\\\/#primaryimage\"},\"thumbnailUrl\":\"https:\\\/\\\/batijournal.com\\\/wp-content\\\/uploads\\\/2016\\\/05\\\/ma-box-loi-sapin-upa-artisans-sans-formation.jpg\",\"datePublished\":\"2016-05-27T10:23:16+00:00\",\"dateModified\":\"2019-07-15T10:04:01+00:00\",\"author\":{\"@id\":\"https:\\\/\\\/batijournal.com\\\/#\\\/schema\\\/person\\\/1dc96ec6957aa1ccb25ebe78bb19f100\"},\"breadcrumb\":{\"@id\":\"https:\\\/\\\/batijournal.com\\\/index.php\\\/6-ministres-peau-dartisans-formation\\\/92873\\\/#breadcrumb\"},\"inLanguage\":\"fr-FR\",\"potentialAction\":[{\"@type\":\"ReadAction\",\"target\":[\"https:\\\/\\\/batijournal.com\\\/index.php\\\/6-ministres-peau-dartisans-formation\\\/92873\\\/\"]}]},{\"@type\":\"ImageObject\",\"inLanguage\":\"fr-FR\",\"@id\":\"https:\\\/\\\/batijournal.com\\\/index.php\\\/6-ministres-peau-dartisans-formation\\\/92873\\\/#primaryimage\",\"url\":\"https:\\\/\\\/batijournal.com\\\/wp-content\\\/uploads\\\/2016\\\/05\\\/ma-box-loi-sapin-upa-artisans-sans-formation.jpg\",\"contentUrl\":\"https:\\\/\\\/batijournal.com\\\/wp-content\\\/uploads\\\/2016\\\/05\\\/ma-box-loi-sapin-upa-artisans-sans-formation.jpg\",\"width\":545,\"height\":197},{\"@type\":\"BreadcrumbList\",\"@id\":\"https:\\\/\\\/batijournal.com\\\/index.php\\\/6-ministres-peau-dartisans-formation\\\/92873\\\/#breadcrumb\",\"itemListElement\":[{\"@type\":\"ListItem\",\"position\":1,\"name\":\"Accueil\",\"item\":\"https:\\\/\\\/batijournal.com\\\/\"},{\"@type\":\"ListItem\",\"position\":2,\"name\":\"Actualit\u00e9s\",\"item\":\"https:\\\/\\\/batijournal.com\\\/index.php\\\/category\\\/actualites\\\/\"},{\"@type\":\"ListItem\",\"position\":3,\"name\":\"6 ministres dans la peau d&rsquo;artisans sans formation\"}]},{\"@type\":\"WebSite\",\"@id\":\"https:\\\/\\\/batijournal.com\\\/#website\",\"url\":\"https:\\\/\\\/batijournal.com\\\/\",\"name\":\"Batijournal\",\"description\":\"L&#039;actualit\u00e9 du b\u00e2timent\",\"potentialAction\":[{\"@type\":\"SearchAction\",\"target\":{\"@type\":\"EntryPoint\",\"urlTemplate\":\"https:\\\/\\\/batijournal.com\\\/?s={search_term_string}\"},\"query-input\":{\"@type\":\"PropertyValueSpecification\",\"valueRequired\":true,\"valueName\":\"search_term_string\"}}],\"inLanguage\":\"fr-FR\"},{\"@type\":\"Person\",\"@id\":\"https:\\\/\\\/batijournal.com\\\/#\\\/schema\\\/person\\\/1dc96ec6957aa1ccb25ebe78bb19f100\",\"name\":\"St\u00e9phane Miget\",\"image\":{\"@type\":\"ImageObject\",\"inLanguage\":\"fr-FR\",\"@id\":\"https:\\\/\\\/secure.gravatar.com\\\/avatar\\\/89915563d925342126b8ef0281b93d9d7fc337043e8df017f780908eb9644451?s=96&d=mm&r=g\",\"url\":\"https:\\\/\\\/secure.gravatar.com\\\/avatar\\\/89915563d925342126b8ef0281b93d9d7fc337043e8df017f780908eb9644451?s=96&d=mm&r=g\",\"contentUrl\":\"https:\\\/\\\/secure.gravatar.com\\\/avatar\\\/89915563d925342126b8ef0281b93d9d7fc337043e8df017f780908eb9644451?s=96&d=mm&r=g\",\"caption\":\"St\u00e9phane Miget\"},\"url\":\"https:\\\/\\\/batijournal.com\\\/index.php\\\/author\\\/stephane\\\/\"}]}<\/script>\n<!-- \/ Yoast SEO plugin. -->","yoast_head_json":{"title":"6 ministres dans la peau d'artisans sans formation","robots":{"index":"index","follow":"follow","max-snippet":"max-snippet:-1","max-image-preview":"max-image-preview:large","max-video-preview":"max-video-preview:-1"},"canonical":"https:\/\/batijournal.com\/index.php\/6-ministres-peau-dartisans-formation\/92873\/","og_locale":"fr_FR","og_type":"article","og_title":"6 ministres dans la peau d'artisans sans formation","og_description":"L\u2019UPA, organisation repr\u00e9sentative des entreprises de l\u2019artisanat et du commerce de proximit\u00e9, a d\u00e9cid\u00e9 de prendre au mot le gouvernement et de montrer l\u2019absurdit\u00e9 de l\u2019article 43 du projet de loi Sapin 2 qui envisage de supprimer l\u2019obligation de d\u00e9tenir une qualification professionnelle pour exercer de nombreux m\u00e9tiers de l\u2019artisanat. La mobilisation s\u2019appuie sur le [&hellip;]","og_url":"https:\/\/batijournal.com\/index.php\/6-ministres-peau-dartisans-formation\/92873\/","og_site_name":"Batijournal","article_published_time":"2016-05-27T10:23:16+00:00","article_modified_time":"2019-07-15T10:04:01+00:00","og_image":[{"width":545,"height":197,"url":"https:\/\/batijournal.com\/wp-content\/uploads\/2016\/05\/ma-box-loi-sapin-upa-artisans-sans-formation.jpg","type":"image\/jpeg"}],"author":"St\u00e9phane Miget","twitter_card":"summary_large_image","twitter_creator":"@bati_journal","twitter_site":"@bati_journal","twitter_misc":{"\u00c9crit par":"St\u00e9phane Miget","Dur\u00e9e de lecture estim\u00e9e":"1 minute"},"schema":{"@context":"https:\/\/schema.org","@graph":[{"@type":"Article","@id":"https:\/\/batijournal.com\/index.php\/6-ministres-peau-dartisans-formation\/92873\/#article","isPartOf":{"@id":"https:\/\/batijournal.com\/index.php\/6-ministres-peau-dartisans-formation\/92873\/"},"author":{"name":"St\u00e9phane Miget","@id":"https:\/\/batijournal.com\/#\/schema\/person\/1dc96ec6957aa1ccb25ebe78bb19f100"},"headline":"6 ministres dans la peau d&rsquo;artisans sans formation","datePublished":"2016-05-27T10:23:16+00:00","dateModified":"2019-07-15T10:04:01+00:00","mainEntityOfPage":{"@id":"https:\/\/batijournal.com\/index.php\/6-ministres-peau-dartisans-formation\/92873\/"},"wordCount":236,"image":{"@id":"https:\/\/batijournal.com\/index.php\/6-ministres-peau-dartisans-formation\/92873\/#primaryimage"},"thumbnailUrl":"https:\/\/batijournal.com\/wp-content\/uploads\/2016\/05\/ma-box-loi-sapin-upa-artisans-sans-formation.jpg","articleSection":["Actualit\u00e9s","\u00c9conomie &amp; March\u00e9s"],"inLanguage":"fr-FR"},{"@type":"WebPage","@id":"https:\/\/batijournal.com\/index.php\/6-ministres-peau-dartisans-formation\/92873\/","url":"https:\/\/batijournal.com\/index.php\/6-ministres-peau-dartisans-formation\/92873\/","name":"6 ministres dans la peau d'artisans sans formation","isPartOf":{"@id":"https:\/\/batijournal.com\/#website"},"primaryImageOfPage":{"@id":"https:\/\/batijournal.com\/index.php\/6-ministres-peau-dartisans-formation\/92873\/#primaryimage"},"image":{"@id":"https:\/\/batijournal.com\/index.php\/6-ministres-peau-dartisans-formation\/92873\/#primaryimage"},"thumbnailUrl":"https:\/\/batijournal.com\/wp-content\/uploads\/2016\/05\/ma-box-loi-sapin-upa-artisans-sans-formation.jpg","datePublished":"2016-05-27T10:23:16+00:00","dateModified":"2019-07-15T10:04:01+00:00","author":{"@id":"https:\/\/batijournal.com\/#\/schema\/person\/1dc96ec6957aa1ccb25ebe78bb19f100"},"breadcrumb":{"@id":"https:\/\/batijournal.com\/index.php\/6-ministres-peau-dartisans-formation\/92873\/#breadcrumb"},"inLanguage":"fr-FR","potentialAction":[{"@type":"ReadAction","target":["https:\/\/batijournal.com\/index.php\/6-ministres-peau-dartisans-formation\/92873\/"]}]},{"@type":"ImageObject","inLanguage":"fr-FR","@id":"https:\/\/batijournal.com\/index.php\/6-ministres-peau-dartisans-formation\/92873\/#primaryimage","url":"https:\/\/batijournal.com\/wp-content\/uploads\/2016\/05\/ma-box-loi-sapin-upa-artisans-sans-formation.jpg","contentUrl":"https:\/\/batijournal.com\/wp-content\/uploads\/2016\/05\/ma-box-loi-sapin-upa-artisans-sans-formation.jpg","width":545,"height":197},{"@type":"BreadcrumbList","@id":"https:\/\/batijournal.com\/index.php\/6-ministres-peau-dartisans-formation\/92873\/#breadcrumb","itemListElement":[{"@type":"ListItem","position":1,"name":"Accueil","item":"https:\/\/batijournal.com\/"},{"@type":"ListItem","position":2,"name":"Actualit\u00e9s","item":"https:\/\/batijournal.com\/index.php\/category\/actualites\/"},{"@type":"ListItem","position":3,"name":"6 ministres dans la peau d&rsquo;artisans sans formation"}]},{"@type":"WebSite","@id":"https:\/\/batijournal.com\/#website","url":"https:\/\/batijournal.com\/","name":"Batijournal","description":"L&#039;actualit\u00e9 du b\u00e2timent","potentialAction":[{"@type":"SearchAction","target":{"@type":"EntryPoint","urlTemplate":"https:\/\/batijournal.com\/?s={search_term_string}"},"query-input":{"@type":"PropertyValueSpecification","valueRequired":true,"valueName":"search_term_string"}}],"inLanguage":"fr-FR"},{"@type":"Person","@id":"https:\/\/batijournal.com\/#\/schema\/person\/1dc96ec6957aa1ccb25ebe78bb19f100","name":"St\u00e9phane Miget","image":{"@type":"ImageObject","inLanguage":"fr-FR","@id":"https:\/\/secure.gravatar.com\/avatar\/89915563d925342126b8ef0281b93d9d7fc337043e8df017f780908eb9644451?s=96&d=mm&r=g","url":"https:\/\/secure.gravatar.com\/avatar\/89915563d925342126b8ef0281b93d9d7fc337043e8df017f780908eb9644451?s=96&d=mm&r=g","contentUrl":"https:\/\/secure.gravatar.com\/avatar\/89915563d925342126b8ef0281b93d9d7fc337043e8df017f780908eb9644451?s=96&d=mm&r=g","caption":"St\u00e9phane Miget"},"url":"https:\/\/batijournal.com\/index.php\/author\/stephane\/"}]}},"_links":{"self":[{"href":"https:\/\/batijournal.com\/index.php\/wp-json\/wp\/v2\/posts\/92873","targetHints":{"allow":["GET"]}}],"collection":[{"href":"https:\/\/batijournal.com\/index.php\/wp-json\/wp\/v2\/posts"}],"about":[{"href":"https:\/\/batijournal.com\/index.php\/wp-json\/wp\/v2\/types\/post"}],"author":[{"embeddable":true,"href":"https:\/\/batijournal.com\/index.php\/wp-json\/wp\/v2\/users\/17"}],"replies":[{"embeddable":true,"href":"https:\/\/batijournal.com\/index.php\/wp-json\/wp\/v2\/comments?post=92873"}],"version-history":[{"count":0,"href":"https:\/\/batijournal.com\/index.php\/wp-json\/wp\/v2\/posts\/92873\/revisions"}],"wp:featuredmedia":[{"embeddable":true,"href":"https:\/\/batijournal.com\/index.php\/wp-json\/wp\/v2\/media\/92874"}],"wp:attachment":[{"href":"https:\/\/batijournal.com\/index.php\/wp-json\/wp\/v2\/media?parent=92873"}],"wp:term":[{"taxonomy":"category","embeddable":true,"href":"https:\/\/batijournal.com\/index.php\/wp-json\/wp\/v2\/categories?post=92873"},{"taxonomy":"post_tag","embeddable":true,"href":"https:\/\/batijournal.com\/index.php\/wp-json\/wp\/v2\/tags?post=92873"}],"curies":[{"name":"wp","href":"https:\/\/api.w.org\/{rel}","templated":true}]}}