{"id":92875,"date":"2016-05-27T08:56:25","date_gmt":"2016-05-27T06:56:25","guid":{"rendered":"http:\/\/batijournal.com\/?p=92875"},"modified":"2019-07-15T12:11:09","modified_gmt":"2019-07-15T10:11:09","slug":"appel-a-manifestation-dinteret-immeubles-a-vivre-bois","status":"publish","type":"post","link":"https:\/\/batijournal.com\/index.php\/appel-a-manifestation-dinteret-immeubles-a-vivre-bois\/92875\/","title":{"rendered":"Appel \u00e0 Manifestation d&rsquo;Int\u00e9r\u00eat pour les Immeubles \u00e0 Vivre Bois"},"content":{"rendered":"<p>Le lancement de l&rsquo;Appel \u00e0 Manifestation d&rsquo;Int\u00e9r\u00eat pour les Immeubles \u00e0 Vivre Bois se d\u00e9roulera le 7 juin prochain au Pavillon de l&rsquo;Arsenal lors des rencontres \u00ab Oui au bois dans la ville \u00bb. Cet AMI &#8211; adress\u00e9 aux Territoires et propri\u00e9taires de foncier &#8211; a pour objectif d&rsquo;identifier les sites qui pourront recevoir les d\u00e9monstrateurs du projet \u00ab\u00a0Immeubles \u00e0 Vivre Bois\u00a0\u00bb, cumulant structure bois, construction verticale (moyenne et grande hauteur) et \u00ab\u00a0Vivre Bois\u00a0\u00bb. Les dossiers de candidatures devront \u00eatre d\u00e9pos\u00e9s avant le 9 septembre 2016 en vue d&rsquo;une s\u00e9lection des sites fix\u00e9e \u00e0 fin septembre.<\/p>\n<p><a href=\"http:\/\/agriculture.gouv.fr\/la-construction-bois-et-la-ville-durable-inscrivez-vous\" target=\"_blank\" rel=\"noopener noreferrer\">http:\/\/agriculture.gouv.fr\/la-construction-bois-et-la-ville-durable-inscrivez-vous<\/a><\/p>\n<p>Photo : Adivbois<\/p>\n","protected":false},"excerpt":{"rendered":"<p>Le lancement de l&rsquo;Appel \u00e0 Manifestation d&rsquo;Int\u00e9r\u00eat pour les Immeubles \u00e0 Vivre Bois se d\u00e9roulera le 7 juin prochain au Pavillon de l&rsquo;Arsenal lors des rencontres \u00ab Oui au bois dans la ville \u00bb. Cet AMI &#8211; adress\u00e9 aux Territoires et propri\u00e9taires de foncier &#8211; a pour objectif d&rsquo;identifier les sites qui pourront recevoir les [&hellip;]<\/p>\n","protected":false},"author":17,"featured_media":92876,"comment_status":"closed","ping_status":"closed","sticky":false,"template":"","format":"standard","meta":{"_et_pb_use_builder":"","_et_pb_old_content":"","_et_gb_content_width":"","footnotes":""},"categories":[6340],"tags":[374],"class_list":["post-92875","post","type-post","status-publish","format-standard","has-post-thumbnail","hentry","category-architecture-conception","tag-construction-bois-2"],"yoast_head":"<!-- This site is optimized with the Yoast SEO plugin v27.4 - https:\/\/yoast.com\/product\/yoast-seo-wordpress\/ -->\n<title>Appel \u00e0 Manifestation d&#039;Int\u00e9r\u00eat pour les Immeubles \u00e0 Vivre Bois<\/title>\n<meta name=\"robots\" content=\"index, follow, max-snippet:-1, max-image-preview:large, max-video-preview:-1\" \/>\n<link rel=\"canonical\" href=\"https:\/\/batijournal.com\/index.php\/appel-a-manifestation-dinteret-immeubles-a-vivre-bois\/92875\/\" \/>\n<meta property=\"og:locale\" content=\"fr_FR\" \/>\n<meta property=\"og:type\" content=\"article\" \/>\n<meta property=\"og:title\" content=\"Appel \u00e0 Manifestation d&#039;Int\u00e9r\u00eat pour les Immeubles \u00e0 Vivre Bois\" \/>\n<meta property=\"og:description\" content=\"Le lancement de l&rsquo;Appel \u00e0 Manifestation d&rsquo;Int\u00e9r\u00eat pour les Immeubles \u00e0 Vivre Bois se d\u00e9roulera le 7 juin prochain au Pavillon de l&rsquo;Arsenal lors des rencontres \u00ab Oui au bois dans la ville \u00bb. Cet AMI &#8211; adress\u00e9 aux Territoires et propri\u00e9taires de foncier &#8211; a pour objectif d&rsquo;identifier les sites qui pourront recevoir les [&hellip;]\" \/>\n<meta property=\"og:url\" content=\"https:\/\/batijournal.com\/index.php\/appel-a-manifestation-dinteret-immeubles-a-vivre-bois\/92875\/\" \/>\n<meta property=\"og:site_name\" content=\"Batijournal\" \/>\n<meta property=\"article:published_time\" content=\"2016-05-27T06:56:25+00:00\" \/>\n<meta property=\"article:modified_time\" content=\"2019-07-15T10:11:09+00:00\" \/>\n<meta property=\"og:image\" content=\"https:\/\/batijournal.com\/wp-content\/uploads\/2016\/05\/bois_adivbois.png\" \/>\n\t<meta property=\"og:image:width\" content=\"800\" \/>\n\t<meta property=\"og:image:height\" content=\"533\" \/>\n\t<meta property=\"og:image:type\" content=\"image\/png\" \/>\n<meta name=\"author\" content=\"St\u00e9phane Miget\" \/>\n<meta name=\"twitter:card\" content=\"summary_large_image\" \/>\n<meta name=\"twitter:creator\" content=\"@bati_journal\" \/>\n<meta name=\"twitter:site\" content=\"@bati_journal\" \/>\n<meta name=\"twitter:label1\" content=\"\u00c9crit par\" \/>\n\t<meta name=\"twitter:data1\" content=\"St\u00e9phane Miget\" \/>\n\t<meta name=\"twitter:label2\" content=\"Dur\u00e9e de lecture estim\u00e9e\" \/>\n\t<meta name=\"twitter:data2\" content=\"1 minute\" \/>\n<script type=\"application\/ld+json\" class=\"yoast-schema-graph\">{\"@context\":\"https:\\\/\\\/schema.org\",\"@graph\":[{\"@type\":\"Article\",\"@id\":\"https:\\\/\\\/batijournal.com\\\/index.php\\\/appel-a-manifestation-dinteret-immeubles-a-vivre-bois\\\/92875\\\/#article\",\"isPartOf\":{\"@id\":\"https:\\\/\\\/batijournal.com\\\/index.php\\\/appel-a-manifestation-dinteret-immeubles-a-vivre-bois\\\/92875\\\/\"},\"author\":{\"name\":\"St\u00e9phane Miget\",\"@id\":\"https:\\\/\\\/batijournal.com\\\/#\\\/schema\\\/person\\\/1dc96ec6957aa1ccb25ebe78bb19f100\"},\"headline\":\"Appel \u00e0 Manifestation d&rsquo;Int\u00e9r\u00eat pour les Immeubles \u00e0 Vivre Bois\",\"datePublished\":\"2016-05-27T06:56:25+00:00\",\"dateModified\":\"2019-07-15T10:11:09+00:00\",\"mainEntityOfPage\":{\"@id\":\"https:\\\/\\\/batijournal.com\\\/index.php\\\/appel-a-manifestation-dinteret-immeubles-a-vivre-bois\\\/92875\\\/\"},\"wordCount\":119,\"image\":{\"@id\":\"https:\\\/\\\/batijournal.com\\\/index.php\\\/appel-a-manifestation-dinteret-immeubles-a-vivre-bois\\\/92875\\\/#primaryimage\"},\"thumbnailUrl\":\"https:\\\/\\\/batijournal.com\\\/wp-content\\\/uploads\\\/2016\\\/05\\\/bois_adivbois.png\",\"keywords\":[\"construction bois\"],\"articleSection\":[\"Architecture &amp; Conception\"],\"inLanguage\":\"fr-FR\"},{\"@type\":\"WebPage\",\"@id\":\"https:\\\/\\\/batijournal.com\\\/index.php\\\/appel-a-manifestation-dinteret-immeubles-a-vivre-bois\\\/92875\\\/\",\"url\":\"https:\\\/\\\/batijournal.com\\\/index.php\\\/appel-a-manifestation-dinteret-immeubles-a-vivre-bois\\\/92875\\\/\",\"name\":\"Appel \u00e0 Manifestation d'Int\u00e9r\u00eat pour les Immeubles \u00e0 Vivre Bois\",\"isPartOf\":{\"@id\":\"https:\\\/\\\/batijournal.com\\\/#website\"},\"primaryImageOfPage\":{\"@id\":\"https:\\\/\\\/batijournal.com\\\/index.php\\\/appel-a-manifestation-dinteret-immeubles-a-vivre-bois\\\/92875\\\/#primaryimage\"},\"image\":{\"@id\":\"https:\\\/\\\/batijournal.com\\\/index.php\\\/appel-a-manifestation-dinteret-immeubles-a-vivre-bois\\\/92875\\\/#primaryimage\"},\"thumbnailUrl\":\"https:\\\/\\\/batijournal.com\\\/wp-content\\\/uploads\\\/2016\\\/05\\\/bois_adivbois.png\",\"datePublished\":\"2016-05-27T06:56:25+00:00\",\"dateModified\":\"2019-07-15T10:11:09+00:00\",\"author\":{\"@id\":\"https:\\\/\\\/batijournal.com\\\/#\\\/schema\\\/person\\\/1dc96ec6957aa1ccb25ebe78bb19f100\"},\"breadcrumb\":{\"@id\":\"https:\\\/\\\/batijournal.com\\\/index.php\\\/appel-a-manifestation-dinteret-immeubles-a-vivre-bois\\\/92875\\\/#breadcrumb\"},\"inLanguage\":\"fr-FR\",\"potentialAction\":[{\"@type\":\"ReadAction\",\"target\":[\"https:\\\/\\\/batijournal.com\\\/index.php\\\/appel-a-manifestation-dinteret-immeubles-a-vivre-bois\\\/92875\\\/\"]}]},{\"@type\":\"ImageObject\",\"inLanguage\":\"fr-FR\",\"@id\":\"https:\\\/\\\/batijournal.com\\\/index.php\\\/appel-a-manifestation-dinteret-immeubles-a-vivre-bois\\\/92875\\\/#primaryimage\",\"url\":\"https:\\\/\\\/batijournal.com\\\/wp-content\\\/uploads\\\/2016\\\/05\\\/bois_adivbois.png\",\"contentUrl\":\"https:\\\/\\\/batijournal.com\\\/wp-content\\\/uploads\\\/2016\\\/05\\\/bois_adivbois.png\",\"width\":800,\"height\":533},{\"@type\":\"BreadcrumbList\",\"@id\":\"https:\\\/\\\/batijournal.com\\\/index.php\\\/appel-a-manifestation-dinteret-immeubles-a-vivre-bois\\\/92875\\\/#breadcrumb\",\"itemListElement\":[{\"@type\":\"ListItem\",\"position\":1,\"name\":\"Accueil\",\"item\":\"https:\\\/\\\/batijournal.com\\\/\"},{\"@type\":\"ListItem\",\"position\":2,\"name\":\"Actualit\u00e9s\",\"item\":\"https:\\\/\\\/batijournal.com\\\/index.php\\\/category\\\/actualites\\\/\"},{\"@type\":\"ListItem\",\"position\":3,\"name\":\"Architecture &amp; Conception\",\"item\":\"https:\\\/\\\/batijournal.com\\\/index.php\\\/category\\\/actualites\\\/architecture-conception\\\/\"},{\"@type\":\"ListItem\",\"position\":4,\"name\":\"Appel \u00e0 Manifestation d&rsquo;Int\u00e9r\u00eat pour les Immeubles \u00e0 Vivre Bois\"}]},{\"@type\":\"WebSite\",\"@id\":\"https:\\\/\\\/batijournal.com\\\/#website\",\"url\":\"https:\\\/\\\/batijournal.com\\\/\",\"name\":\"Batijournal\",\"description\":\"L&#039;actualit\u00e9 du b\u00e2timent\",\"potentialAction\":[{\"@type\":\"SearchAction\",\"target\":{\"@type\":\"EntryPoint\",\"urlTemplate\":\"https:\\\/\\\/batijournal.com\\\/?s={search_term_string}\"},\"query-input\":{\"@type\":\"PropertyValueSpecification\",\"valueRequired\":true,\"valueName\":\"search_term_string\"}}],\"inLanguage\":\"fr-FR\"},{\"@type\":\"Person\",\"@id\":\"https:\\\/\\\/batijournal.com\\\/#\\\/schema\\\/person\\\/1dc96ec6957aa1ccb25ebe78bb19f100\",\"name\":\"St\u00e9phane Miget\",\"image\":{\"@type\":\"ImageObject\",\"inLanguage\":\"fr-FR\",\"@id\":\"https:\\\/\\\/secure.gravatar.com\\\/avatar\\\/89915563d925342126b8ef0281b93d9d7fc337043e8df017f780908eb9644451?s=96&d=mm&r=g\",\"url\":\"https:\\\/\\\/secure.gravatar.com\\\/avatar\\\/89915563d925342126b8ef0281b93d9d7fc337043e8df017f780908eb9644451?s=96&d=mm&r=g\",\"contentUrl\":\"https:\\\/\\\/secure.gravatar.com\\\/avatar\\\/89915563d925342126b8ef0281b93d9d7fc337043e8df017f780908eb9644451?s=96&d=mm&r=g\",\"caption\":\"St\u00e9phane Miget\"},\"url\":\"https:\\\/\\\/batijournal.com\\\/index.php\\\/author\\\/stephane\\\/\"}]}<\/script>\n<!-- \/ Yoast SEO plugin. -->","yoast_head_json":{"title":"Appel \u00e0 Manifestation d'Int\u00e9r\u00eat pour les Immeubles \u00e0 Vivre Bois","robots":{"index":"index","follow":"follow","max-snippet":"max-snippet:-1","max-image-preview":"max-image-preview:large","max-video-preview":"max-video-preview:-1"},"canonical":"https:\/\/batijournal.com\/index.php\/appel-a-manifestation-dinteret-immeubles-a-vivre-bois\/92875\/","og_locale":"fr_FR","og_type":"article","og_title":"Appel \u00e0 Manifestation d'Int\u00e9r\u00eat pour les Immeubles \u00e0 Vivre Bois","og_description":"Le lancement de l&rsquo;Appel \u00e0 Manifestation d&rsquo;Int\u00e9r\u00eat pour les Immeubles \u00e0 Vivre Bois se d\u00e9roulera le 7 juin prochain au Pavillon de l&rsquo;Arsenal lors des rencontres \u00ab Oui au bois dans la ville \u00bb. Cet AMI &#8211; adress\u00e9 aux Territoires et propri\u00e9taires de foncier &#8211; a pour objectif d&rsquo;identifier les sites qui pourront recevoir les [&hellip;]","og_url":"https:\/\/batijournal.com\/index.php\/appel-a-manifestation-dinteret-immeubles-a-vivre-bois\/92875\/","og_site_name":"Batijournal","article_published_time":"2016-05-27T06:56:25+00:00","article_modified_time":"2019-07-15T10:11:09+00:00","og_image":[{"width":800,"height":533,"url":"https:\/\/batijournal.com\/wp-content\/uploads\/2016\/05\/bois_adivbois.png","type":"image\/png"}],"author":"St\u00e9phane Miget","twitter_card":"summary_large_image","twitter_creator":"@bati_journal","twitter_site":"@bati_journal","twitter_misc":{"\u00c9crit par":"St\u00e9phane Miget","Dur\u00e9e de lecture estim\u00e9e":"1 minute"},"schema":{"@context":"https:\/\/schema.org","@graph":[{"@type":"Article","@id":"https:\/\/batijournal.com\/index.php\/appel-a-manifestation-dinteret-immeubles-a-vivre-bois\/92875\/#article","isPartOf":{"@id":"https:\/\/batijournal.com\/index.php\/appel-a-manifestation-dinteret-immeubles-a-vivre-bois\/92875\/"},"author":{"name":"St\u00e9phane Miget","@id":"https:\/\/batijournal.com\/#\/schema\/person\/1dc96ec6957aa1ccb25ebe78bb19f100"},"headline":"Appel \u00e0 Manifestation d&rsquo;Int\u00e9r\u00eat pour les Immeubles \u00e0 Vivre Bois","datePublished":"2016-05-27T06:56:25+00:00","dateModified":"2019-07-15T10:11:09+00:00","mainEntityOfPage":{"@id":"https:\/\/batijournal.com\/index.php\/appel-a-manifestation-dinteret-immeubles-a-vivre-bois\/92875\/"},"wordCount":119,"image":{"@id":"https:\/\/batijournal.com\/index.php\/appel-a-manifestation-dinteret-immeubles-a-vivre-bois\/92875\/#primaryimage"},"thumbnailUrl":"https:\/\/batijournal.com\/wp-content\/uploads\/2016\/05\/bois_adivbois.png","keywords":["construction bois"],"articleSection":["Architecture &amp; Conception"],"inLanguage":"fr-FR"},{"@type":"WebPage","@id":"https:\/\/batijournal.com\/index.php\/appel-a-manifestation-dinteret-immeubles-a-vivre-bois\/92875\/","url":"https:\/\/batijournal.com\/index.php\/appel-a-manifestation-dinteret-immeubles-a-vivre-bois\/92875\/","name":"Appel \u00e0 Manifestation d'Int\u00e9r\u00eat pour les Immeubles \u00e0 Vivre Bois","isPartOf":{"@id":"https:\/\/batijournal.com\/#website"},"primaryImageOfPage":{"@id":"https:\/\/batijournal.com\/index.php\/appel-a-manifestation-dinteret-immeubles-a-vivre-bois\/92875\/#primaryimage"},"image":{"@id":"https:\/\/batijournal.com\/index.php\/appel-a-manifestation-dinteret-immeubles-a-vivre-bois\/92875\/#primaryimage"},"thumbnailUrl":"https:\/\/batijournal.com\/wp-content\/uploads\/2016\/05\/bois_adivbois.png","datePublished":"2016-05-27T06:56:25+00:00","dateModified":"2019-07-15T10:11:09+00:00","author":{"@id":"https:\/\/batijournal.com\/#\/schema\/person\/1dc96ec6957aa1ccb25ebe78bb19f100"},"breadcrumb":{"@id":"https:\/\/batijournal.com\/index.php\/appel-a-manifestation-dinteret-immeubles-a-vivre-bois\/92875\/#breadcrumb"},"inLanguage":"fr-FR","potentialAction":[{"@type":"ReadAction","target":["https:\/\/batijournal.com\/index.php\/appel-a-manifestation-dinteret-immeubles-a-vivre-bois\/92875\/"]}]},{"@type":"ImageObject","inLanguage":"fr-FR","@id":"https:\/\/batijournal.com\/index.php\/appel-a-manifestation-dinteret-immeubles-a-vivre-bois\/92875\/#primaryimage","url":"https:\/\/batijournal.com\/wp-content\/uploads\/2016\/05\/bois_adivbois.png","contentUrl":"https:\/\/batijournal.com\/wp-content\/uploads\/2016\/05\/bois_adivbois.png","width":800,"height":533},{"@type":"BreadcrumbList","@id":"https:\/\/batijournal.com\/index.php\/appel-a-manifestation-dinteret-immeubles-a-vivre-bois\/92875\/#breadcrumb","itemListElement":[{"@type":"ListItem","position":1,"name":"Accueil","item":"https:\/\/batijournal.com\/"},{"@type":"ListItem","position":2,"name":"Actualit\u00e9s","item":"https:\/\/batijournal.com\/index.php\/category\/actualites\/"},{"@type":"ListItem","position":3,"name":"Architecture &amp; Conception","item":"https:\/\/batijournal.com\/index.php\/category\/actualites\/architecture-conception\/"},{"@type":"ListItem","position":4,"name":"Appel \u00e0 Manifestation d&rsquo;Int\u00e9r\u00eat pour les Immeubles \u00e0 Vivre Bois"}]},{"@type":"WebSite","@id":"https:\/\/batijournal.com\/#website","url":"https:\/\/batijournal.com\/","name":"Batijournal","description":"L&#039;actualit\u00e9 du b\u00e2timent","potentialAction":[{"@type":"SearchAction","target":{"@type":"EntryPoint","urlTemplate":"https:\/\/batijournal.com\/?s={search_term_string}"},"query-input":{"@type":"PropertyValueSpecification","valueRequired":true,"valueName":"search_term_string"}}],"inLanguage":"fr-FR"},{"@type":"Person","@id":"https:\/\/batijournal.com\/#\/schema\/person\/1dc96ec6957aa1ccb25ebe78bb19f100","name":"St\u00e9phane Miget","image":{"@type":"ImageObject","inLanguage":"fr-FR","@id":"https:\/\/secure.gravatar.com\/avatar\/89915563d925342126b8ef0281b93d9d7fc337043e8df017f780908eb9644451?s=96&d=mm&r=g","url":"https:\/\/secure.gravatar.com\/avatar\/89915563d925342126b8ef0281b93d9d7fc337043e8df017f780908eb9644451?s=96&d=mm&r=g","contentUrl":"https:\/\/secure.gravatar.com\/avatar\/89915563d925342126b8ef0281b93d9d7fc337043e8df017f780908eb9644451?s=96&d=mm&r=g","caption":"St\u00e9phane Miget"},"url":"https:\/\/batijournal.com\/index.php\/author\/stephane\/"}]}},"_links":{"self":[{"href":"https:\/\/batijournal.com\/index.php\/wp-json\/wp\/v2\/posts\/92875","targetHints":{"allow":["GET"]}}],"collection":[{"href":"https:\/\/batijournal.com\/index.php\/wp-json\/wp\/v2\/posts"}],"about":[{"href":"https:\/\/batijournal.com\/index.php\/wp-json\/wp\/v2\/types\/post"}],"author":[{"embeddable":true,"href":"https:\/\/batijournal.com\/index.php\/wp-json\/wp\/v2\/users\/17"}],"replies":[{"embeddable":true,"href":"https:\/\/batijournal.com\/index.php\/wp-json\/wp\/v2\/comments?post=92875"}],"version-history":[{"count":0,"href":"https:\/\/batijournal.com\/index.php\/wp-json\/wp\/v2\/posts\/92875\/revisions"}],"wp:featuredmedia":[{"embeddable":true,"href":"https:\/\/batijournal.com\/index.php\/wp-json\/wp\/v2\/media\/92876"}],"wp:attachment":[{"href":"https:\/\/batijournal.com\/index.php\/wp-json\/wp\/v2\/media?parent=92875"}],"wp:term":[{"taxonomy":"category","embeddable":true,"href":"https:\/\/batijournal.com\/index.php\/wp-json\/wp\/v2\/categories?post=92875"},{"taxonomy":"post_tag","embeddable":true,"href":"https:\/\/batijournal.com\/index.php\/wp-json\/wp\/v2\/tags?post=92875"}],"curies":[{"name":"wp","href":"https:\/\/api.w.org\/{rel}","templated":true}]}}