{"id":92888,"date":"2016-05-31T14:05:52","date_gmt":"2016-05-31T12:05:52","guid":{"rendered":"http:\/\/batijournal.com\/?p=92888"},"modified":"2019-07-15T12:04:01","modified_gmt":"2019-07-15T10:04:01","slug":"pret-accelerer-renovation-parc-production-de-nouveaux-logements-sociaux","status":"publish","type":"post","link":"https:\/\/batijournal.com\/index.php\/pret-accelerer-renovation-parc-production-de-nouveaux-logements-sociaux\/92888\/","title":{"rendered":"Un pr\u00eat pour acc\u00e9l\u00e9rer la r\u00e9novation du parc et la production de nouveaux logements sociaux"},"content":{"rendered":"<p><strong>Emmanuelle Cosse, Ministre du Logement et de l\u2019Habitat durable, a lanc\u00e9 avec Pierre-Ren\u00e9 Lemas, directeur g\u00e9n\u00e9ral du groupe Caisse des D\u00e9p\u00f4ts, en pr\u00e9sence de Jacques Chanut pr\u00e9sident d\u2019Action Logement, un dispositif financier innovant destin\u00e9 aux bailleurs sociaux qui souhaitent acc\u00e9l\u00e9rer leurs investissements dans le cadre d\u2019une strat\u00e9gie patrimoniale ambitieuse<\/strong><\/p>\n<p>Une enveloppe de financements de 2 Md\u20ac de \u00ab pr\u00eat de haut de bilan bonifi\u00e9 Caisse des D\u00e9p\u00f4ts &#8211; Action Logement \u00bb est mise \u00e0 disposition. Il s\u2019agit de pr\u00eats de tr\u00e8s long terme (30 \u00e0 40 ans), avec pendant 20 ans, un taux d\u2019int\u00e9r\u00eat \u00e0 z\u00e9ro % et un diff\u00e9r\u00e9 d\u2019amortissement. Tous les organismes de logement social, sur l\u2019ensemble des territoires, tendus ou d\u00e9tendus, sont potentiellement \u00e9ligibles \u00e0 ces nouveaux pr\u00eats, qui seront instruits par le r\u00e9seau r\u00e9gional de la Caisse des D\u00e9p\u00f4ts sur la base d\u2019une analyse des plans d\u2019investissement. D\u2019ici 2019, c\u2019est ainsi la r\u00e9novation de 150 000 logements et la cr\u00e9ation de 20 000 logements sociaux suppl\u00e9mentaires qui pourront \u00eatre accompagn\u00e9es. Une p\u00e9riode de souscription au dispositif est ouverte \u00e0 partir du 3 juin 2016 et se terminera le 15 juillet 2016.<\/p>\n","protected":false},"excerpt":{"rendered":"<p>Emmanuelle Cosse, Ministre du Logement et de l\u2019Habitat durable, a lanc\u00e9 avec Pierre-Ren\u00e9 Lemas, directeur g\u00e9n\u00e9ral du groupe Caisse des D\u00e9p\u00f4ts, en pr\u00e9sence de Jacques Chanut pr\u00e9sident d\u2019Action Logement, un dispositif financier innovant destin\u00e9 aux bailleurs sociaux qui souhaitent acc\u00e9l\u00e9rer leurs investissements dans le cadre d\u2019une strat\u00e9gie patrimoniale ambitieuse Une enveloppe de financements de 2 [&hellip;]<\/p>\n","protected":false},"author":17,"featured_media":0,"comment_status":"closed","ping_status":"closed","sticky":false,"template":"","format":"standard","meta":{"_et_pb_use_builder":"","_et_pb_old_content":"","_et_gb_content_width":"","footnotes":""},"categories":[6345],"tags":[6191],"class_list":["post-92888","post","type-post","status-publish","format-standard","hentry","category-economie-marches","tag-logements-sociaux"],"yoast_head":"<!-- This site is optimized with the Yoast SEO plugin v27.4 - https:\/\/yoast.com\/product\/yoast-seo-wordpress\/ -->\n<title>Un pr\u00eat pour acc\u00e9l\u00e9rer la r\u00e9novation du parc et la production de nouveaux logements sociaux<\/title>\n<meta name=\"robots\" content=\"index, follow, max-snippet:-1, max-image-preview:large, max-video-preview:-1\" \/>\n<link rel=\"canonical\" href=\"https:\/\/batijournal.com\/index.php\/pret-accelerer-renovation-parc-production-de-nouveaux-logements-sociaux\/92888\/\" \/>\n<meta property=\"og:locale\" content=\"fr_FR\" \/>\n<meta property=\"og:type\" content=\"article\" \/>\n<meta property=\"og:title\" content=\"Un pr\u00eat pour acc\u00e9l\u00e9rer la r\u00e9novation du parc et la production de nouveaux logements sociaux\" \/>\n<meta property=\"og:description\" content=\"Emmanuelle Cosse, Ministre du Logement et de l\u2019Habitat durable, a lanc\u00e9 avec Pierre-Ren\u00e9 Lemas, directeur g\u00e9n\u00e9ral du groupe Caisse des D\u00e9p\u00f4ts, en pr\u00e9sence de Jacques Chanut pr\u00e9sident d\u2019Action Logement, un dispositif financier innovant destin\u00e9 aux bailleurs sociaux qui souhaitent acc\u00e9l\u00e9rer leurs investissements dans le cadre d\u2019une strat\u00e9gie patrimoniale ambitieuse Une enveloppe de financements de 2 [&hellip;]\" \/>\n<meta property=\"og:url\" content=\"https:\/\/batijournal.com\/index.php\/pret-accelerer-renovation-parc-production-de-nouveaux-logements-sociaux\/92888\/\" \/>\n<meta property=\"og:site_name\" content=\"Batijournal\" \/>\n<meta property=\"article:published_time\" content=\"2016-05-31T12:05:52+00:00\" \/>\n<meta property=\"article:modified_time\" content=\"2019-07-15T10:04:01+00:00\" \/>\n<meta name=\"author\" content=\"St\u00e9phane Miget\" \/>\n<meta name=\"twitter:card\" content=\"summary_large_image\" \/>\n<meta name=\"twitter:creator\" content=\"@bati_journal\" \/>\n<meta name=\"twitter:site\" content=\"@bati_journal\" \/>\n<meta name=\"twitter:label1\" content=\"\u00c9crit par\" \/>\n\t<meta name=\"twitter:data1\" content=\"St\u00e9phane Miget\" \/>\n\t<meta name=\"twitter:label2\" content=\"Dur\u00e9e de lecture estim\u00e9e\" \/>\n\t<meta name=\"twitter:data2\" content=\"1 minute\" \/>\n<script type=\"application\/ld+json\" class=\"yoast-schema-graph\">{\"@context\":\"https:\\\/\\\/schema.org\",\"@graph\":[{\"@type\":\"Article\",\"@id\":\"https:\\\/\\\/batijournal.com\\\/index.php\\\/pret-accelerer-renovation-parc-production-de-nouveaux-logements-sociaux\\\/92888\\\/#article\",\"isPartOf\":{\"@id\":\"https:\\\/\\\/batijournal.com\\\/index.php\\\/pret-accelerer-renovation-parc-production-de-nouveaux-logements-sociaux\\\/92888\\\/\"},\"author\":{\"name\":\"St\u00e9phane Miget\",\"@id\":\"https:\\\/\\\/batijournal.com\\\/#\\\/schema\\\/person\\\/1dc96ec6957aa1ccb25ebe78bb19f100\"},\"headline\":\"Un pr\u00eat pour acc\u00e9l\u00e9rer la r\u00e9novation du parc et la production de nouveaux logements sociaux\",\"datePublished\":\"2016-05-31T12:05:52+00:00\",\"dateModified\":\"2019-07-15T10:04:01+00:00\",\"mainEntityOfPage\":{\"@id\":\"https:\\\/\\\/batijournal.com\\\/index.php\\\/pret-accelerer-renovation-parc-production-de-nouveaux-logements-sociaux\\\/92888\\\/\"},\"wordCount\":223,\"keywords\":[\"logements sociaux\"],\"articleSection\":[\"\u00c9conomie &amp; March\u00e9s\"],\"inLanguage\":\"fr-FR\"},{\"@type\":\"WebPage\",\"@id\":\"https:\\\/\\\/batijournal.com\\\/index.php\\\/pret-accelerer-renovation-parc-production-de-nouveaux-logements-sociaux\\\/92888\\\/\",\"url\":\"https:\\\/\\\/batijournal.com\\\/index.php\\\/pret-accelerer-renovation-parc-production-de-nouveaux-logements-sociaux\\\/92888\\\/\",\"name\":\"Un pr\u00eat pour acc\u00e9l\u00e9rer la r\u00e9novation du parc et la production de nouveaux logements sociaux\",\"isPartOf\":{\"@id\":\"https:\\\/\\\/batijournal.com\\\/#website\"},\"datePublished\":\"2016-05-31T12:05:52+00:00\",\"dateModified\":\"2019-07-15T10:04:01+00:00\",\"author\":{\"@id\":\"https:\\\/\\\/batijournal.com\\\/#\\\/schema\\\/person\\\/1dc96ec6957aa1ccb25ebe78bb19f100\"},\"breadcrumb\":{\"@id\":\"https:\\\/\\\/batijournal.com\\\/index.php\\\/pret-accelerer-renovation-parc-production-de-nouveaux-logements-sociaux\\\/92888\\\/#breadcrumb\"},\"inLanguage\":\"fr-FR\",\"potentialAction\":[{\"@type\":\"ReadAction\",\"target\":[\"https:\\\/\\\/batijournal.com\\\/index.php\\\/pret-accelerer-renovation-parc-production-de-nouveaux-logements-sociaux\\\/92888\\\/\"]}]},{\"@type\":\"BreadcrumbList\",\"@id\":\"https:\\\/\\\/batijournal.com\\\/index.php\\\/pret-accelerer-renovation-parc-production-de-nouveaux-logements-sociaux\\\/92888\\\/#breadcrumb\",\"itemListElement\":[{\"@type\":\"ListItem\",\"position\":1,\"name\":\"Accueil\",\"item\":\"https:\\\/\\\/batijournal.com\\\/\"},{\"@type\":\"ListItem\",\"position\":2,\"name\":\"Actualit\u00e9s\",\"item\":\"https:\\\/\\\/batijournal.com\\\/index.php\\\/category\\\/actualites\\\/\"},{\"@type\":\"ListItem\",\"position\":3,\"name\":\"\u00c9conomie &amp; March\u00e9s\",\"item\":\"https:\\\/\\\/batijournal.com\\\/index.php\\\/category\\\/actualites\\\/economie-marches\\\/\"},{\"@type\":\"ListItem\",\"position\":4,\"name\":\"Un pr\u00eat pour acc\u00e9l\u00e9rer la r\u00e9novation du parc et la production de nouveaux logements sociaux\"}]},{\"@type\":\"WebSite\",\"@id\":\"https:\\\/\\\/batijournal.com\\\/#website\",\"url\":\"https:\\\/\\\/batijournal.com\\\/\",\"name\":\"Batijournal\",\"description\":\"L&#039;actualit\u00e9 du b\u00e2timent\",\"potentialAction\":[{\"@type\":\"SearchAction\",\"target\":{\"@type\":\"EntryPoint\",\"urlTemplate\":\"https:\\\/\\\/batijournal.com\\\/?s={search_term_string}\"},\"query-input\":{\"@type\":\"PropertyValueSpecification\",\"valueRequired\":true,\"valueName\":\"search_term_string\"}}],\"inLanguage\":\"fr-FR\"},{\"@type\":\"Person\",\"@id\":\"https:\\\/\\\/batijournal.com\\\/#\\\/schema\\\/person\\\/1dc96ec6957aa1ccb25ebe78bb19f100\",\"name\":\"St\u00e9phane Miget\",\"image\":{\"@type\":\"ImageObject\",\"inLanguage\":\"fr-FR\",\"@id\":\"https:\\\/\\\/secure.gravatar.com\\\/avatar\\\/89915563d925342126b8ef0281b93d9d7fc337043e8df017f780908eb9644451?s=96&d=mm&r=g\",\"url\":\"https:\\\/\\\/secure.gravatar.com\\\/avatar\\\/89915563d925342126b8ef0281b93d9d7fc337043e8df017f780908eb9644451?s=96&d=mm&r=g\",\"contentUrl\":\"https:\\\/\\\/secure.gravatar.com\\\/avatar\\\/89915563d925342126b8ef0281b93d9d7fc337043e8df017f780908eb9644451?s=96&d=mm&r=g\",\"caption\":\"St\u00e9phane Miget\"},\"url\":\"https:\\\/\\\/batijournal.com\\\/index.php\\\/author\\\/stephane\\\/\"}]}<\/script>\n<!-- \/ Yoast SEO plugin. -->","yoast_head_json":{"title":"Un pr\u00eat pour acc\u00e9l\u00e9rer la r\u00e9novation du parc et la production de nouveaux logements sociaux","robots":{"index":"index","follow":"follow","max-snippet":"max-snippet:-1","max-image-preview":"max-image-preview:large","max-video-preview":"max-video-preview:-1"},"canonical":"https:\/\/batijournal.com\/index.php\/pret-accelerer-renovation-parc-production-de-nouveaux-logements-sociaux\/92888\/","og_locale":"fr_FR","og_type":"article","og_title":"Un pr\u00eat pour acc\u00e9l\u00e9rer la r\u00e9novation du parc et la production de nouveaux logements sociaux","og_description":"Emmanuelle Cosse, Ministre du Logement et de l\u2019Habitat durable, a lanc\u00e9 avec Pierre-Ren\u00e9 Lemas, directeur g\u00e9n\u00e9ral du groupe Caisse des D\u00e9p\u00f4ts, en pr\u00e9sence de Jacques Chanut pr\u00e9sident d\u2019Action Logement, un dispositif financier innovant destin\u00e9 aux bailleurs sociaux qui souhaitent acc\u00e9l\u00e9rer leurs investissements dans le cadre d\u2019une strat\u00e9gie patrimoniale ambitieuse Une enveloppe de financements de 2 [&hellip;]","og_url":"https:\/\/batijournal.com\/index.php\/pret-accelerer-renovation-parc-production-de-nouveaux-logements-sociaux\/92888\/","og_site_name":"Batijournal","article_published_time":"2016-05-31T12:05:52+00:00","article_modified_time":"2019-07-15T10:04:01+00:00","author":"St\u00e9phane Miget","twitter_card":"summary_large_image","twitter_creator":"@bati_journal","twitter_site":"@bati_journal","twitter_misc":{"\u00c9crit par":"St\u00e9phane Miget","Dur\u00e9e de lecture estim\u00e9e":"1 minute"},"schema":{"@context":"https:\/\/schema.org","@graph":[{"@type":"Article","@id":"https:\/\/batijournal.com\/index.php\/pret-accelerer-renovation-parc-production-de-nouveaux-logements-sociaux\/92888\/#article","isPartOf":{"@id":"https:\/\/batijournal.com\/index.php\/pret-accelerer-renovation-parc-production-de-nouveaux-logements-sociaux\/92888\/"},"author":{"name":"St\u00e9phane Miget","@id":"https:\/\/batijournal.com\/#\/schema\/person\/1dc96ec6957aa1ccb25ebe78bb19f100"},"headline":"Un pr\u00eat pour acc\u00e9l\u00e9rer la r\u00e9novation du parc et la production de nouveaux logements sociaux","datePublished":"2016-05-31T12:05:52+00:00","dateModified":"2019-07-15T10:04:01+00:00","mainEntityOfPage":{"@id":"https:\/\/batijournal.com\/index.php\/pret-accelerer-renovation-parc-production-de-nouveaux-logements-sociaux\/92888\/"},"wordCount":223,"keywords":["logements sociaux"],"articleSection":["\u00c9conomie &amp; March\u00e9s"],"inLanguage":"fr-FR"},{"@type":"WebPage","@id":"https:\/\/batijournal.com\/index.php\/pret-accelerer-renovation-parc-production-de-nouveaux-logements-sociaux\/92888\/","url":"https:\/\/batijournal.com\/index.php\/pret-accelerer-renovation-parc-production-de-nouveaux-logements-sociaux\/92888\/","name":"Un pr\u00eat pour acc\u00e9l\u00e9rer la r\u00e9novation du parc et la production de nouveaux logements sociaux","isPartOf":{"@id":"https:\/\/batijournal.com\/#website"},"datePublished":"2016-05-31T12:05:52+00:00","dateModified":"2019-07-15T10:04:01+00:00","author":{"@id":"https:\/\/batijournal.com\/#\/schema\/person\/1dc96ec6957aa1ccb25ebe78bb19f100"},"breadcrumb":{"@id":"https:\/\/batijournal.com\/index.php\/pret-accelerer-renovation-parc-production-de-nouveaux-logements-sociaux\/92888\/#breadcrumb"},"inLanguage":"fr-FR","potentialAction":[{"@type":"ReadAction","target":["https:\/\/batijournal.com\/index.php\/pret-accelerer-renovation-parc-production-de-nouveaux-logements-sociaux\/92888\/"]}]},{"@type":"BreadcrumbList","@id":"https:\/\/batijournal.com\/index.php\/pret-accelerer-renovation-parc-production-de-nouveaux-logements-sociaux\/92888\/#breadcrumb","itemListElement":[{"@type":"ListItem","position":1,"name":"Accueil","item":"https:\/\/batijournal.com\/"},{"@type":"ListItem","position":2,"name":"Actualit\u00e9s","item":"https:\/\/batijournal.com\/index.php\/category\/actualites\/"},{"@type":"ListItem","position":3,"name":"\u00c9conomie &amp; March\u00e9s","item":"https:\/\/batijournal.com\/index.php\/category\/actualites\/economie-marches\/"},{"@type":"ListItem","position":4,"name":"Un pr\u00eat pour acc\u00e9l\u00e9rer la r\u00e9novation du parc et la production de nouveaux logements sociaux"}]},{"@type":"WebSite","@id":"https:\/\/batijournal.com\/#website","url":"https:\/\/batijournal.com\/","name":"Batijournal","description":"L&#039;actualit\u00e9 du b\u00e2timent","potentialAction":[{"@type":"SearchAction","target":{"@type":"EntryPoint","urlTemplate":"https:\/\/batijournal.com\/?s={search_term_string}"},"query-input":{"@type":"PropertyValueSpecification","valueRequired":true,"valueName":"search_term_string"}}],"inLanguage":"fr-FR"},{"@type":"Person","@id":"https:\/\/batijournal.com\/#\/schema\/person\/1dc96ec6957aa1ccb25ebe78bb19f100","name":"St\u00e9phane Miget","image":{"@type":"ImageObject","inLanguage":"fr-FR","@id":"https:\/\/secure.gravatar.com\/avatar\/89915563d925342126b8ef0281b93d9d7fc337043e8df017f780908eb9644451?s=96&d=mm&r=g","url":"https:\/\/secure.gravatar.com\/avatar\/89915563d925342126b8ef0281b93d9d7fc337043e8df017f780908eb9644451?s=96&d=mm&r=g","contentUrl":"https:\/\/secure.gravatar.com\/avatar\/89915563d925342126b8ef0281b93d9d7fc337043e8df017f780908eb9644451?s=96&d=mm&r=g","caption":"St\u00e9phane Miget"},"url":"https:\/\/batijournal.com\/index.php\/author\/stephane\/"}]}},"_links":{"self":[{"href":"https:\/\/batijournal.com\/index.php\/wp-json\/wp\/v2\/posts\/92888","targetHints":{"allow":["GET"]}}],"collection":[{"href":"https:\/\/batijournal.com\/index.php\/wp-json\/wp\/v2\/posts"}],"about":[{"href":"https:\/\/batijournal.com\/index.php\/wp-json\/wp\/v2\/types\/post"}],"author":[{"embeddable":true,"href":"https:\/\/batijournal.com\/index.php\/wp-json\/wp\/v2\/users\/17"}],"replies":[{"embeddable":true,"href":"https:\/\/batijournal.com\/index.php\/wp-json\/wp\/v2\/comments?post=92888"}],"version-history":[{"count":0,"href":"https:\/\/batijournal.com\/index.php\/wp-json\/wp\/v2\/posts\/92888\/revisions"}],"wp:attachment":[{"href":"https:\/\/batijournal.com\/index.php\/wp-json\/wp\/v2\/media?parent=92888"}],"wp:term":[{"taxonomy":"category","embeddable":true,"href":"https:\/\/batijournal.com\/index.php\/wp-json\/wp\/v2\/categories?post=92888"},{"taxonomy":"post_tag","embeddable":true,"href":"https:\/\/batijournal.com\/index.php\/wp-json\/wp\/v2\/tags?post=92888"}],"curies":[{"name":"wp","href":"https:\/\/api.w.org\/{rel}","templated":true}]}}