{"id":92905,"date":"2016-06-01T09:41:58","date_gmt":"2016-06-01T07:41:58","guid":{"rendered":"http:\/\/batijournal.com\/?p=92905"},"modified":"2019-07-15T11:16:45","modified_gmt":"2019-07-15T09:16:45","slug":"dynamisme-de-labbaye-royale-de-fontevraud-journee-evenement-expos-temporaires-nouvelle-expo-permanente","status":"publish","type":"post","link":"https:\/\/batijournal.com\/index.php\/dynamisme-de-labbaye-royale-de-fontevraud-journee-evenement-expos-temporaires-nouvelle-expo-permanente\/92905\/","title":{"rendered":"Le dynamisme de l\u2019Abbaye Royale de Fontevraud en une journ\u00e9e \u00e9v\u00e9nement, des expos temporaires et une nouvelle expo permanente"},"content":{"rendered":"<p><strong>\u00abLa Cit\u00e9 Id\u00e9ale\u00bb le 4 juin<\/strong><br \/>\nExpositions, ateliers participatifs, conf\u00e9rences, spectacles&#8230; Chaque ann\u00e9e, l\u2019Abbaye Royale de Fontevraud organise \u00abLa Cit\u00e9 Id\u00e9ale\u00bb, une exploration ludique d\u2019un th\u00e8me essentiel de la vie publique. Cette ann\u00e9e, artistes et spectateurs imagineront les fondements du vivre ensemble autour du th\u00e8me \u00abB\u00e2tir &amp; habiter\u00bb dans une ambiance festive. La Cit\u00e9 Id\u00e9ale a lieu le 4 juin 2016, de 14h \u00e0 minuit : <a href=\"http:\/\/cite-ideale.fr\" target=\"_blank\" rel=\"noopener noreferrer\">cite-ideale.fr<\/a>.<\/p>\n<p><img loading=\"lazy\" decoding=\"async\" class=\"aligncenter size-medium wp-image-92909\" src=\"https:\/\/batijournal.com\/wp-content\/uploads\/2016\/06\/ATELIER-LEGO-eliasson-4-300x180.jpg\" alt=\"ATELIER-LEGO-eliasson-4\" width=\"300\" height=\"180\" srcset=\"https:\/\/batijournal.com\/wp-content\/uploads\/2016\/06\/ATELIER-LEGO-eliasson-4-300x180.jpg 300w, https:\/\/batijournal.com\/wp-content\/uploads\/2016\/06\/ATELIER-LEGO-eliasson-4-150x90.jpg 150w, https:\/\/batijournal.com\/wp-content\/uploads\/2016\/06\/ATELIER-LEGO-eliasson-4-768x461.jpg 768w, https:\/\/batijournal.com\/wp-content\/uploads\/2016\/06\/ATELIER-LEGO-eliasson-4-1024x614.jpg 1024w, https:\/\/batijournal.com\/wp-content\/uploads\/2016\/06\/ATELIER-LEGO-eliasson-4-600x360.jpg 600w, https:\/\/batijournal.com\/wp-content\/uploads\/2016\/06\/ATELIER-LEGO-eliasson-4.jpg 1037w\" sizes=\"(max-width: 300px) 100vw, 300px\" \/><\/p>\n<p><strong>L\u2019exposition Habiter Fontevraud du 4 juin au 4 novembre 2016<\/strong><br \/>\n\u0152uvres d\u2019art, espaces ludiques, lieux d\u2019isolement ou de convivialit\u00e9&#8230; Les sept projets architecturaux de l\u2019exposition Habiter Fontevraud apparaissent l\u00e0 o\u00f9 on ne les attend pas. Ils offrent un point de vue in\u00e9dit sur un \u00abincontournable\u00bb de l\u2019Abbaye Royale, ouvrent un espace habituellement ferm\u00e9 au public ou r\u00e9inventent une fonction oubli\u00e9e. Faisant chacun \u00e9cho \u00e0 l\u2019histoire de Fontevraud, ils invitent \u00e0 sortir de la simple admiration pour apprendre \u00e0 investir pleinement le patrimoine, \u00e0 le faire vivre. A d\u00e9couvrir parmi ces sept projets, face aux cuisines romanes, un fumoir contemporain en bois de 8 m\u00e8tres de haut install\u00e9 par les \u00c9tablissement Tourneux. Fonctionnel, il sera aussi et avant tout un espace de rencontre. Une chambre-capsule qui \u00e9pouse le creux d\u2019un pilier de l\u2019\u00e9glise abbatiale pour offrir un coin de lecture le jour et une chambre \u00e0 proximit\u00e9 des gisants la nuit. Un flux de lumi\u00e8re naturelle qui traverse un vitrail en Plexiglas, un volume en c\u00e9ramique recouvert de platine et un ouvrage en papier bible pour illuminer la Sacristie.<\/p>\n<p><img loading=\"lazy\" decoding=\"async\" class=\"aligncenter size-medium wp-image-92908\" src=\"https:\/\/batijournal.com\/wp-content\/uploads\/2016\/06\/abbaye-fontevraud-2016-1-300x200.jpg\" alt=\"abbaye-fontevraud-2016-1\" width=\"300\" height=\"200\" srcset=\"https:\/\/batijournal.com\/wp-content\/uploads\/2016\/06\/abbaye-fontevraud-2016-1-300x200.jpg 300w, https:\/\/batijournal.com\/wp-content\/uploads\/2016\/06\/abbaye-fontevraud-2016-1-150x100.jpg 150w, https:\/\/batijournal.com\/wp-content\/uploads\/2016\/06\/abbaye-fontevraud-2016-1-768x512.jpg 768w, https:\/\/batijournal.com\/wp-content\/uploads\/2016\/06\/abbaye-fontevraud-2016-1-600x400.jpg 600w, https:\/\/batijournal.com\/wp-content\/uploads\/2016\/06\/abbaye-fontevraud-2016-1.jpg 1000w\" sizes=\"(max-width: 300px) 100vw, 300px\" \/><\/p>\n<p><strong>L\u2019exposition permanente \u00ab\u00a0B\u00e2tir Fontevraud\u00a0\u00bb \u00e0 partir du 4 juin<\/strong><br \/>\nUne s\u00e9rie de maquettes exceptionnelles vous permet d\u00e9sormais de d\u00e9couvrir cette histoire en mouvement. Fran\u00e7ois DELAROZI\u00c8RE, cr\u00e9ateur des Machines de l\u2019\u00cele de Nantes, ponctue ce r\u00e9cit par une \u00ab maquette-machine \u00bb de Fontevraud aussi onirique qu\u2019exceptionnelle.<\/p>\n<p>De multiples ateliers, expositions et animations seront propos\u00e9s jusqu&rsquo;en novembre.<\/p>\n<p><a href=\"http:\/\/www.fontevraud.fr\" target=\"_blank\" rel=\"noopener noreferrer\">www.fontevraud.fr<\/a><\/p>\n<p><img loading=\"lazy\" decoding=\"async\" class=\"aligncenter size-medium wp-image-92906\" src=\"https:\/\/batijournal.com\/wp-content\/uploads\/2016\/06\/abbaye-fontevraud-2016-3-200x300.jpg\" alt=\"abbaye-fontevraud-2016-3\" width=\"200\" height=\"300\" srcset=\"https:\/\/batijournal.com\/wp-content\/uploads\/2016\/06\/abbaye-fontevraud-2016-3-200x300.jpg 200w, https:\/\/batijournal.com\/wp-content\/uploads\/2016\/06\/abbaye-fontevraud-2016-3-100x150.jpg 100w, https:\/\/batijournal.com\/wp-content\/uploads\/2016\/06\/abbaye-fontevraud-2016-3-600x900.jpg 600w, https:\/\/batijournal.com\/wp-content\/uploads\/2016\/06\/abbaye-fontevraud-2016-3.jpg 667w\" sizes=\"(max-width: 200px) 100vw, 200px\" \/><\/p>\n","protected":false},"excerpt":{"rendered":"<p>\u00abLa Cit\u00e9 Id\u00e9ale\u00bb le 4 juin Expositions, ateliers participatifs, conf\u00e9rences, spectacles&#8230; Chaque ann\u00e9e, l\u2019Abbaye Royale de Fontevraud organise \u00abLa Cit\u00e9 Id\u00e9ale\u00bb, une exploration ludique d\u2019un th\u00e8me essentiel de la vie publique. Cette ann\u00e9e, artistes et spectateurs imagineront les fondements du vivre ensemble autour du th\u00e8me \u00abB\u00e2tir &amp; habiter\u00bb dans une ambiance festive. La Cit\u00e9 Id\u00e9ale [&hellip;]<\/p>\n","protected":false},"author":17,"featured_media":92907,"comment_status":"closed","ping_status":"closed","sticky":false,"template":"","format":"standard","meta":{"_et_pb_use_builder":"","_et_pb_old_content":"","_et_gb_content_width":"","footnotes":""},"categories":[6340],"tags":[6376],"class_list":["post-92905","post","type-post","status-publish","format-standard","has-post-thumbnail","hentry","category-architecture-conception","tag-monument-historique"],"yoast_head":"<!-- This site is optimized with the Yoast SEO plugin v27.4 - https:\/\/yoast.com\/product\/yoast-seo-wordpress\/ -->\n<title>Le dynamisme de l\u2019Abbaye Royale de Fontevraud en une journ\u00e9e \u00e9v\u00e9nement, des expos temporaires et une nouvelle expo permanente<\/title>\n<meta name=\"robots\" content=\"index, follow, max-snippet:-1, max-image-preview:large, max-video-preview:-1\" \/>\n<link rel=\"canonical\" href=\"https:\/\/batijournal.com\/index.php\/dynamisme-de-labbaye-royale-de-fontevraud-journee-evenement-expos-temporaires-nouvelle-expo-permanente\/92905\/\" \/>\n<meta property=\"og:locale\" content=\"fr_FR\" \/>\n<meta property=\"og:type\" content=\"article\" \/>\n<meta property=\"og:title\" content=\"Le dynamisme de l\u2019Abbaye Royale de Fontevraud en une journ\u00e9e \u00e9v\u00e9nement, des expos temporaires et une nouvelle expo permanente\" \/>\n<meta property=\"og:description\" content=\"\u00abLa Cit\u00e9 Id\u00e9ale\u00bb le 4 juin Expositions, ateliers participatifs, conf\u00e9rences, spectacles&#8230; Chaque ann\u00e9e, l\u2019Abbaye Royale de Fontevraud organise \u00abLa Cit\u00e9 Id\u00e9ale\u00bb, une exploration ludique d\u2019un th\u00e8me essentiel de la vie publique. Cette ann\u00e9e, artistes et spectateurs imagineront les fondements du vivre ensemble autour du th\u00e8me \u00abB\u00e2tir &amp; habiter\u00bb dans une ambiance festive. La Cit\u00e9 Id\u00e9ale [&hellip;]\" \/>\n<meta property=\"og:url\" content=\"https:\/\/batijournal.com\/index.php\/dynamisme-de-labbaye-royale-de-fontevraud-journee-evenement-expos-temporaires-nouvelle-expo-permanente\/92905\/\" \/>\n<meta property=\"og:site_name\" content=\"Batijournal\" \/>\n<meta property=\"article:published_time\" content=\"2016-06-01T07:41:58+00:00\" \/>\n<meta property=\"article:modified_time\" content=\"2019-07-15T09:16:45+00:00\" \/>\n<meta property=\"og:image\" content=\"https:\/\/batijournal.com\/wp-content\/uploads\/2016\/06\/abbaye-fontevraud-2016-2.jpg\" \/>\n\t<meta property=\"og:image:width\" content=\"1000\" \/>\n\t<meta property=\"og:image:height\" content=\"667\" \/>\n\t<meta property=\"og:image:type\" content=\"image\/jpeg\" \/>\n<meta name=\"author\" content=\"St\u00e9phane Miget\" \/>\n<meta name=\"twitter:card\" content=\"summary_large_image\" \/>\n<meta name=\"twitter:creator\" content=\"@bati_journal\" \/>\n<meta name=\"twitter:site\" content=\"@bati_journal\" \/>\n<meta name=\"twitter:label1\" content=\"\u00c9crit par\" \/>\n\t<meta name=\"twitter:data1\" content=\"St\u00e9phane Miget\" \/>\n\t<meta name=\"twitter:label2\" content=\"Dur\u00e9e de lecture estim\u00e9e\" \/>\n\t<meta name=\"twitter:data2\" content=\"2 minutes\" \/>\n<script type=\"application\/ld+json\" class=\"yoast-schema-graph\">{\"@context\":\"https:\\\/\\\/schema.org\",\"@graph\":[{\"@type\":\"Article\",\"@id\":\"https:\\\/\\\/batijournal.com\\\/index.php\\\/dynamisme-de-labbaye-royale-de-fontevraud-journee-evenement-expos-temporaires-nouvelle-expo-permanente\\\/92905\\\/#article\",\"isPartOf\":{\"@id\":\"https:\\\/\\\/batijournal.com\\\/index.php\\\/dynamisme-de-labbaye-royale-de-fontevraud-journee-evenement-expos-temporaires-nouvelle-expo-permanente\\\/92905\\\/\"},\"author\":{\"name\":\"St\u00e9phane Miget\",\"@id\":\"https:\\\/\\\/batijournal.com\\\/#\\\/schema\\\/person\\\/1dc96ec6957aa1ccb25ebe78bb19f100\"},\"headline\":\"Le dynamisme de l\u2019Abbaye Royale de Fontevraud en une journ\u00e9e \u00e9v\u00e9nement, des expos temporaires et une nouvelle expo permanente\",\"datePublished\":\"2016-06-01T07:41:58+00:00\",\"dateModified\":\"2019-07-15T09:16:45+00:00\",\"mainEntityOfPage\":{\"@id\":\"https:\\\/\\\/batijournal.com\\\/index.php\\\/dynamisme-de-labbaye-royale-de-fontevraud-journee-evenement-expos-temporaires-nouvelle-expo-permanente\\\/92905\\\/\"},\"wordCount\":347,\"image\":{\"@id\":\"https:\\\/\\\/batijournal.com\\\/index.php\\\/dynamisme-de-labbaye-royale-de-fontevraud-journee-evenement-expos-temporaires-nouvelle-expo-permanente\\\/92905\\\/#primaryimage\"},\"thumbnailUrl\":\"https:\\\/\\\/batijournal.com\\\/wp-content\\\/uploads\\\/2016\\\/06\\\/abbaye-fontevraud-2016-2.jpg\",\"keywords\":[\"monument historique\"],\"articleSection\":[\"Architecture &amp; Conception\"],\"inLanguage\":\"fr-FR\"},{\"@type\":\"WebPage\",\"@id\":\"https:\\\/\\\/batijournal.com\\\/index.php\\\/dynamisme-de-labbaye-royale-de-fontevraud-journee-evenement-expos-temporaires-nouvelle-expo-permanente\\\/92905\\\/\",\"url\":\"https:\\\/\\\/batijournal.com\\\/index.php\\\/dynamisme-de-labbaye-royale-de-fontevraud-journee-evenement-expos-temporaires-nouvelle-expo-permanente\\\/92905\\\/\",\"name\":\"Le dynamisme de l\u2019Abbaye Royale de Fontevraud en une journ\u00e9e \u00e9v\u00e9nement, des expos temporaires et une nouvelle expo permanente\",\"isPartOf\":{\"@id\":\"https:\\\/\\\/batijournal.com\\\/#website\"},\"primaryImageOfPage\":{\"@id\":\"https:\\\/\\\/batijournal.com\\\/index.php\\\/dynamisme-de-labbaye-royale-de-fontevraud-journee-evenement-expos-temporaires-nouvelle-expo-permanente\\\/92905\\\/#primaryimage\"},\"image\":{\"@id\":\"https:\\\/\\\/batijournal.com\\\/index.php\\\/dynamisme-de-labbaye-royale-de-fontevraud-journee-evenement-expos-temporaires-nouvelle-expo-permanente\\\/92905\\\/#primaryimage\"},\"thumbnailUrl\":\"https:\\\/\\\/batijournal.com\\\/wp-content\\\/uploads\\\/2016\\\/06\\\/abbaye-fontevraud-2016-2.jpg\",\"datePublished\":\"2016-06-01T07:41:58+00:00\",\"dateModified\":\"2019-07-15T09:16:45+00:00\",\"author\":{\"@id\":\"https:\\\/\\\/batijournal.com\\\/#\\\/schema\\\/person\\\/1dc96ec6957aa1ccb25ebe78bb19f100\"},\"breadcrumb\":{\"@id\":\"https:\\\/\\\/batijournal.com\\\/index.php\\\/dynamisme-de-labbaye-royale-de-fontevraud-journee-evenement-expos-temporaires-nouvelle-expo-permanente\\\/92905\\\/#breadcrumb\"},\"inLanguage\":\"fr-FR\",\"potentialAction\":[{\"@type\":\"ReadAction\",\"target\":[\"https:\\\/\\\/batijournal.com\\\/index.php\\\/dynamisme-de-labbaye-royale-de-fontevraud-journee-evenement-expos-temporaires-nouvelle-expo-permanente\\\/92905\\\/\"]}]},{\"@type\":\"ImageObject\",\"inLanguage\":\"fr-FR\",\"@id\":\"https:\\\/\\\/batijournal.com\\\/index.php\\\/dynamisme-de-labbaye-royale-de-fontevraud-journee-evenement-expos-temporaires-nouvelle-expo-permanente\\\/92905\\\/#primaryimage\",\"url\":\"https:\\\/\\\/batijournal.com\\\/wp-content\\\/uploads\\\/2016\\\/06\\\/abbaye-fontevraud-2016-2.jpg\",\"contentUrl\":\"https:\\\/\\\/batijournal.com\\\/wp-content\\\/uploads\\\/2016\\\/06\\\/abbaye-fontevraud-2016-2.jpg\",\"width\":1000,\"height\":667},{\"@type\":\"BreadcrumbList\",\"@id\":\"https:\\\/\\\/batijournal.com\\\/index.php\\\/dynamisme-de-labbaye-royale-de-fontevraud-journee-evenement-expos-temporaires-nouvelle-expo-permanente\\\/92905\\\/#breadcrumb\",\"itemListElement\":[{\"@type\":\"ListItem\",\"position\":1,\"name\":\"Accueil\",\"item\":\"https:\\\/\\\/batijournal.com\\\/\"},{\"@type\":\"ListItem\",\"position\":2,\"name\":\"Actualit\u00e9s\",\"item\":\"https:\\\/\\\/batijournal.com\\\/index.php\\\/category\\\/actualites\\\/\"},{\"@type\":\"ListItem\",\"position\":3,\"name\":\"Architecture &amp; Conception\",\"item\":\"https:\\\/\\\/batijournal.com\\\/index.php\\\/category\\\/actualites\\\/architecture-conception\\\/\"},{\"@type\":\"ListItem\",\"position\":4,\"name\":\"Le dynamisme de l\u2019Abbaye Royale de Fontevraud en une journ\u00e9e \u00e9v\u00e9nement, des expos temporaires et une nouvelle expo permanente\"}]},{\"@type\":\"WebSite\",\"@id\":\"https:\\\/\\\/batijournal.com\\\/#website\",\"url\":\"https:\\\/\\\/batijournal.com\\\/\",\"name\":\"Batijournal\",\"description\":\"L&#039;actualit\u00e9 du b\u00e2timent\",\"potentialAction\":[{\"@type\":\"SearchAction\",\"target\":{\"@type\":\"EntryPoint\",\"urlTemplate\":\"https:\\\/\\\/batijournal.com\\\/?s={search_term_string}\"},\"query-input\":{\"@type\":\"PropertyValueSpecification\",\"valueRequired\":true,\"valueName\":\"search_term_string\"}}],\"inLanguage\":\"fr-FR\"},{\"@type\":\"Person\",\"@id\":\"https:\\\/\\\/batijournal.com\\\/#\\\/schema\\\/person\\\/1dc96ec6957aa1ccb25ebe78bb19f100\",\"name\":\"St\u00e9phane Miget\",\"image\":{\"@type\":\"ImageObject\",\"inLanguage\":\"fr-FR\",\"@id\":\"https:\\\/\\\/secure.gravatar.com\\\/avatar\\\/89915563d925342126b8ef0281b93d9d7fc337043e8df017f780908eb9644451?s=96&d=mm&r=g\",\"url\":\"https:\\\/\\\/secure.gravatar.com\\\/avatar\\\/89915563d925342126b8ef0281b93d9d7fc337043e8df017f780908eb9644451?s=96&d=mm&r=g\",\"contentUrl\":\"https:\\\/\\\/secure.gravatar.com\\\/avatar\\\/89915563d925342126b8ef0281b93d9d7fc337043e8df017f780908eb9644451?s=96&d=mm&r=g\",\"caption\":\"St\u00e9phane Miget\"},\"url\":\"https:\\\/\\\/batijournal.com\\\/index.php\\\/author\\\/stephane\\\/\"}]}<\/script>\n<!-- \/ Yoast SEO plugin. -->","yoast_head_json":{"title":"Le dynamisme de l\u2019Abbaye Royale de Fontevraud en une journ\u00e9e \u00e9v\u00e9nement, des expos temporaires et une nouvelle expo permanente","robots":{"index":"index","follow":"follow","max-snippet":"max-snippet:-1","max-image-preview":"max-image-preview:large","max-video-preview":"max-video-preview:-1"},"canonical":"https:\/\/batijournal.com\/index.php\/dynamisme-de-labbaye-royale-de-fontevraud-journee-evenement-expos-temporaires-nouvelle-expo-permanente\/92905\/","og_locale":"fr_FR","og_type":"article","og_title":"Le dynamisme de l\u2019Abbaye Royale de Fontevraud en une journ\u00e9e \u00e9v\u00e9nement, des expos temporaires et une nouvelle expo permanente","og_description":"\u00abLa Cit\u00e9 Id\u00e9ale\u00bb le 4 juin Expositions, ateliers participatifs, conf\u00e9rences, spectacles&#8230; Chaque ann\u00e9e, l\u2019Abbaye Royale de Fontevraud organise \u00abLa Cit\u00e9 Id\u00e9ale\u00bb, une exploration ludique d\u2019un th\u00e8me essentiel de la vie publique. Cette ann\u00e9e, artistes et spectateurs imagineront les fondements du vivre ensemble autour du th\u00e8me \u00abB\u00e2tir &amp; habiter\u00bb dans une ambiance festive. La Cit\u00e9 Id\u00e9ale [&hellip;]","og_url":"https:\/\/batijournal.com\/index.php\/dynamisme-de-labbaye-royale-de-fontevraud-journee-evenement-expos-temporaires-nouvelle-expo-permanente\/92905\/","og_site_name":"Batijournal","article_published_time":"2016-06-01T07:41:58+00:00","article_modified_time":"2019-07-15T09:16:45+00:00","og_image":[{"width":1000,"height":667,"url":"https:\/\/batijournal.com\/wp-content\/uploads\/2016\/06\/abbaye-fontevraud-2016-2.jpg","type":"image\/jpeg"}],"author":"St\u00e9phane Miget","twitter_card":"summary_large_image","twitter_creator":"@bati_journal","twitter_site":"@bati_journal","twitter_misc":{"\u00c9crit par":"St\u00e9phane Miget","Dur\u00e9e de lecture estim\u00e9e":"2 minutes"},"schema":{"@context":"https:\/\/schema.org","@graph":[{"@type":"Article","@id":"https:\/\/batijournal.com\/index.php\/dynamisme-de-labbaye-royale-de-fontevraud-journee-evenement-expos-temporaires-nouvelle-expo-permanente\/92905\/#article","isPartOf":{"@id":"https:\/\/batijournal.com\/index.php\/dynamisme-de-labbaye-royale-de-fontevraud-journee-evenement-expos-temporaires-nouvelle-expo-permanente\/92905\/"},"author":{"name":"St\u00e9phane Miget","@id":"https:\/\/batijournal.com\/#\/schema\/person\/1dc96ec6957aa1ccb25ebe78bb19f100"},"headline":"Le dynamisme de l\u2019Abbaye Royale de Fontevraud en une journ\u00e9e \u00e9v\u00e9nement, des expos temporaires et une nouvelle expo permanente","datePublished":"2016-06-01T07:41:58+00:00","dateModified":"2019-07-15T09:16:45+00:00","mainEntityOfPage":{"@id":"https:\/\/batijournal.com\/index.php\/dynamisme-de-labbaye-royale-de-fontevraud-journee-evenement-expos-temporaires-nouvelle-expo-permanente\/92905\/"},"wordCount":347,"image":{"@id":"https:\/\/batijournal.com\/index.php\/dynamisme-de-labbaye-royale-de-fontevraud-journee-evenement-expos-temporaires-nouvelle-expo-permanente\/92905\/#primaryimage"},"thumbnailUrl":"https:\/\/batijournal.com\/wp-content\/uploads\/2016\/06\/abbaye-fontevraud-2016-2.jpg","keywords":["monument historique"],"articleSection":["Architecture &amp; Conception"],"inLanguage":"fr-FR"},{"@type":"WebPage","@id":"https:\/\/batijournal.com\/index.php\/dynamisme-de-labbaye-royale-de-fontevraud-journee-evenement-expos-temporaires-nouvelle-expo-permanente\/92905\/","url":"https:\/\/batijournal.com\/index.php\/dynamisme-de-labbaye-royale-de-fontevraud-journee-evenement-expos-temporaires-nouvelle-expo-permanente\/92905\/","name":"Le dynamisme de l\u2019Abbaye Royale de Fontevraud en une journ\u00e9e \u00e9v\u00e9nement, des expos temporaires et une nouvelle expo permanente","isPartOf":{"@id":"https:\/\/batijournal.com\/#website"},"primaryImageOfPage":{"@id":"https:\/\/batijournal.com\/index.php\/dynamisme-de-labbaye-royale-de-fontevraud-journee-evenement-expos-temporaires-nouvelle-expo-permanente\/92905\/#primaryimage"},"image":{"@id":"https:\/\/batijournal.com\/index.php\/dynamisme-de-labbaye-royale-de-fontevraud-journee-evenement-expos-temporaires-nouvelle-expo-permanente\/92905\/#primaryimage"},"thumbnailUrl":"https:\/\/batijournal.com\/wp-content\/uploads\/2016\/06\/abbaye-fontevraud-2016-2.jpg","datePublished":"2016-06-01T07:41:58+00:00","dateModified":"2019-07-15T09:16:45+00:00","author":{"@id":"https:\/\/batijournal.com\/#\/schema\/person\/1dc96ec6957aa1ccb25ebe78bb19f100"},"breadcrumb":{"@id":"https:\/\/batijournal.com\/index.php\/dynamisme-de-labbaye-royale-de-fontevraud-journee-evenement-expos-temporaires-nouvelle-expo-permanente\/92905\/#breadcrumb"},"inLanguage":"fr-FR","potentialAction":[{"@type":"ReadAction","target":["https:\/\/batijournal.com\/index.php\/dynamisme-de-labbaye-royale-de-fontevraud-journee-evenement-expos-temporaires-nouvelle-expo-permanente\/92905\/"]}]},{"@type":"ImageObject","inLanguage":"fr-FR","@id":"https:\/\/batijournal.com\/index.php\/dynamisme-de-labbaye-royale-de-fontevraud-journee-evenement-expos-temporaires-nouvelle-expo-permanente\/92905\/#primaryimage","url":"https:\/\/batijournal.com\/wp-content\/uploads\/2016\/06\/abbaye-fontevraud-2016-2.jpg","contentUrl":"https:\/\/batijournal.com\/wp-content\/uploads\/2016\/06\/abbaye-fontevraud-2016-2.jpg","width":1000,"height":667},{"@type":"BreadcrumbList","@id":"https:\/\/batijournal.com\/index.php\/dynamisme-de-labbaye-royale-de-fontevraud-journee-evenement-expos-temporaires-nouvelle-expo-permanente\/92905\/#breadcrumb","itemListElement":[{"@type":"ListItem","position":1,"name":"Accueil","item":"https:\/\/batijournal.com\/"},{"@type":"ListItem","position":2,"name":"Actualit\u00e9s","item":"https:\/\/batijournal.com\/index.php\/category\/actualites\/"},{"@type":"ListItem","position":3,"name":"Architecture &amp; Conception","item":"https:\/\/batijournal.com\/index.php\/category\/actualites\/architecture-conception\/"},{"@type":"ListItem","position":4,"name":"Le dynamisme de l\u2019Abbaye Royale de Fontevraud en une journ\u00e9e \u00e9v\u00e9nement, des expos temporaires et une nouvelle expo permanente"}]},{"@type":"WebSite","@id":"https:\/\/batijournal.com\/#website","url":"https:\/\/batijournal.com\/","name":"Batijournal","description":"L&#039;actualit\u00e9 du b\u00e2timent","potentialAction":[{"@type":"SearchAction","target":{"@type":"EntryPoint","urlTemplate":"https:\/\/batijournal.com\/?s={search_term_string}"},"query-input":{"@type":"PropertyValueSpecification","valueRequired":true,"valueName":"search_term_string"}}],"inLanguage":"fr-FR"},{"@type":"Person","@id":"https:\/\/batijournal.com\/#\/schema\/person\/1dc96ec6957aa1ccb25ebe78bb19f100","name":"St\u00e9phane Miget","image":{"@type":"ImageObject","inLanguage":"fr-FR","@id":"https:\/\/secure.gravatar.com\/avatar\/89915563d925342126b8ef0281b93d9d7fc337043e8df017f780908eb9644451?s=96&d=mm&r=g","url":"https:\/\/secure.gravatar.com\/avatar\/89915563d925342126b8ef0281b93d9d7fc337043e8df017f780908eb9644451?s=96&d=mm&r=g","contentUrl":"https:\/\/secure.gravatar.com\/avatar\/89915563d925342126b8ef0281b93d9d7fc337043e8df017f780908eb9644451?s=96&d=mm&r=g","caption":"St\u00e9phane Miget"},"url":"https:\/\/batijournal.com\/index.php\/author\/stephane\/"}]}},"_links":{"self":[{"href":"https:\/\/batijournal.com\/index.php\/wp-json\/wp\/v2\/posts\/92905","targetHints":{"allow":["GET"]}}],"collection":[{"href":"https:\/\/batijournal.com\/index.php\/wp-json\/wp\/v2\/posts"}],"about":[{"href":"https:\/\/batijournal.com\/index.php\/wp-json\/wp\/v2\/types\/post"}],"author":[{"embeddable":true,"href":"https:\/\/batijournal.com\/index.php\/wp-json\/wp\/v2\/users\/17"}],"replies":[{"embeddable":true,"href":"https:\/\/batijournal.com\/index.php\/wp-json\/wp\/v2\/comments?post=92905"}],"version-history":[{"count":0,"href":"https:\/\/batijournal.com\/index.php\/wp-json\/wp\/v2\/posts\/92905\/revisions"}],"wp:featuredmedia":[{"embeddable":true,"href":"https:\/\/batijournal.com\/index.php\/wp-json\/wp\/v2\/media\/92907"}],"wp:attachment":[{"href":"https:\/\/batijournal.com\/index.php\/wp-json\/wp\/v2\/media?parent=92905"}],"wp:term":[{"taxonomy":"category","embeddable":true,"href":"https:\/\/batijournal.com\/index.php\/wp-json\/wp\/v2\/categories?post=92905"},{"taxonomy":"post_tag","embeddable":true,"href":"https:\/\/batijournal.com\/index.php\/wp-json\/wp\/v2\/tags?post=92905"}],"curies":[{"name":"wp","href":"https:\/\/api.w.org\/{rel}","templated":true}]}}