{"id":92965,"date":"2016-06-06T17:07:16","date_gmt":"2016-06-06T15:07:16","guid":{"rendered":"http:\/\/batijournal.com\/?p=92965"},"modified":"2019-07-15T11:16:45","modified_gmt":"2019-07-15T09:16:45","slug":"chateau-de-chambord-sauve-eaux","status":"publish","type":"post","link":"https:\/\/batijournal.com\/index.php\/chateau-de-chambord-sauve-eaux\/92965\/","title":{"rendered":"Le ch\u00e2teau de Chambord sauv\u00e9 des eaux"},"content":{"rendered":"<p>Les inondations sans pr\u00e9c\u00e9dent qui ont touch\u00e9 Chambord depuis le mardi 31 mai ont contraint \u00e0 une fermeture du monument pendant cinq jours. Le ch\u00e2teau est de nouveau ouvert. Un premier bilan fait appara\u00eetre que ni le monument, ni\u00a0ses collections n&rsquo;ont \u00e9t\u00e9 endommag\u00e9s. En revanche, les voieries, les murs du domaine, certains ouvrages d\u2019art ont \u00e9t\u00e9 affect\u00e9s ou d\u00e9molis en certains points pr\u00e9cis : trois br\u00e8ches dans le mur d\u2019enceinte, portes m\u00e9talliques arrach\u00e9es, segments d\u2019all\u00e9es foresti\u00e8res emport\u00e9s, un mur de soutainement de l\u2019h\u00f4tel, en chantier, menac\u00e9 d\u2019\u00e9boulement&#8230;. Une \u00e9valuation plus d\u00e9taill\u00e9e des d\u00e9g\u00e2ts est en cours. Des r\u00e9parations doivent \u00eatre effectu\u00e9es sur certains r\u00e9seaux \u00e9lectriques et sur le syst\u00e8me de d\u00e9fense anti-incendie ainsi que pour la circulation sur les routes du domaine.<\/p>\n<div class=\"page\" title=\"Page 1\">\n<div class=\"layoutArea\">\n<div class=\"column\">\n<blockquote><p><em>Chambord et la Fondation du patrimoine lancent un appel aux dons vers les petits et grands m\u00e9c\u00e8nes fran\u00e7ais et \u00e9trangers : <a href=\"http:\/\/www.fondation-patrimoine.org\/urgence-chambord\" target=\"_blank\" rel=\"noopener noreferrer\">www.fondation-patrimoine.org\/urgence-chambord<\/a><\/em><\/p><\/blockquote>\n<\/div>\n<\/div>\n<\/div>\n<p>Un film par drone de Chambord sous les eaux est visible ici :<br \/>\n<a href=\"https:\/\/www.facebook.com\/domainenationaldechambord\/videos\/1131864206853133\/\" target=\"_blank\" rel=\"noopener noreferrer\">www.facebook.com\/domainenationaldechambord\/videos\/1131864206853133\/<\/a><\/p>\n<p><img loading=\"lazy\" decoding=\"async\" class=\"aligncenter wp-image-92979\" src=\"https:\/\/batijournal.com\/wp-content\/uploads\/2016\/06\/chambord2.jpg\" alt=\"chambord2\" width=\"700\" height=\"525\" srcset=\"https:\/\/batijournal.com\/wp-content\/uploads\/2016\/06\/chambord2.jpg 1000w, https:\/\/batijournal.com\/wp-content\/uploads\/2016\/06\/chambord2-150x113.jpg 150w, https:\/\/batijournal.com\/wp-content\/uploads\/2016\/06\/chambord2-300x225.jpg 300w, https:\/\/batijournal.com\/wp-content\/uploads\/2016\/06\/chambord2-768x576.jpg 768w, https:\/\/batijournal.com\/wp-content\/uploads\/2016\/06\/chambord2-600x450.jpg 600w\" sizes=\"(max-width: 700px) 100vw, 700px\" \/><\/p>\n<p>Photos : \u00a9 Domaine de Chambord<\/p>\n","protected":false},"excerpt":{"rendered":"<p>Les inondations sans pr\u00e9c\u00e9dent qui ont touch\u00e9 Chambord depuis le mardi 31 mai ont contraint \u00e0 une fermeture du monument pendant cinq jours. Le ch\u00e2teau est de nouveau ouvert. Un premier bilan fait appara\u00eetre que ni le monument, ni\u00a0ses collections n&rsquo;ont \u00e9t\u00e9 endommag\u00e9s. En revanche, les voieries, les murs du domaine, certains ouvrages d\u2019art ont [&hellip;]<\/p>\n","protected":false},"author":17,"featured_media":92980,"comment_status":"closed","ping_status":"closed","sticky":false,"template":"","format":"standard","meta":{"_et_pb_use_builder":"","_et_pb_old_content":"","_et_gb_content_width":"","footnotes":""},"categories":[6340],"tags":[11137,6376],"class_list":["post-92965","post","type-post","status-publish","format-standard","has-post-thumbnail","hentry","category-architecture-conception","tag-inondations","tag-monument-historique"],"yoast_head":"<!-- This site is optimized with the Yoast SEO plugin v27.4 - https:\/\/yoast.com\/product\/yoast-seo-wordpress\/ -->\n<title>Le ch\u00e2teau de Chambord sauv\u00e9 des eaux<\/title>\n<meta name=\"robots\" content=\"index, follow, max-snippet:-1, max-image-preview:large, max-video-preview:-1\" \/>\n<link rel=\"canonical\" href=\"https:\/\/batijournal.com\/index.php\/chateau-de-chambord-sauve-eaux\/92965\/\" \/>\n<meta property=\"og:locale\" content=\"fr_FR\" \/>\n<meta property=\"og:type\" content=\"article\" \/>\n<meta property=\"og:title\" content=\"Le ch\u00e2teau de Chambord sauv\u00e9 des eaux\" \/>\n<meta property=\"og:description\" content=\"Les inondations sans pr\u00e9c\u00e9dent qui ont touch\u00e9 Chambord depuis le mardi 31 mai ont contraint \u00e0 une fermeture du monument pendant cinq jours. Le ch\u00e2teau est de nouveau ouvert. Un premier bilan fait appara\u00eetre que ni le monument, ni\u00a0ses collections n&rsquo;ont \u00e9t\u00e9 endommag\u00e9s. En revanche, les voieries, les murs du domaine, certains ouvrages d\u2019art ont [&hellip;]\" \/>\n<meta property=\"og:url\" content=\"https:\/\/batijournal.com\/index.php\/chateau-de-chambord-sauve-eaux\/92965\/\" \/>\n<meta property=\"og:site_name\" content=\"Batijournal\" \/>\n<meta property=\"article:published_time\" content=\"2016-06-06T15:07:16+00:00\" \/>\n<meta property=\"article:modified_time\" content=\"2019-07-15T09:16:45+00:00\" \/>\n<meta property=\"og:image\" content=\"https:\/\/batijournal.com\/wp-content\/uploads\/2016\/06\/chambord.jpg\" \/>\n\t<meta property=\"og:image:width\" content=\"1000\" \/>\n\t<meta property=\"og:image:height\" content=\"667\" \/>\n\t<meta property=\"og:image:type\" content=\"image\/jpeg\" \/>\n<meta name=\"author\" content=\"St\u00e9phane Miget\" \/>\n<meta name=\"twitter:card\" content=\"summary_large_image\" \/>\n<meta name=\"twitter:creator\" content=\"@bati_journal\" \/>\n<meta name=\"twitter:site\" content=\"@bati_journal\" \/>\n<meta name=\"twitter:label1\" content=\"\u00c9crit par\" \/>\n\t<meta name=\"twitter:data1\" content=\"St\u00e9phane Miget\" \/>\n\t<meta name=\"twitter:label2\" content=\"Dur\u00e9e de lecture estim\u00e9e\" \/>\n\t<meta name=\"twitter:data2\" content=\"1 minute\" \/>\n<script type=\"application\/ld+json\" class=\"yoast-schema-graph\">{\"@context\":\"https:\\\/\\\/schema.org\",\"@graph\":[{\"@type\":\"Article\",\"@id\":\"https:\\\/\\\/batijournal.com\\\/index.php\\\/chateau-de-chambord-sauve-eaux\\\/92965\\\/#article\",\"isPartOf\":{\"@id\":\"https:\\\/\\\/batijournal.com\\\/index.php\\\/chateau-de-chambord-sauve-eaux\\\/92965\\\/\"},\"author\":{\"name\":\"St\u00e9phane Miget\",\"@id\":\"https:\\\/\\\/batijournal.com\\\/#\\\/schema\\\/person\\\/1dc96ec6957aa1ccb25ebe78bb19f100\"},\"headline\":\"Le ch\u00e2teau de Chambord sauv\u00e9 des eaux\",\"datePublished\":\"2016-06-06T15:07:16+00:00\",\"dateModified\":\"2019-07-15T09:16:45+00:00\",\"mainEntityOfPage\":{\"@id\":\"https:\\\/\\\/batijournal.com\\\/index.php\\\/chateau-de-chambord-sauve-eaux\\\/92965\\\/\"},\"wordCount\":206,\"image\":{\"@id\":\"https:\\\/\\\/batijournal.com\\\/index.php\\\/chateau-de-chambord-sauve-eaux\\\/92965\\\/#primaryimage\"},\"thumbnailUrl\":\"https:\\\/\\\/batijournal.com\\\/wp-content\\\/uploads\\\/2016\\\/06\\\/chambord.jpg\",\"keywords\":[\"inondations\",\"monument historique\"],\"articleSection\":[\"Architecture &amp; Conception\"],\"inLanguage\":\"fr-FR\"},{\"@type\":\"WebPage\",\"@id\":\"https:\\\/\\\/batijournal.com\\\/index.php\\\/chateau-de-chambord-sauve-eaux\\\/92965\\\/\",\"url\":\"https:\\\/\\\/batijournal.com\\\/index.php\\\/chateau-de-chambord-sauve-eaux\\\/92965\\\/\",\"name\":\"Le ch\u00e2teau de Chambord sauv\u00e9 des eaux\",\"isPartOf\":{\"@id\":\"https:\\\/\\\/batijournal.com\\\/#website\"},\"primaryImageOfPage\":{\"@id\":\"https:\\\/\\\/batijournal.com\\\/index.php\\\/chateau-de-chambord-sauve-eaux\\\/92965\\\/#primaryimage\"},\"image\":{\"@id\":\"https:\\\/\\\/batijournal.com\\\/index.php\\\/chateau-de-chambord-sauve-eaux\\\/92965\\\/#primaryimage\"},\"thumbnailUrl\":\"https:\\\/\\\/batijournal.com\\\/wp-content\\\/uploads\\\/2016\\\/06\\\/chambord.jpg\",\"datePublished\":\"2016-06-06T15:07:16+00:00\",\"dateModified\":\"2019-07-15T09:16:45+00:00\",\"author\":{\"@id\":\"https:\\\/\\\/batijournal.com\\\/#\\\/schema\\\/person\\\/1dc96ec6957aa1ccb25ebe78bb19f100\"},\"breadcrumb\":{\"@id\":\"https:\\\/\\\/batijournal.com\\\/index.php\\\/chateau-de-chambord-sauve-eaux\\\/92965\\\/#breadcrumb\"},\"inLanguage\":\"fr-FR\",\"potentialAction\":[{\"@type\":\"ReadAction\",\"target\":[\"https:\\\/\\\/batijournal.com\\\/index.php\\\/chateau-de-chambord-sauve-eaux\\\/92965\\\/\"]}]},{\"@type\":\"ImageObject\",\"inLanguage\":\"fr-FR\",\"@id\":\"https:\\\/\\\/batijournal.com\\\/index.php\\\/chateau-de-chambord-sauve-eaux\\\/92965\\\/#primaryimage\",\"url\":\"https:\\\/\\\/batijournal.com\\\/wp-content\\\/uploads\\\/2016\\\/06\\\/chambord.jpg\",\"contentUrl\":\"https:\\\/\\\/batijournal.com\\\/wp-content\\\/uploads\\\/2016\\\/06\\\/chambord.jpg\",\"width\":1000,\"height\":667},{\"@type\":\"BreadcrumbList\",\"@id\":\"https:\\\/\\\/batijournal.com\\\/index.php\\\/chateau-de-chambord-sauve-eaux\\\/92965\\\/#breadcrumb\",\"itemListElement\":[{\"@type\":\"ListItem\",\"position\":1,\"name\":\"Accueil\",\"item\":\"https:\\\/\\\/batijournal.com\\\/\"},{\"@type\":\"ListItem\",\"position\":2,\"name\":\"Actualit\u00e9s\",\"item\":\"https:\\\/\\\/batijournal.com\\\/index.php\\\/category\\\/actualites\\\/\"},{\"@type\":\"ListItem\",\"position\":3,\"name\":\"Architecture &amp; Conception\",\"item\":\"https:\\\/\\\/batijournal.com\\\/index.php\\\/category\\\/actualites\\\/architecture-conception\\\/\"},{\"@type\":\"ListItem\",\"position\":4,\"name\":\"Le ch\u00e2teau de Chambord sauv\u00e9 des eaux\"}]},{\"@type\":\"WebSite\",\"@id\":\"https:\\\/\\\/batijournal.com\\\/#website\",\"url\":\"https:\\\/\\\/batijournal.com\\\/\",\"name\":\"Batijournal\",\"description\":\"L&#039;actualit\u00e9 du b\u00e2timent\",\"potentialAction\":[{\"@type\":\"SearchAction\",\"target\":{\"@type\":\"EntryPoint\",\"urlTemplate\":\"https:\\\/\\\/batijournal.com\\\/?s={search_term_string}\"},\"query-input\":{\"@type\":\"PropertyValueSpecification\",\"valueRequired\":true,\"valueName\":\"search_term_string\"}}],\"inLanguage\":\"fr-FR\"},{\"@type\":\"Person\",\"@id\":\"https:\\\/\\\/batijournal.com\\\/#\\\/schema\\\/person\\\/1dc96ec6957aa1ccb25ebe78bb19f100\",\"name\":\"St\u00e9phane Miget\",\"image\":{\"@type\":\"ImageObject\",\"inLanguage\":\"fr-FR\",\"@id\":\"https:\\\/\\\/secure.gravatar.com\\\/avatar\\\/89915563d925342126b8ef0281b93d9d7fc337043e8df017f780908eb9644451?s=96&d=mm&r=g\",\"url\":\"https:\\\/\\\/secure.gravatar.com\\\/avatar\\\/89915563d925342126b8ef0281b93d9d7fc337043e8df017f780908eb9644451?s=96&d=mm&r=g\",\"contentUrl\":\"https:\\\/\\\/secure.gravatar.com\\\/avatar\\\/89915563d925342126b8ef0281b93d9d7fc337043e8df017f780908eb9644451?s=96&d=mm&r=g\",\"caption\":\"St\u00e9phane Miget\"},\"url\":\"https:\\\/\\\/batijournal.com\\\/index.php\\\/author\\\/stephane\\\/\"}]}<\/script>\n<!-- \/ Yoast SEO plugin. -->","yoast_head_json":{"title":"Le ch\u00e2teau de Chambord sauv\u00e9 des eaux","robots":{"index":"index","follow":"follow","max-snippet":"max-snippet:-1","max-image-preview":"max-image-preview:large","max-video-preview":"max-video-preview:-1"},"canonical":"https:\/\/batijournal.com\/index.php\/chateau-de-chambord-sauve-eaux\/92965\/","og_locale":"fr_FR","og_type":"article","og_title":"Le ch\u00e2teau de Chambord sauv\u00e9 des eaux","og_description":"Les inondations sans pr\u00e9c\u00e9dent qui ont touch\u00e9 Chambord depuis le mardi 31 mai ont contraint \u00e0 une fermeture du monument pendant cinq jours. Le ch\u00e2teau est de nouveau ouvert. Un premier bilan fait appara\u00eetre que ni le monument, ni\u00a0ses collections n&rsquo;ont \u00e9t\u00e9 endommag\u00e9s. En revanche, les voieries, les murs du domaine, certains ouvrages d\u2019art ont [&hellip;]","og_url":"https:\/\/batijournal.com\/index.php\/chateau-de-chambord-sauve-eaux\/92965\/","og_site_name":"Batijournal","article_published_time":"2016-06-06T15:07:16+00:00","article_modified_time":"2019-07-15T09:16:45+00:00","og_image":[{"width":1000,"height":667,"url":"https:\/\/batijournal.com\/wp-content\/uploads\/2016\/06\/chambord.jpg","type":"image\/jpeg"}],"author":"St\u00e9phane Miget","twitter_card":"summary_large_image","twitter_creator":"@bati_journal","twitter_site":"@bati_journal","twitter_misc":{"\u00c9crit par":"St\u00e9phane Miget","Dur\u00e9e de lecture estim\u00e9e":"1 minute"},"schema":{"@context":"https:\/\/schema.org","@graph":[{"@type":"Article","@id":"https:\/\/batijournal.com\/index.php\/chateau-de-chambord-sauve-eaux\/92965\/#article","isPartOf":{"@id":"https:\/\/batijournal.com\/index.php\/chateau-de-chambord-sauve-eaux\/92965\/"},"author":{"name":"St\u00e9phane Miget","@id":"https:\/\/batijournal.com\/#\/schema\/person\/1dc96ec6957aa1ccb25ebe78bb19f100"},"headline":"Le ch\u00e2teau de Chambord sauv\u00e9 des eaux","datePublished":"2016-06-06T15:07:16+00:00","dateModified":"2019-07-15T09:16:45+00:00","mainEntityOfPage":{"@id":"https:\/\/batijournal.com\/index.php\/chateau-de-chambord-sauve-eaux\/92965\/"},"wordCount":206,"image":{"@id":"https:\/\/batijournal.com\/index.php\/chateau-de-chambord-sauve-eaux\/92965\/#primaryimage"},"thumbnailUrl":"https:\/\/batijournal.com\/wp-content\/uploads\/2016\/06\/chambord.jpg","keywords":["inondations","monument historique"],"articleSection":["Architecture &amp; Conception"],"inLanguage":"fr-FR"},{"@type":"WebPage","@id":"https:\/\/batijournal.com\/index.php\/chateau-de-chambord-sauve-eaux\/92965\/","url":"https:\/\/batijournal.com\/index.php\/chateau-de-chambord-sauve-eaux\/92965\/","name":"Le ch\u00e2teau de Chambord sauv\u00e9 des eaux","isPartOf":{"@id":"https:\/\/batijournal.com\/#website"},"primaryImageOfPage":{"@id":"https:\/\/batijournal.com\/index.php\/chateau-de-chambord-sauve-eaux\/92965\/#primaryimage"},"image":{"@id":"https:\/\/batijournal.com\/index.php\/chateau-de-chambord-sauve-eaux\/92965\/#primaryimage"},"thumbnailUrl":"https:\/\/batijournal.com\/wp-content\/uploads\/2016\/06\/chambord.jpg","datePublished":"2016-06-06T15:07:16+00:00","dateModified":"2019-07-15T09:16:45+00:00","author":{"@id":"https:\/\/batijournal.com\/#\/schema\/person\/1dc96ec6957aa1ccb25ebe78bb19f100"},"breadcrumb":{"@id":"https:\/\/batijournal.com\/index.php\/chateau-de-chambord-sauve-eaux\/92965\/#breadcrumb"},"inLanguage":"fr-FR","potentialAction":[{"@type":"ReadAction","target":["https:\/\/batijournal.com\/index.php\/chateau-de-chambord-sauve-eaux\/92965\/"]}]},{"@type":"ImageObject","inLanguage":"fr-FR","@id":"https:\/\/batijournal.com\/index.php\/chateau-de-chambord-sauve-eaux\/92965\/#primaryimage","url":"https:\/\/batijournal.com\/wp-content\/uploads\/2016\/06\/chambord.jpg","contentUrl":"https:\/\/batijournal.com\/wp-content\/uploads\/2016\/06\/chambord.jpg","width":1000,"height":667},{"@type":"BreadcrumbList","@id":"https:\/\/batijournal.com\/index.php\/chateau-de-chambord-sauve-eaux\/92965\/#breadcrumb","itemListElement":[{"@type":"ListItem","position":1,"name":"Accueil","item":"https:\/\/batijournal.com\/"},{"@type":"ListItem","position":2,"name":"Actualit\u00e9s","item":"https:\/\/batijournal.com\/index.php\/category\/actualites\/"},{"@type":"ListItem","position":3,"name":"Architecture &amp; Conception","item":"https:\/\/batijournal.com\/index.php\/category\/actualites\/architecture-conception\/"},{"@type":"ListItem","position":4,"name":"Le ch\u00e2teau de Chambord sauv\u00e9 des eaux"}]},{"@type":"WebSite","@id":"https:\/\/batijournal.com\/#website","url":"https:\/\/batijournal.com\/","name":"Batijournal","description":"L&#039;actualit\u00e9 du b\u00e2timent","potentialAction":[{"@type":"SearchAction","target":{"@type":"EntryPoint","urlTemplate":"https:\/\/batijournal.com\/?s={search_term_string}"},"query-input":{"@type":"PropertyValueSpecification","valueRequired":true,"valueName":"search_term_string"}}],"inLanguage":"fr-FR"},{"@type":"Person","@id":"https:\/\/batijournal.com\/#\/schema\/person\/1dc96ec6957aa1ccb25ebe78bb19f100","name":"St\u00e9phane Miget","image":{"@type":"ImageObject","inLanguage":"fr-FR","@id":"https:\/\/secure.gravatar.com\/avatar\/89915563d925342126b8ef0281b93d9d7fc337043e8df017f780908eb9644451?s=96&d=mm&r=g","url":"https:\/\/secure.gravatar.com\/avatar\/89915563d925342126b8ef0281b93d9d7fc337043e8df017f780908eb9644451?s=96&d=mm&r=g","contentUrl":"https:\/\/secure.gravatar.com\/avatar\/89915563d925342126b8ef0281b93d9d7fc337043e8df017f780908eb9644451?s=96&d=mm&r=g","caption":"St\u00e9phane Miget"},"url":"https:\/\/batijournal.com\/index.php\/author\/stephane\/"}]}},"_links":{"self":[{"href":"https:\/\/batijournal.com\/index.php\/wp-json\/wp\/v2\/posts\/92965","targetHints":{"allow":["GET"]}}],"collection":[{"href":"https:\/\/batijournal.com\/index.php\/wp-json\/wp\/v2\/posts"}],"about":[{"href":"https:\/\/batijournal.com\/index.php\/wp-json\/wp\/v2\/types\/post"}],"author":[{"embeddable":true,"href":"https:\/\/batijournal.com\/index.php\/wp-json\/wp\/v2\/users\/17"}],"replies":[{"embeddable":true,"href":"https:\/\/batijournal.com\/index.php\/wp-json\/wp\/v2\/comments?post=92965"}],"version-history":[{"count":0,"href":"https:\/\/batijournal.com\/index.php\/wp-json\/wp\/v2\/posts\/92965\/revisions"}],"wp:featuredmedia":[{"embeddable":true,"href":"https:\/\/batijournal.com\/index.php\/wp-json\/wp\/v2\/media\/92980"}],"wp:attachment":[{"href":"https:\/\/batijournal.com\/index.php\/wp-json\/wp\/v2\/media?parent=92965"}],"wp:term":[{"taxonomy":"category","embeddable":true,"href":"https:\/\/batijournal.com\/index.php\/wp-json\/wp\/v2\/categories?post=92965"},{"taxonomy":"post_tag","embeddable":true,"href":"https:\/\/batijournal.com\/index.php\/wp-json\/wp\/v2\/tags?post=92965"}],"curies":[{"name":"wp","href":"https:\/\/api.w.org\/{rel}","templated":true}]}}