{"id":92988,"date":"2016-06-07T17:02:49","date_gmt":"2016-06-07T15:02:49","guid":{"rendered":"http:\/\/batijournal.com\/?p=92988"},"modified":"2019-07-15T12:11:08","modified_gmt":"2019-07-15T10:11:08","slug":"lappel-a-manifestation-dinteret-territoires-construction-d-immeubles-a-vivre-bois-top-depart","status":"publish","type":"post","link":"https:\/\/batijournal.com\/index.php\/lappel-a-manifestation-dinteret-territoires-construction-d-immeubles-a-vivre-bois-top-depart\/92988\/","title":{"rendered":"L&rsquo;Appel \u00e0 Manifestation d&rsquo;Int\u00e9r\u00eat Territoires pour la construction d&rsquo;\u00a0\u00ab\u00a0Immeubles \u00e0 Vivre Bois\u00a0\u00bb\u00a0: top d\u00e9part"},"content":{"rendered":"<p><span style=\"font-family: Arial, sans-serif\"><span style=\"font-size: small\"><span style=\"color: #000000\">ADIVbois a lanc\u00e9 le 7 juin, en pr\u00e9sence de St\u00e9phane Le Foll, ministre de l\u2019Agriculture, de l\u2019Agroalimentaire et de la For\u00eat et Emmanuelle Cosse, ministre du Logement et de l\u2019Habitat Durable l\u2019Appel \u00e0 Manifestation d\u2019Int\u00e9r\u00eat (AMI) pour l\u2019identification des sites qui recevront les futurs \u00ab Immeubles \u00e0 Vivre Bois \u00bb. <\/span><span style=\"color: #000000\"> Devant plus de 250 professionnels r\u00e9unis au pavillon de l&rsquo;Arsenal, les villes de Paris, St-Etienne, Le Mans, et l\u2019am\u00e9nageur EPAMARNE\/EPAFRANCE ont d\u00e9j\u00e0 confirm\u00e9 leur candidature \u00e0 l\u2019AMI. D\u2019autres collectivit\u00e9s et am\u00e9nageurs dont la m\u00e9tropole de Strasbourg sont en train d&rsquo;\u00e9tudier le dossier et cet engouement laisse pr\u00e9sager d\u2019au moins un projet par r\u00e9gion.<\/span><\/span><\/span><\/p>\n<p><span style=\"font-size: small\">\u00ab <\/span><span style=\"color: #000000\"><i>La construction d\u2019immeubles d\u00e9monstrateurs va permettre \u00e0 la fili\u00e8re de disposer de r\u00e9f\u00e9rences embl\u00e9matiques et doit impulser une nouvelle dynamique \u00e0 la construction bois \u00bb a <\/i><\/span><span style=\"color: #000000\">soulign\u00e9 Frank Mathis, p<\/span><span style=\"color: #313131\">r\u00e9sident d\u2019ADIVbois. <\/span><span style=\"color: #000000\"> L\u2019AMI doit d\u00e9montrer l\u2019excellence des solutions bois dans l\u2019int\u00e9r\u00eat des villes et pour lutter contre le r\u00e9chauffement climatique. Il doit \u00e9galement permettre de d\u00e9bloquer les freins existants sur les plans technologiques, r\u00e9glementaires <\/span><span style=\"color: #000000\">ou normatifs. L&rsquo;appel est destin\u00e9 aux acteurs du d\u00e9veloppement urbain d\u00e9tenteurs de foncier : collectivit\u00e9s territoriales, am\u00e9nageurs, bailleurs sociaux et promoteurs, propri\u00e9taires institutionnels \u2026 Il vise \u00e0 identifier et qualifier des terrains potentiels pour accueillir les futurs immeubles en bois. Les candidats devront d\u00e9poser leur dossier avant le 9 septembre et les terrains seront s\u00e9lectionn\u00e9s d\u2019ici fin septembre. Le concours PUCA sera ensuite lanc\u00e9 en d\u00e9cembre pour r\u00e9ceptionner les projets de constructions Bois qui devront faire 10 niveaux minimum. \u00ab <\/span><span style=\"color: #000000\"><i>Les laur\u00e9ats de l\u2019AMI b\u00e9n\u00e9ficieront de l\u2019ing\u00e9nierie technique d\u2019ADIVbois ainsi que du soutien des pouvoirs publics sur les aspects financiers et r\u00e9glementaires <\/i><\/span><span style=\"color: #000000\">\u00bb, explique Frank Mathis.<\/span><\/p>\n<p><span style=\"font-family: Arial, sans-serif\"><span style=\"font-size: small\"><span style=\"color: #000000\">Photo\u00a0: <\/span><span style=\"color: #000000\">Xavier Remongin\/Min.agri.fr <\/span><\/span><\/span><\/p>\n","protected":false},"excerpt":{"rendered":"<p>ADIVbois a lanc\u00e9 le 7 juin, en pr\u00e9sence de St\u00e9phane Le Foll, ministre de l\u2019Agriculture, de l\u2019Agroalimentaire et de la For\u00eat et Emmanuelle Cosse, ministre du Logement et de l\u2019Habitat Durable l\u2019Appel \u00e0 Manifestation d\u2019Int\u00e9r\u00eat (AMI) pour l\u2019identification des sites qui recevront les futurs \u00ab Immeubles \u00e0 Vivre Bois \u00bb. Devant plus de 250 professionnels [&hellip;]<\/p>\n","protected":false},"author":17,"featured_media":92989,"comment_status":"closed","ping_status":"closed","sticky":false,"template":"","format":"standard","meta":{"_et_pb_use_builder":"","_et_pb_old_content":"","_et_gb_content_width":"","footnotes":""},"categories":[10530,6340,6345,9192,10764],"tags":[],"class_list":["post-92988","post","type-post","status-publish","format-standard","has-post-thumbnail","hentry","category-actualites","category-architecture-conception","category-economie-marches","category-evenements","category-woodsurfer"],"yoast_head":"<!-- This site is optimized with the Yoast SEO plugin v27.4 - https:\/\/yoast.com\/product\/yoast-seo-wordpress\/ -->\n<title>L&#039;Appel \u00e0 Manifestation d&#039;Int\u00e9r\u00eat Territoires pour la construction d&#039;\u00a0\u00ab\u00a0Immeubles \u00e0 Vivre Bois\u00a0\u00bb\u00a0: top d\u00e9part<\/title>\n<meta name=\"robots\" content=\"index, follow, max-snippet:-1, max-image-preview:large, max-video-preview:-1\" \/>\n<link rel=\"canonical\" href=\"https:\/\/batijournal.com\/index.php\/lappel-a-manifestation-dinteret-territoires-construction-d-immeubles-a-vivre-bois-top-depart\/92988\/\" \/>\n<meta property=\"og:locale\" content=\"fr_FR\" \/>\n<meta property=\"og:type\" content=\"article\" \/>\n<meta property=\"og:title\" content=\"L&#039;Appel \u00e0 Manifestation d&#039;Int\u00e9r\u00eat Territoires pour la construction d&#039;\u00a0\u00ab\u00a0Immeubles \u00e0 Vivre Bois\u00a0\u00bb\u00a0: top d\u00e9part\" \/>\n<meta property=\"og:description\" content=\"ADIVbois a lanc\u00e9 le 7 juin, en pr\u00e9sence de St\u00e9phane Le Foll, ministre de l\u2019Agriculture, de l\u2019Agroalimentaire et de la For\u00eat et Emmanuelle Cosse, ministre du Logement et de l\u2019Habitat Durable l\u2019Appel \u00e0 Manifestation d\u2019Int\u00e9r\u00eat (AMI) pour l\u2019identification des sites qui recevront les futurs \u00ab Immeubles \u00e0 Vivre Bois \u00bb. Devant plus de 250 professionnels [&hellip;]\" \/>\n<meta property=\"og:url\" content=\"https:\/\/batijournal.com\/index.php\/lappel-a-manifestation-dinteret-territoires-construction-d-immeubles-a-vivre-bois-top-depart\/92988\/\" \/>\n<meta property=\"og:site_name\" content=\"Batijournal\" \/>\n<meta property=\"article:published_time\" content=\"2016-06-07T15:02:49+00:00\" \/>\n<meta property=\"article:modified_time\" content=\"2019-07-15T10:11:08+00:00\" \/>\n<meta property=\"og:image\" content=\"https:\/\/batijournal.com\/wp-content\/uploads\/2016\/06\/ADIVbois-Photo-de-groupe-7-juin-2016.jpg\" \/>\n\t<meta property=\"og:image:width\" content=\"4200\" \/>\n\t<meta property=\"og:image:height\" content=\"2804\" \/>\n\t<meta property=\"og:image:type\" content=\"image\/jpeg\" \/>\n<meta name=\"author\" content=\"St\u00e9phane Miget\" \/>\n<meta name=\"twitter:card\" content=\"summary_large_image\" \/>\n<meta name=\"twitter:creator\" content=\"@bati_journal\" \/>\n<meta name=\"twitter:site\" content=\"@bati_journal\" \/>\n<meta name=\"twitter:label1\" content=\"\u00c9crit par\" \/>\n\t<meta name=\"twitter:data1\" content=\"St\u00e9phane Miget\" \/>\n\t<meta name=\"twitter:label2\" content=\"Dur\u00e9e de lecture estim\u00e9e\" \/>\n\t<meta name=\"twitter:data2\" content=\"2 minutes\" \/>\n<script type=\"application\/ld+json\" class=\"yoast-schema-graph\">{\"@context\":\"https:\\\/\\\/schema.org\",\"@graph\":[{\"@type\":\"Article\",\"@id\":\"https:\\\/\\\/batijournal.com\\\/index.php\\\/lappel-a-manifestation-dinteret-territoires-construction-d-immeubles-a-vivre-bois-top-depart\\\/92988\\\/#article\",\"isPartOf\":{\"@id\":\"https:\\\/\\\/batijournal.com\\\/index.php\\\/lappel-a-manifestation-dinteret-territoires-construction-d-immeubles-a-vivre-bois-top-depart\\\/92988\\\/\"},\"author\":{\"name\":\"St\u00e9phane Miget\",\"@id\":\"https:\\\/\\\/batijournal.com\\\/#\\\/schema\\\/person\\\/1dc96ec6957aa1ccb25ebe78bb19f100\"},\"headline\":\"L&rsquo;Appel \u00e0 Manifestation d&rsquo;Int\u00e9r\u00eat Territoires pour la construction d&rsquo;\u00a0\u00ab\u00a0Immeubles \u00e0 Vivre Bois\u00a0\u00bb\u00a0: top d\u00e9part\",\"datePublished\":\"2016-06-07T15:02:49+00:00\",\"dateModified\":\"2019-07-15T10:11:08+00:00\",\"mainEntityOfPage\":{\"@id\":\"https:\\\/\\\/batijournal.com\\\/index.php\\\/lappel-a-manifestation-dinteret-territoires-construction-d-immeubles-a-vivre-bois-top-depart\\\/92988\\\/\"},\"wordCount\":343,\"image\":{\"@id\":\"https:\\\/\\\/batijournal.com\\\/index.php\\\/lappel-a-manifestation-dinteret-territoires-construction-d-immeubles-a-vivre-bois-top-depart\\\/92988\\\/#primaryimage\"},\"thumbnailUrl\":\"https:\\\/\\\/batijournal.com\\\/wp-content\\\/uploads\\\/2016\\\/06\\\/ADIVbois-Photo-de-groupe-7-juin-2016.jpg\",\"articleSection\":[\"Actualit\u00e9s\",\"Architecture &amp; Conception\",\"\u00c9conomie &amp; March\u00e9s\",\"\u00c9v\u00e9nements\",\"zz_Woodsurfer\"],\"inLanguage\":\"fr-FR\"},{\"@type\":\"WebPage\",\"@id\":\"https:\\\/\\\/batijournal.com\\\/index.php\\\/lappel-a-manifestation-dinteret-territoires-construction-d-immeubles-a-vivre-bois-top-depart\\\/92988\\\/\",\"url\":\"https:\\\/\\\/batijournal.com\\\/index.php\\\/lappel-a-manifestation-dinteret-territoires-construction-d-immeubles-a-vivre-bois-top-depart\\\/92988\\\/\",\"name\":\"L'Appel \u00e0 Manifestation d'Int\u00e9r\u00eat Territoires pour la construction d'\u00a0\u00ab\u00a0Immeubles \u00e0 Vivre Bois\u00a0\u00bb\u00a0: top d\u00e9part\",\"isPartOf\":{\"@id\":\"https:\\\/\\\/batijournal.com\\\/#website\"},\"primaryImageOfPage\":{\"@id\":\"https:\\\/\\\/batijournal.com\\\/index.php\\\/lappel-a-manifestation-dinteret-territoires-construction-d-immeubles-a-vivre-bois-top-depart\\\/92988\\\/#primaryimage\"},\"image\":{\"@id\":\"https:\\\/\\\/batijournal.com\\\/index.php\\\/lappel-a-manifestation-dinteret-territoires-construction-d-immeubles-a-vivre-bois-top-depart\\\/92988\\\/#primaryimage\"},\"thumbnailUrl\":\"https:\\\/\\\/batijournal.com\\\/wp-content\\\/uploads\\\/2016\\\/06\\\/ADIVbois-Photo-de-groupe-7-juin-2016.jpg\",\"datePublished\":\"2016-06-07T15:02:49+00:00\",\"dateModified\":\"2019-07-15T10:11:08+00:00\",\"author\":{\"@id\":\"https:\\\/\\\/batijournal.com\\\/#\\\/schema\\\/person\\\/1dc96ec6957aa1ccb25ebe78bb19f100\"},\"breadcrumb\":{\"@id\":\"https:\\\/\\\/batijournal.com\\\/index.php\\\/lappel-a-manifestation-dinteret-territoires-construction-d-immeubles-a-vivre-bois-top-depart\\\/92988\\\/#breadcrumb\"},\"inLanguage\":\"fr-FR\",\"potentialAction\":[{\"@type\":\"ReadAction\",\"target\":[\"https:\\\/\\\/batijournal.com\\\/index.php\\\/lappel-a-manifestation-dinteret-territoires-construction-d-immeubles-a-vivre-bois-top-depart\\\/92988\\\/\"]}]},{\"@type\":\"ImageObject\",\"inLanguage\":\"fr-FR\",\"@id\":\"https:\\\/\\\/batijournal.com\\\/index.php\\\/lappel-a-manifestation-dinteret-territoires-construction-d-immeubles-a-vivre-bois-top-depart\\\/92988\\\/#primaryimage\",\"url\":\"https:\\\/\\\/batijournal.com\\\/wp-content\\\/uploads\\\/2016\\\/06\\\/ADIVbois-Photo-de-groupe-7-juin-2016.jpg\",\"contentUrl\":\"https:\\\/\\\/batijournal.com\\\/wp-content\\\/uploads\\\/2016\\\/06\\\/ADIVbois-Photo-de-groupe-7-juin-2016.jpg\",\"width\":4200,\"height\":2804,\"caption\":\"Lancement de l\u2019\u00e9v\u00e8nement \u00ab la construction bois et la ville durable \u00bb avec Emmanuelle COSSE, Ministre du logement et de l\u2019habitat durable\"},{\"@type\":\"BreadcrumbList\",\"@id\":\"https:\\\/\\\/batijournal.com\\\/index.php\\\/lappel-a-manifestation-dinteret-territoires-construction-d-immeubles-a-vivre-bois-top-depart\\\/92988\\\/#breadcrumb\",\"itemListElement\":[{\"@type\":\"ListItem\",\"position\":1,\"name\":\"Accueil\",\"item\":\"https:\\\/\\\/batijournal.com\\\/\"},{\"@type\":\"ListItem\",\"position\":2,\"name\":\"Actualit\u00e9s\",\"item\":\"https:\\\/\\\/batijournal.com\\\/index.php\\\/category\\\/actualites\\\/\"},{\"@type\":\"ListItem\",\"position\":3,\"name\":\"L&rsquo;Appel \u00e0 Manifestation d&rsquo;Int\u00e9r\u00eat Territoires pour la construction d&rsquo;\u00a0\u00ab\u00a0Immeubles \u00e0 Vivre Bois\u00a0\u00bb\u00a0: top d\u00e9part\"}]},{\"@type\":\"WebSite\",\"@id\":\"https:\\\/\\\/batijournal.com\\\/#website\",\"url\":\"https:\\\/\\\/batijournal.com\\\/\",\"name\":\"Batijournal\",\"description\":\"L&#039;actualit\u00e9 du b\u00e2timent\",\"potentialAction\":[{\"@type\":\"SearchAction\",\"target\":{\"@type\":\"EntryPoint\",\"urlTemplate\":\"https:\\\/\\\/batijournal.com\\\/?s={search_term_string}\"},\"query-input\":{\"@type\":\"PropertyValueSpecification\",\"valueRequired\":true,\"valueName\":\"search_term_string\"}}],\"inLanguage\":\"fr-FR\"},{\"@type\":\"Person\",\"@id\":\"https:\\\/\\\/batijournal.com\\\/#\\\/schema\\\/person\\\/1dc96ec6957aa1ccb25ebe78bb19f100\",\"name\":\"St\u00e9phane Miget\",\"image\":{\"@type\":\"ImageObject\",\"inLanguage\":\"fr-FR\",\"@id\":\"https:\\\/\\\/secure.gravatar.com\\\/avatar\\\/89915563d925342126b8ef0281b93d9d7fc337043e8df017f780908eb9644451?s=96&d=mm&r=g\",\"url\":\"https:\\\/\\\/secure.gravatar.com\\\/avatar\\\/89915563d925342126b8ef0281b93d9d7fc337043e8df017f780908eb9644451?s=96&d=mm&r=g\",\"contentUrl\":\"https:\\\/\\\/secure.gravatar.com\\\/avatar\\\/89915563d925342126b8ef0281b93d9d7fc337043e8df017f780908eb9644451?s=96&d=mm&r=g\",\"caption\":\"St\u00e9phane Miget\"},\"url\":\"https:\\\/\\\/batijournal.com\\\/index.php\\\/author\\\/stephane\\\/\"}]}<\/script>\n<!-- \/ Yoast SEO plugin. -->","yoast_head_json":{"title":"L'Appel \u00e0 Manifestation d'Int\u00e9r\u00eat Territoires pour la construction d'\u00a0\u00ab\u00a0Immeubles \u00e0 Vivre Bois\u00a0\u00bb\u00a0: top d\u00e9part","robots":{"index":"index","follow":"follow","max-snippet":"max-snippet:-1","max-image-preview":"max-image-preview:large","max-video-preview":"max-video-preview:-1"},"canonical":"https:\/\/batijournal.com\/index.php\/lappel-a-manifestation-dinteret-territoires-construction-d-immeubles-a-vivre-bois-top-depart\/92988\/","og_locale":"fr_FR","og_type":"article","og_title":"L'Appel \u00e0 Manifestation d'Int\u00e9r\u00eat Territoires pour la construction d'\u00a0\u00ab\u00a0Immeubles \u00e0 Vivre Bois\u00a0\u00bb\u00a0: top d\u00e9part","og_description":"ADIVbois a lanc\u00e9 le 7 juin, en pr\u00e9sence de St\u00e9phane Le Foll, ministre de l\u2019Agriculture, de l\u2019Agroalimentaire et de la For\u00eat et Emmanuelle Cosse, ministre du Logement et de l\u2019Habitat Durable l\u2019Appel \u00e0 Manifestation d\u2019Int\u00e9r\u00eat (AMI) pour l\u2019identification des sites qui recevront les futurs \u00ab Immeubles \u00e0 Vivre Bois \u00bb. Devant plus de 250 professionnels [&hellip;]","og_url":"https:\/\/batijournal.com\/index.php\/lappel-a-manifestation-dinteret-territoires-construction-d-immeubles-a-vivre-bois-top-depart\/92988\/","og_site_name":"Batijournal","article_published_time":"2016-06-07T15:02:49+00:00","article_modified_time":"2019-07-15T10:11:08+00:00","og_image":[{"width":4200,"height":2804,"url":"https:\/\/batijournal.com\/wp-content\/uploads\/2016\/06\/ADIVbois-Photo-de-groupe-7-juin-2016.jpg","type":"image\/jpeg"}],"author":"St\u00e9phane Miget","twitter_card":"summary_large_image","twitter_creator":"@bati_journal","twitter_site":"@bati_journal","twitter_misc":{"\u00c9crit par":"St\u00e9phane Miget","Dur\u00e9e de lecture estim\u00e9e":"2 minutes"},"schema":{"@context":"https:\/\/schema.org","@graph":[{"@type":"Article","@id":"https:\/\/batijournal.com\/index.php\/lappel-a-manifestation-dinteret-territoires-construction-d-immeubles-a-vivre-bois-top-depart\/92988\/#article","isPartOf":{"@id":"https:\/\/batijournal.com\/index.php\/lappel-a-manifestation-dinteret-territoires-construction-d-immeubles-a-vivre-bois-top-depart\/92988\/"},"author":{"name":"St\u00e9phane Miget","@id":"https:\/\/batijournal.com\/#\/schema\/person\/1dc96ec6957aa1ccb25ebe78bb19f100"},"headline":"L&rsquo;Appel \u00e0 Manifestation d&rsquo;Int\u00e9r\u00eat Territoires pour la construction d&rsquo;\u00a0\u00ab\u00a0Immeubles \u00e0 Vivre Bois\u00a0\u00bb\u00a0: top d\u00e9part","datePublished":"2016-06-07T15:02:49+00:00","dateModified":"2019-07-15T10:11:08+00:00","mainEntityOfPage":{"@id":"https:\/\/batijournal.com\/index.php\/lappel-a-manifestation-dinteret-territoires-construction-d-immeubles-a-vivre-bois-top-depart\/92988\/"},"wordCount":343,"image":{"@id":"https:\/\/batijournal.com\/index.php\/lappel-a-manifestation-dinteret-territoires-construction-d-immeubles-a-vivre-bois-top-depart\/92988\/#primaryimage"},"thumbnailUrl":"https:\/\/batijournal.com\/wp-content\/uploads\/2016\/06\/ADIVbois-Photo-de-groupe-7-juin-2016.jpg","articleSection":["Actualit\u00e9s","Architecture &amp; Conception","\u00c9conomie &amp; March\u00e9s","\u00c9v\u00e9nements","zz_Woodsurfer"],"inLanguage":"fr-FR"},{"@type":"WebPage","@id":"https:\/\/batijournal.com\/index.php\/lappel-a-manifestation-dinteret-territoires-construction-d-immeubles-a-vivre-bois-top-depart\/92988\/","url":"https:\/\/batijournal.com\/index.php\/lappel-a-manifestation-dinteret-territoires-construction-d-immeubles-a-vivre-bois-top-depart\/92988\/","name":"L'Appel \u00e0 Manifestation d'Int\u00e9r\u00eat Territoires pour la construction d'\u00a0\u00ab\u00a0Immeubles \u00e0 Vivre Bois\u00a0\u00bb\u00a0: top d\u00e9part","isPartOf":{"@id":"https:\/\/batijournal.com\/#website"},"primaryImageOfPage":{"@id":"https:\/\/batijournal.com\/index.php\/lappel-a-manifestation-dinteret-territoires-construction-d-immeubles-a-vivre-bois-top-depart\/92988\/#primaryimage"},"image":{"@id":"https:\/\/batijournal.com\/index.php\/lappel-a-manifestation-dinteret-territoires-construction-d-immeubles-a-vivre-bois-top-depart\/92988\/#primaryimage"},"thumbnailUrl":"https:\/\/batijournal.com\/wp-content\/uploads\/2016\/06\/ADIVbois-Photo-de-groupe-7-juin-2016.jpg","datePublished":"2016-06-07T15:02:49+00:00","dateModified":"2019-07-15T10:11:08+00:00","author":{"@id":"https:\/\/batijournal.com\/#\/schema\/person\/1dc96ec6957aa1ccb25ebe78bb19f100"},"breadcrumb":{"@id":"https:\/\/batijournal.com\/index.php\/lappel-a-manifestation-dinteret-territoires-construction-d-immeubles-a-vivre-bois-top-depart\/92988\/#breadcrumb"},"inLanguage":"fr-FR","potentialAction":[{"@type":"ReadAction","target":["https:\/\/batijournal.com\/index.php\/lappel-a-manifestation-dinteret-territoires-construction-d-immeubles-a-vivre-bois-top-depart\/92988\/"]}]},{"@type":"ImageObject","inLanguage":"fr-FR","@id":"https:\/\/batijournal.com\/index.php\/lappel-a-manifestation-dinteret-territoires-construction-d-immeubles-a-vivre-bois-top-depart\/92988\/#primaryimage","url":"https:\/\/batijournal.com\/wp-content\/uploads\/2016\/06\/ADIVbois-Photo-de-groupe-7-juin-2016.jpg","contentUrl":"https:\/\/batijournal.com\/wp-content\/uploads\/2016\/06\/ADIVbois-Photo-de-groupe-7-juin-2016.jpg","width":4200,"height":2804,"caption":"Lancement de l\u2019\u00e9v\u00e8nement \u00ab la construction bois et la ville durable \u00bb avec Emmanuelle COSSE, Ministre du logement et de l\u2019habitat durable"},{"@type":"BreadcrumbList","@id":"https:\/\/batijournal.com\/index.php\/lappel-a-manifestation-dinteret-territoires-construction-d-immeubles-a-vivre-bois-top-depart\/92988\/#breadcrumb","itemListElement":[{"@type":"ListItem","position":1,"name":"Accueil","item":"https:\/\/batijournal.com\/"},{"@type":"ListItem","position":2,"name":"Actualit\u00e9s","item":"https:\/\/batijournal.com\/index.php\/category\/actualites\/"},{"@type":"ListItem","position":3,"name":"L&rsquo;Appel \u00e0 Manifestation d&rsquo;Int\u00e9r\u00eat Territoires pour la construction d&rsquo;\u00a0\u00ab\u00a0Immeubles \u00e0 Vivre Bois\u00a0\u00bb\u00a0: top d\u00e9part"}]},{"@type":"WebSite","@id":"https:\/\/batijournal.com\/#website","url":"https:\/\/batijournal.com\/","name":"Batijournal","description":"L&#039;actualit\u00e9 du b\u00e2timent","potentialAction":[{"@type":"SearchAction","target":{"@type":"EntryPoint","urlTemplate":"https:\/\/batijournal.com\/?s={search_term_string}"},"query-input":{"@type":"PropertyValueSpecification","valueRequired":true,"valueName":"search_term_string"}}],"inLanguage":"fr-FR"},{"@type":"Person","@id":"https:\/\/batijournal.com\/#\/schema\/person\/1dc96ec6957aa1ccb25ebe78bb19f100","name":"St\u00e9phane Miget","image":{"@type":"ImageObject","inLanguage":"fr-FR","@id":"https:\/\/secure.gravatar.com\/avatar\/89915563d925342126b8ef0281b93d9d7fc337043e8df017f780908eb9644451?s=96&d=mm&r=g","url":"https:\/\/secure.gravatar.com\/avatar\/89915563d925342126b8ef0281b93d9d7fc337043e8df017f780908eb9644451?s=96&d=mm&r=g","contentUrl":"https:\/\/secure.gravatar.com\/avatar\/89915563d925342126b8ef0281b93d9d7fc337043e8df017f780908eb9644451?s=96&d=mm&r=g","caption":"St\u00e9phane Miget"},"url":"https:\/\/batijournal.com\/index.php\/author\/stephane\/"}]}},"_links":{"self":[{"href":"https:\/\/batijournal.com\/index.php\/wp-json\/wp\/v2\/posts\/92988","targetHints":{"allow":["GET"]}}],"collection":[{"href":"https:\/\/batijournal.com\/index.php\/wp-json\/wp\/v2\/posts"}],"about":[{"href":"https:\/\/batijournal.com\/index.php\/wp-json\/wp\/v2\/types\/post"}],"author":[{"embeddable":true,"href":"https:\/\/batijournal.com\/index.php\/wp-json\/wp\/v2\/users\/17"}],"replies":[{"embeddable":true,"href":"https:\/\/batijournal.com\/index.php\/wp-json\/wp\/v2\/comments?post=92988"}],"version-history":[{"count":0,"href":"https:\/\/batijournal.com\/index.php\/wp-json\/wp\/v2\/posts\/92988\/revisions"}],"wp:featuredmedia":[{"embeddable":true,"href":"https:\/\/batijournal.com\/index.php\/wp-json\/wp\/v2\/media\/92989"}],"wp:attachment":[{"href":"https:\/\/batijournal.com\/index.php\/wp-json\/wp\/v2\/media?parent=92988"}],"wp:term":[{"taxonomy":"category","embeddable":true,"href":"https:\/\/batijournal.com\/index.php\/wp-json\/wp\/v2\/categories?post=92988"},{"taxonomy":"post_tag","embeddable":true,"href":"https:\/\/batijournal.com\/index.php\/wp-json\/wp\/v2\/tags?post=92988"}],"curies":[{"name":"wp","href":"https:\/\/api.w.org\/{rel}","templated":true}]}}