{"id":92998,"date":"2016-06-08T11:42:56","date_gmt":"2016-06-08T09:42:56","guid":{"rendered":"http:\/\/batijournal.com\/?p=92998"},"modified":"2019-07-15T16:34:16","modified_gmt":"2019-07-15T14:34:16","slug":"qualitel-video-gestes-a-adopter-ameliorer-qualite-de-lair-interieur","status":"publish","type":"post","link":"https:\/\/batijournal.com\/index.php\/qualitel-video-gestes-a-adopter-ameliorer-qualite-de-lair-interieur\/92998\/","title":{"rendered":"QUALITEL : une vid\u00e9o sur les gestes \u00e0 adopter pour am\u00e9liorer la qualit\u00e9 de l\u2019air int\u00e9rieur"},"content":{"rendered":"<p>QUALITEL explique en vid\u00e9o ce qu\u2019est la qualit\u00e9 de l\u2019air et rappelle les bons gestes \u00e0 adopter pour assainir son logement au quotidien. L\u2019air int\u00e9rieur est affect\u00e9 par de nombreux polluants issus des produits de construction, de d\u00e9coration, de pesticides etc,. Les \u00e9manations dues \u00e0 la combustion des chaudi\u00e8res, chemin\u00e9es, bougies ont \u00e9galement un impact sur ce que l\u2019on respire, de m\u00eame que la pr\u00e9sence de moisissures, bact\u00e9ries ou pollens. La vid\u00e9o de QUALITEL a pour vocation de faire prendre conscience de tous ces aspects et de donner des conseils pour conserver un air sain dans son int\u00e9rieur.<\/p>\n<p>&nbsp;<\/p>\n<p><iframe loading=\"lazy\" width=\"560\" height=\"315\" src=\"https:\/\/www.youtube.com\/embed\/Et7xFXvXGrQ?list=PL7CAYMRaalbFtByAzlMaXp7pbyw4p4b2k\" frameborder=\"0\" allowfullscreen><\/iframe><\/p>\n","protected":false},"excerpt":{"rendered":"<p>QUALITEL explique en vid\u00e9o ce qu\u2019est la qualit\u00e9 de l\u2019air et rappelle les bons gestes \u00e0 adopter pour assainir son logement au quotidien. L\u2019air int\u00e9rieur est affect\u00e9 par de nombreux polluants issus des produits de construction, de d\u00e9coration, de pesticides etc,. Les \u00e9manations dues \u00e0 la combustion des chaudi\u00e8res, chemin\u00e9es, bougies ont \u00e9galement un impact [&hellip;]<\/p>\n","protected":false},"author":17,"featured_media":92999,"comment_status":"closed","ping_status":"closed","sticky":false,"template":"","format":"standard","meta":{"_et_pb_use_builder":"","_et_pb_old_content":"","_et_gb_content_width":"","footnotes":""},"categories":[6362,6351],"tags":[3905,878],"class_list":["post-92998","post","type-post","status-publish","format-standard","has-post-thumbnail","hentry","category-services-equipements","category-energie-environnement","tag-qualite-de-lair-interieur","tag-qualitel"],"yoast_head":"<!-- This site is optimized with the Yoast SEO plugin v27.4 - https:\/\/yoast.com\/product\/yoast-seo-wordpress\/ -->\n<title>QUALITEL : une vid\u00e9o sur les gestes \u00e0 adopter pour am\u00e9liorer la qualit\u00e9 de l\u2019air int\u00e9rieur<\/title>\n<meta name=\"robots\" content=\"index, follow, max-snippet:-1, max-image-preview:large, max-video-preview:-1\" \/>\n<link rel=\"canonical\" href=\"https:\/\/batijournal.com\/index.php\/qualitel-video-gestes-a-adopter-ameliorer-qualite-de-lair-interieur\/92998\/\" \/>\n<meta property=\"og:locale\" content=\"fr_FR\" \/>\n<meta property=\"og:type\" content=\"article\" \/>\n<meta property=\"og:title\" content=\"QUALITEL : une vid\u00e9o sur les gestes \u00e0 adopter pour am\u00e9liorer la qualit\u00e9 de l\u2019air int\u00e9rieur\" \/>\n<meta property=\"og:description\" content=\"QUALITEL explique en vid\u00e9o ce qu\u2019est la qualit\u00e9 de l\u2019air et rappelle les bons gestes \u00e0 adopter pour assainir son logement au quotidien. L\u2019air int\u00e9rieur est affect\u00e9 par de nombreux polluants issus des produits de construction, de d\u00e9coration, de pesticides etc,. Les \u00e9manations dues \u00e0 la combustion des chaudi\u00e8res, chemin\u00e9es, bougies ont \u00e9galement un impact [&hellip;]\" \/>\n<meta property=\"og:url\" content=\"https:\/\/batijournal.com\/index.php\/qualitel-video-gestes-a-adopter-ameliorer-qualite-de-lair-interieur\/92998\/\" \/>\n<meta property=\"og:site_name\" content=\"Batijournal\" \/>\n<meta property=\"article:published_time\" content=\"2016-06-08T09:42:56+00:00\" \/>\n<meta property=\"article:modified_time\" content=\"2019-07-15T14:34:16+00:00\" \/>\n<meta property=\"og:image\" content=\"https:\/\/batijournal.com\/wp-content\/uploads\/2016\/06\/air-interieur-video-qualitel.png\" \/>\n\t<meta property=\"og:image:width\" content=\"1010\" \/>\n\t<meta property=\"og:image:height\" content=\"687\" \/>\n\t<meta property=\"og:image:type\" content=\"image\/png\" \/>\n<meta name=\"author\" content=\"St\u00e9phane Miget\" \/>\n<meta name=\"twitter:card\" content=\"summary_large_image\" \/>\n<meta name=\"twitter:creator\" content=\"@bati_journal\" \/>\n<meta name=\"twitter:site\" content=\"@bati_journal\" \/>\n<meta name=\"twitter:label1\" content=\"\u00c9crit par\" \/>\n\t<meta name=\"twitter:data1\" content=\"St\u00e9phane Miget\" \/>\n\t<meta name=\"twitter:label2\" content=\"Dur\u00e9e de lecture estim\u00e9e\" \/>\n\t<meta name=\"twitter:data2\" content=\"1 minute\" \/>\n<script type=\"application\/ld+json\" class=\"yoast-schema-graph\">{\"@context\":\"https:\\\/\\\/schema.org\",\"@graph\":[{\"@type\":\"Article\",\"@id\":\"https:\\\/\\\/batijournal.com\\\/index.php\\\/qualitel-video-gestes-a-adopter-ameliorer-qualite-de-lair-interieur\\\/92998\\\/#article\",\"isPartOf\":{\"@id\":\"https:\\\/\\\/batijournal.com\\\/index.php\\\/qualitel-video-gestes-a-adopter-ameliorer-qualite-de-lair-interieur\\\/92998\\\/\"},\"author\":{\"name\":\"St\u00e9phane Miget\",\"@id\":\"https:\\\/\\\/batijournal.com\\\/#\\\/schema\\\/person\\\/1dc96ec6957aa1ccb25ebe78bb19f100\"},\"headline\":\"QUALITEL : une vid\u00e9o sur les gestes \u00e0 adopter pour am\u00e9liorer la qualit\u00e9 de l\u2019air int\u00e9rieur\",\"datePublished\":\"2016-06-08T09:42:56+00:00\",\"dateModified\":\"2019-07-15T14:34:16+00:00\",\"mainEntityOfPage\":{\"@id\":\"https:\\\/\\\/batijournal.com\\\/index.php\\\/qualitel-video-gestes-a-adopter-ameliorer-qualite-de-lair-interieur\\\/92998\\\/\"},\"wordCount\":129,\"image\":{\"@id\":\"https:\\\/\\\/batijournal.com\\\/index.php\\\/qualitel-video-gestes-a-adopter-ameliorer-qualite-de-lair-interieur\\\/92998\\\/#primaryimage\"},\"thumbnailUrl\":\"https:\\\/\\\/batijournal.com\\\/wp-content\\\/uploads\\\/2016\\\/06\\\/air-interieur-video-qualitel.png\",\"keywords\":[\"Qualit\u00e9 de l'air int\u00e9rieur\",\"Qualitel\"],\"articleSection\":[\"Divers\",\"\u00c9nergie &amp; Environnement\"],\"inLanguage\":\"fr-FR\"},{\"@type\":\"WebPage\",\"@id\":\"https:\\\/\\\/batijournal.com\\\/index.php\\\/qualitel-video-gestes-a-adopter-ameliorer-qualite-de-lair-interieur\\\/92998\\\/\",\"url\":\"https:\\\/\\\/batijournal.com\\\/index.php\\\/qualitel-video-gestes-a-adopter-ameliorer-qualite-de-lair-interieur\\\/92998\\\/\",\"name\":\"QUALITEL : une vid\u00e9o sur les gestes \u00e0 adopter pour am\u00e9liorer la qualit\u00e9 de l\u2019air int\u00e9rieur\",\"isPartOf\":{\"@id\":\"https:\\\/\\\/batijournal.com\\\/#website\"},\"primaryImageOfPage\":{\"@id\":\"https:\\\/\\\/batijournal.com\\\/index.php\\\/qualitel-video-gestes-a-adopter-ameliorer-qualite-de-lair-interieur\\\/92998\\\/#primaryimage\"},\"image\":{\"@id\":\"https:\\\/\\\/batijournal.com\\\/index.php\\\/qualitel-video-gestes-a-adopter-ameliorer-qualite-de-lair-interieur\\\/92998\\\/#primaryimage\"},\"thumbnailUrl\":\"https:\\\/\\\/batijournal.com\\\/wp-content\\\/uploads\\\/2016\\\/06\\\/air-interieur-video-qualitel.png\",\"datePublished\":\"2016-06-08T09:42:56+00:00\",\"dateModified\":\"2019-07-15T14:34:16+00:00\",\"author\":{\"@id\":\"https:\\\/\\\/batijournal.com\\\/#\\\/schema\\\/person\\\/1dc96ec6957aa1ccb25ebe78bb19f100\"},\"breadcrumb\":{\"@id\":\"https:\\\/\\\/batijournal.com\\\/index.php\\\/qualitel-video-gestes-a-adopter-ameliorer-qualite-de-lair-interieur\\\/92998\\\/#breadcrumb\"},\"inLanguage\":\"fr-FR\",\"potentialAction\":[{\"@type\":\"ReadAction\",\"target\":[\"https:\\\/\\\/batijournal.com\\\/index.php\\\/qualitel-video-gestes-a-adopter-ameliorer-qualite-de-lair-interieur\\\/92998\\\/\"]}]},{\"@type\":\"ImageObject\",\"inLanguage\":\"fr-FR\",\"@id\":\"https:\\\/\\\/batijournal.com\\\/index.php\\\/qualitel-video-gestes-a-adopter-ameliorer-qualite-de-lair-interieur\\\/92998\\\/#primaryimage\",\"url\":\"https:\\\/\\\/batijournal.com\\\/wp-content\\\/uploads\\\/2016\\\/06\\\/air-interieur-video-qualitel.png\",\"contentUrl\":\"https:\\\/\\\/batijournal.com\\\/wp-content\\\/uploads\\\/2016\\\/06\\\/air-interieur-video-qualitel.png\",\"width\":1010,\"height\":687},{\"@type\":\"BreadcrumbList\",\"@id\":\"https:\\\/\\\/batijournal.com\\\/index.php\\\/qualitel-video-gestes-a-adopter-ameliorer-qualite-de-lair-interieur\\\/92998\\\/#breadcrumb\",\"itemListElement\":[{\"@type\":\"ListItem\",\"position\":1,\"name\":\"Accueil\",\"item\":\"https:\\\/\\\/batijournal.com\\\/\"},{\"@type\":\"ListItem\",\"position\":2,\"name\":\"Actualit\u00e9s\",\"item\":\"https:\\\/\\\/batijournal.com\\\/index.php\\\/category\\\/actualites\\\/\"},{\"@type\":\"ListItem\",\"position\":3,\"name\":\"Divers\",\"item\":\"https:\\\/\\\/batijournal.com\\\/index.php\\\/category\\\/actualites\\\/services-equipements\\\/\"},{\"@type\":\"ListItem\",\"position\":4,\"name\":\"QUALITEL : une vid\u00e9o sur les gestes \u00e0 adopter pour am\u00e9liorer la qualit\u00e9 de l\u2019air int\u00e9rieur\"}]},{\"@type\":\"WebSite\",\"@id\":\"https:\\\/\\\/batijournal.com\\\/#website\",\"url\":\"https:\\\/\\\/batijournal.com\\\/\",\"name\":\"Batijournal\",\"description\":\"L&#039;actualit\u00e9 du b\u00e2timent\",\"potentialAction\":[{\"@type\":\"SearchAction\",\"target\":{\"@type\":\"EntryPoint\",\"urlTemplate\":\"https:\\\/\\\/batijournal.com\\\/?s={search_term_string}\"},\"query-input\":{\"@type\":\"PropertyValueSpecification\",\"valueRequired\":true,\"valueName\":\"search_term_string\"}}],\"inLanguage\":\"fr-FR\"},{\"@type\":\"Person\",\"@id\":\"https:\\\/\\\/batijournal.com\\\/#\\\/schema\\\/person\\\/1dc96ec6957aa1ccb25ebe78bb19f100\",\"name\":\"St\u00e9phane Miget\",\"image\":{\"@type\":\"ImageObject\",\"inLanguage\":\"fr-FR\",\"@id\":\"https:\\\/\\\/secure.gravatar.com\\\/avatar\\\/89915563d925342126b8ef0281b93d9d7fc337043e8df017f780908eb9644451?s=96&d=mm&r=g\",\"url\":\"https:\\\/\\\/secure.gravatar.com\\\/avatar\\\/89915563d925342126b8ef0281b93d9d7fc337043e8df017f780908eb9644451?s=96&d=mm&r=g\",\"contentUrl\":\"https:\\\/\\\/secure.gravatar.com\\\/avatar\\\/89915563d925342126b8ef0281b93d9d7fc337043e8df017f780908eb9644451?s=96&d=mm&r=g\",\"caption\":\"St\u00e9phane Miget\"},\"url\":\"https:\\\/\\\/batijournal.com\\\/index.php\\\/author\\\/stephane\\\/\"}]}<\/script>\n<!-- \/ Yoast SEO plugin. -->","yoast_head_json":{"title":"QUALITEL : une vid\u00e9o sur les gestes \u00e0 adopter pour am\u00e9liorer la qualit\u00e9 de l\u2019air int\u00e9rieur","robots":{"index":"index","follow":"follow","max-snippet":"max-snippet:-1","max-image-preview":"max-image-preview:large","max-video-preview":"max-video-preview:-1"},"canonical":"https:\/\/batijournal.com\/index.php\/qualitel-video-gestes-a-adopter-ameliorer-qualite-de-lair-interieur\/92998\/","og_locale":"fr_FR","og_type":"article","og_title":"QUALITEL : une vid\u00e9o sur les gestes \u00e0 adopter pour am\u00e9liorer la qualit\u00e9 de l\u2019air int\u00e9rieur","og_description":"QUALITEL explique en vid\u00e9o ce qu\u2019est la qualit\u00e9 de l\u2019air et rappelle les bons gestes \u00e0 adopter pour assainir son logement au quotidien. L\u2019air int\u00e9rieur est affect\u00e9 par de nombreux polluants issus des produits de construction, de d\u00e9coration, de pesticides etc,. Les \u00e9manations dues \u00e0 la combustion des chaudi\u00e8res, chemin\u00e9es, bougies ont \u00e9galement un impact [&hellip;]","og_url":"https:\/\/batijournal.com\/index.php\/qualitel-video-gestes-a-adopter-ameliorer-qualite-de-lair-interieur\/92998\/","og_site_name":"Batijournal","article_published_time":"2016-06-08T09:42:56+00:00","article_modified_time":"2019-07-15T14:34:16+00:00","og_image":[{"width":1010,"height":687,"url":"https:\/\/batijournal.com\/wp-content\/uploads\/2016\/06\/air-interieur-video-qualitel.png","type":"image\/png"}],"author":"St\u00e9phane Miget","twitter_card":"summary_large_image","twitter_creator":"@bati_journal","twitter_site":"@bati_journal","twitter_misc":{"\u00c9crit par":"St\u00e9phane Miget","Dur\u00e9e de lecture estim\u00e9e":"1 minute"},"schema":{"@context":"https:\/\/schema.org","@graph":[{"@type":"Article","@id":"https:\/\/batijournal.com\/index.php\/qualitel-video-gestes-a-adopter-ameliorer-qualite-de-lair-interieur\/92998\/#article","isPartOf":{"@id":"https:\/\/batijournal.com\/index.php\/qualitel-video-gestes-a-adopter-ameliorer-qualite-de-lair-interieur\/92998\/"},"author":{"name":"St\u00e9phane Miget","@id":"https:\/\/batijournal.com\/#\/schema\/person\/1dc96ec6957aa1ccb25ebe78bb19f100"},"headline":"QUALITEL : une vid\u00e9o sur les gestes \u00e0 adopter pour am\u00e9liorer la qualit\u00e9 de l\u2019air int\u00e9rieur","datePublished":"2016-06-08T09:42:56+00:00","dateModified":"2019-07-15T14:34:16+00:00","mainEntityOfPage":{"@id":"https:\/\/batijournal.com\/index.php\/qualitel-video-gestes-a-adopter-ameliorer-qualite-de-lair-interieur\/92998\/"},"wordCount":129,"image":{"@id":"https:\/\/batijournal.com\/index.php\/qualitel-video-gestes-a-adopter-ameliorer-qualite-de-lair-interieur\/92998\/#primaryimage"},"thumbnailUrl":"https:\/\/batijournal.com\/wp-content\/uploads\/2016\/06\/air-interieur-video-qualitel.png","keywords":["Qualit\u00e9 de l'air int\u00e9rieur","Qualitel"],"articleSection":["Divers","\u00c9nergie &amp; Environnement"],"inLanguage":"fr-FR"},{"@type":"WebPage","@id":"https:\/\/batijournal.com\/index.php\/qualitel-video-gestes-a-adopter-ameliorer-qualite-de-lair-interieur\/92998\/","url":"https:\/\/batijournal.com\/index.php\/qualitel-video-gestes-a-adopter-ameliorer-qualite-de-lair-interieur\/92998\/","name":"QUALITEL : une vid\u00e9o sur les gestes \u00e0 adopter pour am\u00e9liorer la qualit\u00e9 de l\u2019air int\u00e9rieur","isPartOf":{"@id":"https:\/\/batijournal.com\/#website"},"primaryImageOfPage":{"@id":"https:\/\/batijournal.com\/index.php\/qualitel-video-gestes-a-adopter-ameliorer-qualite-de-lair-interieur\/92998\/#primaryimage"},"image":{"@id":"https:\/\/batijournal.com\/index.php\/qualitel-video-gestes-a-adopter-ameliorer-qualite-de-lair-interieur\/92998\/#primaryimage"},"thumbnailUrl":"https:\/\/batijournal.com\/wp-content\/uploads\/2016\/06\/air-interieur-video-qualitel.png","datePublished":"2016-06-08T09:42:56+00:00","dateModified":"2019-07-15T14:34:16+00:00","author":{"@id":"https:\/\/batijournal.com\/#\/schema\/person\/1dc96ec6957aa1ccb25ebe78bb19f100"},"breadcrumb":{"@id":"https:\/\/batijournal.com\/index.php\/qualitel-video-gestes-a-adopter-ameliorer-qualite-de-lair-interieur\/92998\/#breadcrumb"},"inLanguage":"fr-FR","potentialAction":[{"@type":"ReadAction","target":["https:\/\/batijournal.com\/index.php\/qualitel-video-gestes-a-adopter-ameliorer-qualite-de-lair-interieur\/92998\/"]}]},{"@type":"ImageObject","inLanguage":"fr-FR","@id":"https:\/\/batijournal.com\/index.php\/qualitel-video-gestes-a-adopter-ameliorer-qualite-de-lair-interieur\/92998\/#primaryimage","url":"https:\/\/batijournal.com\/wp-content\/uploads\/2016\/06\/air-interieur-video-qualitel.png","contentUrl":"https:\/\/batijournal.com\/wp-content\/uploads\/2016\/06\/air-interieur-video-qualitel.png","width":1010,"height":687},{"@type":"BreadcrumbList","@id":"https:\/\/batijournal.com\/index.php\/qualitel-video-gestes-a-adopter-ameliorer-qualite-de-lair-interieur\/92998\/#breadcrumb","itemListElement":[{"@type":"ListItem","position":1,"name":"Accueil","item":"https:\/\/batijournal.com\/"},{"@type":"ListItem","position":2,"name":"Actualit\u00e9s","item":"https:\/\/batijournal.com\/index.php\/category\/actualites\/"},{"@type":"ListItem","position":3,"name":"Divers","item":"https:\/\/batijournal.com\/index.php\/category\/actualites\/services-equipements\/"},{"@type":"ListItem","position":4,"name":"QUALITEL : une vid\u00e9o sur les gestes \u00e0 adopter pour am\u00e9liorer la qualit\u00e9 de l\u2019air int\u00e9rieur"}]},{"@type":"WebSite","@id":"https:\/\/batijournal.com\/#website","url":"https:\/\/batijournal.com\/","name":"Batijournal","description":"L&#039;actualit\u00e9 du b\u00e2timent","potentialAction":[{"@type":"SearchAction","target":{"@type":"EntryPoint","urlTemplate":"https:\/\/batijournal.com\/?s={search_term_string}"},"query-input":{"@type":"PropertyValueSpecification","valueRequired":true,"valueName":"search_term_string"}}],"inLanguage":"fr-FR"},{"@type":"Person","@id":"https:\/\/batijournal.com\/#\/schema\/person\/1dc96ec6957aa1ccb25ebe78bb19f100","name":"St\u00e9phane Miget","image":{"@type":"ImageObject","inLanguage":"fr-FR","@id":"https:\/\/secure.gravatar.com\/avatar\/89915563d925342126b8ef0281b93d9d7fc337043e8df017f780908eb9644451?s=96&d=mm&r=g","url":"https:\/\/secure.gravatar.com\/avatar\/89915563d925342126b8ef0281b93d9d7fc337043e8df017f780908eb9644451?s=96&d=mm&r=g","contentUrl":"https:\/\/secure.gravatar.com\/avatar\/89915563d925342126b8ef0281b93d9d7fc337043e8df017f780908eb9644451?s=96&d=mm&r=g","caption":"St\u00e9phane Miget"},"url":"https:\/\/batijournal.com\/index.php\/author\/stephane\/"}]}},"_links":{"self":[{"href":"https:\/\/batijournal.com\/index.php\/wp-json\/wp\/v2\/posts\/92998","targetHints":{"allow":["GET"]}}],"collection":[{"href":"https:\/\/batijournal.com\/index.php\/wp-json\/wp\/v2\/posts"}],"about":[{"href":"https:\/\/batijournal.com\/index.php\/wp-json\/wp\/v2\/types\/post"}],"author":[{"embeddable":true,"href":"https:\/\/batijournal.com\/index.php\/wp-json\/wp\/v2\/users\/17"}],"replies":[{"embeddable":true,"href":"https:\/\/batijournal.com\/index.php\/wp-json\/wp\/v2\/comments?post=92998"}],"version-history":[{"count":0,"href":"https:\/\/batijournal.com\/index.php\/wp-json\/wp\/v2\/posts\/92998\/revisions"}],"wp:featuredmedia":[{"embeddable":true,"href":"https:\/\/batijournal.com\/index.php\/wp-json\/wp\/v2\/media\/92999"}],"wp:attachment":[{"href":"https:\/\/batijournal.com\/index.php\/wp-json\/wp\/v2\/media?parent=92998"}],"wp:term":[{"taxonomy":"category","embeddable":true,"href":"https:\/\/batijournal.com\/index.php\/wp-json\/wp\/v2\/categories?post=92998"},{"taxonomy":"post_tag","embeddable":true,"href":"https:\/\/batijournal.com\/index.php\/wp-json\/wp\/v2\/tags?post=92998"}],"curies":[{"name":"wp","href":"https:\/\/api.w.org\/{rel}","templated":true}]}}