{"id":93000,"date":"2016-06-08T11:56:07","date_gmt":"2016-06-08T09:56:07","guid":{"rendered":"http:\/\/batijournal.com\/?p=93000"},"modified":"2016-06-08T12:29:29","modified_gmt":"2016-06-08T10:29:29","slug":"lcb-appelle-a-mobilisation-promouvoir-lutilisation-bois","status":"publish","type":"post","link":"https:\/\/batijournal.com\/index.php\/lcb-appelle-a-mobilisation-promouvoir-lutilisation-bois\/93000\/","title":{"rendered":"LCB\u00a0appelle \u00e0 la mobilisation pour promouvoir l&rsquo;utilisation du bois"},"content":{"rendered":"<p align=\"LEFT\"><span style=\"color: #000000;\"><span style=\"font-family: 'Times New Roman', 'Times New Roman PS', serif;\"><span style=\"font-size: medium;\"><span style=\"color: #000000;\"><span style=\"font-family: Calibri, Calibri, sans-serif;\"><span style=\"font-size: medium;\">Le Commerce du Bois a r\u00e9uni son Assembl\u00e9e G\u00e9n\u00e9rale vendredi 3 juin dans le cadre du Carrefour International du Bois \u00e0 Nantes. <\/span><\/span><\/span> <span style=\"color: #000000;\"><span style=\"font-family: Calibri, Calibri, sans-serif;\"><span style=\"font-size: medium;\">A l\u2019issue de l\u2019Assembl\u00e9e G\u00e9n\u00e9rale, plus de 100 personnes ont assist\u00e9 \u00e0 la <\/span><\/span><\/span><span style=\"color: #000000;\"><span style=\"font-family: Calibri, Calibri, sans-serif;\"><span style=\"font-size: medium;\">pr\u00e9sentation de l\u2019\u00e9tude sur les produits d\u00e9riv\u00e9s du sciage r\u00e9alis\u00e9e par Serge Lochu, \u00e0 la demande de LCB et de la FNB et avec le soutien financier de France Bois For\u00eat. Entre 2001 et 2015, la consommation de sciages bruts a baiss\u00e9 de 28 %. Sur la m\u00eame p\u00e9riode, la consommation de produits techniques s\u2019est maintenue. C\u2019est un signal d\u2019alarme per\u00e7u par la profession qui appelle \u00e0 une r\u00e9ponse forte en mati\u00e8re de communication g\u00e9n\u00e9rique de fili\u00e8re pour repositionner le bois face aux autres mat\u00e9riaux. \u00ab <\/span><\/span><\/span><span style=\"color: #000000;\"><span style=\"font-family: Calibri, Calibri, sans-serif;\"><span style=\"font-size: medium;\"><i>Au regard de la conjoncture actuelle, nous devons rester positifs et se mobiliser pour promouvoir le bois comme mat\u00e9riau \u00e9cologique, \u00e9conomique et durable <\/i><\/span><\/span><\/span><span style=\"color: #000000;\"><span style=\"font-family: Calibri, Calibri, sans-serif;\"><span style=\"font-size: medium;\">\u00bb, explique Pierre Gautron, pr\u00e9sident de l\u2019organisation Le Commerce du Bois. <\/span><\/span><\/span><\/span><\/span><\/span><\/p>\n<p align=\"LEFT\"><span style=\"color: #000000;\"><span style=\"font-family: 'Times New Roman', 'Times New Roman PS', serif;\"><span style=\"font-size: medium;\"><span style=\"color: #000000;\"><span style=\"font-family: Calibri, Calibri, sans-serif;\"><span style=\"font-size: medium;\">Les membres de LCB (importateurs, raboteurs, n\u00e9gociants et agents) ont renouvel\u00e9 leur Conseil d\u2019administration et les diff\u00e9rentes Commissions de travail ont pr\u00e9sent\u00e9 les avanc\u00e9es dans leur domaine d\u2019expertise. L\u2019Assembl\u00e9e g\u00e9n\u00e9rale a \u00e9galement adopt\u00e9, \u00e0 l\u2019unanimit\u00e9 des participants, une r\u00e9forme du statut de membre LCB qui remet les exigences de d\u00e9veloppement durable au coeur des engagements de ses membres. Enfin, Le Commerce du Bois, dont les activit\u00e9s des adh\u00e9rents se positionnent en trait d\u2019union entre l\u2019amont et l\u2019aval de la fili\u00e8re, veut sensibiliser d\u2019autres acteurs \u00e0 la promotion du bois et des solutions constructives bois. \u00ab <\/span><\/span><\/span><span style=\"color: #000000;\"><span style=\"font-family: Calibri, Calibri, sans-serif;\"><span style=\"font-size: medium;\"><i>Nous irons chercher de nouveaux partenaires dans le secteur du transport, de la construction et du financement qui seront demain les leviers de notre croissance \u00bb, <\/i><\/span><\/span><\/span><span style=\"color: #000000;\"><span style=\"font-family: Calibri, Calibri, sans-serif;\"><span style=\"font-size: medium;\">conclut Pierre Gautron. <\/span><\/span><\/span><\/span><\/span><\/span><\/p>\n<p align=\"LEFT\"><a href=\"http:\/\/www.lecommercedubois.org\"><span style=\"color: #000000;\"><span style=\"font-family: 'Times New Roman', 'Times New Roman PS', serif;\"><span style=\"font-size: medium;\"><span style=\"color: #000000;\"><span style=\"font-family: Calibri, Calibri, sans-serif;\"><span style=\"font-size: medium;\">www.lecommercedubois.org<\/span><\/span><\/span><\/span><\/span><\/span><\/a><\/p>\n","protected":false},"excerpt":{"rendered":"<p>Le Commerce du Bois a r\u00e9uni son Assembl\u00e9e G\u00e9n\u00e9rale vendredi 3 juin dans le cadre du Carrefour International du Bois \u00e0 Nantes. A l\u2019issue de l\u2019Assembl\u00e9e G\u00e9n\u00e9rale, plus de 100 personnes ont assist\u00e9 \u00e0 la pr\u00e9sentation de l\u2019\u00e9tude sur les produits d\u00e9riv\u00e9s du sciage r\u00e9alis\u00e9e par Serge Lochu, \u00e0 la demande de LCB et de [&hellip;]<\/p>\n","protected":false},"author":17,"featured_media":93001,"comment_status":"closed","ping_status":"closed","sticky":false,"template":"","format":"standard","meta":{"_et_pb_use_builder":"","_et_pb_old_content":"","_et_gb_content_width":"","footnotes":""},"categories":[10530,6345,10764],"tags":[],"class_list":["post-93000","post","type-post","status-publish","format-standard","has-post-thumbnail","hentry","category-actualites","category-economie-marches","category-woodsurfer"],"yoast_head":"<!-- This site is optimized with the Yoast SEO plugin v27.4 - https:\/\/yoast.com\/product\/yoast-seo-wordpress\/ -->\n<title>LCB\u00a0appelle \u00e0 la mobilisation pour promouvoir l&#039;utilisation du bois<\/title>\n<meta name=\"robots\" content=\"index, follow, max-snippet:-1, max-image-preview:large, max-video-preview:-1\" \/>\n<link rel=\"canonical\" href=\"https:\/\/batijournal.com\/index.php\/lcb-appelle-a-mobilisation-promouvoir-lutilisation-bois\/93000\/\" \/>\n<meta property=\"og:locale\" content=\"fr_FR\" \/>\n<meta property=\"og:type\" content=\"article\" \/>\n<meta property=\"og:title\" content=\"LCB\u00a0appelle \u00e0 la mobilisation pour promouvoir l&#039;utilisation du bois\" \/>\n<meta property=\"og:description\" content=\"Le Commerce du Bois a r\u00e9uni son Assembl\u00e9e G\u00e9n\u00e9rale vendredi 3 juin dans le cadre du Carrefour International du Bois \u00e0 Nantes. A l\u2019issue de l\u2019Assembl\u00e9e G\u00e9n\u00e9rale, plus de 100 personnes ont assist\u00e9 \u00e0 la pr\u00e9sentation de l\u2019\u00e9tude sur les produits d\u00e9riv\u00e9s du sciage r\u00e9alis\u00e9e par Serge Lochu, \u00e0 la demande de LCB et de [&hellip;]\" \/>\n<meta property=\"og:url\" content=\"https:\/\/batijournal.com\/index.php\/lcb-appelle-a-mobilisation-promouvoir-lutilisation-bois\/93000\/\" \/>\n<meta property=\"og:site_name\" content=\"Batijournal\" \/>\n<meta property=\"article:published_time\" content=\"2016-06-08T09:56:07+00:00\" \/>\n<meta property=\"article:modified_time\" content=\"2016-06-08T10:29:29+00:00\" \/>\n<meta property=\"og:image\" content=\"https:\/\/batijournal.com\/wp-content\/uploads\/2016\/06\/AG-Le-Commerce-du-Bois.jpg\" \/>\n\t<meta property=\"og:image:width\" content=\"2129\" \/>\n\t<meta property=\"og:image:height\" content=\"1809\" \/>\n\t<meta property=\"og:image:type\" content=\"image\/jpeg\" \/>\n<meta name=\"author\" content=\"St\u00e9phane Miget\" \/>\n<meta name=\"twitter:card\" content=\"summary_large_image\" \/>\n<meta name=\"twitter:creator\" content=\"@bati_journal\" \/>\n<meta name=\"twitter:site\" content=\"@bati_journal\" \/>\n<meta name=\"twitter:label1\" content=\"\u00c9crit par\" \/>\n\t<meta name=\"twitter:data1\" content=\"St\u00e9phane Miget\" \/>\n\t<meta name=\"twitter:label2\" content=\"Dur\u00e9e de lecture estim\u00e9e\" \/>\n\t<meta name=\"twitter:data2\" content=\"2 minutes\" \/>\n<script type=\"application\/ld+json\" class=\"yoast-schema-graph\">{\"@context\":\"https:\\\/\\\/schema.org\",\"@graph\":[{\"@type\":\"Article\",\"@id\":\"https:\\\/\\\/batijournal.com\\\/index.php\\\/lcb-appelle-a-mobilisation-promouvoir-lutilisation-bois\\\/93000\\\/#article\",\"isPartOf\":{\"@id\":\"https:\\\/\\\/batijournal.com\\\/index.php\\\/lcb-appelle-a-mobilisation-promouvoir-lutilisation-bois\\\/93000\\\/\"},\"author\":{\"name\":\"St\u00e9phane Miget\",\"@id\":\"https:\\\/\\\/batijournal.com\\\/#\\\/schema\\\/person\\\/1dc96ec6957aa1ccb25ebe78bb19f100\"},\"headline\":\"LCB\u00a0appelle \u00e0 la mobilisation pour promouvoir l&rsquo;utilisation du bois\",\"datePublished\":\"2016-06-08T09:56:07+00:00\",\"dateModified\":\"2016-06-08T10:29:29+00:00\",\"mainEntityOfPage\":{\"@id\":\"https:\\\/\\\/batijournal.com\\\/index.php\\\/lcb-appelle-a-mobilisation-promouvoir-lutilisation-bois\\\/93000\\\/\"},\"wordCount\":327,\"image\":{\"@id\":\"https:\\\/\\\/batijournal.com\\\/index.php\\\/lcb-appelle-a-mobilisation-promouvoir-lutilisation-bois\\\/93000\\\/#primaryimage\"},\"thumbnailUrl\":\"https:\\\/\\\/batijournal.com\\\/wp-content\\\/uploads\\\/2016\\\/06\\\/AG-Le-Commerce-du-Bois.jpg\",\"articleSection\":[\"Actualit\u00e9s\",\"\u00c9conomie &amp; March\u00e9s\",\"zz_Woodsurfer\"],\"inLanguage\":\"fr-FR\"},{\"@type\":\"WebPage\",\"@id\":\"https:\\\/\\\/batijournal.com\\\/index.php\\\/lcb-appelle-a-mobilisation-promouvoir-lutilisation-bois\\\/93000\\\/\",\"url\":\"https:\\\/\\\/batijournal.com\\\/index.php\\\/lcb-appelle-a-mobilisation-promouvoir-lutilisation-bois\\\/93000\\\/\",\"name\":\"LCB\u00a0appelle \u00e0 la mobilisation pour promouvoir l'utilisation du bois\",\"isPartOf\":{\"@id\":\"https:\\\/\\\/batijournal.com\\\/#website\"},\"primaryImageOfPage\":{\"@id\":\"https:\\\/\\\/batijournal.com\\\/index.php\\\/lcb-appelle-a-mobilisation-promouvoir-lutilisation-bois\\\/93000\\\/#primaryimage\"},\"image\":{\"@id\":\"https:\\\/\\\/batijournal.com\\\/index.php\\\/lcb-appelle-a-mobilisation-promouvoir-lutilisation-bois\\\/93000\\\/#primaryimage\"},\"thumbnailUrl\":\"https:\\\/\\\/batijournal.com\\\/wp-content\\\/uploads\\\/2016\\\/06\\\/AG-Le-Commerce-du-Bois.jpg\",\"datePublished\":\"2016-06-08T09:56:07+00:00\",\"dateModified\":\"2016-06-08T10:29:29+00:00\",\"author\":{\"@id\":\"https:\\\/\\\/batijournal.com\\\/#\\\/schema\\\/person\\\/1dc96ec6957aa1ccb25ebe78bb19f100\"},\"breadcrumb\":{\"@id\":\"https:\\\/\\\/batijournal.com\\\/index.php\\\/lcb-appelle-a-mobilisation-promouvoir-lutilisation-bois\\\/93000\\\/#breadcrumb\"},\"inLanguage\":\"fr-FR\",\"potentialAction\":[{\"@type\":\"ReadAction\",\"target\":[\"https:\\\/\\\/batijournal.com\\\/index.php\\\/lcb-appelle-a-mobilisation-promouvoir-lutilisation-bois\\\/93000\\\/\"]}]},{\"@type\":\"ImageObject\",\"inLanguage\":\"fr-FR\",\"@id\":\"https:\\\/\\\/batijournal.com\\\/index.php\\\/lcb-appelle-a-mobilisation-promouvoir-lutilisation-bois\\\/93000\\\/#primaryimage\",\"url\":\"https:\\\/\\\/batijournal.com\\\/wp-content\\\/uploads\\\/2016\\\/06\\\/AG-Le-Commerce-du-Bois.jpg\",\"contentUrl\":\"https:\\\/\\\/batijournal.com\\\/wp-content\\\/uploads\\\/2016\\\/06\\\/AG-Le-Commerce-du-Bois.jpg\",\"width\":2129,\"height\":1809},{\"@type\":\"BreadcrumbList\",\"@id\":\"https:\\\/\\\/batijournal.com\\\/index.php\\\/lcb-appelle-a-mobilisation-promouvoir-lutilisation-bois\\\/93000\\\/#breadcrumb\",\"itemListElement\":[{\"@type\":\"ListItem\",\"position\":1,\"name\":\"Accueil\",\"item\":\"https:\\\/\\\/batijournal.com\\\/\"},{\"@type\":\"ListItem\",\"position\":2,\"name\":\"Actualit\u00e9s\",\"item\":\"https:\\\/\\\/batijournal.com\\\/index.php\\\/category\\\/actualites\\\/\"},{\"@type\":\"ListItem\",\"position\":3,\"name\":\"LCB\u00a0appelle \u00e0 la mobilisation pour promouvoir l&rsquo;utilisation du bois\"}]},{\"@type\":\"WebSite\",\"@id\":\"https:\\\/\\\/batijournal.com\\\/#website\",\"url\":\"https:\\\/\\\/batijournal.com\\\/\",\"name\":\"Batijournal\",\"description\":\"L&#039;actualit\u00e9 du b\u00e2timent\",\"potentialAction\":[{\"@type\":\"SearchAction\",\"target\":{\"@type\":\"EntryPoint\",\"urlTemplate\":\"https:\\\/\\\/batijournal.com\\\/?s={search_term_string}\"},\"query-input\":{\"@type\":\"PropertyValueSpecification\",\"valueRequired\":true,\"valueName\":\"search_term_string\"}}],\"inLanguage\":\"fr-FR\"},{\"@type\":\"Person\",\"@id\":\"https:\\\/\\\/batijournal.com\\\/#\\\/schema\\\/person\\\/1dc96ec6957aa1ccb25ebe78bb19f100\",\"name\":\"St\u00e9phane Miget\",\"image\":{\"@type\":\"ImageObject\",\"inLanguage\":\"fr-FR\",\"@id\":\"https:\\\/\\\/secure.gravatar.com\\\/avatar\\\/89915563d925342126b8ef0281b93d9d7fc337043e8df017f780908eb9644451?s=96&d=mm&r=g\",\"url\":\"https:\\\/\\\/secure.gravatar.com\\\/avatar\\\/89915563d925342126b8ef0281b93d9d7fc337043e8df017f780908eb9644451?s=96&d=mm&r=g\",\"contentUrl\":\"https:\\\/\\\/secure.gravatar.com\\\/avatar\\\/89915563d925342126b8ef0281b93d9d7fc337043e8df017f780908eb9644451?s=96&d=mm&r=g\",\"caption\":\"St\u00e9phane Miget\"},\"url\":\"https:\\\/\\\/batijournal.com\\\/index.php\\\/author\\\/stephane\\\/\"}]}<\/script>\n<!-- \/ Yoast SEO plugin. -->","yoast_head_json":{"title":"LCB\u00a0appelle \u00e0 la mobilisation pour promouvoir l'utilisation du bois","robots":{"index":"index","follow":"follow","max-snippet":"max-snippet:-1","max-image-preview":"max-image-preview:large","max-video-preview":"max-video-preview:-1"},"canonical":"https:\/\/batijournal.com\/index.php\/lcb-appelle-a-mobilisation-promouvoir-lutilisation-bois\/93000\/","og_locale":"fr_FR","og_type":"article","og_title":"LCB\u00a0appelle \u00e0 la mobilisation pour promouvoir l'utilisation du bois","og_description":"Le Commerce du Bois a r\u00e9uni son Assembl\u00e9e G\u00e9n\u00e9rale vendredi 3 juin dans le cadre du Carrefour International du Bois \u00e0 Nantes. A l\u2019issue de l\u2019Assembl\u00e9e G\u00e9n\u00e9rale, plus de 100 personnes ont assist\u00e9 \u00e0 la pr\u00e9sentation de l\u2019\u00e9tude sur les produits d\u00e9riv\u00e9s du sciage r\u00e9alis\u00e9e par Serge Lochu, \u00e0 la demande de LCB et de [&hellip;]","og_url":"https:\/\/batijournal.com\/index.php\/lcb-appelle-a-mobilisation-promouvoir-lutilisation-bois\/93000\/","og_site_name":"Batijournal","article_published_time":"2016-06-08T09:56:07+00:00","article_modified_time":"2016-06-08T10:29:29+00:00","og_image":[{"width":2129,"height":1809,"url":"https:\/\/batijournal.com\/wp-content\/uploads\/2016\/06\/AG-Le-Commerce-du-Bois.jpg","type":"image\/jpeg"}],"author":"St\u00e9phane Miget","twitter_card":"summary_large_image","twitter_creator":"@bati_journal","twitter_site":"@bati_journal","twitter_misc":{"\u00c9crit par":"St\u00e9phane Miget","Dur\u00e9e de lecture estim\u00e9e":"2 minutes"},"schema":{"@context":"https:\/\/schema.org","@graph":[{"@type":"Article","@id":"https:\/\/batijournal.com\/index.php\/lcb-appelle-a-mobilisation-promouvoir-lutilisation-bois\/93000\/#article","isPartOf":{"@id":"https:\/\/batijournal.com\/index.php\/lcb-appelle-a-mobilisation-promouvoir-lutilisation-bois\/93000\/"},"author":{"name":"St\u00e9phane Miget","@id":"https:\/\/batijournal.com\/#\/schema\/person\/1dc96ec6957aa1ccb25ebe78bb19f100"},"headline":"LCB\u00a0appelle \u00e0 la mobilisation pour promouvoir l&rsquo;utilisation du bois","datePublished":"2016-06-08T09:56:07+00:00","dateModified":"2016-06-08T10:29:29+00:00","mainEntityOfPage":{"@id":"https:\/\/batijournal.com\/index.php\/lcb-appelle-a-mobilisation-promouvoir-lutilisation-bois\/93000\/"},"wordCount":327,"image":{"@id":"https:\/\/batijournal.com\/index.php\/lcb-appelle-a-mobilisation-promouvoir-lutilisation-bois\/93000\/#primaryimage"},"thumbnailUrl":"https:\/\/batijournal.com\/wp-content\/uploads\/2016\/06\/AG-Le-Commerce-du-Bois.jpg","articleSection":["Actualit\u00e9s","\u00c9conomie &amp; March\u00e9s","zz_Woodsurfer"],"inLanguage":"fr-FR"},{"@type":"WebPage","@id":"https:\/\/batijournal.com\/index.php\/lcb-appelle-a-mobilisation-promouvoir-lutilisation-bois\/93000\/","url":"https:\/\/batijournal.com\/index.php\/lcb-appelle-a-mobilisation-promouvoir-lutilisation-bois\/93000\/","name":"LCB\u00a0appelle \u00e0 la mobilisation pour promouvoir l'utilisation du bois","isPartOf":{"@id":"https:\/\/batijournal.com\/#website"},"primaryImageOfPage":{"@id":"https:\/\/batijournal.com\/index.php\/lcb-appelle-a-mobilisation-promouvoir-lutilisation-bois\/93000\/#primaryimage"},"image":{"@id":"https:\/\/batijournal.com\/index.php\/lcb-appelle-a-mobilisation-promouvoir-lutilisation-bois\/93000\/#primaryimage"},"thumbnailUrl":"https:\/\/batijournal.com\/wp-content\/uploads\/2016\/06\/AG-Le-Commerce-du-Bois.jpg","datePublished":"2016-06-08T09:56:07+00:00","dateModified":"2016-06-08T10:29:29+00:00","author":{"@id":"https:\/\/batijournal.com\/#\/schema\/person\/1dc96ec6957aa1ccb25ebe78bb19f100"},"breadcrumb":{"@id":"https:\/\/batijournal.com\/index.php\/lcb-appelle-a-mobilisation-promouvoir-lutilisation-bois\/93000\/#breadcrumb"},"inLanguage":"fr-FR","potentialAction":[{"@type":"ReadAction","target":["https:\/\/batijournal.com\/index.php\/lcb-appelle-a-mobilisation-promouvoir-lutilisation-bois\/93000\/"]}]},{"@type":"ImageObject","inLanguage":"fr-FR","@id":"https:\/\/batijournal.com\/index.php\/lcb-appelle-a-mobilisation-promouvoir-lutilisation-bois\/93000\/#primaryimage","url":"https:\/\/batijournal.com\/wp-content\/uploads\/2016\/06\/AG-Le-Commerce-du-Bois.jpg","contentUrl":"https:\/\/batijournal.com\/wp-content\/uploads\/2016\/06\/AG-Le-Commerce-du-Bois.jpg","width":2129,"height":1809},{"@type":"BreadcrumbList","@id":"https:\/\/batijournal.com\/index.php\/lcb-appelle-a-mobilisation-promouvoir-lutilisation-bois\/93000\/#breadcrumb","itemListElement":[{"@type":"ListItem","position":1,"name":"Accueil","item":"https:\/\/batijournal.com\/"},{"@type":"ListItem","position":2,"name":"Actualit\u00e9s","item":"https:\/\/batijournal.com\/index.php\/category\/actualites\/"},{"@type":"ListItem","position":3,"name":"LCB\u00a0appelle \u00e0 la mobilisation pour promouvoir l&rsquo;utilisation du bois"}]},{"@type":"WebSite","@id":"https:\/\/batijournal.com\/#website","url":"https:\/\/batijournal.com\/","name":"Batijournal","description":"L&#039;actualit\u00e9 du b\u00e2timent","potentialAction":[{"@type":"SearchAction","target":{"@type":"EntryPoint","urlTemplate":"https:\/\/batijournal.com\/?s={search_term_string}"},"query-input":{"@type":"PropertyValueSpecification","valueRequired":true,"valueName":"search_term_string"}}],"inLanguage":"fr-FR"},{"@type":"Person","@id":"https:\/\/batijournal.com\/#\/schema\/person\/1dc96ec6957aa1ccb25ebe78bb19f100","name":"St\u00e9phane Miget","image":{"@type":"ImageObject","inLanguage":"fr-FR","@id":"https:\/\/secure.gravatar.com\/avatar\/89915563d925342126b8ef0281b93d9d7fc337043e8df017f780908eb9644451?s=96&d=mm&r=g","url":"https:\/\/secure.gravatar.com\/avatar\/89915563d925342126b8ef0281b93d9d7fc337043e8df017f780908eb9644451?s=96&d=mm&r=g","contentUrl":"https:\/\/secure.gravatar.com\/avatar\/89915563d925342126b8ef0281b93d9d7fc337043e8df017f780908eb9644451?s=96&d=mm&r=g","caption":"St\u00e9phane Miget"},"url":"https:\/\/batijournal.com\/index.php\/author\/stephane\/"}]}},"_links":{"self":[{"href":"https:\/\/batijournal.com\/index.php\/wp-json\/wp\/v2\/posts\/93000","targetHints":{"allow":["GET"]}}],"collection":[{"href":"https:\/\/batijournal.com\/index.php\/wp-json\/wp\/v2\/posts"}],"about":[{"href":"https:\/\/batijournal.com\/index.php\/wp-json\/wp\/v2\/types\/post"}],"author":[{"embeddable":true,"href":"https:\/\/batijournal.com\/index.php\/wp-json\/wp\/v2\/users\/17"}],"replies":[{"embeddable":true,"href":"https:\/\/batijournal.com\/index.php\/wp-json\/wp\/v2\/comments?post=93000"}],"version-history":[{"count":0,"href":"https:\/\/batijournal.com\/index.php\/wp-json\/wp\/v2\/posts\/93000\/revisions"}],"wp:featuredmedia":[{"embeddable":true,"href":"https:\/\/batijournal.com\/index.php\/wp-json\/wp\/v2\/media\/93001"}],"wp:attachment":[{"href":"https:\/\/batijournal.com\/index.php\/wp-json\/wp\/v2\/media?parent=93000"}],"wp:term":[{"taxonomy":"category","embeddable":true,"href":"https:\/\/batijournal.com\/index.php\/wp-json\/wp\/v2\/categories?post=93000"},{"taxonomy":"post_tag","embeddable":true,"href":"https:\/\/batijournal.com\/index.php\/wp-json\/wp\/v2\/tags?post=93000"}],"curies":[{"name":"wp","href":"https:\/\/api.w.org\/{rel}","templated":true}]}}