{"id":93011,"date":"2016-06-10T11:51:46","date_gmt":"2016-06-10T09:51:46","guid":{"rendered":"http:\/\/batijournal.com\/?p=93011"},"modified":"2019-07-15T11:16:44","modified_gmt":"2019-07-15T09:16:44","slug":"8-millions-deuros-monuments-historiques-sinistres","status":"publish","type":"post","link":"https:\/\/batijournal.com\/index.php\/8-millions-deuros-monuments-historiques-sinistres\/93011\/","title":{"rendered":"8 millions d&rsquo;euros pour les monuments historiques sinistr\u00e9s"},"content":{"rendered":"<p><strong>Audrey Azoulay, ministre de la Culture et de la Communication, s&rsquo;est rendue le jeudi 9 juin \u00e0 Chambord, \u00e0 la suite des inondations de ces derniers jours. Elle a pu constater les d\u00e9g\u00e2ts sur \u00a0le domaine et faire un point de situation avec les \u00e9lus du d\u00e9partement.\u00a0La ministre a annonc\u00e9\u00a0d\u00e8s \u00e0 pr\u00e9sent la\u00a0mise en \u0153uvre d\u2019une aide exceptionnelle d&rsquo;un montant de\u00a08 millions\u00a0d&rsquo;euros,\u00a0pour les monuments historiques sinistr\u00e9s\u00a0n\u2019appartenant pas \u00e0 l\u2019Etat.<\/strong><\/p>\n<p>&nbsp;<\/p>\n<p>Par ailleurs, une\u00a0subvention exceptionnelle\u00a0va \u00eatre vers\u00e9e \u00e0 la\u00a0Fondation du patrimoine\u00a0pour la prise en charge des jardins patrimoniaux labellis\u00e9s mais non prot\u00e9g\u00e9s au titre des monuments historiques, qui ont souvent \u00e9t\u00e9 les premiers \u00e0 subir la mont\u00e9e des eaux.<\/p>\n<p>S&rsquo;agissant du mus\u00e9e Girodet de Montargis, particuli\u00e8rement affect\u00e9, le minist\u00e8re, via la DRAC, va organiser une r\u00e9union avec les \u00e9lus concern\u00e9s et les conservateurs et d\u00e9terminer au vu des besoins sp\u00e9cifiques et du montant des travaux,\u00a0du\u00a0niveau d\u2019intervention de l\u2019Etat.<\/p>\n<p>Les directions r\u00e9gionales des affaires culturelles (DRAC) et l\u2019ensemble des services du minist\u00e8re de la culture\u00a0sont en contact permanent avec les gestionnaires de mus\u00e9es et les propri\u00e9taires de monuments historiques endommag\u00e9s pour leur assurer\u00a0une assistance technique et scientifique. Il\u00a0s&rsquo;agit\u00a0d&rsquo;\u00e9valuer les d\u00e9g\u00e2ts, de\u00a0prendre les premi\u00e8res mesures et dans les semaines et mois \u00e0 venir d&rsquo;encadrer les travaux de restauration.<\/p>\n<p>Photo : Domaine de Chambord<\/p>\n","protected":false},"excerpt":{"rendered":"<p>Audrey Azoulay, ministre de la Culture et de la Communication, s&rsquo;est rendue le jeudi 9 juin \u00e0 Chambord, \u00e0 la suite des inondations de ces derniers jours. Elle a pu constater les d\u00e9g\u00e2ts sur \u00a0le domaine et faire un point de situation avec les \u00e9lus du d\u00e9partement.\u00a0La ministre a annonc\u00e9\u00a0d\u00e8s \u00e0 pr\u00e9sent la\u00a0mise en \u0153uvre [&hellip;]<\/p>\n","protected":false},"author":17,"featured_media":93012,"comment_status":"closed","ping_status":"closed","sticky":false,"template":"","format":"standard","meta":{"_et_pb_use_builder":"","_et_pb_old_content":"","_et_gb_content_width":"","footnotes":""},"categories":[6340],"tags":[10677,11137,6376,3640],"class_list":["post-93011","post","type-post","status-publish","format-standard","has-post-thumbnail","hentry","category-architecture-conception","tag-chateau-de-chambord","tag-inondations","tag-monument-historique","tag-musee"],"yoast_head":"<!-- This site is optimized with the Yoast SEO plugin v27.4 - https:\/\/yoast.com\/product\/yoast-seo-wordpress\/ -->\n<title>8 millions d&#039;euros pour les monuments historiques sinistr\u00e9s<\/title>\n<meta name=\"robots\" content=\"index, follow, max-snippet:-1, max-image-preview:large, max-video-preview:-1\" \/>\n<link rel=\"canonical\" href=\"https:\/\/batijournal.com\/index.php\/8-millions-deuros-monuments-historiques-sinistres\/93011\/\" \/>\n<meta property=\"og:locale\" content=\"fr_FR\" \/>\n<meta property=\"og:type\" content=\"article\" \/>\n<meta property=\"og:title\" content=\"8 millions d&#039;euros pour les monuments historiques sinistr\u00e9s\" \/>\n<meta property=\"og:description\" content=\"Audrey Azoulay, ministre de la Culture et de la Communication, s&rsquo;est rendue le jeudi 9 juin \u00e0 Chambord, \u00e0 la suite des inondations de ces derniers jours. Elle a pu constater les d\u00e9g\u00e2ts sur \u00a0le domaine et faire un point de situation avec les \u00e9lus du d\u00e9partement.\u00a0La ministre a annonc\u00e9\u00a0d\u00e8s \u00e0 pr\u00e9sent la\u00a0mise en \u0153uvre [&hellip;]\" \/>\n<meta property=\"og:url\" content=\"https:\/\/batijournal.com\/index.php\/8-millions-deuros-monuments-historiques-sinistres\/93011\/\" \/>\n<meta property=\"og:site_name\" content=\"Batijournal\" \/>\n<meta property=\"article:published_time\" content=\"2016-06-10T09:51:46+00:00\" \/>\n<meta property=\"article:modified_time\" content=\"2019-07-15T09:16:44+00:00\" \/>\n<meta property=\"og:image\" content=\"https:\/\/batijournal.com\/wp-content\/uploads\/2016\/06\/chambord-inondations.jpg\" \/>\n\t<meta property=\"og:image:width\" content=\"1000\" \/>\n\t<meta property=\"og:image:height\" content=\"667\" \/>\n\t<meta property=\"og:image:type\" content=\"image\/jpeg\" \/>\n<meta name=\"author\" content=\"St\u00e9phane Miget\" \/>\n<meta name=\"twitter:card\" content=\"summary_large_image\" \/>\n<meta name=\"twitter:creator\" content=\"@bati_journal\" \/>\n<meta name=\"twitter:site\" content=\"@bati_journal\" \/>\n<meta name=\"twitter:label1\" content=\"\u00c9crit par\" \/>\n\t<meta name=\"twitter:data1\" content=\"St\u00e9phane Miget\" \/>\n\t<meta name=\"twitter:label2\" content=\"Dur\u00e9e de lecture estim\u00e9e\" \/>\n\t<meta name=\"twitter:data2\" content=\"1 minute\" \/>\n<script type=\"application\/ld+json\" class=\"yoast-schema-graph\">{\"@context\":\"https:\\\/\\\/schema.org\",\"@graph\":[{\"@type\":\"Article\",\"@id\":\"https:\\\/\\\/batijournal.com\\\/index.php\\\/8-millions-deuros-monuments-historiques-sinistres\\\/93011\\\/#article\",\"isPartOf\":{\"@id\":\"https:\\\/\\\/batijournal.com\\\/index.php\\\/8-millions-deuros-monuments-historiques-sinistres\\\/93011\\\/\"},\"author\":{\"name\":\"St\u00e9phane Miget\",\"@id\":\"https:\\\/\\\/batijournal.com\\\/#\\\/schema\\\/person\\\/1dc96ec6957aa1ccb25ebe78bb19f100\"},\"headline\":\"8 millions d&rsquo;euros pour les monuments historiques sinistr\u00e9s\",\"datePublished\":\"2016-06-10T09:51:46+00:00\",\"dateModified\":\"2019-07-15T09:16:44+00:00\",\"mainEntityOfPage\":{\"@id\":\"https:\\\/\\\/batijournal.com\\\/index.php\\\/8-millions-deuros-monuments-historiques-sinistres\\\/93011\\\/\"},\"wordCount\":266,\"image\":{\"@id\":\"https:\\\/\\\/batijournal.com\\\/index.php\\\/8-millions-deuros-monuments-historiques-sinistres\\\/93011\\\/#primaryimage\"},\"thumbnailUrl\":\"https:\\\/\\\/batijournal.com\\\/wp-content\\\/uploads\\\/2016\\\/06\\\/chambord-inondations.jpg\",\"keywords\":[\"ch\u00e2teau de chambord\",\"inondations\",\"monument historique\",\"mus\u00e9e\"],\"articleSection\":[\"Architecture &amp; Conception\"],\"inLanguage\":\"fr-FR\"},{\"@type\":\"WebPage\",\"@id\":\"https:\\\/\\\/batijournal.com\\\/index.php\\\/8-millions-deuros-monuments-historiques-sinistres\\\/93011\\\/\",\"url\":\"https:\\\/\\\/batijournal.com\\\/index.php\\\/8-millions-deuros-monuments-historiques-sinistres\\\/93011\\\/\",\"name\":\"8 millions d'euros pour les monuments historiques sinistr\u00e9s\",\"isPartOf\":{\"@id\":\"https:\\\/\\\/batijournal.com\\\/#website\"},\"primaryImageOfPage\":{\"@id\":\"https:\\\/\\\/batijournal.com\\\/index.php\\\/8-millions-deuros-monuments-historiques-sinistres\\\/93011\\\/#primaryimage\"},\"image\":{\"@id\":\"https:\\\/\\\/batijournal.com\\\/index.php\\\/8-millions-deuros-monuments-historiques-sinistres\\\/93011\\\/#primaryimage\"},\"thumbnailUrl\":\"https:\\\/\\\/batijournal.com\\\/wp-content\\\/uploads\\\/2016\\\/06\\\/chambord-inondations.jpg\",\"datePublished\":\"2016-06-10T09:51:46+00:00\",\"dateModified\":\"2019-07-15T09:16:44+00:00\",\"author\":{\"@id\":\"https:\\\/\\\/batijournal.com\\\/#\\\/schema\\\/person\\\/1dc96ec6957aa1ccb25ebe78bb19f100\"},\"breadcrumb\":{\"@id\":\"https:\\\/\\\/batijournal.com\\\/index.php\\\/8-millions-deuros-monuments-historiques-sinistres\\\/93011\\\/#breadcrumb\"},\"inLanguage\":\"fr-FR\",\"potentialAction\":[{\"@type\":\"ReadAction\",\"target\":[\"https:\\\/\\\/batijournal.com\\\/index.php\\\/8-millions-deuros-monuments-historiques-sinistres\\\/93011\\\/\"]}]},{\"@type\":\"ImageObject\",\"inLanguage\":\"fr-FR\",\"@id\":\"https:\\\/\\\/batijournal.com\\\/index.php\\\/8-millions-deuros-monuments-historiques-sinistres\\\/93011\\\/#primaryimage\",\"url\":\"https:\\\/\\\/batijournal.com\\\/wp-content\\\/uploads\\\/2016\\\/06\\\/chambord-inondations.jpg\",\"contentUrl\":\"https:\\\/\\\/batijournal.com\\\/wp-content\\\/uploads\\\/2016\\\/06\\\/chambord-inondations.jpg\",\"width\":1000,\"height\":667},{\"@type\":\"BreadcrumbList\",\"@id\":\"https:\\\/\\\/batijournal.com\\\/index.php\\\/8-millions-deuros-monuments-historiques-sinistres\\\/93011\\\/#breadcrumb\",\"itemListElement\":[{\"@type\":\"ListItem\",\"position\":1,\"name\":\"Accueil\",\"item\":\"https:\\\/\\\/batijournal.com\\\/\"},{\"@type\":\"ListItem\",\"position\":2,\"name\":\"Actualit\u00e9s\",\"item\":\"https:\\\/\\\/batijournal.com\\\/index.php\\\/category\\\/actualites\\\/\"},{\"@type\":\"ListItem\",\"position\":3,\"name\":\"Architecture &amp; Conception\",\"item\":\"https:\\\/\\\/batijournal.com\\\/index.php\\\/category\\\/actualites\\\/architecture-conception\\\/\"},{\"@type\":\"ListItem\",\"position\":4,\"name\":\"8 millions d&rsquo;euros pour les monuments historiques sinistr\u00e9s\"}]},{\"@type\":\"WebSite\",\"@id\":\"https:\\\/\\\/batijournal.com\\\/#website\",\"url\":\"https:\\\/\\\/batijournal.com\\\/\",\"name\":\"Batijournal\",\"description\":\"L&#039;actualit\u00e9 du b\u00e2timent\",\"potentialAction\":[{\"@type\":\"SearchAction\",\"target\":{\"@type\":\"EntryPoint\",\"urlTemplate\":\"https:\\\/\\\/batijournal.com\\\/?s={search_term_string}\"},\"query-input\":{\"@type\":\"PropertyValueSpecification\",\"valueRequired\":true,\"valueName\":\"search_term_string\"}}],\"inLanguage\":\"fr-FR\"},{\"@type\":\"Person\",\"@id\":\"https:\\\/\\\/batijournal.com\\\/#\\\/schema\\\/person\\\/1dc96ec6957aa1ccb25ebe78bb19f100\",\"name\":\"St\u00e9phane Miget\",\"image\":{\"@type\":\"ImageObject\",\"inLanguage\":\"fr-FR\",\"@id\":\"https:\\\/\\\/secure.gravatar.com\\\/avatar\\\/89915563d925342126b8ef0281b93d9d7fc337043e8df017f780908eb9644451?s=96&d=mm&r=g\",\"url\":\"https:\\\/\\\/secure.gravatar.com\\\/avatar\\\/89915563d925342126b8ef0281b93d9d7fc337043e8df017f780908eb9644451?s=96&d=mm&r=g\",\"contentUrl\":\"https:\\\/\\\/secure.gravatar.com\\\/avatar\\\/89915563d925342126b8ef0281b93d9d7fc337043e8df017f780908eb9644451?s=96&d=mm&r=g\",\"caption\":\"St\u00e9phane Miget\"},\"url\":\"https:\\\/\\\/batijournal.com\\\/index.php\\\/author\\\/stephane\\\/\"}]}<\/script>\n<!-- \/ Yoast SEO plugin. -->","yoast_head_json":{"title":"8 millions d'euros pour les monuments historiques sinistr\u00e9s","robots":{"index":"index","follow":"follow","max-snippet":"max-snippet:-1","max-image-preview":"max-image-preview:large","max-video-preview":"max-video-preview:-1"},"canonical":"https:\/\/batijournal.com\/index.php\/8-millions-deuros-monuments-historiques-sinistres\/93011\/","og_locale":"fr_FR","og_type":"article","og_title":"8 millions d'euros pour les monuments historiques sinistr\u00e9s","og_description":"Audrey Azoulay, ministre de la Culture et de la Communication, s&rsquo;est rendue le jeudi 9 juin \u00e0 Chambord, \u00e0 la suite des inondations de ces derniers jours. Elle a pu constater les d\u00e9g\u00e2ts sur \u00a0le domaine et faire un point de situation avec les \u00e9lus du d\u00e9partement.\u00a0La ministre a annonc\u00e9\u00a0d\u00e8s \u00e0 pr\u00e9sent la\u00a0mise en \u0153uvre [&hellip;]","og_url":"https:\/\/batijournal.com\/index.php\/8-millions-deuros-monuments-historiques-sinistres\/93011\/","og_site_name":"Batijournal","article_published_time":"2016-06-10T09:51:46+00:00","article_modified_time":"2019-07-15T09:16:44+00:00","og_image":[{"width":1000,"height":667,"url":"https:\/\/batijournal.com\/wp-content\/uploads\/2016\/06\/chambord-inondations.jpg","type":"image\/jpeg"}],"author":"St\u00e9phane Miget","twitter_card":"summary_large_image","twitter_creator":"@bati_journal","twitter_site":"@bati_journal","twitter_misc":{"\u00c9crit par":"St\u00e9phane Miget","Dur\u00e9e de lecture estim\u00e9e":"1 minute"},"schema":{"@context":"https:\/\/schema.org","@graph":[{"@type":"Article","@id":"https:\/\/batijournal.com\/index.php\/8-millions-deuros-monuments-historiques-sinistres\/93011\/#article","isPartOf":{"@id":"https:\/\/batijournal.com\/index.php\/8-millions-deuros-monuments-historiques-sinistres\/93011\/"},"author":{"name":"St\u00e9phane Miget","@id":"https:\/\/batijournal.com\/#\/schema\/person\/1dc96ec6957aa1ccb25ebe78bb19f100"},"headline":"8 millions d&rsquo;euros pour les monuments historiques sinistr\u00e9s","datePublished":"2016-06-10T09:51:46+00:00","dateModified":"2019-07-15T09:16:44+00:00","mainEntityOfPage":{"@id":"https:\/\/batijournal.com\/index.php\/8-millions-deuros-monuments-historiques-sinistres\/93011\/"},"wordCount":266,"image":{"@id":"https:\/\/batijournal.com\/index.php\/8-millions-deuros-monuments-historiques-sinistres\/93011\/#primaryimage"},"thumbnailUrl":"https:\/\/batijournal.com\/wp-content\/uploads\/2016\/06\/chambord-inondations.jpg","keywords":["ch\u00e2teau de chambord","inondations","monument historique","mus\u00e9e"],"articleSection":["Architecture &amp; Conception"],"inLanguage":"fr-FR"},{"@type":"WebPage","@id":"https:\/\/batijournal.com\/index.php\/8-millions-deuros-monuments-historiques-sinistres\/93011\/","url":"https:\/\/batijournal.com\/index.php\/8-millions-deuros-monuments-historiques-sinistres\/93011\/","name":"8 millions d'euros pour les monuments historiques sinistr\u00e9s","isPartOf":{"@id":"https:\/\/batijournal.com\/#website"},"primaryImageOfPage":{"@id":"https:\/\/batijournal.com\/index.php\/8-millions-deuros-monuments-historiques-sinistres\/93011\/#primaryimage"},"image":{"@id":"https:\/\/batijournal.com\/index.php\/8-millions-deuros-monuments-historiques-sinistres\/93011\/#primaryimage"},"thumbnailUrl":"https:\/\/batijournal.com\/wp-content\/uploads\/2016\/06\/chambord-inondations.jpg","datePublished":"2016-06-10T09:51:46+00:00","dateModified":"2019-07-15T09:16:44+00:00","author":{"@id":"https:\/\/batijournal.com\/#\/schema\/person\/1dc96ec6957aa1ccb25ebe78bb19f100"},"breadcrumb":{"@id":"https:\/\/batijournal.com\/index.php\/8-millions-deuros-monuments-historiques-sinistres\/93011\/#breadcrumb"},"inLanguage":"fr-FR","potentialAction":[{"@type":"ReadAction","target":["https:\/\/batijournal.com\/index.php\/8-millions-deuros-monuments-historiques-sinistres\/93011\/"]}]},{"@type":"ImageObject","inLanguage":"fr-FR","@id":"https:\/\/batijournal.com\/index.php\/8-millions-deuros-monuments-historiques-sinistres\/93011\/#primaryimage","url":"https:\/\/batijournal.com\/wp-content\/uploads\/2016\/06\/chambord-inondations.jpg","contentUrl":"https:\/\/batijournal.com\/wp-content\/uploads\/2016\/06\/chambord-inondations.jpg","width":1000,"height":667},{"@type":"BreadcrumbList","@id":"https:\/\/batijournal.com\/index.php\/8-millions-deuros-monuments-historiques-sinistres\/93011\/#breadcrumb","itemListElement":[{"@type":"ListItem","position":1,"name":"Accueil","item":"https:\/\/batijournal.com\/"},{"@type":"ListItem","position":2,"name":"Actualit\u00e9s","item":"https:\/\/batijournal.com\/index.php\/category\/actualites\/"},{"@type":"ListItem","position":3,"name":"Architecture &amp; Conception","item":"https:\/\/batijournal.com\/index.php\/category\/actualites\/architecture-conception\/"},{"@type":"ListItem","position":4,"name":"8 millions d&rsquo;euros pour les monuments historiques sinistr\u00e9s"}]},{"@type":"WebSite","@id":"https:\/\/batijournal.com\/#website","url":"https:\/\/batijournal.com\/","name":"Batijournal","description":"L&#039;actualit\u00e9 du b\u00e2timent","potentialAction":[{"@type":"SearchAction","target":{"@type":"EntryPoint","urlTemplate":"https:\/\/batijournal.com\/?s={search_term_string}"},"query-input":{"@type":"PropertyValueSpecification","valueRequired":true,"valueName":"search_term_string"}}],"inLanguage":"fr-FR"},{"@type":"Person","@id":"https:\/\/batijournal.com\/#\/schema\/person\/1dc96ec6957aa1ccb25ebe78bb19f100","name":"St\u00e9phane Miget","image":{"@type":"ImageObject","inLanguage":"fr-FR","@id":"https:\/\/secure.gravatar.com\/avatar\/89915563d925342126b8ef0281b93d9d7fc337043e8df017f780908eb9644451?s=96&d=mm&r=g","url":"https:\/\/secure.gravatar.com\/avatar\/89915563d925342126b8ef0281b93d9d7fc337043e8df017f780908eb9644451?s=96&d=mm&r=g","contentUrl":"https:\/\/secure.gravatar.com\/avatar\/89915563d925342126b8ef0281b93d9d7fc337043e8df017f780908eb9644451?s=96&d=mm&r=g","caption":"St\u00e9phane Miget"},"url":"https:\/\/batijournal.com\/index.php\/author\/stephane\/"}]}},"_links":{"self":[{"href":"https:\/\/batijournal.com\/index.php\/wp-json\/wp\/v2\/posts\/93011","targetHints":{"allow":["GET"]}}],"collection":[{"href":"https:\/\/batijournal.com\/index.php\/wp-json\/wp\/v2\/posts"}],"about":[{"href":"https:\/\/batijournal.com\/index.php\/wp-json\/wp\/v2\/types\/post"}],"author":[{"embeddable":true,"href":"https:\/\/batijournal.com\/index.php\/wp-json\/wp\/v2\/users\/17"}],"replies":[{"embeddable":true,"href":"https:\/\/batijournal.com\/index.php\/wp-json\/wp\/v2\/comments?post=93011"}],"version-history":[{"count":0,"href":"https:\/\/batijournal.com\/index.php\/wp-json\/wp\/v2\/posts\/93011\/revisions"}],"wp:featuredmedia":[{"embeddable":true,"href":"https:\/\/batijournal.com\/index.php\/wp-json\/wp\/v2\/media\/93012"}],"wp:attachment":[{"href":"https:\/\/batijournal.com\/index.php\/wp-json\/wp\/v2\/media?parent=93011"}],"wp:term":[{"taxonomy":"category","embeddable":true,"href":"https:\/\/batijournal.com\/index.php\/wp-json\/wp\/v2\/categories?post=93011"},{"taxonomy":"post_tag","embeddable":true,"href":"https:\/\/batijournal.com\/index.php\/wp-json\/wp\/v2\/tags?post=93011"}],"curies":[{"name":"wp","href":"https:\/\/api.w.org\/{rel}","templated":true}]}}