{"id":93053,"date":"2016-06-14T08:15:39","date_gmt":"2016-06-14T06:15:39","guid":{"rendered":"http:\/\/batijournal.com\/?p=93053"},"modified":"2019-07-15T12:11:08","modified_gmt":"2019-07-15T10:11:08","slug":"nouveau-campus-dorange-se-dote-de-lune-plus-grandes-facades-vegetales-deurope","status":"publish","type":"post","link":"https:\/\/batijournal.com\/index.php\/nouveau-campus-dorange-se-dote-de-lune-plus-grandes-facades-vegetales-deurope\/93053\/","title":{"rendered":"Le nouveau campus d&rsquo;Orange se dote de l&rsquo;une des plus grandes fa\u00e7ades v\u00e9g\u00e9tales d&rsquo;Europe"},"content":{"rendered":"<p>[et_pb_section admin_label=\u00a0\u00bbsection\u00a0\u00bb][et_pb_row admin_label=\u00a0\u00bbLigne\u00a0\u00bb][et_pb_column type=\u00a0\u00bb1_2&Prime;][et_pb_text admin_label=\u00a0\u00bbTexte\u00a0\u00bb background_layout=\u00a0\u00bblight\u00a0\u00bb text_orientation=\u00a0\u00bbleft\u00a0\u00bb text_font_size=\u00a0\u00bb18&Prime; use_border_color=\u00a0\u00bboff\u00a0\u00bb border_color=\u00a0\u00bb#ffffff\u00a0\u00bb border_style=\u00a0\u00bbsolid\u00a0\u00bb]<\/p>\n<p>35 fa\u00e7ades v\u00e9g\u00e9tales valorisent l&rsquo;\u00e9co-campus Orange Gardens qui vient d&rsquo;\u00eatre inaugur\u00e9 par le Pr\u00e9sident de la R\u00e9publique. Les couverts v\u00e9g\u00e9taux s\u2019y diff\u00e9rencient selon leur exposition au soleil et leur localisation sur site, certains \u00e9tant dans l\u2019ombre des fa\u00e7ades avoisinantes. Une palette v\u00e9g\u00e9tale sur-mesure qui comprend 100 000 plantes. Ces fa\u00e7ades vertes\u00a0ont \u00e9t\u00e9 con\u00e7ues, produites, mises en \u0153uvre et entretenues par LE PRIEUR\u00c9. Elles r\u00e9pondent \u00e0 une prise de conscience \u00e9cologique sur les b\u00e9n\u00e9fices apport\u00e9s par cette v\u00e9g\u00e9talisation en termes de d\u00e9pollution, convivialit\u00e9 et confort de vie. Participant \u00e0 la r\u00e9gulation thermique des b\u00e2timents tout en offrant des corridors biologiques, elles favorisent la biodiversit\u00e9 et contribuent \u00e0 l&rsquo;am\u00e9lioration de la qualit\u00e9 de l&rsquo;air : des arguments qui font \u00e9cho \u00e0 la politique d&rsquo;entreprise responsable d&rsquo;Orange.<\/p>\n<p>&nbsp;<\/p>\n<p>[\/et_pb_text][\/et_pb_column][et_pb_column type=\u00a0\u00bb1_2&Prime;][et_pb_testimonial admin_label=\u00a0\u00bbT\u00e9moignage\u00a0\u00bb author=\u00a0\u00bbCharles Goffin, Conducteur de travaux LE PRIEUR\u00c9\u00a0\u00bb url_new_window=\u00a0\u00bboff\u00a0\u00bb quote_icon=\u00a0\u00bbon\u00a0\u00bb use_background_color=\u00a0\u00bbon\u00a0\u00bb background_color=\u00a0\u00bb#0b8705&Prime; background_layout=\u00a0\u00bbdark\u00a0\u00bb text_orientation=\u00a0\u00bbleft\u00a0\u00bb quote_icon_color=\u00a0\u00bb#3f9b1a\u00a0\u00bb use_border_color=\u00a0\u00bboff\u00a0\u00bb border_color=\u00a0\u00bb#ffffff\u00a0\u00bb border_style=\u00a0\u00bbsolid\u00a0\u00bb body_font_size=\u00a0\u00bb17&Prime;]<\/p>\n<p><em>\u00ab Pendant les 9 mois du chantier, il a fallu assurer le stockage des v\u00e9g\u00e9taux, leur arrosage quotidien et leur entretien. LE PRIEUR\u00c9, autonome sur le plan des alimentations (eau et \u00e9lectricit\u00e9) disposait de plusieurs \u00e9quipes sur place : une d\u00e9di\u00e9e \u00e0 l\u2019irrigation, deux \u00e0 la mise en place des bacs, une autre encore \u00e0 la logistique de d\u00e9chargement des camions et \u00e0 la manipulation des v\u00e9g\u00e9taux sur le chantier&#8230; \u00bb<\/em><\/p>\n<p>[\/et_pb_testimonial][\/et_pb_column][\/et_pb_row][et_pb_row admin_label=\u00a0\u00bbLigne\u00a0\u00bb][et_pb_column type=\u00a0\u00bb1_2&Prime;][et_pb_text admin_label=\u00a0\u00bbTexte\u00a0\u00bb background_layout=\u00a0\u00bblight\u00a0\u00bb text_orientation=\u00a0\u00bbleft\u00a0\u00bb background_color=\u00a0\u00bb#dbdbdb\u00a0\u00bb use_border_color=\u00a0\u00bboff\u00a0\u00bb border_color=\u00a0\u00bb#ffffff\u00a0\u00bb border_style=\u00a0\u00bbsolid\u00a0\u00bb custom_padding=\u00a0\u00bb20px|20px|20px|20px\u00a0\u00bb]<\/p>\n<p><strong>35 fa\u00e7ades orient\u00e9es vers les 4 points cardinaux<\/strong><\/p>\n<p>70 000 m2 au sol<br \/>\n2 300 m2 de fa\u00e7ades v\u00e9g\u00e9tales<br \/>\n400 zones v\u00e9g\u00e9talis\u00e9es pilot\u00e9es \u00e0 distance<br \/>\n10 000 bacs<br \/>\n100 000 plantes<br \/>\n9 000 m de tuyaux d&rsquo;irrigation<\/p>\n<p>[\/et_pb_text][et_pb_text admin_label=\u00a0\u00bbTexte\u00a0\u00bb background_layout=\u00a0\u00bblight\u00a0\u00bb text_orientation=\u00a0\u00bbleft\u00a0\u00bb use_border_color=\u00a0\u00bboff\u00a0\u00bb border_color=\u00a0\u00bb#ffffff\u00a0\u00bb border_style=\u00a0\u00bbsolid\u00a0\u00bb]<\/p>\n<p style=\"text-align: right;\">Photo : Pierre Z. Collet<\/p>\n<p>[\/et_pb_text][\/et_pb_column][et_pb_column type=\u00a0\u00bb1_2&Prime;][et_pb_image admin_label=\u00a0\u00bbImage\u00a0\u00bb src=\u00a0\u00bbhttps:\/\/batijournal.com\/wp-content\/uploads\/2016\/06\/campus-orange-Pierre-Z-Collet-2016.jpg\u00a0\u00bb show_in_lightbox=\u00a0\u00bbon\u00a0\u00bb url_new_window=\u00a0\u00bboff\u00a0\u00bb use_overlay=\u00a0\u00bboff\u00a0\u00bb animation=\u00a0\u00bboff\u00a0\u00bb sticky=\u00a0\u00bboff\u00a0\u00bb align=\u00a0\u00bbleft\u00a0\u00bb force_fullwidth=\u00a0\u00bboff\u00a0\u00bb always_center_on_mobile=\u00a0\u00bbon\u00a0\u00bb use_border_color=\u00a0\u00bboff\u00a0\u00bb border_color=\u00a0\u00bb#ffffff\u00a0\u00bb border_style=\u00a0\u00bbsolid\u00a0\u00bb] [\/et_pb_image][\/et_pb_column][\/et_pb_row][\/et_pb_section]<\/p>\n","protected":false},"excerpt":{"rendered":"<p>35 fa\u00e7ades v\u00e9g\u00e9tales valorisent l&rsquo;\u00e9co-campus Orange Gardens qui vient d&rsquo;\u00eatre inaugur\u00e9 par le Pr\u00e9sident de la R\u00e9publique. Les couverts v\u00e9g\u00e9taux s\u2019y diff\u00e9rencient selon leur exposition au soleil et leur localisation sur site, certains \u00e9tant dans l\u2019ombre des fa\u00e7ades avoisinantes.<\/p>\n","protected":false},"author":17,"featured_media":93054,"comment_status":"closed","ping_status":"closed","sticky":false,"template":"","format":"standard","meta":{"_et_pb_use_builder":"on","_et_pb_old_content":"<p>35 fa\u00e7ades v\u00e9g\u00e9tales valorisent l'\u00e9co-campus Orange Gardens qui vient d'\u00eatre inaugur\u00e9 par le Pr\u00e9sident de la R\u00e9publique. Les couverts v\u00e9g\u00e9taux s\u2019y diff\u00e9rencient selon leur exposition au soleil et leur localisation sur site, certains \u00e9tant dans l\u2019ombre des fa\u00e7ades avoisinantes. Une palette v\u00e9g\u00e9tale sur-mesure qui comprend 100 000 plantes. Ces fa\u00e7ades v\u00e9g\u00e9tales ont \u00e9t\u00e9 con\u00e7ues, produites, mises en \u0153uvre et entretenues par LE PRIEUR\u00c9. Elles r\u00e9pondent \u00e0 une prise de conscience \u00e9cologique sur les b\u00e9n\u00e9fices apport\u00e9s par cette v\u00e9g\u00e9talisation en termes de d\u00e9pollution, convivialit\u00e9 et confort de vie. Participant \u00e0 la r\u00e9gulation thermique des b\u00e2timents tout en offrant des corridors biologiques, elles favorisent la biodiversit\u00e9 et contribuent \u00e0 l'am\u00e9lioration de la qualit\u00e9 de l'air : des arguments qui font \u00e9cho \u00e0 la politique d'entreprise responsable qu'est celle d'Orange.<\/p><p>\u00a0<\/p>","_et_gb_content_width":"","footnotes":""},"categories":[6340,10775],"tags":[6765,1658],"class_list":["post-93053","post","type-post","status-publish","format-standard","has-post-thumbnail","hentry","category-architecture-conception","category-actualites-5facades","tag-facade-vegetale","tag-vegetalisation"],"yoast_head":"<!-- This site is optimized with the Yoast SEO plugin v27.4 - https:\/\/yoast.com\/product\/yoast-seo-wordpress\/ -->\n<title>Le nouveau campus d&#039;Orange se dote de l&#039;une des plus grandes fa\u00e7ades v\u00e9g\u00e9tales d&#039;Europe<\/title>\n<meta name=\"robots\" content=\"index, follow, max-snippet:-1, max-image-preview:large, max-video-preview:-1\" \/>\n<link rel=\"canonical\" href=\"https:\/\/batijournal.com\/index.php\/nouveau-campus-dorange-se-dote-de-lune-plus-grandes-facades-vegetales-deurope\/93053\/\" \/>\n<meta property=\"og:locale\" content=\"fr_FR\" \/>\n<meta property=\"og:type\" content=\"article\" \/>\n<meta property=\"og:title\" content=\"Le nouveau campus d&#039;Orange se dote de l&#039;une des plus grandes fa\u00e7ades v\u00e9g\u00e9tales d&#039;Europe\" \/>\n<meta property=\"og:description\" content=\"35 fa\u00e7ades v\u00e9g\u00e9tales valorisent l&#039;\u00e9co-campus Orange Gardens qui vient d&#039;\u00eatre inaugur\u00e9 par le Pr\u00e9sident de la R\u00e9publique. Les couverts v\u00e9g\u00e9taux s\u2019y diff\u00e9rencient selon leur exposition au soleil et leur localisation sur site, certains \u00e9tant dans l\u2019ombre des fa\u00e7ades avoisinantes.\" \/>\n<meta property=\"og:url\" content=\"https:\/\/batijournal.com\/index.php\/nouveau-campus-dorange-se-dote-de-lune-plus-grandes-facades-vegetales-deurope\/93053\/\" \/>\n<meta property=\"og:site_name\" content=\"Batijournal\" \/>\n<meta property=\"article:published_time\" content=\"2016-06-14T06:15:39+00:00\" \/>\n<meta property=\"article:modified_time\" content=\"2019-07-15T10:11:08+00:00\" \/>\n<meta property=\"og:image\" content=\"https:\/\/batijournal.com\/wp-content\/uploads\/2016\/06\/facade-vegetale-Orange-Gardens-Le-Prieure.jpg\" \/>\n\t<meta property=\"og:image:width\" content=\"798\" \/>\n\t<meta property=\"og:image:height\" content=\"1200\" \/>\n\t<meta property=\"og:image:type\" content=\"image\/jpeg\" \/>\n<meta name=\"author\" content=\"St\u00e9phane Miget\" \/>\n<meta name=\"twitter:card\" content=\"summary_large_image\" \/>\n<meta name=\"twitter:creator\" content=\"@bati_journal\" \/>\n<meta name=\"twitter:site\" content=\"@bati_journal\" \/>\n<meta name=\"twitter:label1\" content=\"\u00c9crit par\" \/>\n\t<meta name=\"twitter:data1\" content=\"St\u00e9phane Miget\" \/>\n\t<meta name=\"twitter:label2\" content=\"Dur\u00e9e de lecture estim\u00e9e\" \/>\n\t<meta name=\"twitter:data2\" content=\"3 minutes\" \/>\n<script type=\"application\/ld+json\" class=\"yoast-schema-graph\">{\"@context\":\"https:\\\/\\\/schema.org\",\"@graph\":[{\"@type\":\"Article\",\"@id\":\"https:\\\/\\\/batijournal.com\\\/index.php\\\/nouveau-campus-dorange-se-dote-de-lune-plus-grandes-facades-vegetales-deurope\\\/93053\\\/#article\",\"isPartOf\":{\"@id\":\"https:\\\/\\\/batijournal.com\\\/index.php\\\/nouveau-campus-dorange-se-dote-de-lune-plus-grandes-facades-vegetales-deurope\\\/93053\\\/\"},\"author\":{\"name\":\"St\u00e9phane Miget\",\"@id\":\"https:\\\/\\\/batijournal.com\\\/#\\\/schema\\\/person\\\/1dc96ec6957aa1ccb25ebe78bb19f100\"},\"headline\":\"Le nouveau campus d&rsquo;Orange se dote de l&rsquo;une des plus grandes fa\u00e7ades v\u00e9g\u00e9tales d&rsquo;Europe\",\"datePublished\":\"2016-06-14T06:15:39+00:00\",\"dateModified\":\"2019-07-15T10:11:08+00:00\",\"mainEntityOfPage\":{\"@id\":\"https:\\\/\\\/batijournal.com\\\/index.php\\\/nouveau-campus-dorange-se-dote-de-lune-plus-grandes-facades-vegetales-deurope\\\/93053\\\/\"},\"wordCount\":528,\"image\":{\"@id\":\"https:\\\/\\\/batijournal.com\\\/index.php\\\/nouveau-campus-dorange-se-dote-de-lune-plus-grandes-facades-vegetales-deurope\\\/93053\\\/#primaryimage\"},\"thumbnailUrl\":\"https:\\\/\\\/batijournal.com\\\/wp-content\\\/uploads\\\/2016\\\/06\\\/facade-vegetale-Orange-Gardens-Le-Prieure.jpg\",\"keywords\":[\"facade vegetale\",\"v\u00e9g\u00e9talisation\"],\"articleSection\":[\"Architecture &amp; Conception\",\"zz_Actualit\u00e9s - 5fa\u00e7ades\"],\"inLanguage\":\"fr-FR\"},{\"@type\":\"WebPage\",\"@id\":\"https:\\\/\\\/batijournal.com\\\/index.php\\\/nouveau-campus-dorange-se-dote-de-lune-plus-grandes-facades-vegetales-deurope\\\/93053\\\/\",\"url\":\"https:\\\/\\\/batijournal.com\\\/index.php\\\/nouveau-campus-dorange-se-dote-de-lune-plus-grandes-facades-vegetales-deurope\\\/93053\\\/\",\"name\":\"Le nouveau campus d'Orange se dote de l'une des plus grandes fa\u00e7ades v\u00e9g\u00e9tales d'Europe\",\"isPartOf\":{\"@id\":\"https:\\\/\\\/batijournal.com\\\/#website\"},\"primaryImageOfPage\":{\"@id\":\"https:\\\/\\\/batijournal.com\\\/index.php\\\/nouveau-campus-dorange-se-dote-de-lune-plus-grandes-facades-vegetales-deurope\\\/93053\\\/#primaryimage\"},\"image\":{\"@id\":\"https:\\\/\\\/batijournal.com\\\/index.php\\\/nouveau-campus-dorange-se-dote-de-lune-plus-grandes-facades-vegetales-deurope\\\/93053\\\/#primaryimage\"},\"thumbnailUrl\":\"https:\\\/\\\/batijournal.com\\\/wp-content\\\/uploads\\\/2016\\\/06\\\/facade-vegetale-Orange-Gardens-Le-Prieure.jpg\",\"datePublished\":\"2016-06-14T06:15:39+00:00\",\"dateModified\":\"2019-07-15T10:11:08+00:00\",\"author\":{\"@id\":\"https:\\\/\\\/batijournal.com\\\/#\\\/schema\\\/person\\\/1dc96ec6957aa1ccb25ebe78bb19f100\"},\"breadcrumb\":{\"@id\":\"https:\\\/\\\/batijournal.com\\\/index.php\\\/nouveau-campus-dorange-se-dote-de-lune-plus-grandes-facades-vegetales-deurope\\\/93053\\\/#breadcrumb\"},\"inLanguage\":\"fr-FR\",\"potentialAction\":[{\"@type\":\"ReadAction\",\"target\":[\"https:\\\/\\\/batijournal.com\\\/index.php\\\/nouveau-campus-dorange-se-dote-de-lune-plus-grandes-facades-vegetales-deurope\\\/93053\\\/\"]}]},{\"@type\":\"ImageObject\",\"inLanguage\":\"fr-FR\",\"@id\":\"https:\\\/\\\/batijournal.com\\\/index.php\\\/nouveau-campus-dorange-se-dote-de-lune-plus-grandes-facades-vegetales-deurope\\\/93053\\\/#primaryimage\",\"url\":\"https:\\\/\\\/batijournal.com\\\/wp-content\\\/uploads\\\/2016\\\/06\\\/facade-vegetale-Orange-Gardens-Le-Prieure.jpg\",\"contentUrl\":\"https:\\\/\\\/batijournal.com\\\/wp-content\\\/uploads\\\/2016\\\/06\\\/facade-vegetale-Orange-Gardens-Le-Prieure.jpg\",\"width\":798,\"height\":1200},{\"@type\":\"BreadcrumbList\",\"@id\":\"https:\\\/\\\/batijournal.com\\\/index.php\\\/nouveau-campus-dorange-se-dote-de-lune-plus-grandes-facades-vegetales-deurope\\\/93053\\\/#breadcrumb\",\"itemListElement\":[{\"@type\":\"ListItem\",\"position\":1,\"name\":\"Accueil\",\"item\":\"https:\\\/\\\/batijournal.com\\\/\"},{\"@type\":\"ListItem\",\"position\":2,\"name\":\"Actualit\u00e9s\",\"item\":\"https:\\\/\\\/batijournal.com\\\/index.php\\\/category\\\/actualites\\\/\"},{\"@type\":\"ListItem\",\"position\":3,\"name\":\"Architecture &amp; Conception\",\"item\":\"https:\\\/\\\/batijournal.com\\\/index.php\\\/category\\\/actualites\\\/architecture-conception\\\/\"},{\"@type\":\"ListItem\",\"position\":4,\"name\":\"Le nouveau campus d&rsquo;Orange se dote de l&rsquo;une des plus grandes fa\u00e7ades v\u00e9g\u00e9tales d&rsquo;Europe\"}]},{\"@type\":\"WebSite\",\"@id\":\"https:\\\/\\\/batijournal.com\\\/#website\",\"url\":\"https:\\\/\\\/batijournal.com\\\/\",\"name\":\"Batijournal\",\"description\":\"L&#039;actualit\u00e9 du b\u00e2timent\",\"potentialAction\":[{\"@type\":\"SearchAction\",\"target\":{\"@type\":\"EntryPoint\",\"urlTemplate\":\"https:\\\/\\\/batijournal.com\\\/?s={search_term_string}\"},\"query-input\":{\"@type\":\"PropertyValueSpecification\",\"valueRequired\":true,\"valueName\":\"search_term_string\"}}],\"inLanguage\":\"fr-FR\"},{\"@type\":\"Person\",\"@id\":\"https:\\\/\\\/batijournal.com\\\/#\\\/schema\\\/person\\\/1dc96ec6957aa1ccb25ebe78bb19f100\",\"name\":\"St\u00e9phane Miget\",\"image\":{\"@type\":\"ImageObject\",\"inLanguage\":\"fr-FR\",\"@id\":\"https:\\\/\\\/secure.gravatar.com\\\/avatar\\\/89915563d925342126b8ef0281b93d9d7fc337043e8df017f780908eb9644451?s=96&d=mm&r=g\",\"url\":\"https:\\\/\\\/secure.gravatar.com\\\/avatar\\\/89915563d925342126b8ef0281b93d9d7fc337043e8df017f780908eb9644451?s=96&d=mm&r=g\",\"contentUrl\":\"https:\\\/\\\/secure.gravatar.com\\\/avatar\\\/89915563d925342126b8ef0281b93d9d7fc337043e8df017f780908eb9644451?s=96&d=mm&r=g\",\"caption\":\"St\u00e9phane Miget\"},\"url\":\"https:\\\/\\\/batijournal.com\\\/index.php\\\/author\\\/stephane\\\/\"}]}<\/script>\n<!-- \/ Yoast SEO plugin. -->","yoast_head_json":{"title":"Le nouveau campus d'Orange se dote de l'une des plus grandes fa\u00e7ades v\u00e9g\u00e9tales d'Europe","robots":{"index":"index","follow":"follow","max-snippet":"max-snippet:-1","max-image-preview":"max-image-preview:large","max-video-preview":"max-video-preview:-1"},"canonical":"https:\/\/batijournal.com\/index.php\/nouveau-campus-dorange-se-dote-de-lune-plus-grandes-facades-vegetales-deurope\/93053\/","og_locale":"fr_FR","og_type":"article","og_title":"Le nouveau campus d'Orange se dote de l'une des plus grandes fa\u00e7ades v\u00e9g\u00e9tales d'Europe","og_description":"35 fa\u00e7ades v\u00e9g\u00e9tales valorisent l'\u00e9co-campus Orange Gardens qui vient d'\u00eatre inaugur\u00e9 par le Pr\u00e9sident de la R\u00e9publique. Les couverts v\u00e9g\u00e9taux s\u2019y diff\u00e9rencient selon leur exposition au soleil et leur localisation sur site, certains \u00e9tant dans l\u2019ombre des fa\u00e7ades avoisinantes.","og_url":"https:\/\/batijournal.com\/index.php\/nouveau-campus-dorange-se-dote-de-lune-plus-grandes-facades-vegetales-deurope\/93053\/","og_site_name":"Batijournal","article_published_time":"2016-06-14T06:15:39+00:00","article_modified_time":"2019-07-15T10:11:08+00:00","og_image":[{"width":798,"height":1200,"url":"https:\/\/batijournal.com\/wp-content\/uploads\/2016\/06\/facade-vegetale-Orange-Gardens-Le-Prieure.jpg","type":"image\/jpeg"}],"author":"St\u00e9phane Miget","twitter_card":"summary_large_image","twitter_creator":"@bati_journal","twitter_site":"@bati_journal","twitter_misc":{"\u00c9crit par":"St\u00e9phane Miget","Dur\u00e9e de lecture estim\u00e9e":"3 minutes"},"schema":{"@context":"https:\/\/schema.org","@graph":[{"@type":"Article","@id":"https:\/\/batijournal.com\/index.php\/nouveau-campus-dorange-se-dote-de-lune-plus-grandes-facades-vegetales-deurope\/93053\/#article","isPartOf":{"@id":"https:\/\/batijournal.com\/index.php\/nouveau-campus-dorange-se-dote-de-lune-plus-grandes-facades-vegetales-deurope\/93053\/"},"author":{"name":"St\u00e9phane Miget","@id":"https:\/\/batijournal.com\/#\/schema\/person\/1dc96ec6957aa1ccb25ebe78bb19f100"},"headline":"Le nouveau campus d&rsquo;Orange se dote de l&rsquo;une des plus grandes fa\u00e7ades v\u00e9g\u00e9tales d&rsquo;Europe","datePublished":"2016-06-14T06:15:39+00:00","dateModified":"2019-07-15T10:11:08+00:00","mainEntityOfPage":{"@id":"https:\/\/batijournal.com\/index.php\/nouveau-campus-dorange-se-dote-de-lune-plus-grandes-facades-vegetales-deurope\/93053\/"},"wordCount":528,"image":{"@id":"https:\/\/batijournal.com\/index.php\/nouveau-campus-dorange-se-dote-de-lune-plus-grandes-facades-vegetales-deurope\/93053\/#primaryimage"},"thumbnailUrl":"https:\/\/batijournal.com\/wp-content\/uploads\/2016\/06\/facade-vegetale-Orange-Gardens-Le-Prieure.jpg","keywords":["facade vegetale","v\u00e9g\u00e9talisation"],"articleSection":["Architecture &amp; Conception","zz_Actualit\u00e9s - 5fa\u00e7ades"],"inLanguage":"fr-FR"},{"@type":"WebPage","@id":"https:\/\/batijournal.com\/index.php\/nouveau-campus-dorange-se-dote-de-lune-plus-grandes-facades-vegetales-deurope\/93053\/","url":"https:\/\/batijournal.com\/index.php\/nouveau-campus-dorange-se-dote-de-lune-plus-grandes-facades-vegetales-deurope\/93053\/","name":"Le nouveau campus d'Orange se dote de l'une des plus grandes fa\u00e7ades v\u00e9g\u00e9tales d'Europe","isPartOf":{"@id":"https:\/\/batijournal.com\/#website"},"primaryImageOfPage":{"@id":"https:\/\/batijournal.com\/index.php\/nouveau-campus-dorange-se-dote-de-lune-plus-grandes-facades-vegetales-deurope\/93053\/#primaryimage"},"image":{"@id":"https:\/\/batijournal.com\/index.php\/nouveau-campus-dorange-se-dote-de-lune-plus-grandes-facades-vegetales-deurope\/93053\/#primaryimage"},"thumbnailUrl":"https:\/\/batijournal.com\/wp-content\/uploads\/2016\/06\/facade-vegetale-Orange-Gardens-Le-Prieure.jpg","datePublished":"2016-06-14T06:15:39+00:00","dateModified":"2019-07-15T10:11:08+00:00","author":{"@id":"https:\/\/batijournal.com\/#\/schema\/person\/1dc96ec6957aa1ccb25ebe78bb19f100"},"breadcrumb":{"@id":"https:\/\/batijournal.com\/index.php\/nouveau-campus-dorange-se-dote-de-lune-plus-grandes-facades-vegetales-deurope\/93053\/#breadcrumb"},"inLanguage":"fr-FR","potentialAction":[{"@type":"ReadAction","target":["https:\/\/batijournal.com\/index.php\/nouveau-campus-dorange-se-dote-de-lune-plus-grandes-facades-vegetales-deurope\/93053\/"]}]},{"@type":"ImageObject","inLanguage":"fr-FR","@id":"https:\/\/batijournal.com\/index.php\/nouveau-campus-dorange-se-dote-de-lune-plus-grandes-facades-vegetales-deurope\/93053\/#primaryimage","url":"https:\/\/batijournal.com\/wp-content\/uploads\/2016\/06\/facade-vegetale-Orange-Gardens-Le-Prieure.jpg","contentUrl":"https:\/\/batijournal.com\/wp-content\/uploads\/2016\/06\/facade-vegetale-Orange-Gardens-Le-Prieure.jpg","width":798,"height":1200},{"@type":"BreadcrumbList","@id":"https:\/\/batijournal.com\/index.php\/nouveau-campus-dorange-se-dote-de-lune-plus-grandes-facades-vegetales-deurope\/93053\/#breadcrumb","itemListElement":[{"@type":"ListItem","position":1,"name":"Accueil","item":"https:\/\/batijournal.com\/"},{"@type":"ListItem","position":2,"name":"Actualit\u00e9s","item":"https:\/\/batijournal.com\/index.php\/category\/actualites\/"},{"@type":"ListItem","position":3,"name":"Architecture &amp; Conception","item":"https:\/\/batijournal.com\/index.php\/category\/actualites\/architecture-conception\/"},{"@type":"ListItem","position":4,"name":"Le nouveau campus d&rsquo;Orange se dote de l&rsquo;une des plus grandes fa\u00e7ades v\u00e9g\u00e9tales d&rsquo;Europe"}]},{"@type":"WebSite","@id":"https:\/\/batijournal.com\/#website","url":"https:\/\/batijournal.com\/","name":"Batijournal","description":"L&#039;actualit\u00e9 du b\u00e2timent","potentialAction":[{"@type":"SearchAction","target":{"@type":"EntryPoint","urlTemplate":"https:\/\/batijournal.com\/?s={search_term_string}"},"query-input":{"@type":"PropertyValueSpecification","valueRequired":true,"valueName":"search_term_string"}}],"inLanguage":"fr-FR"},{"@type":"Person","@id":"https:\/\/batijournal.com\/#\/schema\/person\/1dc96ec6957aa1ccb25ebe78bb19f100","name":"St\u00e9phane Miget","image":{"@type":"ImageObject","inLanguage":"fr-FR","@id":"https:\/\/secure.gravatar.com\/avatar\/89915563d925342126b8ef0281b93d9d7fc337043e8df017f780908eb9644451?s=96&d=mm&r=g","url":"https:\/\/secure.gravatar.com\/avatar\/89915563d925342126b8ef0281b93d9d7fc337043e8df017f780908eb9644451?s=96&d=mm&r=g","contentUrl":"https:\/\/secure.gravatar.com\/avatar\/89915563d925342126b8ef0281b93d9d7fc337043e8df017f780908eb9644451?s=96&d=mm&r=g","caption":"St\u00e9phane Miget"},"url":"https:\/\/batijournal.com\/index.php\/author\/stephane\/"}]}},"_links":{"self":[{"href":"https:\/\/batijournal.com\/index.php\/wp-json\/wp\/v2\/posts\/93053","targetHints":{"allow":["GET"]}}],"collection":[{"href":"https:\/\/batijournal.com\/index.php\/wp-json\/wp\/v2\/posts"}],"about":[{"href":"https:\/\/batijournal.com\/index.php\/wp-json\/wp\/v2\/types\/post"}],"author":[{"embeddable":true,"href":"https:\/\/batijournal.com\/index.php\/wp-json\/wp\/v2\/users\/17"}],"replies":[{"embeddable":true,"href":"https:\/\/batijournal.com\/index.php\/wp-json\/wp\/v2\/comments?post=93053"}],"version-history":[{"count":0,"href":"https:\/\/batijournal.com\/index.php\/wp-json\/wp\/v2\/posts\/93053\/revisions"}],"wp:featuredmedia":[{"embeddable":true,"href":"https:\/\/batijournal.com\/index.php\/wp-json\/wp\/v2\/media\/93054"}],"wp:attachment":[{"href":"https:\/\/batijournal.com\/index.php\/wp-json\/wp\/v2\/media?parent=93053"}],"wp:term":[{"taxonomy":"category","embeddable":true,"href":"https:\/\/batijournal.com\/index.php\/wp-json\/wp\/v2\/categories?post=93053"},{"taxonomy":"post_tag","embeddable":true,"href":"https:\/\/batijournal.com\/index.php\/wp-json\/wp\/v2\/tags?post=93053"}],"curies":[{"name":"wp","href":"https:\/\/api.w.org\/{rel}","templated":true}]}}