{"id":93061,"date":"2016-06-14T09:09:13","date_gmt":"2016-06-14T07:09:13","guid":{"rendered":"http:\/\/batijournal.com\/?p=93061"},"modified":"2019-07-15T12:11:07","modified_gmt":"2019-07-15T10:11:07","slug":"vers-reforme-label-ecoquartier","status":"publish","type":"post","link":"https:\/\/batijournal.com\/index.php\/vers-reforme-label-ecoquartier\/93061\/","title":{"rendered":"Vers une r\u00e9forme du label Ecoquartier"},"content":{"rendered":"<p><strong>La Ministre du Logement et de l\u2019Habitat durable a annonc\u00e9 une r\u00e9forme du label Ecoquartiers. Pour la mener \u00e0 bien, Emmanuelle Cosse a confi\u00e9 \u00e0 Alain Jund, adjoint au Maire de Strasbourg en charge de l\u2019urbanisme et Vice-Pr\u00e9sident de l\u2019Eurom\u00e9tropole en charge de la transition \u00e9nerg\u00e9tique, la mission de piloter une r\u00e9flexion partenariale. Apr\u00e8s une concertation avec les diff\u00e9rents acteurs, la Ministre pr\u00e9sentera la charte de la nouvelle g\u00e9n\u00e9ration d\u2019\u00e9coquartiers en d\u00e9cembre 2016.<\/strong><\/p>\n<p>La Ministre a d\u00e9gag\u00e9 cinq priorit\u00e9s :<br \/>\n&#8211; des Ecoquartiers adapt\u00e9s \u00e0 l\u2019\u00e9chelle du territoire,<br \/>\n&#8211; une labellisation qui recouvre l\u2019ensemble du cycle de production de l\u2019\u00e9coquartier, depuis la conception jusqu\u2019\u00e0 la vie quotidienne des habitants<br \/>\n&#8211; une exigence soutenue concernant la participation des habitants \u00e0 la conception et \u00e0 la gestion de leur quartier<br \/>\n&#8211; une r\u00e9flexion approfondie sur la sant\u00e9, le bien-\u00eatre et la nature en ville<br \/>\n&#8211; une attention particuli\u00e8re concernant la qualit\u00e9 de l\u2019air int\u00e9rieur<\/p>\n<p>Alain Jund pourra s\u2019appuyer sur le r\u00e9seau Vivapolis, pilot\u00e9 par Mich\u00e8le Pappalardo qui permet de mobiliser tous les acteurs de la Ville durable.<\/p>\n","protected":false},"excerpt":{"rendered":"<p>La Ministre du Logement et de l\u2019Habitat durable a annonc\u00e9 une r\u00e9forme du label Ecoquartiers. Pour la mener \u00e0 bien, Emmanuelle Cosse a confi\u00e9 \u00e0 Alain Jund, adjoint au Maire de Strasbourg en charge de l\u2019urbanisme et Vice-Pr\u00e9sident de l\u2019Eurom\u00e9tropole en charge de la transition \u00e9nerg\u00e9tique, la mission de piloter une r\u00e9flexion partenariale. Apr\u00e8s une [&hellip;]<\/p>\n","protected":false},"author":17,"featured_media":87629,"comment_status":"closed","ping_status":"closed","sticky":false,"template":"","format":"standard","meta":{"_et_pb_use_builder":"","_et_pb_old_content":"","_et_gb_content_width":"","footnotes":""},"categories":[6340],"tags":[870,1155],"class_list":["post-93061","post","type-post","status-publish","format-standard","has-post-thumbnail","hentry","category-architecture-conception","tag-ecoquartier","tag-ecoquartiers"],"yoast_head":"<!-- This site is optimized with the Yoast SEO plugin v27.4 - https:\/\/yoast.com\/product\/yoast-seo-wordpress\/ -->\n<title>Vers une r\u00e9forme du label Ecoquartier<\/title>\n<meta name=\"robots\" content=\"index, follow, max-snippet:-1, max-image-preview:large, max-video-preview:-1\" \/>\n<link rel=\"canonical\" href=\"https:\/\/batijournal.com\/index.php\/vers-reforme-label-ecoquartier\/93061\/\" \/>\n<meta property=\"og:locale\" content=\"fr_FR\" \/>\n<meta property=\"og:type\" content=\"article\" \/>\n<meta property=\"og:title\" content=\"Vers une r\u00e9forme du label Ecoquartier\" \/>\n<meta property=\"og:description\" content=\"La Ministre du Logement et de l\u2019Habitat durable a annonc\u00e9 une r\u00e9forme du label Ecoquartiers. Pour la mener \u00e0 bien, Emmanuelle Cosse a confi\u00e9 \u00e0 Alain Jund, adjoint au Maire de Strasbourg en charge de l\u2019urbanisme et Vice-Pr\u00e9sident de l\u2019Eurom\u00e9tropole en charge de la transition \u00e9nerg\u00e9tique, la mission de piloter une r\u00e9flexion partenariale. Apr\u00e8s une [&hellip;]\" \/>\n<meta property=\"og:url\" content=\"https:\/\/batijournal.com\/index.php\/vers-reforme-label-ecoquartier\/93061\/\" \/>\n<meta property=\"og:site_name\" content=\"Batijournal\" \/>\n<meta property=\"article:published_time\" content=\"2016-06-14T07:09:13+00:00\" \/>\n<meta property=\"article:modified_time\" content=\"2019-07-15T10:11:07+00:00\" \/>\n<meta property=\"og:image\" content=\"https:\/\/batijournal.com\/wp-content\/uploads\/2015\/06\/100606600.jpg\" \/>\n\t<meta property=\"og:image:width\" content=\"599\" \/>\n\t<meta property=\"og:image:height\" content=\"333\" \/>\n\t<meta property=\"og:image:type\" content=\"image\/jpeg\" \/>\n<meta name=\"author\" content=\"St\u00e9phane Miget\" \/>\n<meta name=\"twitter:card\" content=\"summary_large_image\" \/>\n<meta name=\"twitter:creator\" content=\"@bati_journal\" \/>\n<meta name=\"twitter:site\" content=\"@bati_journal\" \/>\n<meta name=\"twitter:label1\" content=\"\u00c9crit par\" \/>\n\t<meta name=\"twitter:data1\" content=\"St\u00e9phane Miget\" \/>\n\t<meta name=\"twitter:label2\" content=\"Dur\u00e9e de lecture estim\u00e9e\" \/>\n\t<meta name=\"twitter:data2\" content=\"1 minute\" \/>\n<script type=\"application\/ld+json\" class=\"yoast-schema-graph\">{\"@context\":\"https:\\\/\\\/schema.org\",\"@graph\":[{\"@type\":\"Article\",\"@id\":\"https:\\\/\\\/batijournal.com\\\/index.php\\\/vers-reforme-label-ecoquartier\\\/93061\\\/#article\",\"isPartOf\":{\"@id\":\"https:\\\/\\\/batijournal.com\\\/index.php\\\/vers-reforme-label-ecoquartier\\\/93061\\\/\"},\"author\":{\"name\":\"St\u00e9phane Miget\",\"@id\":\"https:\\\/\\\/batijournal.com\\\/#\\\/schema\\\/person\\\/1dc96ec6957aa1ccb25ebe78bb19f100\"},\"headline\":\"Vers une r\u00e9forme du label Ecoquartier\",\"datePublished\":\"2016-06-14T07:09:13+00:00\",\"dateModified\":\"2019-07-15T10:11:07+00:00\",\"mainEntityOfPage\":{\"@id\":\"https:\\\/\\\/batijournal.com\\\/index.php\\\/vers-reforme-label-ecoquartier\\\/93061\\\/\"},\"wordCount\":204,\"image\":{\"@id\":\"https:\\\/\\\/batijournal.com\\\/index.php\\\/vers-reforme-label-ecoquartier\\\/93061\\\/#primaryimage\"},\"thumbnailUrl\":\"https:\\\/\\\/batijournal.com\\\/wp-content\\\/uploads\\\/2015\\\/06\\\/100606600.jpg\",\"keywords\":[\"\u00e9coquartier\",\"\u00e9coquartiers\"],\"articleSection\":[\"Architecture &amp; Conception\"],\"inLanguage\":\"fr-FR\"},{\"@type\":\"WebPage\",\"@id\":\"https:\\\/\\\/batijournal.com\\\/index.php\\\/vers-reforme-label-ecoquartier\\\/93061\\\/\",\"url\":\"https:\\\/\\\/batijournal.com\\\/index.php\\\/vers-reforme-label-ecoquartier\\\/93061\\\/\",\"name\":\"Vers une r\u00e9forme du label Ecoquartier\",\"isPartOf\":{\"@id\":\"https:\\\/\\\/batijournal.com\\\/#website\"},\"primaryImageOfPage\":{\"@id\":\"https:\\\/\\\/batijournal.com\\\/index.php\\\/vers-reforme-label-ecoquartier\\\/93061\\\/#primaryimage\"},\"image\":{\"@id\":\"https:\\\/\\\/batijournal.com\\\/index.php\\\/vers-reforme-label-ecoquartier\\\/93061\\\/#primaryimage\"},\"thumbnailUrl\":\"https:\\\/\\\/batijournal.com\\\/wp-content\\\/uploads\\\/2015\\\/06\\\/100606600.jpg\",\"datePublished\":\"2016-06-14T07:09:13+00:00\",\"dateModified\":\"2019-07-15T10:11:07+00:00\",\"author\":{\"@id\":\"https:\\\/\\\/batijournal.com\\\/#\\\/schema\\\/person\\\/1dc96ec6957aa1ccb25ebe78bb19f100\"},\"breadcrumb\":{\"@id\":\"https:\\\/\\\/batijournal.com\\\/index.php\\\/vers-reforme-label-ecoquartier\\\/93061\\\/#breadcrumb\"},\"inLanguage\":\"fr-FR\",\"potentialAction\":[{\"@type\":\"ReadAction\",\"target\":[\"https:\\\/\\\/batijournal.com\\\/index.php\\\/vers-reforme-label-ecoquartier\\\/93061\\\/\"]}]},{\"@type\":\"ImageObject\",\"inLanguage\":\"fr-FR\",\"@id\":\"https:\\\/\\\/batijournal.com\\\/index.php\\\/vers-reforme-label-ecoquartier\\\/93061\\\/#primaryimage\",\"url\":\"https:\\\/\\\/batijournal.com\\\/wp-content\\\/uploads\\\/2015\\\/06\\\/100606600.jpg\",\"contentUrl\":\"https:\\\/\\\/batijournal.com\\\/wp-content\\\/uploads\\\/2015\\\/06\\\/100606600.jpg\",\"width\":599,\"height\":333,\"caption\":\"\u00e9coquartier\"},{\"@type\":\"BreadcrumbList\",\"@id\":\"https:\\\/\\\/batijournal.com\\\/index.php\\\/vers-reforme-label-ecoquartier\\\/93061\\\/#breadcrumb\",\"itemListElement\":[{\"@type\":\"ListItem\",\"position\":1,\"name\":\"Accueil\",\"item\":\"https:\\\/\\\/batijournal.com\\\/\"},{\"@type\":\"ListItem\",\"position\":2,\"name\":\"Actualit\u00e9s\",\"item\":\"https:\\\/\\\/batijournal.com\\\/index.php\\\/category\\\/actualites\\\/\"},{\"@type\":\"ListItem\",\"position\":3,\"name\":\"Architecture &amp; Conception\",\"item\":\"https:\\\/\\\/batijournal.com\\\/index.php\\\/category\\\/actualites\\\/architecture-conception\\\/\"},{\"@type\":\"ListItem\",\"position\":4,\"name\":\"Vers une r\u00e9forme du label Ecoquartier\"}]},{\"@type\":\"WebSite\",\"@id\":\"https:\\\/\\\/batijournal.com\\\/#website\",\"url\":\"https:\\\/\\\/batijournal.com\\\/\",\"name\":\"Batijournal\",\"description\":\"L&#039;actualit\u00e9 du b\u00e2timent\",\"potentialAction\":[{\"@type\":\"SearchAction\",\"target\":{\"@type\":\"EntryPoint\",\"urlTemplate\":\"https:\\\/\\\/batijournal.com\\\/?s={search_term_string}\"},\"query-input\":{\"@type\":\"PropertyValueSpecification\",\"valueRequired\":true,\"valueName\":\"search_term_string\"}}],\"inLanguage\":\"fr-FR\"},{\"@type\":\"Person\",\"@id\":\"https:\\\/\\\/batijournal.com\\\/#\\\/schema\\\/person\\\/1dc96ec6957aa1ccb25ebe78bb19f100\",\"name\":\"St\u00e9phane Miget\",\"image\":{\"@type\":\"ImageObject\",\"inLanguage\":\"fr-FR\",\"@id\":\"https:\\\/\\\/secure.gravatar.com\\\/avatar\\\/89915563d925342126b8ef0281b93d9d7fc337043e8df017f780908eb9644451?s=96&d=mm&r=g\",\"url\":\"https:\\\/\\\/secure.gravatar.com\\\/avatar\\\/89915563d925342126b8ef0281b93d9d7fc337043e8df017f780908eb9644451?s=96&d=mm&r=g\",\"contentUrl\":\"https:\\\/\\\/secure.gravatar.com\\\/avatar\\\/89915563d925342126b8ef0281b93d9d7fc337043e8df017f780908eb9644451?s=96&d=mm&r=g\",\"caption\":\"St\u00e9phane Miget\"},\"url\":\"https:\\\/\\\/batijournal.com\\\/index.php\\\/author\\\/stephane\\\/\"}]}<\/script>\n<!-- \/ Yoast SEO plugin. -->","yoast_head_json":{"title":"Vers une r\u00e9forme du label Ecoquartier","robots":{"index":"index","follow":"follow","max-snippet":"max-snippet:-1","max-image-preview":"max-image-preview:large","max-video-preview":"max-video-preview:-1"},"canonical":"https:\/\/batijournal.com\/index.php\/vers-reforme-label-ecoquartier\/93061\/","og_locale":"fr_FR","og_type":"article","og_title":"Vers une r\u00e9forme du label Ecoquartier","og_description":"La Ministre du Logement et de l\u2019Habitat durable a annonc\u00e9 une r\u00e9forme du label Ecoquartiers. Pour la mener \u00e0 bien, Emmanuelle Cosse a confi\u00e9 \u00e0 Alain Jund, adjoint au Maire de Strasbourg en charge de l\u2019urbanisme et Vice-Pr\u00e9sident de l\u2019Eurom\u00e9tropole en charge de la transition \u00e9nerg\u00e9tique, la mission de piloter une r\u00e9flexion partenariale. Apr\u00e8s une [&hellip;]","og_url":"https:\/\/batijournal.com\/index.php\/vers-reforme-label-ecoquartier\/93061\/","og_site_name":"Batijournal","article_published_time":"2016-06-14T07:09:13+00:00","article_modified_time":"2019-07-15T10:11:07+00:00","og_image":[{"width":599,"height":333,"url":"https:\/\/batijournal.com\/wp-content\/uploads\/2015\/06\/100606600.jpg","type":"image\/jpeg"}],"author":"St\u00e9phane Miget","twitter_card":"summary_large_image","twitter_creator":"@bati_journal","twitter_site":"@bati_journal","twitter_misc":{"\u00c9crit par":"St\u00e9phane Miget","Dur\u00e9e de lecture estim\u00e9e":"1 minute"},"schema":{"@context":"https:\/\/schema.org","@graph":[{"@type":"Article","@id":"https:\/\/batijournal.com\/index.php\/vers-reforme-label-ecoquartier\/93061\/#article","isPartOf":{"@id":"https:\/\/batijournal.com\/index.php\/vers-reforme-label-ecoquartier\/93061\/"},"author":{"name":"St\u00e9phane Miget","@id":"https:\/\/batijournal.com\/#\/schema\/person\/1dc96ec6957aa1ccb25ebe78bb19f100"},"headline":"Vers une r\u00e9forme du label Ecoquartier","datePublished":"2016-06-14T07:09:13+00:00","dateModified":"2019-07-15T10:11:07+00:00","mainEntityOfPage":{"@id":"https:\/\/batijournal.com\/index.php\/vers-reforme-label-ecoquartier\/93061\/"},"wordCount":204,"image":{"@id":"https:\/\/batijournal.com\/index.php\/vers-reforme-label-ecoquartier\/93061\/#primaryimage"},"thumbnailUrl":"https:\/\/batijournal.com\/wp-content\/uploads\/2015\/06\/100606600.jpg","keywords":["\u00e9coquartier","\u00e9coquartiers"],"articleSection":["Architecture &amp; Conception"],"inLanguage":"fr-FR"},{"@type":"WebPage","@id":"https:\/\/batijournal.com\/index.php\/vers-reforme-label-ecoquartier\/93061\/","url":"https:\/\/batijournal.com\/index.php\/vers-reforme-label-ecoquartier\/93061\/","name":"Vers une r\u00e9forme du label Ecoquartier","isPartOf":{"@id":"https:\/\/batijournal.com\/#website"},"primaryImageOfPage":{"@id":"https:\/\/batijournal.com\/index.php\/vers-reforme-label-ecoquartier\/93061\/#primaryimage"},"image":{"@id":"https:\/\/batijournal.com\/index.php\/vers-reforme-label-ecoquartier\/93061\/#primaryimage"},"thumbnailUrl":"https:\/\/batijournal.com\/wp-content\/uploads\/2015\/06\/100606600.jpg","datePublished":"2016-06-14T07:09:13+00:00","dateModified":"2019-07-15T10:11:07+00:00","author":{"@id":"https:\/\/batijournal.com\/#\/schema\/person\/1dc96ec6957aa1ccb25ebe78bb19f100"},"breadcrumb":{"@id":"https:\/\/batijournal.com\/index.php\/vers-reforme-label-ecoquartier\/93061\/#breadcrumb"},"inLanguage":"fr-FR","potentialAction":[{"@type":"ReadAction","target":["https:\/\/batijournal.com\/index.php\/vers-reforme-label-ecoquartier\/93061\/"]}]},{"@type":"ImageObject","inLanguage":"fr-FR","@id":"https:\/\/batijournal.com\/index.php\/vers-reforme-label-ecoquartier\/93061\/#primaryimage","url":"https:\/\/batijournal.com\/wp-content\/uploads\/2015\/06\/100606600.jpg","contentUrl":"https:\/\/batijournal.com\/wp-content\/uploads\/2015\/06\/100606600.jpg","width":599,"height":333,"caption":"\u00e9coquartier"},{"@type":"BreadcrumbList","@id":"https:\/\/batijournal.com\/index.php\/vers-reforme-label-ecoquartier\/93061\/#breadcrumb","itemListElement":[{"@type":"ListItem","position":1,"name":"Accueil","item":"https:\/\/batijournal.com\/"},{"@type":"ListItem","position":2,"name":"Actualit\u00e9s","item":"https:\/\/batijournal.com\/index.php\/category\/actualites\/"},{"@type":"ListItem","position":3,"name":"Architecture &amp; Conception","item":"https:\/\/batijournal.com\/index.php\/category\/actualites\/architecture-conception\/"},{"@type":"ListItem","position":4,"name":"Vers une r\u00e9forme du label Ecoquartier"}]},{"@type":"WebSite","@id":"https:\/\/batijournal.com\/#website","url":"https:\/\/batijournal.com\/","name":"Batijournal","description":"L&#039;actualit\u00e9 du b\u00e2timent","potentialAction":[{"@type":"SearchAction","target":{"@type":"EntryPoint","urlTemplate":"https:\/\/batijournal.com\/?s={search_term_string}"},"query-input":{"@type":"PropertyValueSpecification","valueRequired":true,"valueName":"search_term_string"}}],"inLanguage":"fr-FR"},{"@type":"Person","@id":"https:\/\/batijournal.com\/#\/schema\/person\/1dc96ec6957aa1ccb25ebe78bb19f100","name":"St\u00e9phane Miget","image":{"@type":"ImageObject","inLanguage":"fr-FR","@id":"https:\/\/secure.gravatar.com\/avatar\/89915563d925342126b8ef0281b93d9d7fc337043e8df017f780908eb9644451?s=96&d=mm&r=g","url":"https:\/\/secure.gravatar.com\/avatar\/89915563d925342126b8ef0281b93d9d7fc337043e8df017f780908eb9644451?s=96&d=mm&r=g","contentUrl":"https:\/\/secure.gravatar.com\/avatar\/89915563d925342126b8ef0281b93d9d7fc337043e8df017f780908eb9644451?s=96&d=mm&r=g","caption":"St\u00e9phane Miget"},"url":"https:\/\/batijournal.com\/index.php\/author\/stephane\/"}]}},"_links":{"self":[{"href":"https:\/\/batijournal.com\/index.php\/wp-json\/wp\/v2\/posts\/93061","targetHints":{"allow":["GET"]}}],"collection":[{"href":"https:\/\/batijournal.com\/index.php\/wp-json\/wp\/v2\/posts"}],"about":[{"href":"https:\/\/batijournal.com\/index.php\/wp-json\/wp\/v2\/types\/post"}],"author":[{"embeddable":true,"href":"https:\/\/batijournal.com\/index.php\/wp-json\/wp\/v2\/users\/17"}],"replies":[{"embeddable":true,"href":"https:\/\/batijournal.com\/index.php\/wp-json\/wp\/v2\/comments?post=93061"}],"version-history":[{"count":0,"href":"https:\/\/batijournal.com\/index.php\/wp-json\/wp\/v2\/posts\/93061\/revisions"}],"wp:featuredmedia":[{"embeddable":true,"href":"https:\/\/batijournal.com\/index.php\/wp-json\/wp\/v2\/media\/87629"}],"wp:attachment":[{"href":"https:\/\/batijournal.com\/index.php\/wp-json\/wp\/v2\/media?parent=93061"}],"wp:term":[{"taxonomy":"category","embeddable":true,"href":"https:\/\/batijournal.com\/index.php\/wp-json\/wp\/v2\/categories?post=93061"},{"taxonomy":"post_tag","embeddable":true,"href":"https:\/\/batijournal.com\/index.php\/wp-json\/wp\/v2\/tags?post=93061"}],"curies":[{"name":"wp","href":"https:\/\/api.w.org\/{rel}","templated":true}]}}