{"id":93062,"date":"2016-06-14T11:32:48","date_gmt":"2016-06-14T09:32:48","guid":{"rendered":"http:\/\/batijournal.com\/?p=93062"},"modified":"2019-07-15T12:13:25","modified_gmt":"2019-07-15T10:13:25","slug":"1-de-perspectives-dembauche","status":"publish","type":"post","link":"https:\/\/batijournal.com\/index.php\/1-de-perspectives-dembauche\/93062\/","title":{"rendered":"Seulement 1 % de perspectives d&#8217;embauche"},"content":{"rendered":"<p>Selon le Barom\u00e8tre Manpower des perspectives d\u2019emploi, les pr\u00e9visions d\u2019embauche des employeurs fran\u00e7ais restent mesur\u00e9es pour le 3e trimestre 2016. Dans le secteur du b\u00e2timent, avec un solde net de +1 %, le rythme des embauches restera calme au cours du trimestre \u00e0 venir. La pr\u00e9vision nette d\u2019emploi baisse de 7 points par rapport au 2e trimestre 2016 et demeure relativement stable d\u2019une ann\u00e9e sur l\u2019autre. Dans les TPE (moins de 10 salari\u00e9s) ; les petites entreprises (10 \u00e0 49 salari\u00e9s) ; les moyennes entreprises (50 \u00e0 249 salari\u00e9s) et enfin les grandes entreprises (plus de 250 salari\u00e9s), les effectifs devraient augmenter dans la p\u00e9riode de juillet \u00e0 septembre. Avec une pr\u00e9vision nette d\u2019emploi de +6 %, les employeurs des petites entreprises sont les plus optimistes. Les employeurs des grandes et moyennes entreprises ne sont pas en reste, puisqu\u2019ils pr\u00e9voient un solde ressortant respectivement \u00e0 +5 % et +4 %. En revanche, la prudence sera de mise dans les TPE, o\u00f9 la pr\u00e9vision nette d\u2019emploi s\u2019\u00e9l\u00e8ve \u00e0 +1%.<\/p>\n<p><span style=\"text-decoration: underline;\"><\/span><\/p>\n<p>Graphique extrait du\u00a0Barom\u00e8tre Manpower des perspectives d\u2019emploi\u00a0pour le 3e trimestre 2016<\/p>\n<p>&nbsp;<\/p>\n","protected":false},"excerpt":{"rendered":"<p>Selon le Barom\u00e8tre Manpower des perspectives d\u2019emploi, les pr\u00e9visions d\u2019embauche des employeurs fran\u00e7ais restent mesur\u00e9es pour le 3e trimestre 2016. Dans le secteur du b\u00e2timent, avec un solde net de +1 %, le rythme des embauches restera calme au cours du trimestre \u00e0 venir. La pr\u00e9vision nette d\u2019emploi baisse de 7 points par rapport au [&hellip;]<\/p>\n","protected":false},"author":17,"featured_media":93063,"comment_status":"closed","ping_status":"closed","sticky":false,"template":"","format":"standard","meta":{"_et_pb_use_builder":"","_et_pb_old_content":"","_et_gb_content_width":"","footnotes":""},"categories":[6340,6345],"tags":[580],"class_list":["post-93062","post","type-post","status-publish","format-standard","has-post-thumbnail","hentry","category-architecture-conception","category-economie-marches","tag-emploi"],"yoast_head":"<!-- This site is optimized with the Yoast SEO plugin v27.4 - https:\/\/yoast.com\/product\/yoast-seo-wordpress\/ -->\n<title>Seulement 1 % de perspectives d&#039;embauche<\/title>\n<meta name=\"robots\" content=\"index, follow, max-snippet:-1, max-image-preview:large, max-video-preview:-1\" \/>\n<link rel=\"canonical\" href=\"https:\/\/batijournal.com\/index.php\/1-de-perspectives-dembauche\/93062\/\" \/>\n<meta property=\"og:locale\" content=\"fr_FR\" \/>\n<meta property=\"og:type\" content=\"article\" \/>\n<meta property=\"og:title\" content=\"Seulement 1 % de perspectives d&#039;embauche\" \/>\n<meta property=\"og:description\" content=\"Selon le Barom\u00e8tre Manpower des perspectives d\u2019emploi, les pr\u00e9visions d\u2019embauche des employeurs fran\u00e7ais restent mesur\u00e9es pour le 3e trimestre 2016. Dans le secteur du b\u00e2timent, avec un solde net de +1 %, le rythme des embauches restera calme au cours du trimestre \u00e0 venir. La pr\u00e9vision nette d\u2019emploi baisse de 7 points par rapport au [&hellip;]\" \/>\n<meta property=\"og:url\" content=\"https:\/\/batijournal.com\/index.php\/1-de-perspectives-dembauche\/93062\/\" \/>\n<meta property=\"og:site_name\" content=\"Batijournal\" \/>\n<meta property=\"article:published_time\" content=\"2016-06-14T09:32:48+00:00\" \/>\n<meta property=\"article:modified_time\" content=\"2019-07-15T10:13:25+00:00\" \/>\n<meta property=\"og:image\" content=\"https:\/\/batijournal.com\/wp-content\/uploads\/2016\/06\/perspective-d-emploi.png\" \/>\n\t<meta property=\"og:image:width\" content=\"1080\" \/>\n\t<meta property=\"og:image:height\" content=\"539\" \/>\n\t<meta property=\"og:image:type\" content=\"image\/png\" \/>\n<meta name=\"author\" content=\"St\u00e9phane Miget\" \/>\n<meta name=\"twitter:card\" content=\"summary_large_image\" \/>\n<meta name=\"twitter:creator\" content=\"@bati_journal\" \/>\n<meta name=\"twitter:site\" content=\"@bati_journal\" \/>\n<meta name=\"twitter:label1\" content=\"\u00c9crit par\" \/>\n\t<meta name=\"twitter:data1\" content=\"St\u00e9phane Miget\" \/>\n\t<meta name=\"twitter:label2\" content=\"Dur\u00e9e de lecture estim\u00e9e\" \/>\n\t<meta name=\"twitter:data2\" content=\"1 minute\" \/>\n<script type=\"application\/ld+json\" class=\"yoast-schema-graph\">{\"@context\":\"https:\\\/\\\/schema.org\",\"@graph\":[{\"@type\":\"Article\",\"@id\":\"https:\\\/\\\/batijournal.com\\\/index.php\\\/1-de-perspectives-dembauche\\\/93062\\\/#article\",\"isPartOf\":{\"@id\":\"https:\\\/\\\/batijournal.com\\\/index.php\\\/1-de-perspectives-dembauche\\\/93062\\\/\"},\"author\":{\"name\":\"St\u00e9phane Miget\",\"@id\":\"https:\\\/\\\/batijournal.com\\\/#\\\/schema\\\/person\\\/1dc96ec6957aa1ccb25ebe78bb19f100\"},\"headline\":\"Seulement 1 % de perspectives d&#8217;embauche\",\"datePublished\":\"2016-06-14T09:32:48+00:00\",\"dateModified\":\"2019-07-15T10:13:25+00:00\",\"mainEntityOfPage\":{\"@id\":\"https:\\\/\\\/batijournal.com\\\/index.php\\\/1-de-perspectives-dembauche\\\/93062\\\/\"},\"wordCount\":187,\"image\":{\"@id\":\"https:\\\/\\\/batijournal.com\\\/index.php\\\/1-de-perspectives-dembauche\\\/93062\\\/#primaryimage\"},\"thumbnailUrl\":\"https:\\\/\\\/batijournal.com\\\/wp-content\\\/uploads\\\/2016\\\/06\\\/perspective-d-emploi.png\",\"keywords\":[\"emploi\"],\"articleSection\":[\"Architecture &amp; Conception\",\"\u00c9conomie &amp; March\u00e9s\"],\"inLanguage\":\"fr-FR\"},{\"@type\":\"WebPage\",\"@id\":\"https:\\\/\\\/batijournal.com\\\/index.php\\\/1-de-perspectives-dembauche\\\/93062\\\/\",\"url\":\"https:\\\/\\\/batijournal.com\\\/index.php\\\/1-de-perspectives-dembauche\\\/93062\\\/\",\"name\":\"Seulement 1 % de perspectives d'embauche\",\"isPartOf\":{\"@id\":\"https:\\\/\\\/batijournal.com\\\/#website\"},\"primaryImageOfPage\":{\"@id\":\"https:\\\/\\\/batijournal.com\\\/index.php\\\/1-de-perspectives-dembauche\\\/93062\\\/#primaryimage\"},\"image\":{\"@id\":\"https:\\\/\\\/batijournal.com\\\/index.php\\\/1-de-perspectives-dembauche\\\/93062\\\/#primaryimage\"},\"thumbnailUrl\":\"https:\\\/\\\/batijournal.com\\\/wp-content\\\/uploads\\\/2016\\\/06\\\/perspective-d-emploi.png\",\"datePublished\":\"2016-06-14T09:32:48+00:00\",\"dateModified\":\"2019-07-15T10:13:25+00:00\",\"author\":{\"@id\":\"https:\\\/\\\/batijournal.com\\\/#\\\/schema\\\/person\\\/1dc96ec6957aa1ccb25ebe78bb19f100\"},\"breadcrumb\":{\"@id\":\"https:\\\/\\\/batijournal.com\\\/index.php\\\/1-de-perspectives-dembauche\\\/93062\\\/#breadcrumb\"},\"inLanguage\":\"fr-FR\",\"potentialAction\":[{\"@type\":\"ReadAction\",\"target\":[\"https:\\\/\\\/batijournal.com\\\/index.php\\\/1-de-perspectives-dembauche\\\/93062\\\/\"]}]},{\"@type\":\"ImageObject\",\"inLanguage\":\"fr-FR\",\"@id\":\"https:\\\/\\\/batijournal.com\\\/index.php\\\/1-de-perspectives-dembauche\\\/93062\\\/#primaryimage\",\"url\":\"https:\\\/\\\/batijournal.com\\\/wp-content\\\/uploads\\\/2016\\\/06\\\/perspective-d-emploi.png\",\"contentUrl\":\"https:\\\/\\\/batijournal.com\\\/wp-content\\\/uploads\\\/2016\\\/06\\\/perspective-d-emploi.png\",\"width\":1080,\"height\":539},{\"@type\":\"BreadcrumbList\",\"@id\":\"https:\\\/\\\/batijournal.com\\\/index.php\\\/1-de-perspectives-dembauche\\\/93062\\\/#breadcrumb\",\"itemListElement\":[{\"@type\":\"ListItem\",\"position\":1,\"name\":\"Accueil\",\"item\":\"https:\\\/\\\/batijournal.com\\\/\"},{\"@type\":\"ListItem\",\"position\":2,\"name\":\"Actualit\u00e9s\",\"item\":\"https:\\\/\\\/batijournal.com\\\/index.php\\\/category\\\/actualites\\\/\"},{\"@type\":\"ListItem\",\"position\":3,\"name\":\"Architecture &amp; Conception\",\"item\":\"https:\\\/\\\/batijournal.com\\\/index.php\\\/category\\\/actualites\\\/architecture-conception\\\/\"},{\"@type\":\"ListItem\",\"position\":4,\"name\":\"Seulement 1 % de perspectives d&#8217;embauche\"}]},{\"@type\":\"WebSite\",\"@id\":\"https:\\\/\\\/batijournal.com\\\/#website\",\"url\":\"https:\\\/\\\/batijournal.com\\\/\",\"name\":\"Batijournal\",\"description\":\"L&#039;actualit\u00e9 du b\u00e2timent\",\"potentialAction\":[{\"@type\":\"SearchAction\",\"target\":{\"@type\":\"EntryPoint\",\"urlTemplate\":\"https:\\\/\\\/batijournal.com\\\/?s={search_term_string}\"},\"query-input\":{\"@type\":\"PropertyValueSpecification\",\"valueRequired\":true,\"valueName\":\"search_term_string\"}}],\"inLanguage\":\"fr-FR\"},{\"@type\":\"Person\",\"@id\":\"https:\\\/\\\/batijournal.com\\\/#\\\/schema\\\/person\\\/1dc96ec6957aa1ccb25ebe78bb19f100\",\"name\":\"St\u00e9phane Miget\",\"image\":{\"@type\":\"ImageObject\",\"inLanguage\":\"fr-FR\",\"@id\":\"https:\\\/\\\/secure.gravatar.com\\\/avatar\\\/89915563d925342126b8ef0281b93d9d7fc337043e8df017f780908eb9644451?s=96&d=mm&r=g\",\"url\":\"https:\\\/\\\/secure.gravatar.com\\\/avatar\\\/89915563d925342126b8ef0281b93d9d7fc337043e8df017f780908eb9644451?s=96&d=mm&r=g\",\"contentUrl\":\"https:\\\/\\\/secure.gravatar.com\\\/avatar\\\/89915563d925342126b8ef0281b93d9d7fc337043e8df017f780908eb9644451?s=96&d=mm&r=g\",\"caption\":\"St\u00e9phane Miget\"},\"url\":\"https:\\\/\\\/batijournal.com\\\/index.php\\\/author\\\/stephane\\\/\"}]}<\/script>\n<!-- \/ Yoast SEO plugin. -->","yoast_head_json":{"title":"Seulement 1 % de perspectives d'embauche","robots":{"index":"index","follow":"follow","max-snippet":"max-snippet:-1","max-image-preview":"max-image-preview:large","max-video-preview":"max-video-preview:-1"},"canonical":"https:\/\/batijournal.com\/index.php\/1-de-perspectives-dembauche\/93062\/","og_locale":"fr_FR","og_type":"article","og_title":"Seulement 1 % de perspectives d'embauche","og_description":"Selon le Barom\u00e8tre Manpower des perspectives d\u2019emploi, les pr\u00e9visions d\u2019embauche des employeurs fran\u00e7ais restent mesur\u00e9es pour le 3e trimestre 2016. Dans le secteur du b\u00e2timent, avec un solde net de +1 %, le rythme des embauches restera calme au cours du trimestre \u00e0 venir. La pr\u00e9vision nette d\u2019emploi baisse de 7 points par rapport au [&hellip;]","og_url":"https:\/\/batijournal.com\/index.php\/1-de-perspectives-dembauche\/93062\/","og_site_name":"Batijournal","article_published_time":"2016-06-14T09:32:48+00:00","article_modified_time":"2019-07-15T10:13:25+00:00","og_image":[{"width":1080,"height":539,"url":"https:\/\/batijournal.com\/wp-content\/uploads\/2016\/06\/perspective-d-emploi.png","type":"image\/png"}],"author":"St\u00e9phane Miget","twitter_card":"summary_large_image","twitter_creator":"@bati_journal","twitter_site":"@bati_journal","twitter_misc":{"\u00c9crit par":"St\u00e9phane Miget","Dur\u00e9e de lecture estim\u00e9e":"1 minute"},"schema":{"@context":"https:\/\/schema.org","@graph":[{"@type":"Article","@id":"https:\/\/batijournal.com\/index.php\/1-de-perspectives-dembauche\/93062\/#article","isPartOf":{"@id":"https:\/\/batijournal.com\/index.php\/1-de-perspectives-dembauche\/93062\/"},"author":{"name":"St\u00e9phane Miget","@id":"https:\/\/batijournal.com\/#\/schema\/person\/1dc96ec6957aa1ccb25ebe78bb19f100"},"headline":"Seulement 1 % de perspectives d&#8217;embauche","datePublished":"2016-06-14T09:32:48+00:00","dateModified":"2019-07-15T10:13:25+00:00","mainEntityOfPage":{"@id":"https:\/\/batijournal.com\/index.php\/1-de-perspectives-dembauche\/93062\/"},"wordCount":187,"image":{"@id":"https:\/\/batijournal.com\/index.php\/1-de-perspectives-dembauche\/93062\/#primaryimage"},"thumbnailUrl":"https:\/\/batijournal.com\/wp-content\/uploads\/2016\/06\/perspective-d-emploi.png","keywords":["emploi"],"articleSection":["Architecture &amp; Conception","\u00c9conomie &amp; March\u00e9s"],"inLanguage":"fr-FR"},{"@type":"WebPage","@id":"https:\/\/batijournal.com\/index.php\/1-de-perspectives-dembauche\/93062\/","url":"https:\/\/batijournal.com\/index.php\/1-de-perspectives-dembauche\/93062\/","name":"Seulement 1 % de perspectives d'embauche","isPartOf":{"@id":"https:\/\/batijournal.com\/#website"},"primaryImageOfPage":{"@id":"https:\/\/batijournal.com\/index.php\/1-de-perspectives-dembauche\/93062\/#primaryimage"},"image":{"@id":"https:\/\/batijournal.com\/index.php\/1-de-perspectives-dembauche\/93062\/#primaryimage"},"thumbnailUrl":"https:\/\/batijournal.com\/wp-content\/uploads\/2016\/06\/perspective-d-emploi.png","datePublished":"2016-06-14T09:32:48+00:00","dateModified":"2019-07-15T10:13:25+00:00","author":{"@id":"https:\/\/batijournal.com\/#\/schema\/person\/1dc96ec6957aa1ccb25ebe78bb19f100"},"breadcrumb":{"@id":"https:\/\/batijournal.com\/index.php\/1-de-perspectives-dembauche\/93062\/#breadcrumb"},"inLanguage":"fr-FR","potentialAction":[{"@type":"ReadAction","target":["https:\/\/batijournal.com\/index.php\/1-de-perspectives-dembauche\/93062\/"]}]},{"@type":"ImageObject","inLanguage":"fr-FR","@id":"https:\/\/batijournal.com\/index.php\/1-de-perspectives-dembauche\/93062\/#primaryimage","url":"https:\/\/batijournal.com\/wp-content\/uploads\/2016\/06\/perspective-d-emploi.png","contentUrl":"https:\/\/batijournal.com\/wp-content\/uploads\/2016\/06\/perspective-d-emploi.png","width":1080,"height":539},{"@type":"BreadcrumbList","@id":"https:\/\/batijournal.com\/index.php\/1-de-perspectives-dembauche\/93062\/#breadcrumb","itemListElement":[{"@type":"ListItem","position":1,"name":"Accueil","item":"https:\/\/batijournal.com\/"},{"@type":"ListItem","position":2,"name":"Actualit\u00e9s","item":"https:\/\/batijournal.com\/index.php\/category\/actualites\/"},{"@type":"ListItem","position":3,"name":"Architecture &amp; Conception","item":"https:\/\/batijournal.com\/index.php\/category\/actualites\/architecture-conception\/"},{"@type":"ListItem","position":4,"name":"Seulement 1 % de perspectives d&#8217;embauche"}]},{"@type":"WebSite","@id":"https:\/\/batijournal.com\/#website","url":"https:\/\/batijournal.com\/","name":"Batijournal","description":"L&#039;actualit\u00e9 du b\u00e2timent","potentialAction":[{"@type":"SearchAction","target":{"@type":"EntryPoint","urlTemplate":"https:\/\/batijournal.com\/?s={search_term_string}"},"query-input":{"@type":"PropertyValueSpecification","valueRequired":true,"valueName":"search_term_string"}}],"inLanguage":"fr-FR"},{"@type":"Person","@id":"https:\/\/batijournal.com\/#\/schema\/person\/1dc96ec6957aa1ccb25ebe78bb19f100","name":"St\u00e9phane Miget","image":{"@type":"ImageObject","inLanguage":"fr-FR","@id":"https:\/\/secure.gravatar.com\/avatar\/89915563d925342126b8ef0281b93d9d7fc337043e8df017f780908eb9644451?s=96&d=mm&r=g","url":"https:\/\/secure.gravatar.com\/avatar\/89915563d925342126b8ef0281b93d9d7fc337043e8df017f780908eb9644451?s=96&d=mm&r=g","contentUrl":"https:\/\/secure.gravatar.com\/avatar\/89915563d925342126b8ef0281b93d9d7fc337043e8df017f780908eb9644451?s=96&d=mm&r=g","caption":"St\u00e9phane Miget"},"url":"https:\/\/batijournal.com\/index.php\/author\/stephane\/"}]}},"_links":{"self":[{"href":"https:\/\/batijournal.com\/index.php\/wp-json\/wp\/v2\/posts\/93062","targetHints":{"allow":["GET"]}}],"collection":[{"href":"https:\/\/batijournal.com\/index.php\/wp-json\/wp\/v2\/posts"}],"about":[{"href":"https:\/\/batijournal.com\/index.php\/wp-json\/wp\/v2\/types\/post"}],"author":[{"embeddable":true,"href":"https:\/\/batijournal.com\/index.php\/wp-json\/wp\/v2\/users\/17"}],"replies":[{"embeddable":true,"href":"https:\/\/batijournal.com\/index.php\/wp-json\/wp\/v2\/comments?post=93062"}],"version-history":[{"count":0,"href":"https:\/\/batijournal.com\/index.php\/wp-json\/wp\/v2\/posts\/93062\/revisions"}],"wp:featuredmedia":[{"embeddable":true,"href":"https:\/\/batijournal.com\/index.php\/wp-json\/wp\/v2\/media\/93063"}],"wp:attachment":[{"href":"https:\/\/batijournal.com\/index.php\/wp-json\/wp\/v2\/media?parent=93062"}],"wp:term":[{"taxonomy":"category","embeddable":true,"href":"https:\/\/batijournal.com\/index.php\/wp-json\/wp\/v2\/categories?post=93062"},{"taxonomy":"post_tag","embeddable":true,"href":"https:\/\/batijournal.com\/index.php\/wp-json\/wp\/v2\/tags?post=93062"}],"curies":[{"name":"wp","href":"https:\/\/api.w.org\/{rel}","templated":true}]}}