{"id":93064,"date":"2016-06-15T10:10:27","date_gmt":"2016-06-15T08:10:27","guid":{"rendered":"http:\/\/batijournal.com\/?p=93064"},"modified":"2019-07-15T11:16:43","modified_gmt":"2019-07-15T09:16:43","slug":"journees-nationales-de-larcheologie-2016","status":"publish","type":"post","link":"https:\/\/batijournal.com\/index.php\/journees-nationales-de-larcheologie-2016\/93064\/","title":{"rendered":"Les journ\u00e9es nationales de l\u2019arch\u00e9ologie 2016"},"content":{"rendered":"<p>La 7e \u00e9dition des Journ\u00e9es nationales de l\u2019arch\u00e9ologie (JNA) va se d\u00e9rouler du vendredi 17 au dimanche 19 juin 2016. Pilot\u00e9es par l\u2019Inrap sous l\u2019\u00e9gide du minist\u00e8re de la Culture et de la Communication, ces journ\u00e9es mobilisent l\u2019ensemble de la communaut\u00e9 arch\u00e9ologique en France m\u00e9tropolitaine et en outre-mer. Sur tout le territoire, 1130 manifestations produites par plus de 500 organisateurs se d\u00e9roulent dans pr\u00e8s de 604 lieux. 43 \u00ab portes ouvertes \u00bb sont propos\u00e9es sur des chantiers en cours de fouille comme \u00e0 Montauban, Nancy ou Mont\u00e9limar. Neuf \u00ab Villages de l\u2019arch\u00e9ologie \u00bb se tiendront \u00e0 Besan\u00e7on, Bonifacio, Bordeaux, Hostens, Lorient, Lyon, Marseille, Nice, Rez\u00e9 pr\u00e9sentant des ateliers, rencontres, projections, d\u00e9monstrations ou exp\u00e9rimentations&#8230;<\/p>\n<p><a href=\"http:\/\/journees-archeologie.fr\" target=\"_blank\" rel=\"noopener noreferrer\">journees-archeologie.fr<\/a><\/p>\n<p>Photo:\u00a0JL Bellurget<\/p>\n<p>&nbsp;<\/p>\n","protected":false},"excerpt":{"rendered":"<p>La 7e \u00e9dition des Journ\u00e9es nationales de l\u2019arch\u00e9ologie (JNA) va se d\u00e9rouler du vendredi 17 au dimanche 19 juin 2016. Pilot\u00e9es par l\u2019Inrap sous l\u2019\u00e9gide du minist\u00e8re de la Culture et de la Communication, ces journ\u00e9es mobilisent l\u2019ensemble de la communaut\u00e9 arch\u00e9ologique en France m\u00e9tropolitaine et en outre-mer. Sur tout le territoire, 1130 manifestations produites [&hellip;]<\/p>\n","protected":false},"author":17,"featured_media":93065,"comment_status":"closed","ping_status":"closed","sticky":false,"template":"","format":"standard","meta":{"_et_pb_use_builder":"","_et_pb_old_content":"","_et_gb_content_width":"","footnotes":""},"categories":[6340],"tags":[6454],"class_list":["post-93064","post","type-post","status-publish","format-standard","has-post-thumbnail","hentry","category-architecture-conception","tag-inrap"],"yoast_head":"<!-- This site is optimized with the Yoast SEO plugin v27.4 - https:\/\/yoast.com\/product\/yoast-seo-wordpress\/ -->\n<title>Les journ\u00e9es nationales de l\u2019arch\u00e9ologie 2016<\/title>\n<meta name=\"robots\" content=\"index, follow, max-snippet:-1, max-image-preview:large, max-video-preview:-1\" \/>\n<link rel=\"canonical\" href=\"https:\/\/batijournal.com\/index.php\/journees-nationales-de-larcheologie-2016\/93064\/\" \/>\n<meta property=\"og:locale\" content=\"fr_FR\" \/>\n<meta property=\"og:type\" content=\"article\" \/>\n<meta property=\"og:title\" content=\"Les journ\u00e9es nationales de l\u2019arch\u00e9ologie 2016\" \/>\n<meta property=\"og:description\" content=\"La 7e \u00e9dition des Journ\u00e9es nationales de l\u2019arch\u00e9ologie (JNA) va se d\u00e9rouler du vendredi 17 au dimanche 19 juin 2016. Pilot\u00e9es par l\u2019Inrap sous l\u2019\u00e9gide du minist\u00e8re de la Culture et de la Communication, ces journ\u00e9es mobilisent l\u2019ensemble de la communaut\u00e9 arch\u00e9ologique en France m\u00e9tropolitaine et en outre-mer. Sur tout le territoire, 1130 manifestations produites [&hellip;]\" \/>\n<meta property=\"og:url\" content=\"https:\/\/batijournal.com\/index.php\/journees-nationales-de-larcheologie-2016\/93064\/\" \/>\n<meta property=\"og:site_name\" content=\"Batijournal\" \/>\n<meta property=\"article:published_time\" content=\"2016-06-15T08:10:27+00:00\" \/>\n<meta property=\"article:modified_time\" content=\"2019-07-15T09:16:43+00:00\" \/>\n<meta property=\"og:image\" content=\"https:\/\/batijournal.com\/wp-content\/uploads\/2016\/06\/Jna-2015-CIF-Viarmes-JL-Bellurget.jpg\" \/>\n\t<meta property=\"og:image:width\" content=\"1000\" \/>\n\t<meta property=\"og:image:height\" content=\"662\" \/>\n\t<meta property=\"og:image:type\" content=\"image\/jpeg\" \/>\n<meta name=\"author\" content=\"St\u00e9phane Miget\" \/>\n<meta name=\"twitter:card\" content=\"summary_large_image\" \/>\n<meta name=\"twitter:creator\" content=\"@bati_journal\" \/>\n<meta name=\"twitter:site\" content=\"@bati_journal\" \/>\n<meta name=\"twitter:label1\" content=\"\u00c9crit par\" \/>\n\t<meta name=\"twitter:data1\" content=\"St\u00e9phane Miget\" \/>\n\t<meta name=\"twitter:label2\" content=\"Dur\u00e9e de lecture estim\u00e9e\" \/>\n\t<meta name=\"twitter:data2\" content=\"1 minute\" \/>\n<script type=\"application\/ld+json\" class=\"yoast-schema-graph\">{\"@context\":\"https:\\\/\\\/schema.org\",\"@graph\":[{\"@type\":\"Article\",\"@id\":\"https:\\\/\\\/batijournal.com\\\/index.php\\\/journees-nationales-de-larcheologie-2016\\\/93064\\\/#article\",\"isPartOf\":{\"@id\":\"https:\\\/\\\/batijournal.com\\\/index.php\\\/journees-nationales-de-larcheologie-2016\\\/93064\\\/\"},\"author\":{\"name\":\"St\u00e9phane Miget\",\"@id\":\"https:\\\/\\\/batijournal.com\\\/#\\\/schema\\\/person\\\/1dc96ec6957aa1ccb25ebe78bb19f100\"},\"headline\":\"Les journ\u00e9es nationales de l\u2019arch\u00e9ologie 2016\",\"datePublished\":\"2016-06-15T08:10:27+00:00\",\"dateModified\":\"2019-07-15T09:16:43+00:00\",\"mainEntityOfPage\":{\"@id\":\"https:\\\/\\\/batijournal.com\\\/index.php\\\/journees-nationales-de-larcheologie-2016\\\/93064\\\/\"},\"wordCount\":136,\"image\":{\"@id\":\"https:\\\/\\\/batijournal.com\\\/index.php\\\/journees-nationales-de-larcheologie-2016\\\/93064\\\/#primaryimage\"},\"thumbnailUrl\":\"https:\\\/\\\/batijournal.com\\\/wp-content\\\/uploads\\\/2016\\\/06\\\/Jna-2015-CIF-Viarmes-JL-Bellurget.jpg\",\"keywords\":[\"inrap\"],\"articleSection\":[\"Architecture &amp; Conception\"],\"inLanguage\":\"fr-FR\"},{\"@type\":\"WebPage\",\"@id\":\"https:\\\/\\\/batijournal.com\\\/index.php\\\/journees-nationales-de-larcheologie-2016\\\/93064\\\/\",\"url\":\"https:\\\/\\\/batijournal.com\\\/index.php\\\/journees-nationales-de-larcheologie-2016\\\/93064\\\/\",\"name\":\"Les journ\u00e9es nationales de l\u2019arch\u00e9ologie 2016\",\"isPartOf\":{\"@id\":\"https:\\\/\\\/batijournal.com\\\/#website\"},\"primaryImageOfPage\":{\"@id\":\"https:\\\/\\\/batijournal.com\\\/index.php\\\/journees-nationales-de-larcheologie-2016\\\/93064\\\/#primaryimage\"},\"image\":{\"@id\":\"https:\\\/\\\/batijournal.com\\\/index.php\\\/journees-nationales-de-larcheologie-2016\\\/93064\\\/#primaryimage\"},\"thumbnailUrl\":\"https:\\\/\\\/batijournal.com\\\/wp-content\\\/uploads\\\/2016\\\/06\\\/Jna-2015-CIF-Viarmes-JL-Bellurget.jpg\",\"datePublished\":\"2016-06-15T08:10:27+00:00\",\"dateModified\":\"2019-07-15T09:16:43+00:00\",\"author\":{\"@id\":\"https:\\\/\\\/batijournal.com\\\/#\\\/schema\\\/person\\\/1dc96ec6957aa1ccb25ebe78bb19f100\"},\"breadcrumb\":{\"@id\":\"https:\\\/\\\/batijournal.com\\\/index.php\\\/journees-nationales-de-larcheologie-2016\\\/93064\\\/#breadcrumb\"},\"inLanguage\":\"fr-FR\",\"potentialAction\":[{\"@type\":\"ReadAction\",\"target\":[\"https:\\\/\\\/batijournal.com\\\/index.php\\\/journees-nationales-de-larcheologie-2016\\\/93064\\\/\"]}]},{\"@type\":\"ImageObject\",\"inLanguage\":\"fr-FR\",\"@id\":\"https:\\\/\\\/batijournal.com\\\/index.php\\\/journees-nationales-de-larcheologie-2016\\\/93064\\\/#primaryimage\",\"url\":\"https:\\\/\\\/batijournal.com\\\/wp-content\\\/uploads\\\/2016\\\/06\\\/Jna-2015-CIF-Viarmes-JL-Bellurget.jpg\",\"contentUrl\":\"https:\\\/\\\/batijournal.com\\\/wp-content\\\/uploads\\\/2016\\\/06\\\/Jna-2015-CIF-Viarmes-JL-Bellurget.jpg\",\"width\":1000,\"height\":662},{\"@type\":\"BreadcrumbList\",\"@id\":\"https:\\\/\\\/batijournal.com\\\/index.php\\\/journees-nationales-de-larcheologie-2016\\\/93064\\\/#breadcrumb\",\"itemListElement\":[{\"@type\":\"ListItem\",\"position\":1,\"name\":\"Accueil\",\"item\":\"https:\\\/\\\/batijournal.com\\\/\"},{\"@type\":\"ListItem\",\"position\":2,\"name\":\"Actualit\u00e9s\",\"item\":\"https:\\\/\\\/batijournal.com\\\/index.php\\\/category\\\/actualites\\\/\"},{\"@type\":\"ListItem\",\"position\":3,\"name\":\"Architecture &amp; Conception\",\"item\":\"https:\\\/\\\/batijournal.com\\\/index.php\\\/category\\\/actualites\\\/architecture-conception\\\/\"},{\"@type\":\"ListItem\",\"position\":4,\"name\":\"Les journ\u00e9es nationales de l\u2019arch\u00e9ologie 2016\"}]},{\"@type\":\"WebSite\",\"@id\":\"https:\\\/\\\/batijournal.com\\\/#website\",\"url\":\"https:\\\/\\\/batijournal.com\\\/\",\"name\":\"Batijournal\",\"description\":\"L&#039;actualit\u00e9 du b\u00e2timent\",\"potentialAction\":[{\"@type\":\"SearchAction\",\"target\":{\"@type\":\"EntryPoint\",\"urlTemplate\":\"https:\\\/\\\/batijournal.com\\\/?s={search_term_string}\"},\"query-input\":{\"@type\":\"PropertyValueSpecification\",\"valueRequired\":true,\"valueName\":\"search_term_string\"}}],\"inLanguage\":\"fr-FR\"},{\"@type\":\"Person\",\"@id\":\"https:\\\/\\\/batijournal.com\\\/#\\\/schema\\\/person\\\/1dc96ec6957aa1ccb25ebe78bb19f100\",\"name\":\"St\u00e9phane Miget\",\"image\":{\"@type\":\"ImageObject\",\"inLanguage\":\"fr-FR\",\"@id\":\"https:\\\/\\\/secure.gravatar.com\\\/avatar\\\/89915563d925342126b8ef0281b93d9d7fc337043e8df017f780908eb9644451?s=96&d=mm&r=g\",\"url\":\"https:\\\/\\\/secure.gravatar.com\\\/avatar\\\/89915563d925342126b8ef0281b93d9d7fc337043e8df017f780908eb9644451?s=96&d=mm&r=g\",\"contentUrl\":\"https:\\\/\\\/secure.gravatar.com\\\/avatar\\\/89915563d925342126b8ef0281b93d9d7fc337043e8df017f780908eb9644451?s=96&d=mm&r=g\",\"caption\":\"St\u00e9phane Miget\"},\"url\":\"https:\\\/\\\/batijournal.com\\\/index.php\\\/author\\\/stephane\\\/\"}]}<\/script>\n<!-- \/ Yoast SEO plugin. -->","yoast_head_json":{"title":"Les journ\u00e9es nationales de l\u2019arch\u00e9ologie 2016","robots":{"index":"index","follow":"follow","max-snippet":"max-snippet:-1","max-image-preview":"max-image-preview:large","max-video-preview":"max-video-preview:-1"},"canonical":"https:\/\/batijournal.com\/index.php\/journees-nationales-de-larcheologie-2016\/93064\/","og_locale":"fr_FR","og_type":"article","og_title":"Les journ\u00e9es nationales de l\u2019arch\u00e9ologie 2016","og_description":"La 7e \u00e9dition des Journ\u00e9es nationales de l\u2019arch\u00e9ologie (JNA) va se d\u00e9rouler du vendredi 17 au dimanche 19 juin 2016. Pilot\u00e9es par l\u2019Inrap sous l\u2019\u00e9gide du minist\u00e8re de la Culture et de la Communication, ces journ\u00e9es mobilisent l\u2019ensemble de la communaut\u00e9 arch\u00e9ologique en France m\u00e9tropolitaine et en outre-mer. Sur tout le territoire, 1130 manifestations produites [&hellip;]","og_url":"https:\/\/batijournal.com\/index.php\/journees-nationales-de-larcheologie-2016\/93064\/","og_site_name":"Batijournal","article_published_time":"2016-06-15T08:10:27+00:00","article_modified_time":"2019-07-15T09:16:43+00:00","og_image":[{"width":1000,"height":662,"url":"https:\/\/batijournal.com\/wp-content\/uploads\/2016\/06\/Jna-2015-CIF-Viarmes-JL-Bellurget.jpg","type":"image\/jpeg"}],"author":"St\u00e9phane Miget","twitter_card":"summary_large_image","twitter_creator":"@bati_journal","twitter_site":"@bati_journal","twitter_misc":{"\u00c9crit par":"St\u00e9phane Miget","Dur\u00e9e de lecture estim\u00e9e":"1 minute"},"schema":{"@context":"https:\/\/schema.org","@graph":[{"@type":"Article","@id":"https:\/\/batijournal.com\/index.php\/journees-nationales-de-larcheologie-2016\/93064\/#article","isPartOf":{"@id":"https:\/\/batijournal.com\/index.php\/journees-nationales-de-larcheologie-2016\/93064\/"},"author":{"name":"St\u00e9phane Miget","@id":"https:\/\/batijournal.com\/#\/schema\/person\/1dc96ec6957aa1ccb25ebe78bb19f100"},"headline":"Les journ\u00e9es nationales de l\u2019arch\u00e9ologie 2016","datePublished":"2016-06-15T08:10:27+00:00","dateModified":"2019-07-15T09:16:43+00:00","mainEntityOfPage":{"@id":"https:\/\/batijournal.com\/index.php\/journees-nationales-de-larcheologie-2016\/93064\/"},"wordCount":136,"image":{"@id":"https:\/\/batijournal.com\/index.php\/journees-nationales-de-larcheologie-2016\/93064\/#primaryimage"},"thumbnailUrl":"https:\/\/batijournal.com\/wp-content\/uploads\/2016\/06\/Jna-2015-CIF-Viarmes-JL-Bellurget.jpg","keywords":["inrap"],"articleSection":["Architecture &amp; Conception"],"inLanguage":"fr-FR"},{"@type":"WebPage","@id":"https:\/\/batijournal.com\/index.php\/journees-nationales-de-larcheologie-2016\/93064\/","url":"https:\/\/batijournal.com\/index.php\/journees-nationales-de-larcheologie-2016\/93064\/","name":"Les journ\u00e9es nationales de l\u2019arch\u00e9ologie 2016","isPartOf":{"@id":"https:\/\/batijournal.com\/#website"},"primaryImageOfPage":{"@id":"https:\/\/batijournal.com\/index.php\/journees-nationales-de-larcheologie-2016\/93064\/#primaryimage"},"image":{"@id":"https:\/\/batijournal.com\/index.php\/journees-nationales-de-larcheologie-2016\/93064\/#primaryimage"},"thumbnailUrl":"https:\/\/batijournal.com\/wp-content\/uploads\/2016\/06\/Jna-2015-CIF-Viarmes-JL-Bellurget.jpg","datePublished":"2016-06-15T08:10:27+00:00","dateModified":"2019-07-15T09:16:43+00:00","author":{"@id":"https:\/\/batijournal.com\/#\/schema\/person\/1dc96ec6957aa1ccb25ebe78bb19f100"},"breadcrumb":{"@id":"https:\/\/batijournal.com\/index.php\/journees-nationales-de-larcheologie-2016\/93064\/#breadcrumb"},"inLanguage":"fr-FR","potentialAction":[{"@type":"ReadAction","target":["https:\/\/batijournal.com\/index.php\/journees-nationales-de-larcheologie-2016\/93064\/"]}]},{"@type":"ImageObject","inLanguage":"fr-FR","@id":"https:\/\/batijournal.com\/index.php\/journees-nationales-de-larcheologie-2016\/93064\/#primaryimage","url":"https:\/\/batijournal.com\/wp-content\/uploads\/2016\/06\/Jna-2015-CIF-Viarmes-JL-Bellurget.jpg","contentUrl":"https:\/\/batijournal.com\/wp-content\/uploads\/2016\/06\/Jna-2015-CIF-Viarmes-JL-Bellurget.jpg","width":1000,"height":662},{"@type":"BreadcrumbList","@id":"https:\/\/batijournal.com\/index.php\/journees-nationales-de-larcheologie-2016\/93064\/#breadcrumb","itemListElement":[{"@type":"ListItem","position":1,"name":"Accueil","item":"https:\/\/batijournal.com\/"},{"@type":"ListItem","position":2,"name":"Actualit\u00e9s","item":"https:\/\/batijournal.com\/index.php\/category\/actualites\/"},{"@type":"ListItem","position":3,"name":"Architecture &amp; Conception","item":"https:\/\/batijournal.com\/index.php\/category\/actualites\/architecture-conception\/"},{"@type":"ListItem","position":4,"name":"Les journ\u00e9es nationales de l\u2019arch\u00e9ologie 2016"}]},{"@type":"WebSite","@id":"https:\/\/batijournal.com\/#website","url":"https:\/\/batijournal.com\/","name":"Batijournal","description":"L&#039;actualit\u00e9 du b\u00e2timent","potentialAction":[{"@type":"SearchAction","target":{"@type":"EntryPoint","urlTemplate":"https:\/\/batijournal.com\/?s={search_term_string}"},"query-input":{"@type":"PropertyValueSpecification","valueRequired":true,"valueName":"search_term_string"}}],"inLanguage":"fr-FR"},{"@type":"Person","@id":"https:\/\/batijournal.com\/#\/schema\/person\/1dc96ec6957aa1ccb25ebe78bb19f100","name":"St\u00e9phane Miget","image":{"@type":"ImageObject","inLanguage":"fr-FR","@id":"https:\/\/secure.gravatar.com\/avatar\/89915563d925342126b8ef0281b93d9d7fc337043e8df017f780908eb9644451?s=96&d=mm&r=g","url":"https:\/\/secure.gravatar.com\/avatar\/89915563d925342126b8ef0281b93d9d7fc337043e8df017f780908eb9644451?s=96&d=mm&r=g","contentUrl":"https:\/\/secure.gravatar.com\/avatar\/89915563d925342126b8ef0281b93d9d7fc337043e8df017f780908eb9644451?s=96&d=mm&r=g","caption":"St\u00e9phane Miget"},"url":"https:\/\/batijournal.com\/index.php\/author\/stephane\/"}]}},"_links":{"self":[{"href":"https:\/\/batijournal.com\/index.php\/wp-json\/wp\/v2\/posts\/93064","targetHints":{"allow":["GET"]}}],"collection":[{"href":"https:\/\/batijournal.com\/index.php\/wp-json\/wp\/v2\/posts"}],"about":[{"href":"https:\/\/batijournal.com\/index.php\/wp-json\/wp\/v2\/types\/post"}],"author":[{"embeddable":true,"href":"https:\/\/batijournal.com\/index.php\/wp-json\/wp\/v2\/users\/17"}],"replies":[{"embeddable":true,"href":"https:\/\/batijournal.com\/index.php\/wp-json\/wp\/v2\/comments?post=93064"}],"version-history":[{"count":0,"href":"https:\/\/batijournal.com\/index.php\/wp-json\/wp\/v2\/posts\/93064\/revisions"}],"wp:featuredmedia":[{"embeddable":true,"href":"https:\/\/batijournal.com\/index.php\/wp-json\/wp\/v2\/media\/93065"}],"wp:attachment":[{"href":"https:\/\/batijournal.com\/index.php\/wp-json\/wp\/v2\/media?parent=93064"}],"wp:term":[{"taxonomy":"category","embeddable":true,"href":"https:\/\/batijournal.com\/index.php\/wp-json\/wp\/v2\/categories?post=93064"},{"taxonomy":"post_tag","embeddable":true,"href":"https:\/\/batijournal.com\/index.php\/wp-json\/wp\/v2\/tags?post=93064"}],"curies":[{"name":"wp","href":"https:\/\/api.w.org\/{rel}","templated":true}]}}