{"id":93086,"date":"2016-06-16T08:24:09","date_gmt":"2016-06-16T06:24:09","guid":{"rendered":"http:\/\/batijournal.com\/?p=93086"},"modified":"2019-07-15T12:20:13","modified_gmt":"2019-07-15T10:20:13","slug":"lobservatoire-national-de-precarite-energetique-renforce","status":"publish","type":"post","link":"https:\/\/batijournal.com\/index.php\/lobservatoire-national-de-precarite-energetique-renforce\/93086\/","title":{"rendered":"L&rsquo;Observatoire National de la Pr\u00e9carit\u00e9 Energ\u00e9tique est renforc\u00e9"},"content":{"rendered":"<p>Selon les premiers r\u00e9sultats d\u2019une \u00e9tude de l\u2019ADEME et du CSTB : 5,8 millions de m\u00e9nages sont en situation de pr\u00e9carit\u00e9 \u00e9nerg\u00e9tique en France au regard d\u2019au moins un des indicateurs d\u00e9finis par l\u2019ONPE, soit 12,2 millions d\u2019individus et plus de 20% des m\u00e9nages.<\/p>\n<p>Le gouvernement et les op\u00e9rateurs \u00e9nerg\u00e9tiques se mobilisent pour faire face \u00e0 la pr\u00e9carit\u00e9 \u00e9nerg\u00e9tique avec la mise en place de nouveaux outils et soutiens financiers : le ch\u00e8que \u00e9nergie, les certificats d\u2019\u00e9conomies d\u2019\u00e9nergie d\u00e9di\u00e9s \u00e0 la lutte contre la pr\u00e9carit\u00e9 et le programme Habiter mieux de l\u2019ANAH. S\u00e9gol\u00e8ne Royal et Emmanuelle Cosse annoncent la mobilisation de l&rsquo;ensemble des acteurs publics, priv\u00e9s et associatifs des secteurs de l\u2019\u00e9nergie, du logement et de la solidarit\u00e9 r\u00e9unis sous l&rsquo;\u00e9gide de l\u2019Observatoire National de la Pr\u00e9carit\u00e9 Energ\u00e9tique (ONPE). Bruno Lechevin, Pr\u00e9sident de l\u2019ADEME se voit confier la pr\u00e9sidence de cette nouvelle organisation, aux c\u00f4t\u00e9s de J\u00e9r\u00f4me Vignon, Pr\u00e9sident de l\u2019Observatoire National de la Pauvret\u00e9 et de l\u2019Exclusion Sociale (ONPES), qui en assurera la vice-pr\u00e9sidence. La restitution des premiers travaux et la pr\u00e9sentation du rapport complet ADEME\/CSTB est pr\u00e9vue en novembre 2016.<\/p>\n","protected":false},"excerpt":{"rendered":"<p>Selon les premiers r\u00e9sultats d\u2019une \u00e9tude de l\u2019ADEME et du CSTB : 5,8 millions de m\u00e9nages sont en situation de pr\u00e9carit\u00e9 \u00e9nerg\u00e9tique en France au regard d\u2019au moins un des indicateurs d\u00e9finis par l\u2019ONPE, soit 12,2 millions d\u2019individus et plus de 20% des m\u00e9nages. Le gouvernement et les op\u00e9rateurs \u00e9nerg\u00e9tiques se mobilisent pour faire face [&hellip;]<\/p>\n","protected":false},"author":17,"featured_media":93087,"comment_status":"closed","ping_status":"closed","sticky":false,"template":"","format":"standard","meta":{"_et_pb_use_builder":"","_et_pb_old_content":"","_et_gb_content_width":"","footnotes":""},"categories":[6351],"tags":[1130],"class_list":["post-93086","post","type-post","status-publish","format-standard","has-post-thumbnail","hentry","category-energie-environnement","tag-precarite-energetique"],"yoast_head":"<!-- This site is optimized with the Yoast SEO plugin v27.4 - https:\/\/yoast.com\/product\/yoast-seo-wordpress\/ -->\n<title>L&#039;Observatoire National de la Pr\u00e9carit\u00e9 Energ\u00e9tique est renforc\u00e9<\/title>\n<meta name=\"robots\" content=\"index, follow, max-snippet:-1, max-image-preview:large, max-video-preview:-1\" \/>\n<link rel=\"canonical\" href=\"https:\/\/batijournal.com\/index.php\/lobservatoire-national-de-precarite-energetique-renforce\/93086\/\" \/>\n<meta property=\"og:locale\" content=\"fr_FR\" \/>\n<meta property=\"og:type\" content=\"article\" \/>\n<meta property=\"og:title\" content=\"L&#039;Observatoire National de la Pr\u00e9carit\u00e9 Energ\u00e9tique est renforc\u00e9\" \/>\n<meta property=\"og:description\" content=\"Selon les premiers r\u00e9sultats d\u2019une \u00e9tude de l\u2019ADEME et du CSTB : 5,8 millions de m\u00e9nages sont en situation de pr\u00e9carit\u00e9 \u00e9nerg\u00e9tique en France au regard d\u2019au moins un des indicateurs d\u00e9finis par l\u2019ONPE, soit 12,2 millions d\u2019individus et plus de 20% des m\u00e9nages. Le gouvernement et les op\u00e9rateurs \u00e9nerg\u00e9tiques se mobilisent pour faire face [&hellip;]\" \/>\n<meta property=\"og:url\" content=\"https:\/\/batijournal.com\/index.php\/lobservatoire-national-de-precarite-energetique-renforce\/93086\/\" \/>\n<meta property=\"og:site_name\" content=\"Batijournal\" \/>\n<meta property=\"article:published_time\" content=\"2016-06-16T06:24:09+00:00\" \/>\n<meta property=\"article:modified_time\" content=\"2019-07-15T10:20:13+00:00\" \/>\n<meta property=\"og:image\" content=\"https:\/\/batijournal.com\/wp-content\/uploads\/2016\/06\/onpe.png\" \/>\n\t<meta property=\"og:image:width\" content=\"673\" \/>\n\t<meta property=\"og:image:height\" content=\"224\" \/>\n\t<meta property=\"og:image:type\" content=\"image\/png\" \/>\n<meta name=\"author\" content=\"St\u00e9phane Miget\" \/>\n<meta name=\"twitter:card\" content=\"summary_large_image\" \/>\n<meta name=\"twitter:creator\" content=\"@bati_journal\" \/>\n<meta name=\"twitter:site\" content=\"@bati_journal\" \/>\n<meta name=\"twitter:label1\" content=\"\u00c9crit par\" \/>\n\t<meta name=\"twitter:data1\" content=\"St\u00e9phane Miget\" \/>\n\t<meta name=\"twitter:label2\" content=\"Dur\u00e9e de lecture estim\u00e9e\" \/>\n\t<meta name=\"twitter:data2\" content=\"1 minute\" \/>\n<script type=\"application\/ld+json\" class=\"yoast-schema-graph\">{\"@context\":\"https:\\\/\\\/schema.org\",\"@graph\":[{\"@type\":\"Article\",\"@id\":\"https:\\\/\\\/batijournal.com\\\/index.php\\\/lobservatoire-national-de-precarite-energetique-renforce\\\/93086\\\/#article\",\"isPartOf\":{\"@id\":\"https:\\\/\\\/batijournal.com\\\/index.php\\\/lobservatoire-national-de-precarite-energetique-renforce\\\/93086\\\/\"},\"author\":{\"name\":\"St\u00e9phane Miget\",\"@id\":\"https:\\\/\\\/batijournal.com\\\/#\\\/schema\\\/person\\\/1dc96ec6957aa1ccb25ebe78bb19f100\"},\"headline\":\"L&rsquo;Observatoire National de la Pr\u00e9carit\u00e9 Energ\u00e9tique est renforc\u00e9\",\"datePublished\":\"2016-06-16T06:24:09+00:00\",\"dateModified\":\"2019-07-15T10:20:13+00:00\",\"mainEntityOfPage\":{\"@id\":\"https:\\\/\\\/batijournal.com\\\/index.php\\\/lobservatoire-national-de-precarite-energetique-renforce\\\/93086\\\/\"},\"wordCount\":231,\"image\":{\"@id\":\"https:\\\/\\\/batijournal.com\\\/index.php\\\/lobservatoire-national-de-precarite-energetique-renforce\\\/93086\\\/#primaryimage\"},\"thumbnailUrl\":\"https:\\\/\\\/batijournal.com\\\/wp-content\\\/uploads\\\/2016\\\/06\\\/onpe.png\",\"keywords\":[\"pr\u00e9carit\u00e9 \u00e9nerg\u00e9tique\"],\"articleSection\":[\"\u00c9nergie &amp; Environnement\"],\"inLanguage\":\"fr-FR\"},{\"@type\":\"WebPage\",\"@id\":\"https:\\\/\\\/batijournal.com\\\/index.php\\\/lobservatoire-national-de-precarite-energetique-renforce\\\/93086\\\/\",\"url\":\"https:\\\/\\\/batijournal.com\\\/index.php\\\/lobservatoire-national-de-precarite-energetique-renforce\\\/93086\\\/\",\"name\":\"L'Observatoire National de la Pr\u00e9carit\u00e9 Energ\u00e9tique est renforc\u00e9\",\"isPartOf\":{\"@id\":\"https:\\\/\\\/batijournal.com\\\/#website\"},\"primaryImageOfPage\":{\"@id\":\"https:\\\/\\\/batijournal.com\\\/index.php\\\/lobservatoire-national-de-precarite-energetique-renforce\\\/93086\\\/#primaryimage\"},\"image\":{\"@id\":\"https:\\\/\\\/batijournal.com\\\/index.php\\\/lobservatoire-national-de-precarite-energetique-renforce\\\/93086\\\/#primaryimage\"},\"thumbnailUrl\":\"https:\\\/\\\/batijournal.com\\\/wp-content\\\/uploads\\\/2016\\\/06\\\/onpe.png\",\"datePublished\":\"2016-06-16T06:24:09+00:00\",\"dateModified\":\"2019-07-15T10:20:13+00:00\",\"author\":{\"@id\":\"https:\\\/\\\/batijournal.com\\\/#\\\/schema\\\/person\\\/1dc96ec6957aa1ccb25ebe78bb19f100\"},\"breadcrumb\":{\"@id\":\"https:\\\/\\\/batijournal.com\\\/index.php\\\/lobservatoire-national-de-precarite-energetique-renforce\\\/93086\\\/#breadcrumb\"},\"inLanguage\":\"fr-FR\",\"potentialAction\":[{\"@type\":\"ReadAction\",\"target\":[\"https:\\\/\\\/batijournal.com\\\/index.php\\\/lobservatoire-national-de-precarite-energetique-renforce\\\/93086\\\/\"]}]},{\"@type\":\"ImageObject\",\"inLanguage\":\"fr-FR\",\"@id\":\"https:\\\/\\\/batijournal.com\\\/index.php\\\/lobservatoire-national-de-precarite-energetique-renforce\\\/93086\\\/#primaryimage\",\"url\":\"https:\\\/\\\/batijournal.com\\\/wp-content\\\/uploads\\\/2016\\\/06\\\/onpe.png\",\"contentUrl\":\"https:\\\/\\\/batijournal.com\\\/wp-content\\\/uploads\\\/2016\\\/06\\\/onpe.png\",\"width\":673,\"height\":224},{\"@type\":\"BreadcrumbList\",\"@id\":\"https:\\\/\\\/batijournal.com\\\/index.php\\\/lobservatoire-national-de-precarite-energetique-renforce\\\/93086\\\/#breadcrumb\",\"itemListElement\":[{\"@type\":\"ListItem\",\"position\":1,\"name\":\"Accueil\",\"item\":\"https:\\\/\\\/batijournal.com\\\/\"},{\"@type\":\"ListItem\",\"position\":2,\"name\":\"Actualit\u00e9s\",\"item\":\"https:\\\/\\\/batijournal.com\\\/index.php\\\/category\\\/actualites\\\/\"},{\"@type\":\"ListItem\",\"position\":3,\"name\":\"\u00c9nergie &amp; Environnement\",\"item\":\"https:\\\/\\\/batijournal.com\\\/index.php\\\/category\\\/actualites\\\/energie-environnement\\\/\"},{\"@type\":\"ListItem\",\"position\":4,\"name\":\"L&rsquo;Observatoire National de la Pr\u00e9carit\u00e9 Energ\u00e9tique est renforc\u00e9\"}]},{\"@type\":\"WebSite\",\"@id\":\"https:\\\/\\\/batijournal.com\\\/#website\",\"url\":\"https:\\\/\\\/batijournal.com\\\/\",\"name\":\"Batijournal\",\"description\":\"L&#039;actualit\u00e9 du b\u00e2timent\",\"potentialAction\":[{\"@type\":\"SearchAction\",\"target\":{\"@type\":\"EntryPoint\",\"urlTemplate\":\"https:\\\/\\\/batijournal.com\\\/?s={search_term_string}\"},\"query-input\":{\"@type\":\"PropertyValueSpecification\",\"valueRequired\":true,\"valueName\":\"search_term_string\"}}],\"inLanguage\":\"fr-FR\"},{\"@type\":\"Person\",\"@id\":\"https:\\\/\\\/batijournal.com\\\/#\\\/schema\\\/person\\\/1dc96ec6957aa1ccb25ebe78bb19f100\",\"name\":\"St\u00e9phane Miget\",\"image\":{\"@type\":\"ImageObject\",\"inLanguage\":\"fr-FR\",\"@id\":\"https:\\\/\\\/secure.gravatar.com\\\/avatar\\\/89915563d925342126b8ef0281b93d9d7fc337043e8df017f780908eb9644451?s=96&d=mm&r=g\",\"url\":\"https:\\\/\\\/secure.gravatar.com\\\/avatar\\\/89915563d925342126b8ef0281b93d9d7fc337043e8df017f780908eb9644451?s=96&d=mm&r=g\",\"contentUrl\":\"https:\\\/\\\/secure.gravatar.com\\\/avatar\\\/89915563d925342126b8ef0281b93d9d7fc337043e8df017f780908eb9644451?s=96&d=mm&r=g\",\"caption\":\"St\u00e9phane Miget\"},\"url\":\"https:\\\/\\\/batijournal.com\\\/index.php\\\/author\\\/stephane\\\/\"}]}<\/script>\n<!-- \/ Yoast SEO plugin. -->","yoast_head_json":{"title":"L'Observatoire National de la Pr\u00e9carit\u00e9 Energ\u00e9tique est renforc\u00e9","robots":{"index":"index","follow":"follow","max-snippet":"max-snippet:-1","max-image-preview":"max-image-preview:large","max-video-preview":"max-video-preview:-1"},"canonical":"https:\/\/batijournal.com\/index.php\/lobservatoire-national-de-precarite-energetique-renforce\/93086\/","og_locale":"fr_FR","og_type":"article","og_title":"L'Observatoire National de la Pr\u00e9carit\u00e9 Energ\u00e9tique est renforc\u00e9","og_description":"Selon les premiers r\u00e9sultats d\u2019une \u00e9tude de l\u2019ADEME et du CSTB : 5,8 millions de m\u00e9nages sont en situation de pr\u00e9carit\u00e9 \u00e9nerg\u00e9tique en France au regard d\u2019au moins un des indicateurs d\u00e9finis par l\u2019ONPE, soit 12,2 millions d\u2019individus et plus de 20% des m\u00e9nages. Le gouvernement et les op\u00e9rateurs \u00e9nerg\u00e9tiques se mobilisent pour faire face [&hellip;]","og_url":"https:\/\/batijournal.com\/index.php\/lobservatoire-national-de-precarite-energetique-renforce\/93086\/","og_site_name":"Batijournal","article_published_time":"2016-06-16T06:24:09+00:00","article_modified_time":"2019-07-15T10:20:13+00:00","og_image":[{"width":673,"height":224,"url":"https:\/\/batijournal.com\/wp-content\/uploads\/2016\/06\/onpe.png","type":"image\/png"}],"author":"St\u00e9phane Miget","twitter_card":"summary_large_image","twitter_creator":"@bati_journal","twitter_site":"@bati_journal","twitter_misc":{"\u00c9crit par":"St\u00e9phane Miget","Dur\u00e9e de lecture estim\u00e9e":"1 minute"},"schema":{"@context":"https:\/\/schema.org","@graph":[{"@type":"Article","@id":"https:\/\/batijournal.com\/index.php\/lobservatoire-national-de-precarite-energetique-renforce\/93086\/#article","isPartOf":{"@id":"https:\/\/batijournal.com\/index.php\/lobservatoire-national-de-precarite-energetique-renforce\/93086\/"},"author":{"name":"St\u00e9phane Miget","@id":"https:\/\/batijournal.com\/#\/schema\/person\/1dc96ec6957aa1ccb25ebe78bb19f100"},"headline":"L&rsquo;Observatoire National de la Pr\u00e9carit\u00e9 Energ\u00e9tique est renforc\u00e9","datePublished":"2016-06-16T06:24:09+00:00","dateModified":"2019-07-15T10:20:13+00:00","mainEntityOfPage":{"@id":"https:\/\/batijournal.com\/index.php\/lobservatoire-national-de-precarite-energetique-renforce\/93086\/"},"wordCount":231,"image":{"@id":"https:\/\/batijournal.com\/index.php\/lobservatoire-national-de-precarite-energetique-renforce\/93086\/#primaryimage"},"thumbnailUrl":"https:\/\/batijournal.com\/wp-content\/uploads\/2016\/06\/onpe.png","keywords":["pr\u00e9carit\u00e9 \u00e9nerg\u00e9tique"],"articleSection":["\u00c9nergie &amp; Environnement"],"inLanguage":"fr-FR"},{"@type":"WebPage","@id":"https:\/\/batijournal.com\/index.php\/lobservatoire-national-de-precarite-energetique-renforce\/93086\/","url":"https:\/\/batijournal.com\/index.php\/lobservatoire-national-de-precarite-energetique-renforce\/93086\/","name":"L'Observatoire National de la Pr\u00e9carit\u00e9 Energ\u00e9tique est renforc\u00e9","isPartOf":{"@id":"https:\/\/batijournal.com\/#website"},"primaryImageOfPage":{"@id":"https:\/\/batijournal.com\/index.php\/lobservatoire-national-de-precarite-energetique-renforce\/93086\/#primaryimage"},"image":{"@id":"https:\/\/batijournal.com\/index.php\/lobservatoire-national-de-precarite-energetique-renforce\/93086\/#primaryimage"},"thumbnailUrl":"https:\/\/batijournal.com\/wp-content\/uploads\/2016\/06\/onpe.png","datePublished":"2016-06-16T06:24:09+00:00","dateModified":"2019-07-15T10:20:13+00:00","author":{"@id":"https:\/\/batijournal.com\/#\/schema\/person\/1dc96ec6957aa1ccb25ebe78bb19f100"},"breadcrumb":{"@id":"https:\/\/batijournal.com\/index.php\/lobservatoire-national-de-precarite-energetique-renforce\/93086\/#breadcrumb"},"inLanguage":"fr-FR","potentialAction":[{"@type":"ReadAction","target":["https:\/\/batijournal.com\/index.php\/lobservatoire-national-de-precarite-energetique-renforce\/93086\/"]}]},{"@type":"ImageObject","inLanguage":"fr-FR","@id":"https:\/\/batijournal.com\/index.php\/lobservatoire-national-de-precarite-energetique-renforce\/93086\/#primaryimage","url":"https:\/\/batijournal.com\/wp-content\/uploads\/2016\/06\/onpe.png","contentUrl":"https:\/\/batijournal.com\/wp-content\/uploads\/2016\/06\/onpe.png","width":673,"height":224},{"@type":"BreadcrumbList","@id":"https:\/\/batijournal.com\/index.php\/lobservatoire-national-de-precarite-energetique-renforce\/93086\/#breadcrumb","itemListElement":[{"@type":"ListItem","position":1,"name":"Accueil","item":"https:\/\/batijournal.com\/"},{"@type":"ListItem","position":2,"name":"Actualit\u00e9s","item":"https:\/\/batijournal.com\/index.php\/category\/actualites\/"},{"@type":"ListItem","position":3,"name":"\u00c9nergie &amp; Environnement","item":"https:\/\/batijournal.com\/index.php\/category\/actualites\/energie-environnement\/"},{"@type":"ListItem","position":4,"name":"L&rsquo;Observatoire National de la Pr\u00e9carit\u00e9 Energ\u00e9tique est renforc\u00e9"}]},{"@type":"WebSite","@id":"https:\/\/batijournal.com\/#website","url":"https:\/\/batijournal.com\/","name":"Batijournal","description":"L&#039;actualit\u00e9 du b\u00e2timent","potentialAction":[{"@type":"SearchAction","target":{"@type":"EntryPoint","urlTemplate":"https:\/\/batijournal.com\/?s={search_term_string}"},"query-input":{"@type":"PropertyValueSpecification","valueRequired":true,"valueName":"search_term_string"}}],"inLanguage":"fr-FR"},{"@type":"Person","@id":"https:\/\/batijournal.com\/#\/schema\/person\/1dc96ec6957aa1ccb25ebe78bb19f100","name":"St\u00e9phane Miget","image":{"@type":"ImageObject","inLanguage":"fr-FR","@id":"https:\/\/secure.gravatar.com\/avatar\/89915563d925342126b8ef0281b93d9d7fc337043e8df017f780908eb9644451?s=96&d=mm&r=g","url":"https:\/\/secure.gravatar.com\/avatar\/89915563d925342126b8ef0281b93d9d7fc337043e8df017f780908eb9644451?s=96&d=mm&r=g","contentUrl":"https:\/\/secure.gravatar.com\/avatar\/89915563d925342126b8ef0281b93d9d7fc337043e8df017f780908eb9644451?s=96&d=mm&r=g","caption":"St\u00e9phane Miget"},"url":"https:\/\/batijournal.com\/index.php\/author\/stephane\/"}]}},"_links":{"self":[{"href":"https:\/\/batijournal.com\/index.php\/wp-json\/wp\/v2\/posts\/93086","targetHints":{"allow":["GET"]}}],"collection":[{"href":"https:\/\/batijournal.com\/index.php\/wp-json\/wp\/v2\/posts"}],"about":[{"href":"https:\/\/batijournal.com\/index.php\/wp-json\/wp\/v2\/types\/post"}],"author":[{"embeddable":true,"href":"https:\/\/batijournal.com\/index.php\/wp-json\/wp\/v2\/users\/17"}],"replies":[{"embeddable":true,"href":"https:\/\/batijournal.com\/index.php\/wp-json\/wp\/v2\/comments?post=93086"}],"version-history":[{"count":0,"href":"https:\/\/batijournal.com\/index.php\/wp-json\/wp\/v2\/posts\/93086\/revisions"}],"wp:featuredmedia":[{"embeddable":true,"href":"https:\/\/batijournal.com\/index.php\/wp-json\/wp\/v2\/media\/93087"}],"wp:attachment":[{"href":"https:\/\/batijournal.com\/index.php\/wp-json\/wp\/v2\/media?parent=93086"}],"wp:term":[{"taxonomy":"category","embeddable":true,"href":"https:\/\/batijournal.com\/index.php\/wp-json\/wp\/v2\/categories?post=93086"},{"taxonomy":"post_tag","embeddable":true,"href":"https:\/\/batijournal.com\/index.php\/wp-json\/wp\/v2\/tags?post=93086"}],"curies":[{"name":"wp","href":"https:\/\/api.w.org\/{rel}","templated":true}]}}